{"id":548,"date":"2013-12-12T17:58:34","date_gmt":"2013-12-12T15:58:34","guid":{"rendered":"http:\/\/www.naturparkmagazin.de\/stechlin\/?p=548"},"modified":"2013-12-12T17:58:34","modified_gmt":"2013-12-12T15:58:34","slug":"ausstellungseroeffnung-am-10-januar-in-menz","status":"publish","type":"post","link":"https:\/\/www.naturparkmagazin.de\/stechlin\/ausstellungseroeffnung-am-10-januar-in-menz\/","title":{"rendered":"Ausstellungser\u00f6ffnung am 10. Januar in Menz"},"content":{"rendered":"<p><a href=\"https:\/\/www.naturparkmagazin.de\/stechlin\/wp-content\/uploads\/sites\/38\/doc20131205132547_001.jpg\"><img decoding=\"async\" loading=\"lazy\" class=\"alignnone size-full wp-image-549\" alt=\"\" src=\"https:\/\/www.naturparkmagazin.de\/stechlin\/wp-content\/uploads\/sites\/38\/doc20131205132547_001.jpg\" width=\"500\" height=\"352\" srcset=\"https:\/\/www.naturparkmagazin.de\/stechlin\/wp-content\/uploads\/sites\/38\/doc20131205132547_001.jpg 500w, https:\/\/www.naturparkmagazin.de\/stechlin\/wp-content\/uploads\/sites\/38\/doc20131205132547_001-300x211.jpg 300w, https:\/\/www.naturparkmagazin.de\/stechlin\/wp-content\/uploads\/sites\/38\/doc20131205132547_001-200x141.jpg 200w\" sizes=\"(max-width: 500px) 100vw, 500px\" \/><\/a><\/p>\n<p><strong>&#8222;Die vier Jahreszeiten&#8220;<\/strong> ist der Titel der Ausstellung der Malerin Christel St\u00fcwe, die vom <strong>10. Januar bis 28. Februar in der Regionalwerkstatt Stechlin in Menz<\/strong> zu sehen sein wird.Die Ausstellung wird am Freitag, den <strong>10. Januar 2014 um 18 Uhr<\/strong> in Anwesenheit der K\u00fcnstlerin er\u00f6ffnet. Die aus Gransee stammende Malerin erlernte den Beruf der Gebrauchswerberin, qualifizierte sich zur Diplom-Verwaltungswirtin und war bis 2010 im \u00f6ffentlichen Dienst t\u00e4tig. 2007 inspirierte sie eine Freundin sich wieder der Malerei zu zuwenden. Ihre Motive sind Blumen, Landschaften, Gegenst\u00e4nde und Menschen. Sie arbeitet mit Acryl- und \u00d6lfarben sowie mit Kreide. Auch Spachtelarbeiten und Aquarelle geh\u00f6ren zu ihren bevorzugten Techniken.<\/p>\n<p>Die Ausstellung ist t\u00e4glich von 10-16 Uhr ge\u00f6ffnet. Der Eintritt ist frei! Bitte im NaturParkHaus melden!<\/p>\n<p><a href=\"https:\/\/www.naturparkmagazin.de\/stechlin\/wp-content\/uploads\/sites\/38\/Blume.jpg\"><img decoding=\"async\" loading=\"lazy\" class=\"alignnone size-full wp-image-554\" alt=\"\" src=\"https:\/\/www.naturparkmagazin.de\/stechlin\/wp-content\/uploads\/sites\/38\/Blume.jpg\" width=\"198\" height=\"351\" \/><\/a><\/p>\n<p style=\"text-align: center\">\n","protected":false},"excerpt":{"rendered":"<p>&#8222;Die vier Jahreszeiten&#8220; ist der Titel der Ausstellung der Malerin Christel St\u00fcwe, die vom 10. Januar bis 28. Februar in der Regionalwerkstatt Stechlin in Menz zu sehen sein wird.<\/p>\n","protected":false},"author":39,"featured_media":549,"comment_status":"open","ping_status":"open","sticky":false,"template":"","format":"standard","meta":[],"categories":[11],"tags":[],"yoast_head":"<!-- This site is optimized with the Yoast SEO plugin v19.10 - https:\/\/yoast.com\/wordpress\/plugins\/seo\/ -->\n<title>Ausstellungser\u00f6ffnung am 10. Januar in Menz - Naturpark Stechlin-Ruppiner Land<\/title>\n<meta name=\"robots\" content=\"index, follow, max-snippet:-1, max-image-preview:large, max-video-preview:-1\" \/>\n<link rel=\"canonical\" href=\"https:\/\/www.naturparkmagazin.de\/stechlin\/ausstellungseroeffnung-am-10-januar-in-menz\/\" \/>\n<meta property=\"og:locale\" content=\"de_DE\" \/>\n<meta property=\"og:type\" content=\"article\" \/>\n<meta property=\"og:title\" content=\"Ausstellungser\u00f6ffnung am 10. Januar in Menz - Naturpark Stechlin-Ruppiner Land\" \/>\n<meta property=\"og:description\" content=\"&quot;Die vier Jahreszeiten&quot; ist der Titel der Ausstellung der Malerin Christel St\u00fcwe, die vom 10. Januar bis 28. Februar in der Regionalwerkstatt Stechlin in Menz zu sehen sein wird.\" \/>\n<meta property=\"og:url\" content=\"https:\/\/www.naturparkmagazin.de\/stechlin\/ausstellungseroeffnung-am-10-januar-in-menz\/\" \/>\n<meta property=\"og:site_name\" content=\"Naturpark Stechlin-Ruppiner Land\" \/>\n<meta property=\"article:published_time\" content=\"2013-12-12T15:58:34+00:00\" \/>\n<meta property=\"og:image\" content=\"https:\/\/www.naturparkmagazin.de\/stechlin\/wp-content\/uploads\/sites\/38\/doc20131205132547_001.jpg\" \/>\n\t<meta property=\"og:image:width\" content=\"500\" \/>\n\t<meta property=\"og:image:height\" content=\"352\" \/>\n\t<meta property=\"og:image:type\" content=\"image\/jpeg\" \/>\n<meta name=\"author\" content=\"marioschrumpf\" \/>\n<meta name=\"twitter:label1\" content=\"Verfasst von\" \/>\n\t<meta name=\"twitter:data1\" content=\"marioschrumpf\" \/>\n\t<meta name=\"twitter:label2\" content=\"Gesch\u00e4tzte Lesezeit\" \/>\n\t<meta name=\"twitter:data2\" content=\"1\u00a0Minute\" \/>\n<script type=\"application\/ld+json\" class=\"yoast-schema-graph\">{\"@context\":\"https:\/\/schema.org\",\"@graph\":[{\"@type\":\"WebPage\",\"@id\":\"https:\/\/www.naturparkmagazin.de\/stechlin\/ausstellungseroeffnung-am-10-januar-in-menz\/\",\"url\":\"https:\/\/www.naturparkmagazin.de\/stechlin\/ausstellungseroeffnung-am-10-januar-in-menz\/\",\"name\":\"Ausstellungser\u00f6ffnung am 10. Januar in Menz - Naturpark Stechlin-Ruppiner Land\",\"isPartOf\":{\"@id\":\"https:\/\/www.naturparkmagazin.de\/stechlin\/#website\"},\"datePublished\":\"2013-12-12T15:58:34+00:00\",\"dateModified\":\"2013-12-12T15:58:34+00:00\",\"author\":{\"@id\":\"https:\/\/www.naturparkmagazin.de\/stechlin\/#\/schema\/person\/3f0d93203df21c806dd63c76d9bb28bc\"},\"breadcrumb\":{\"@id\":\"https:\/\/www.naturparkmagazin.de\/stechlin\/ausstellungseroeffnung-am-10-januar-in-menz\/#breadcrumb\"},\"inLanguage\":\"de\",\"potentialAction\":[{\"@type\":\"ReadAction\",\"target\":[\"https:\/\/www.naturparkmagazin.de\/stechlin\/ausstellungseroeffnung-am-10-januar-in-menz\/\"]}]},{\"@type\":\"BreadcrumbList\",\"@id\":\"https:\/\/www.naturparkmagazin.de\/stechlin\/ausstellungseroeffnung-am-10-januar-in-menz\/#breadcrumb\",\"itemListElement\":[{\"@type\":\"ListItem\",\"position\":1,\"name\":\"Home\",\"item\":\"https:\/\/www.naturparkmagazin.de\/stechlin\/\"},{\"@type\":\"ListItem\",\"position\":2,\"name\":\"Ausstellungser\u00f6ffnung am 10. Januar in Menz\"}]},{\"@type\":\"WebSite\",\"@id\":\"https:\/\/www.naturparkmagazin.de\/stechlin\/#website\",\"url\":\"https:\/\/www.naturparkmagazin.de\/stechlin\/\",\"name\":\"Naturpark Stechlin-Ruppiner Land\",\"description\":\"\",\"potentialAction\":[{\"@type\":\"SearchAction\",\"target\":{\"@type\":\"EntryPoint\",\"urlTemplate\":\"https:\/\/www.naturparkmagazin.de\/stechlin\/?s={search_term_string}\"},\"query-input\":\"required name=search_term_string\"}],\"inLanguage\":\"de\"},{\"@type\":\"Person\",\"@id\":\"https:\/\/www.naturparkmagazin.de\/stechlin\/#\/schema\/person\/3f0d93203df21c806dd63c76d9bb28bc\",\"name\":\"marioschrumpf\",\"url\":\"https:\/\/www.naturparkmagazin.de\/stechlin\/author\/marioschrumpf\/\"}]}<\/script>\n<!-- \/ Yoast SEO plugin. -->","yoast_head_json":{"title":"Ausstellungser\u00f6ffnung am 10. Januar in Menz - Naturpark Stechlin-Ruppiner Land","robots":{"index":"index","follow":"follow","max-snippet":"max-snippet:-1","max-image-preview":"max-image-preview:large","max-video-preview":"max-video-preview:-1"},"canonical":"https:\/\/www.naturparkmagazin.de\/stechlin\/ausstellungseroeffnung-am-10-januar-in-menz\/","og_locale":"de_DE","og_type":"article","og_title":"Ausstellungser\u00f6ffnung am 10. Januar in Menz - Naturpark Stechlin-Ruppiner Land","og_description":"\"Die vier Jahreszeiten\" ist der Titel der Ausstellung der Malerin Christel St\u00fcwe, die vom 10. Januar bis 28. Februar in der Regionalwerkstatt Stechlin in Menz zu sehen sein wird.","og_url":"https:\/\/www.naturparkmagazin.de\/stechlin\/ausstellungseroeffnung-am-10-januar-in-menz\/","og_site_name":"Naturpark Stechlin-Ruppiner Land","article_published_time":"2013-12-12T15:58:34+00:00","og_image":[{"width":500,"height":352,"url":"https:\/\/www.naturparkmagazin.de\/stechlin\/wp-content\/uploads\/sites\/38\/doc20131205132547_001.jpg","type":"image\/jpeg"}],"author":"marioschrumpf","twitter_misc":{"Verfasst von":"marioschrumpf","Gesch\u00e4tzte Lesezeit":"1\u00a0Minute"},"schema":{"@context":"https:\/\/schema.org","@graph":[{"@type":"WebPage","@id":"https:\/\/www.naturparkmagazin.de\/stechlin\/ausstellungseroeffnung-am-10-januar-in-menz\/","url":"https:\/\/www.naturparkmagazin.de\/stechlin\/ausstellungseroeffnung-am-10-januar-in-menz\/","name":"Ausstellungser\u00f6ffnung am 10. Januar in Menz - Naturpark Stechlin-Ruppiner Land","isPartOf":{"@id":"https:\/\/www.naturparkmagazin.de\/stechlin\/#website"},"datePublished":"2013-12-12T15:58:34+00:00","dateModified":"2013-12-12T15:58:34+00:00","author":{"@id":"https:\/\/www.naturparkmagazin.de\/stechlin\/#\/schema\/person\/3f0d93203df21c806dd63c76d9bb28bc"},"breadcrumb":{"@id":"https:\/\/www.naturparkmagazin.de\/stechlin\/ausstellungseroeffnung-am-10-januar-in-menz\/#breadcrumb"},"inLanguage":"de","potentialAction":[{"@type":"ReadAction","target":["https:\/\/www.naturparkmagazin.de\/stechlin\/ausstellungseroeffnung-am-10-januar-in-menz\/"]}]},{"@type":"BreadcrumbList","@id":"https:\/\/www.naturparkmagazin.de\/stechlin\/ausstellungseroeffnung-am-10-januar-in-menz\/#breadcrumb","itemListElement":[{"@type":"ListItem","position":1,"name":"Home","item":"https:\/\/www.naturparkmagazin.de\/stechlin\/"},{"@type":"ListItem","position":2,"name":"Ausstellungser\u00f6ffnung am 10. Januar in Menz"}]},{"@type":"WebSite","@id":"https:\/\/www.naturparkmagazin.de\/stechlin\/#website","url":"https:\/\/www.naturparkmagazin.de\/stechlin\/","name":"Naturpark Stechlin-Ruppiner Land","description":"","potentialAction":[{"@type":"SearchAction","target":{"@type":"EntryPoint","urlTemplate":"https:\/\/www.naturparkmagazin.de\/stechlin\/?s={search_term_string}"},"query-input":"required name=search_term_string"}],"inLanguage":"de"},{"@type":"Person","@id":"https:\/\/www.naturparkmagazin.de\/stechlin\/#\/schema\/person\/3f0d93203df21c806dd63c76d9bb28bc","name":"marioschrumpf","url":"https:\/\/www.naturparkmagazin.de\/stechlin\/author\/marioschrumpf\/"}]}},"_links":{"self":[{"href":"https:\/\/www.naturparkmagazin.de\/stechlin\/wp-json\/wp\/v2\/posts\/548"}],"collection":[{"href":"https:\/\/www.naturparkmagazin.de\/stechlin\/wp-json\/wp\/v2\/posts"}],"about":[{"href":"https:\/\/www.naturparkmagazin.de\/stechlin\/wp-json\/wp\/v2\/types\/post"}],"author":[{"embeddable":true,"href":"https:\/\/www.naturparkmagazin.de\/stechlin\/wp-json\/wp\/v2\/users\/39"}],"replies":[{"embeddable":true,"href":"https:\/\/www.naturparkmagazin.de\/stechlin\/wp-json\/wp\/v2\/comments?post=548"}],"version-history":[{"count":3,"href":"https:\/\/www.naturparkmagazin.de\/stechlin\/wp-json\/wp\/v2\/posts\/548\/revisions"}],"predecessor-version":[{"id":574,"href":"https:\/\/www.naturparkmagazin.de\/stechlin\/wp-json\/wp\/v2\/posts\/548\/revisions\/574"}],"wp:featuredmedia":[{"embeddable":true,"href":"https:\/\/www.naturparkmagazin.de\/stechlin\/wp-json\/wp\/v2\/media\/549"}],"wp:attachment":[{"href":"https:\/\/www.naturparkmagazin.de\/stechlin\/wp-json\/wp\/v2\/media?parent=548"}],"wp:term":[{"taxonomy":"category","embeddable":true,"href":"https:\/\/www.naturparkmagazin.de\/stechlin\/wp-json\/wp\/v2\/categories?post=548"},{"taxonomy":"post_tag","embeddable":true,"href":"https:\/\/www.naturparkmagazin.de\/stechlin\/wp-json\/wp\/v2\/tags?post=548"}],"curies":[{"name":"wp","href":"https:\/\/api.w.org\/{rel}","templated":true}]}}