{"id":5480,"date":"2017-04-18T09:24:38","date_gmt":"2017-04-18T07:24:38","guid":{"rendered":"http:\/\/www.naturparkmagazin.de\/stechlin\/?p=5480"},"modified":"2017-04-21T10:42:48","modified_gmt":"2017-04-21T08:42:48","slug":"kooperation-zwischen-kita-lindower-kinderland-und-naturpark-ist-besiegelt","status":"publish","type":"post","link":"https:\/\/www.naturparkmagazin.de\/stechlin\/kooperation-zwischen-kita-lindower-kinderland-und-naturpark-ist-besiegelt\/","title":{"rendered":"Kooperation zwischen Kita &#8222;Lindower Kinderland&#8220; und Naturpark ist besiegelt"},"content":{"rendered":"<div id=\"attachment_5510\" style=\"width: 310px\" class=\"wp-caption alignleft\"><a href=\"https:\/\/www.naturparkmagazin.de\/stechlin\/wp-content\/uploads\/sites\/38\/Kita-Lindow_22.jpg\"><img aria-describedby=\"caption-attachment-5510\" decoding=\"async\" loading=\"lazy\" class=\"size-thumbnail wp-image-5510\" src=\"https:\/\/www.naturparkmagazin.de\/stechlin\/wp-content\/uploads\/sites\/38\/Kita-Lindow_22-300x180.jpg\" alt=\"Rangerin Karen Steinberg, Amtsdirektor Danilo Lieske, Naturparkleiter Dr. Mario Schrumpf, Kita-Chefin Jutta Kaiser sowie die Kita Mitarbeiterinnen Monika Hellmann und Nadine Heim bei der Unterzeichnung der Kooperationsvereinbarung.\" width=\"300\" height=\"180\" srcset=\"https:\/\/www.naturparkmagazin.de\/stechlin\/wp-content\/uploads\/sites\/38\/Kita-Lindow_22-300x180.jpg 300w, https:\/\/www.naturparkmagazin.de\/stechlin\/wp-content\/uploads\/sites\/38\/Kita-Lindow_22.jpg 500w, https:\/\/www.naturparkmagazin.de\/stechlin\/wp-content\/uploads\/sites\/38\/Kita-Lindow_22-200x120.jpg 200w\" sizes=\"(max-width: 300px) 100vw, 300px\" \/><\/a><p id=\"caption-attachment-5510\" class=\"wp-caption-text\">Rangerin Karen Steinberg, Amtsdirektor Danilo Lieske, Naturparkleiter Dr. Mario Schrumpf, Kita-Chefin Jutta Kaiser sowie die Kita Mitarbeiterinnen Monika Hellmann und Nadine Heim bei der Unterzeichnung der Kooperationsvereinbarung.<\/p><\/div>\n<p>&nbsp;<\/p>\n<p>&nbsp;<\/p>\n<p>&nbsp;<\/p>\n<p>&nbsp;<\/p>\n<p>&nbsp;<\/p>\n<p>&nbsp;<\/p>\n<p>&nbsp;<\/p>\n<p>&nbsp;<\/p>\n<p>&nbsp;<\/p>\n<p>&nbsp;<\/p>\n<p>Kita-Chefin Jutta Kaiser, der Lindower Amtsdirektor Danilo Lieske und Naturparkleiter Dr. Mario Schrumpf unterzeichneten am 6. April eine Kooperationsvereinbarung.<\/p>\n<p>Kita, Kitatr\u00e4ger und Naturpark wollen zuk\u00fcnftig gemeinsame Wege in Sachen Umweltbildung gehen. Mit der Unterzeichnung der Vereinbarung wurde ein wichtiger Schritt in Richtung Naturpark-Kita getan. Die Lindower Kita wurde vom Verband Deutscher Naturparke f\u00fcr ein bundesweites Pilotprojekt ausgew\u00e4hlt. Mit F\u00f6rderung der Deutschen Bundesstiftung Umwelt sollen in einem <strong>Modellprojekt<\/strong> Kriterien f\u00fcr die <strong>Zertifizierung von Naturpark-Kitas<\/strong> im Rahmen der <strong>Bildung f\u00fcr nachhaltige Entwicklung<\/strong> erarbeitet werden.<\/p>\n<p>Ziel des Vorhabens ist es bereits in dieser Altersstufe das Thema Natur und Umwelt st\u00e4rker in den Focus der vorschulischen Bildung zu stellen. Getreu dem Motto <em>&#8222;Was H\u00e4nschen nicht lernt, lernt Hans nimmer mehr!&#8220;<\/em><\/p>\n<p>&nbsp;<\/p>\n<p>&nbsp;<\/p>\n","protected":false},"excerpt":{"rendered":"<p>Getreu dem Motto &#8222;Was H\u00e4nschen nicht lernt, lernt Hans nimmer mehr!&#8220; wollen die Kita Lindower Kinderland und der Naturpark zuk\u00fcnftig enger zusammenarbeiten.<\/p>\n","protected":false},"author":39,"featured_media":5512,"comment_status":"open","ping_status":"open","sticky":false,"template":"","format":"standard","meta":[],"categories":[7],"tags":[],"yoast_head":"<!-- This site is optimized with the Yoast SEO plugin v19.10 - https:\/\/yoast.com\/wordpress\/plugins\/seo\/ -->\n<title>Kooperation zwischen Kita &quot;Lindower Kinderland&quot; und Naturpark ist besiegelt - Naturpark Stechlin-Ruppiner Land<\/title>\n<meta name=\"robots\" content=\"index, follow, max-snippet:-1, max-image-preview:large, max-video-preview:-1\" \/>\n<link rel=\"canonical\" href=\"https:\/\/www.naturparkmagazin.de\/stechlin\/kooperation-zwischen-kita-lindower-kinderland-und-naturpark-ist-besiegelt\/\" \/>\n<meta property=\"og:locale\" content=\"de_DE\" \/>\n<meta property=\"og:type\" content=\"article\" \/>\n<meta property=\"og:title\" content=\"Kooperation zwischen Kita &quot;Lindower Kinderland&quot; und Naturpark ist besiegelt - Naturpark Stechlin-Ruppiner Land\" \/>\n<meta property=\"og:description\" content=\"Getreu dem Motto &quot;Was H\u00e4nschen nicht lernt, lernt Hans nimmer mehr!&quot; wollen die Kita Lindower Kinderland und der Naturpark zuk\u00fcnftig enger zusammenarbeiten.\" \/>\n<meta property=\"og:url\" content=\"https:\/\/www.naturparkmagazin.de\/stechlin\/kooperation-zwischen-kita-lindower-kinderland-und-naturpark-ist-besiegelt\/\" \/>\n<meta property=\"og:site_name\" content=\"Naturpark Stechlin-Ruppiner Land\" \/>\n<meta property=\"article:published_time\" content=\"2017-04-18T07:24:38+00:00\" \/>\n<meta property=\"article:modified_time\" content=\"2017-04-21T08:42:48+00:00\" \/>\n<meta property=\"og:image\" content=\"https:\/\/www.naturparkmagazin.de\/stechlin\/wp-content\/uploads\/sites\/38\/Kita-Lindow_221.jpg\" \/>\n\t<meta property=\"og:image:width\" content=\"200\" \/>\n\t<meta property=\"og:image:height\" content=\"200\" \/>\n\t<meta property=\"og:image:type\" content=\"image\/jpeg\" \/>\n<meta name=\"author\" content=\"marioschrumpf\" \/>\n<meta name=\"twitter:label1\" content=\"Verfasst von\" \/>\n\t<meta name=\"twitter:data1\" content=\"marioschrumpf\" \/>\n\t<meta name=\"twitter:label2\" content=\"Gesch\u00e4tzte Lesezeit\" \/>\n\t<meta name=\"twitter:data2\" content=\"1\u00a0Minute\" \/>\n<script type=\"application\/ld+json\" class=\"yoast-schema-graph\">{\"@context\":\"https:\/\/schema.org\",\"@graph\":[{\"@type\":\"WebPage\",\"@id\":\"https:\/\/www.naturparkmagazin.de\/stechlin\/kooperation-zwischen-kita-lindower-kinderland-und-naturpark-ist-besiegelt\/\",\"url\":\"https:\/\/www.naturparkmagazin.de\/stechlin\/kooperation-zwischen-kita-lindower-kinderland-und-naturpark-ist-besiegelt\/\",\"name\":\"Kooperation zwischen Kita \\\"Lindower Kinderland\\\" und Naturpark ist besiegelt - Naturpark Stechlin-Ruppiner Land\",\"isPartOf\":{\"@id\":\"https:\/\/www.naturparkmagazin.de\/stechlin\/#website\"},\"datePublished\":\"2017-04-18T07:24:38+00:00\",\"dateModified\":\"2017-04-21T08:42:48+00:00\",\"author\":{\"@id\":\"https:\/\/www.naturparkmagazin.de\/stechlin\/#\/schema\/person\/3f0d93203df21c806dd63c76d9bb28bc\"},\"breadcrumb\":{\"@id\":\"https:\/\/www.naturparkmagazin.de\/stechlin\/kooperation-zwischen-kita-lindower-kinderland-und-naturpark-ist-besiegelt\/#breadcrumb\"},\"inLanguage\":\"de\",\"potentialAction\":[{\"@type\":\"ReadAction\",\"target\":[\"https:\/\/www.naturparkmagazin.de\/stechlin\/kooperation-zwischen-kita-lindower-kinderland-und-naturpark-ist-besiegelt\/\"]}]},{\"@type\":\"BreadcrumbList\",\"@id\":\"https:\/\/www.naturparkmagazin.de\/stechlin\/kooperation-zwischen-kita-lindower-kinderland-und-naturpark-ist-besiegelt\/#breadcrumb\",\"itemListElement\":[{\"@type\":\"ListItem\",\"position\":1,\"name\":\"Home\",\"item\":\"https:\/\/www.naturparkmagazin.de\/stechlin\/\"},{\"@type\":\"ListItem\",\"position\":2,\"name\":\"Kooperation zwischen Kita &#8222;Lindower Kinderland&#8220; und Naturpark ist besiegelt\"}]},{\"@type\":\"WebSite\",\"@id\":\"https:\/\/www.naturparkmagazin.de\/stechlin\/#website\",\"url\":\"https:\/\/www.naturparkmagazin.de\/stechlin\/\",\"name\":\"Naturpark Stechlin-Ruppiner Land\",\"description\":\"\",\"potentialAction\":[{\"@type\":\"SearchAction\",\"target\":{\"@type\":\"EntryPoint\",\"urlTemplate\":\"https:\/\/www.naturparkmagazin.de\/stechlin\/?s={search_term_string}\"},\"query-input\":\"required name=search_term_string\"}],\"inLanguage\":\"de\"},{\"@type\":\"Person\",\"@id\":\"https:\/\/www.naturparkmagazin.de\/stechlin\/#\/schema\/person\/3f0d93203df21c806dd63c76d9bb28bc\",\"name\":\"marioschrumpf\",\"url\":\"https:\/\/www.naturparkmagazin.de\/stechlin\/author\/marioschrumpf\/\"}]}<\/script>\n<!-- \/ Yoast SEO plugin. -->","yoast_head_json":{"title":"Kooperation zwischen Kita \"Lindower Kinderland\" und Naturpark ist besiegelt - Naturpark Stechlin-Ruppiner Land","robots":{"index":"index","follow":"follow","max-snippet":"max-snippet:-1","max-image-preview":"max-image-preview:large","max-video-preview":"max-video-preview:-1"},"canonical":"https:\/\/www.naturparkmagazin.de\/stechlin\/kooperation-zwischen-kita-lindower-kinderland-und-naturpark-ist-besiegelt\/","og_locale":"de_DE","og_type":"article","og_title":"Kooperation zwischen Kita \"Lindower Kinderland\" und Naturpark ist besiegelt - Naturpark Stechlin-Ruppiner Land","og_description":"Getreu dem Motto \"Was H\u00e4nschen nicht lernt, lernt Hans nimmer mehr!\" wollen die Kita Lindower Kinderland und der Naturpark zuk\u00fcnftig enger zusammenarbeiten.","og_url":"https:\/\/www.naturparkmagazin.de\/stechlin\/kooperation-zwischen-kita-lindower-kinderland-und-naturpark-ist-besiegelt\/","og_site_name":"Naturpark Stechlin-Ruppiner Land","article_published_time":"2017-04-18T07:24:38+00:00","article_modified_time":"2017-04-21T08:42:48+00:00","og_image":[{"width":200,"height":200,"url":"https:\/\/www.naturparkmagazin.de\/stechlin\/wp-content\/uploads\/sites\/38\/Kita-Lindow_221.jpg","type":"image\/jpeg"}],"author":"marioschrumpf","twitter_misc":{"Verfasst von":"marioschrumpf","Gesch\u00e4tzte Lesezeit":"1\u00a0Minute"},"schema":{"@context":"https:\/\/schema.org","@graph":[{"@type":"WebPage","@id":"https:\/\/www.naturparkmagazin.de\/stechlin\/kooperation-zwischen-kita-lindower-kinderland-und-naturpark-ist-besiegelt\/","url":"https:\/\/www.naturparkmagazin.de\/stechlin\/kooperation-zwischen-kita-lindower-kinderland-und-naturpark-ist-besiegelt\/","name":"Kooperation zwischen Kita \"Lindower Kinderland\" und Naturpark ist besiegelt - Naturpark Stechlin-Ruppiner Land","isPartOf":{"@id":"https:\/\/www.naturparkmagazin.de\/stechlin\/#website"},"datePublished":"2017-04-18T07:24:38+00:00","dateModified":"2017-04-21T08:42:48+00:00","author":{"@id":"https:\/\/www.naturparkmagazin.de\/stechlin\/#\/schema\/person\/3f0d93203df21c806dd63c76d9bb28bc"},"breadcrumb":{"@id":"https:\/\/www.naturparkmagazin.de\/stechlin\/kooperation-zwischen-kita-lindower-kinderland-und-naturpark-ist-besiegelt\/#breadcrumb"},"inLanguage":"de","potentialAction":[{"@type":"ReadAction","target":["https:\/\/www.naturparkmagazin.de\/stechlin\/kooperation-zwischen-kita-lindower-kinderland-und-naturpark-ist-besiegelt\/"]}]},{"@type":"BreadcrumbList","@id":"https:\/\/www.naturparkmagazin.de\/stechlin\/kooperation-zwischen-kita-lindower-kinderland-und-naturpark-ist-besiegelt\/#breadcrumb","itemListElement":[{"@type":"ListItem","position":1,"name":"Home","item":"https:\/\/www.naturparkmagazin.de\/stechlin\/"},{"@type":"ListItem","position":2,"name":"Kooperation zwischen Kita &#8222;Lindower Kinderland&#8220; und Naturpark ist besiegelt"}]},{"@type":"WebSite","@id":"https:\/\/www.naturparkmagazin.de\/stechlin\/#website","url":"https:\/\/www.naturparkmagazin.de\/stechlin\/","name":"Naturpark Stechlin-Ruppiner Land","description":"","potentialAction":[{"@type":"SearchAction","target":{"@type":"EntryPoint","urlTemplate":"https:\/\/www.naturparkmagazin.de\/stechlin\/?s={search_term_string}"},"query-input":"required name=search_term_string"}],"inLanguage":"de"},{"@type":"Person","@id":"https:\/\/www.naturparkmagazin.de\/stechlin\/#\/schema\/person\/3f0d93203df21c806dd63c76d9bb28bc","name":"marioschrumpf","url":"https:\/\/www.naturparkmagazin.de\/stechlin\/author\/marioschrumpf\/"}]}},"_links":{"self":[{"href":"https:\/\/www.naturparkmagazin.de\/stechlin\/wp-json\/wp\/v2\/posts\/5480"}],"collection":[{"href":"https:\/\/www.naturparkmagazin.de\/stechlin\/wp-json\/wp\/v2\/posts"}],"about":[{"href":"https:\/\/www.naturparkmagazin.de\/stechlin\/wp-json\/wp\/v2\/types\/post"}],"author":[{"embeddable":true,"href":"https:\/\/www.naturparkmagazin.de\/stechlin\/wp-json\/wp\/v2\/users\/39"}],"replies":[{"embeddable":true,"href":"https:\/\/www.naturparkmagazin.de\/stechlin\/wp-json\/wp\/v2\/comments?post=5480"}],"version-history":[{"count":5,"href":"https:\/\/www.naturparkmagazin.de\/stechlin\/wp-json\/wp\/v2\/posts\/5480\/revisions"}],"predecessor-version":[{"id":5606,"href":"https:\/\/www.naturparkmagazin.de\/stechlin\/wp-json\/wp\/v2\/posts\/5480\/revisions\/5606"}],"wp:featuredmedia":[{"embeddable":true,"href":"https:\/\/www.naturparkmagazin.de\/stechlin\/wp-json\/wp\/v2\/media\/5512"}],"wp:attachment":[{"href":"https:\/\/www.naturparkmagazin.de\/stechlin\/wp-json\/wp\/v2\/media?parent=5480"}],"wp:term":[{"taxonomy":"category","embeddable":true,"href":"https:\/\/www.naturparkmagazin.de\/stechlin\/wp-json\/wp\/v2\/categories?post=5480"},{"taxonomy":"post_tag","embeddable":true,"href":"https:\/\/www.naturparkmagazin.de\/stechlin\/wp-json\/wp\/v2\/tags?post=5480"}],"curies":[{"name":"wp","href":"https:\/\/api.w.org\/{rel}","templated":true}]}}