{"id":5486,"date":"2023-04-18T16:05:58","date_gmt":"2023-04-18T14:05:58","guid":{"rendered":"http:\/\/www.naturparkmagazin.de\/stechlin\/?p=5486"},"modified":"2025-04-22T11:38:53","modified_gmt":"2025-04-22T09:38:53","slug":"tag-der-graefin-2017","status":"publish","type":"post","link":"https:\/\/www.naturparkmagazin.de\/stechlin\/tag-der-graefin-2017\/","title":{"rendered":"Tag der Gr\u00e4fin im KulturGutshaus K\u00f6pernitz (2023)"},"content":{"rendered":"<div id=\"attachment_5487\" style=\"width: 210px\" class=\"wp-caption alignleft\"><a href=\"https:\/\/www.naturparkmagazin.de\/stechlin\/wp-content\/uploads\/sites\/38\/Mai-K\u00f6pernitz_Gr\u00e4fin-La-Roche-Aymon.jpg\"><img aria-describedby=\"caption-attachment-5487\" decoding=\"async\" loading=\"lazy\" class=\"size-full wp-image-5487\" src=\"https:\/\/www.naturparkmagazin.de\/stechlin\/wp-content\/uploads\/sites\/38\/Mai-K\u00f6pernitz_Gr\u00e4fin-La-Roche-Aymon.jpg\" alt=\"Gr\u00e4fin La-Roche-Aymon\" width=\"200\" height=\"300\" \/><\/a><p id=\"caption-attachment-5487\" class=\"wp-caption-text\">Gr\u00e4fin La-Roche-Aymon<\/p><\/div>\n<p>&nbsp;<\/p>\n<p>&nbsp;<\/p>\n<p>&nbsp;<\/p>\n<p>&nbsp;<\/p>\n<p>&nbsp;<\/p>\n<p>&nbsp;<\/p>\n<p>&nbsp;<\/p>\n<p>&nbsp;<\/p>\n<p>&nbsp;<\/p>\n<p>&#8222;<em>Die La Roche Aymons am Hofe des Prinzen Heinrich&#8220;<\/em> ist das Motto des diesj\u00e4hrigen Tages der Gr\u00e4fin im KulturGutshaus K\u00f6pernitz.<\/p>\n<p>Dazu erwarten die G\u00e4ste Ausstellungen und Besichtigungen sowie ein szenisches Gespr\u00e4ch mit dem Grafen La Roche Aymon und den traditionellen Spaziergang zum historischen Waldfriedhof in K\u00f6pernitz.<\/p>\n<p>Lassen Sie sich \u00fcberraschen, was sich Bernd Donner und seine Mannschaft in diesem Jahr haben einfallen lassen.<\/p>\n<p><em><strong>Termin:<\/strong> 21. Mai, 14:30 Uhr im KulturGutshaus K\u00f6pernitz<\/em><\/p>\n<p><em><strong>Eintritt:<\/strong> frei<\/em><\/p>\n<p><em><strong>Anmeldung:<\/strong> Tel.: 033931\/37855<\/em><\/p>\n","protected":false},"excerpt":{"rendered":"<p>&#8222;Die La Roche Aymons am Hofe des Prinzen Heinrich&#8220; ist das Motto des diesj\u00e4hrigen Tages der Gr\u00e4fin im KulturGutshaus K\u00f6pernitz am 21. Mai.<\/p>\n","protected":false},"author":39,"featured_media":5488,"comment_status":"open","ping_status":"open","sticky":false,"template":"","format":"standard","meta":[],"categories":[11],"tags":[],"yoast_head":"<!-- This site is optimized with the Yoast SEO plugin v19.10 - https:\/\/yoast.com\/wordpress\/plugins\/seo\/ -->\n<title>Tag der Gr\u00e4fin im KulturGutshaus K\u00f6pernitz (2023) - Naturpark Stechlin-Ruppiner Land<\/title>\n<meta name=\"robots\" content=\"index, follow, max-snippet:-1, max-image-preview:large, max-video-preview:-1\" \/>\n<link rel=\"canonical\" href=\"https:\/\/www.naturparkmagazin.de\/stechlin\/tag-der-graefin-2017\/\" \/>\n<meta property=\"og:locale\" content=\"de_DE\" \/>\n<meta property=\"og:type\" content=\"article\" \/>\n<meta property=\"og:title\" content=\"Tag der Gr\u00e4fin im KulturGutshaus K\u00f6pernitz (2023) - Naturpark Stechlin-Ruppiner Land\" \/>\n<meta property=\"og:description\" content=\"&quot;Die La Roche Aymons am Hofe des Prinzen Heinrich&quot; ist das Motto des diesj\u00e4hrigen Tages der Gr\u00e4fin im KulturGutshaus K\u00f6pernitz am 21. Mai.\" \/>\n<meta property=\"og:url\" content=\"https:\/\/www.naturparkmagazin.de\/stechlin\/tag-der-graefin-2017\/\" \/>\n<meta property=\"og:site_name\" content=\"Naturpark Stechlin-Ruppiner Land\" \/>\n<meta property=\"article:published_time\" content=\"2023-04-18T14:05:58+00:00\" \/>\n<meta property=\"article:modified_time\" content=\"2025-04-22T09:38:53+00:00\" \/>\n<meta property=\"og:image\" content=\"https:\/\/www.naturparkmagazin.de\/stechlin\/wp-content\/uploads\/sites\/38\/Mai-K\u00f6pernitz_Gr\u00e4fin-La-Roche-Aymon1.jpg\" \/>\n\t<meta property=\"og:image:width\" content=\"200\" \/>\n\t<meta property=\"og:image:height\" content=\"200\" \/>\n\t<meta property=\"og:image:type\" content=\"image\/jpeg\" \/>\n<meta name=\"author\" content=\"marioschrumpf\" \/>\n<meta name=\"twitter:label1\" content=\"Verfasst von\" \/>\n\t<meta name=\"twitter:data1\" content=\"marioschrumpf\" \/>\n\t<meta name=\"twitter:label2\" content=\"Gesch\u00e4tzte Lesezeit\" \/>\n\t<meta name=\"twitter:data2\" content=\"1\u00a0Minute\" \/>\n<script type=\"application\/ld+json\" class=\"yoast-schema-graph\">{\"@context\":\"https:\/\/schema.org\",\"@graph\":[{\"@type\":\"WebPage\",\"@id\":\"https:\/\/www.naturparkmagazin.de\/stechlin\/tag-der-graefin-2017\/\",\"url\":\"https:\/\/www.naturparkmagazin.de\/stechlin\/tag-der-graefin-2017\/\",\"name\":\"Tag der Gr\u00e4fin im KulturGutshaus K\u00f6pernitz (2023) - Naturpark Stechlin-Ruppiner Land\",\"isPartOf\":{\"@id\":\"https:\/\/www.naturparkmagazin.de\/stechlin\/#website\"},\"datePublished\":\"2023-04-18T14:05:58+00:00\",\"dateModified\":\"2025-04-22T09:38:53+00:00\",\"author\":{\"@id\":\"https:\/\/www.naturparkmagazin.de\/stechlin\/#\/schema\/person\/3f0d93203df21c806dd63c76d9bb28bc\"},\"breadcrumb\":{\"@id\":\"https:\/\/www.naturparkmagazin.de\/stechlin\/tag-der-graefin-2017\/#breadcrumb\"},\"inLanguage\":\"de\",\"potentialAction\":[{\"@type\":\"ReadAction\",\"target\":[\"https:\/\/www.naturparkmagazin.de\/stechlin\/tag-der-graefin-2017\/\"]}]},{\"@type\":\"BreadcrumbList\",\"@id\":\"https:\/\/www.naturparkmagazin.de\/stechlin\/tag-der-graefin-2017\/#breadcrumb\",\"itemListElement\":[{\"@type\":\"ListItem\",\"position\":1,\"name\":\"Home\",\"item\":\"https:\/\/www.naturparkmagazin.de\/stechlin\/\"},{\"@type\":\"ListItem\",\"position\":2,\"name\":\"Tag der Gr\u00e4fin im KulturGutshaus K\u00f6pernitz (2023)\"}]},{\"@type\":\"WebSite\",\"@id\":\"https:\/\/www.naturparkmagazin.de\/stechlin\/#website\",\"url\":\"https:\/\/www.naturparkmagazin.de\/stechlin\/\",\"name\":\"Naturpark Stechlin-Ruppiner Land\",\"description\":\"\",\"potentialAction\":[{\"@type\":\"SearchAction\",\"target\":{\"@type\":\"EntryPoint\",\"urlTemplate\":\"https:\/\/www.naturparkmagazin.de\/stechlin\/?s={search_term_string}\"},\"query-input\":\"required name=search_term_string\"}],\"inLanguage\":\"de\"},{\"@type\":\"Person\",\"@id\":\"https:\/\/www.naturparkmagazin.de\/stechlin\/#\/schema\/person\/3f0d93203df21c806dd63c76d9bb28bc\",\"name\":\"marioschrumpf\",\"url\":\"https:\/\/www.naturparkmagazin.de\/stechlin\/author\/marioschrumpf\/\"}]}<\/script>\n<!-- \/ Yoast SEO plugin. -->","yoast_head_json":{"title":"Tag der Gr\u00e4fin im KulturGutshaus K\u00f6pernitz (2023) - Naturpark Stechlin-Ruppiner Land","robots":{"index":"index","follow":"follow","max-snippet":"max-snippet:-1","max-image-preview":"max-image-preview:large","max-video-preview":"max-video-preview:-1"},"canonical":"https:\/\/www.naturparkmagazin.de\/stechlin\/tag-der-graefin-2017\/","og_locale":"de_DE","og_type":"article","og_title":"Tag der Gr\u00e4fin im KulturGutshaus K\u00f6pernitz (2023) - Naturpark Stechlin-Ruppiner Land","og_description":"\"Die La Roche Aymons am Hofe des Prinzen Heinrich\" ist das Motto des diesj\u00e4hrigen Tages der Gr\u00e4fin im KulturGutshaus K\u00f6pernitz am 21. Mai.","og_url":"https:\/\/www.naturparkmagazin.de\/stechlin\/tag-der-graefin-2017\/","og_site_name":"Naturpark Stechlin-Ruppiner Land","article_published_time":"2023-04-18T14:05:58+00:00","article_modified_time":"2025-04-22T09:38:53+00:00","og_image":[{"width":200,"height":200,"url":"https:\/\/www.naturparkmagazin.de\/stechlin\/wp-content\/uploads\/sites\/38\/Mai-K\u00f6pernitz_Gr\u00e4fin-La-Roche-Aymon1.jpg","type":"image\/jpeg"}],"author":"marioschrumpf","twitter_misc":{"Verfasst von":"marioschrumpf","Gesch\u00e4tzte Lesezeit":"1\u00a0Minute"},"schema":{"@context":"https:\/\/schema.org","@graph":[{"@type":"WebPage","@id":"https:\/\/www.naturparkmagazin.de\/stechlin\/tag-der-graefin-2017\/","url":"https:\/\/www.naturparkmagazin.de\/stechlin\/tag-der-graefin-2017\/","name":"Tag der Gr\u00e4fin im KulturGutshaus K\u00f6pernitz (2023) - Naturpark Stechlin-Ruppiner Land","isPartOf":{"@id":"https:\/\/www.naturparkmagazin.de\/stechlin\/#website"},"datePublished":"2023-04-18T14:05:58+00:00","dateModified":"2025-04-22T09:38:53+00:00","author":{"@id":"https:\/\/www.naturparkmagazin.de\/stechlin\/#\/schema\/person\/3f0d93203df21c806dd63c76d9bb28bc"},"breadcrumb":{"@id":"https:\/\/www.naturparkmagazin.de\/stechlin\/tag-der-graefin-2017\/#breadcrumb"},"inLanguage":"de","potentialAction":[{"@type":"ReadAction","target":["https:\/\/www.naturparkmagazin.de\/stechlin\/tag-der-graefin-2017\/"]}]},{"@type":"BreadcrumbList","@id":"https:\/\/www.naturparkmagazin.de\/stechlin\/tag-der-graefin-2017\/#breadcrumb","itemListElement":[{"@type":"ListItem","position":1,"name":"Home","item":"https:\/\/www.naturparkmagazin.de\/stechlin\/"},{"@type":"ListItem","position":2,"name":"Tag der Gr\u00e4fin im KulturGutshaus K\u00f6pernitz (2023)"}]},{"@type":"WebSite","@id":"https:\/\/www.naturparkmagazin.de\/stechlin\/#website","url":"https:\/\/www.naturparkmagazin.de\/stechlin\/","name":"Naturpark Stechlin-Ruppiner Land","description":"","potentialAction":[{"@type":"SearchAction","target":{"@type":"EntryPoint","urlTemplate":"https:\/\/www.naturparkmagazin.de\/stechlin\/?s={search_term_string}"},"query-input":"required name=search_term_string"}],"inLanguage":"de"},{"@type":"Person","@id":"https:\/\/www.naturparkmagazin.de\/stechlin\/#\/schema\/person\/3f0d93203df21c806dd63c76d9bb28bc","name":"marioschrumpf","url":"https:\/\/www.naturparkmagazin.de\/stechlin\/author\/marioschrumpf\/"}]}},"_links":{"self":[{"href":"https:\/\/www.naturparkmagazin.de\/stechlin\/wp-json\/wp\/v2\/posts\/5486"}],"collection":[{"href":"https:\/\/www.naturparkmagazin.de\/stechlin\/wp-json\/wp\/v2\/posts"}],"about":[{"href":"https:\/\/www.naturparkmagazin.de\/stechlin\/wp-json\/wp\/v2\/types\/post"}],"author":[{"embeddable":true,"href":"https:\/\/www.naturparkmagazin.de\/stechlin\/wp-json\/wp\/v2\/users\/39"}],"replies":[{"embeddable":true,"href":"https:\/\/www.naturparkmagazin.de\/stechlin\/wp-json\/wp\/v2\/comments?post=5486"}],"version-history":[{"count":12,"href":"https:\/\/www.naturparkmagazin.de\/stechlin\/wp-json\/wp\/v2\/posts\/5486\/revisions"}],"predecessor-version":[{"id":17100,"href":"https:\/\/www.naturparkmagazin.de\/stechlin\/wp-json\/wp\/v2\/posts\/5486\/revisions\/17100"}],"wp:featuredmedia":[{"embeddable":true,"href":"https:\/\/www.naturparkmagazin.de\/stechlin\/wp-json\/wp\/v2\/media\/5488"}],"wp:attachment":[{"href":"https:\/\/www.naturparkmagazin.de\/stechlin\/wp-json\/wp\/v2\/media?parent=5486"}],"wp:term":[{"taxonomy":"category","embeddable":true,"href":"https:\/\/www.naturparkmagazin.de\/stechlin\/wp-json\/wp\/v2\/categories?post=5486"},{"taxonomy":"post_tag","embeddable":true,"href":"https:\/\/www.naturparkmagazin.de\/stechlin\/wp-json\/wp\/v2\/tags?post=5486"}],"curies":[{"name":"wp","href":"https:\/\/api.w.org\/{rel}","templated":true}]}}