{"id":55,"date":"2013-07-15T11:17:06","date_gmt":"2013-07-15T09:17:06","guid":{"rendered":"http:\/\/www.naturparkmagazin.de\/stechlin\/?p=55"},"modified":"2013-07-15T11:17:06","modified_gmt":"2013-07-15T09:17:06","slug":"13-zernikower-maulbeerfest-am-3-august","status":"publish","type":"post","link":"https:\/\/www.naturparkmagazin.de\/stechlin\/13-zernikower-maulbeerfest-am-3-august\/","title":{"rendered":"13. Zernikower Maulbeerfest am 3. August"},"content":{"rendered":"<p>Rund um die Maulbeere, Seidenraupen und Seide dreht sich alles beim 3. Zernikower Maulbeerfest. Ab 13 Uhr l\u00e4dt die Initiative Zernikow e. V. auf den Gutshof ein. Im Vorfeld haben die Vereinsmitglieder schon flei\u00dfig Maulbeeren zwischen Dorf und Zernikower M\u00fchle geerntet. Die historische Allee wurde im 18. Jahrhundert als Futtergrundlage f\u00fcr die Seidenraupenzucht angepflanzt. Der Seidenbau in Zernikow geht auf Michael Gabriel Fredersdorff zur\u00fcck. Er bekam f\u00fcr seine treuen Dienste das Gut Zernikow 1740 von Friedrich dem Gro\u00dfen geschenkt.<\/p>\n","protected":false},"excerpt":{"rendered":"<p>Rund um die Maulbeere, Seidenraupen und Seide dreht sich alles beim 3. Zernikower Maulbeerfest. Ab 13 Uhr l\u00e4dt die Initiative Zernikow e. V. auf den Gutshof ein. Im Vorfeld haben die Vereinsmitglieder schon flei\u00dfig Maulbeeren zwischen Dorf und Zernikower M\u00fchle geerntet. Die historische Allee wurde im 18. Jahrhundert als Futtergrundlage f\u00fcr die Seidenraupenzucht angepflanzt. Der<\/p>\n","protected":false},"author":39,"featured_media":56,"comment_status":"open","ping_status":"open","sticky":false,"template":"","format":"standard","meta":[],"categories":[7],"tags":[],"yoast_head":"<!-- This site is optimized with the Yoast SEO plugin v19.10 - https:\/\/yoast.com\/wordpress\/plugins\/seo\/ -->\n<title>13. Zernikower Maulbeerfest am 3. August - Naturpark Stechlin-Ruppiner Land<\/title>\n<meta name=\"robots\" content=\"index, follow, max-snippet:-1, max-image-preview:large, max-video-preview:-1\" \/>\n<link rel=\"canonical\" href=\"https:\/\/www.naturparkmagazin.de\/stechlin\/13-zernikower-maulbeerfest-am-3-august\/\" \/>\n<meta property=\"og:locale\" content=\"de_DE\" \/>\n<meta property=\"og:type\" content=\"article\" \/>\n<meta property=\"og:title\" content=\"13. Zernikower Maulbeerfest am 3. August - Naturpark Stechlin-Ruppiner Land\" \/>\n<meta property=\"og:description\" content=\"Rund um die Maulbeere, Seidenraupen und Seide dreht sich alles beim 3. Zernikower Maulbeerfest. Ab 13 Uhr l\u00e4dt die Initiative Zernikow e. V. auf den Gutshof ein. Im Vorfeld haben die Vereinsmitglieder schon flei\u00dfig Maulbeeren zwischen Dorf und Zernikower M\u00fchle geerntet. Die historische Allee wurde im 18. Jahrhundert als Futtergrundlage f\u00fcr die Seidenraupenzucht angepflanzt. Der\" \/>\n<meta property=\"og:url\" content=\"https:\/\/www.naturparkmagazin.de\/stechlin\/13-zernikower-maulbeerfest-am-3-august\/\" \/>\n<meta property=\"og:site_name\" content=\"Naturpark Stechlin-Ruppiner Land\" \/>\n<meta property=\"article:published_time\" content=\"2013-07-15T09:17:06+00:00\" \/>\n<meta property=\"og:image\" content=\"https:\/\/www.naturparkmagazin.de\/stechlin\/wp-content\/uploads\/sites\/38\/k-Maulbeerfest.jpg\" \/>\n\t<meta property=\"og:image:width\" content=\"1824\" \/>\n\t<meta property=\"og:image:height\" content=\"1368\" \/>\n\t<meta property=\"og:image:type\" content=\"image\/jpeg\" \/>\n<meta name=\"author\" content=\"marioschrumpf\" \/>\n<meta name=\"twitter:label1\" content=\"Verfasst von\" \/>\n\t<meta name=\"twitter:data1\" content=\"marioschrumpf\" \/>\n<script type=\"application\/ld+json\" class=\"yoast-schema-graph\">{\"@context\":\"https:\/\/schema.org\",\"@graph\":[{\"@type\":\"WebPage\",\"@id\":\"https:\/\/www.naturparkmagazin.de\/stechlin\/13-zernikower-maulbeerfest-am-3-august\/\",\"url\":\"https:\/\/www.naturparkmagazin.de\/stechlin\/13-zernikower-maulbeerfest-am-3-august\/\",\"name\":\"13. Zernikower Maulbeerfest am 3. August - Naturpark Stechlin-Ruppiner Land\",\"isPartOf\":{\"@id\":\"https:\/\/www.naturparkmagazin.de\/stechlin\/#website\"},\"datePublished\":\"2013-07-15T09:17:06+00:00\",\"dateModified\":\"2013-07-15T09:17:06+00:00\",\"author\":{\"@id\":\"https:\/\/www.naturparkmagazin.de\/stechlin\/#\/schema\/person\/3f0d93203df21c806dd63c76d9bb28bc\"},\"breadcrumb\":{\"@id\":\"https:\/\/www.naturparkmagazin.de\/stechlin\/13-zernikower-maulbeerfest-am-3-august\/#breadcrumb\"},\"inLanguage\":\"de\",\"potentialAction\":[{\"@type\":\"ReadAction\",\"target\":[\"https:\/\/www.naturparkmagazin.de\/stechlin\/13-zernikower-maulbeerfest-am-3-august\/\"]}]},{\"@type\":\"BreadcrumbList\",\"@id\":\"https:\/\/www.naturparkmagazin.de\/stechlin\/13-zernikower-maulbeerfest-am-3-august\/#breadcrumb\",\"itemListElement\":[{\"@type\":\"ListItem\",\"position\":1,\"name\":\"Home\",\"item\":\"https:\/\/www.naturparkmagazin.de\/stechlin\/\"},{\"@type\":\"ListItem\",\"position\":2,\"name\":\"13. Zernikower Maulbeerfest am 3. August\"}]},{\"@type\":\"WebSite\",\"@id\":\"https:\/\/www.naturparkmagazin.de\/stechlin\/#website\",\"url\":\"https:\/\/www.naturparkmagazin.de\/stechlin\/\",\"name\":\"Naturpark Stechlin-Ruppiner Land\",\"description\":\"\",\"potentialAction\":[{\"@type\":\"SearchAction\",\"target\":{\"@type\":\"EntryPoint\",\"urlTemplate\":\"https:\/\/www.naturparkmagazin.de\/stechlin\/?s={search_term_string}\"},\"query-input\":\"required name=search_term_string\"}],\"inLanguage\":\"de\"},{\"@type\":\"Person\",\"@id\":\"https:\/\/www.naturparkmagazin.de\/stechlin\/#\/schema\/person\/3f0d93203df21c806dd63c76d9bb28bc\",\"name\":\"marioschrumpf\",\"url\":\"https:\/\/www.naturparkmagazin.de\/stechlin\/author\/marioschrumpf\/\"}]}<\/script>\n<!-- \/ Yoast SEO plugin. -->","yoast_head_json":{"title":"13. Zernikower Maulbeerfest am 3. August - Naturpark Stechlin-Ruppiner Land","robots":{"index":"index","follow":"follow","max-snippet":"max-snippet:-1","max-image-preview":"max-image-preview:large","max-video-preview":"max-video-preview:-1"},"canonical":"https:\/\/www.naturparkmagazin.de\/stechlin\/13-zernikower-maulbeerfest-am-3-august\/","og_locale":"de_DE","og_type":"article","og_title":"13. Zernikower Maulbeerfest am 3. August - Naturpark Stechlin-Ruppiner Land","og_description":"Rund um die Maulbeere, Seidenraupen und Seide dreht sich alles beim 3. Zernikower Maulbeerfest. Ab 13 Uhr l\u00e4dt die Initiative Zernikow e. V. auf den Gutshof ein. Im Vorfeld haben die Vereinsmitglieder schon flei\u00dfig Maulbeeren zwischen Dorf und Zernikower M\u00fchle geerntet. Die historische Allee wurde im 18. Jahrhundert als Futtergrundlage f\u00fcr die Seidenraupenzucht angepflanzt. Der","og_url":"https:\/\/www.naturparkmagazin.de\/stechlin\/13-zernikower-maulbeerfest-am-3-august\/","og_site_name":"Naturpark Stechlin-Ruppiner Land","article_published_time":"2013-07-15T09:17:06+00:00","og_image":[{"width":1824,"height":1368,"url":"https:\/\/www.naturparkmagazin.de\/stechlin\/wp-content\/uploads\/sites\/38\/k-Maulbeerfest.jpg","type":"image\/jpeg"}],"author":"marioschrumpf","twitter_misc":{"Verfasst von":"marioschrumpf"},"schema":{"@context":"https:\/\/schema.org","@graph":[{"@type":"WebPage","@id":"https:\/\/www.naturparkmagazin.de\/stechlin\/13-zernikower-maulbeerfest-am-3-august\/","url":"https:\/\/www.naturparkmagazin.de\/stechlin\/13-zernikower-maulbeerfest-am-3-august\/","name":"13. Zernikower Maulbeerfest am 3. August - Naturpark Stechlin-Ruppiner Land","isPartOf":{"@id":"https:\/\/www.naturparkmagazin.de\/stechlin\/#website"},"datePublished":"2013-07-15T09:17:06+00:00","dateModified":"2013-07-15T09:17:06+00:00","author":{"@id":"https:\/\/www.naturparkmagazin.de\/stechlin\/#\/schema\/person\/3f0d93203df21c806dd63c76d9bb28bc"},"breadcrumb":{"@id":"https:\/\/www.naturparkmagazin.de\/stechlin\/13-zernikower-maulbeerfest-am-3-august\/#breadcrumb"},"inLanguage":"de","potentialAction":[{"@type":"ReadAction","target":["https:\/\/www.naturparkmagazin.de\/stechlin\/13-zernikower-maulbeerfest-am-3-august\/"]}]},{"@type":"BreadcrumbList","@id":"https:\/\/www.naturparkmagazin.de\/stechlin\/13-zernikower-maulbeerfest-am-3-august\/#breadcrumb","itemListElement":[{"@type":"ListItem","position":1,"name":"Home","item":"https:\/\/www.naturparkmagazin.de\/stechlin\/"},{"@type":"ListItem","position":2,"name":"13. Zernikower Maulbeerfest am 3. August"}]},{"@type":"WebSite","@id":"https:\/\/www.naturparkmagazin.de\/stechlin\/#website","url":"https:\/\/www.naturparkmagazin.de\/stechlin\/","name":"Naturpark Stechlin-Ruppiner Land","description":"","potentialAction":[{"@type":"SearchAction","target":{"@type":"EntryPoint","urlTemplate":"https:\/\/www.naturparkmagazin.de\/stechlin\/?s={search_term_string}"},"query-input":"required name=search_term_string"}],"inLanguage":"de"},{"@type":"Person","@id":"https:\/\/www.naturparkmagazin.de\/stechlin\/#\/schema\/person\/3f0d93203df21c806dd63c76d9bb28bc","name":"marioschrumpf","url":"https:\/\/www.naturparkmagazin.de\/stechlin\/author\/marioschrumpf\/"}]}},"_links":{"self":[{"href":"https:\/\/www.naturparkmagazin.de\/stechlin\/wp-json\/wp\/v2\/posts\/55"}],"collection":[{"href":"https:\/\/www.naturparkmagazin.de\/stechlin\/wp-json\/wp\/v2\/posts"}],"about":[{"href":"https:\/\/www.naturparkmagazin.de\/stechlin\/wp-json\/wp\/v2\/types\/post"}],"author":[{"embeddable":true,"href":"https:\/\/www.naturparkmagazin.de\/stechlin\/wp-json\/wp\/v2\/users\/39"}],"replies":[{"embeddable":true,"href":"https:\/\/www.naturparkmagazin.de\/stechlin\/wp-json\/wp\/v2\/comments?post=55"}],"version-history":[{"count":1,"href":"https:\/\/www.naturparkmagazin.de\/stechlin\/wp-json\/wp\/v2\/posts\/55\/revisions"}],"predecessor-version":[{"id":57,"href":"https:\/\/www.naturparkmagazin.de\/stechlin\/wp-json\/wp\/v2\/posts\/55\/revisions\/57"}],"wp:featuredmedia":[{"embeddable":true,"href":"https:\/\/www.naturparkmagazin.de\/stechlin\/wp-json\/wp\/v2\/media\/56"}],"wp:attachment":[{"href":"https:\/\/www.naturparkmagazin.de\/stechlin\/wp-json\/wp\/v2\/media?parent=55"}],"wp:term":[{"taxonomy":"category","embeddable":true,"href":"https:\/\/www.naturparkmagazin.de\/stechlin\/wp-json\/wp\/v2\/categories?post=55"},{"taxonomy":"post_tag","embeddable":true,"href":"https:\/\/www.naturparkmagazin.de\/stechlin\/wp-json\/wp\/v2\/tags?post=55"}],"curies":[{"name":"wp","href":"https:\/\/api.w.org\/{rel}","templated":true}]}}