{"id":5514,"date":"2017-04-18T08:21:12","date_gmt":"2017-04-18T06:21:12","guid":{"rendered":"http:\/\/www.naturparkmagazin.de\/stechlin\/?p=5514"},"modified":"2017-04-21T11:29:43","modified_gmt":"2017-04-21T09:29:43","slug":"landschaftspflegeverband-prignitz-ruppiner-land-gegruendet","status":"publish","type":"post","link":"https:\/\/www.naturparkmagazin.de\/stechlin\/landschaftspflegeverband-prignitz-ruppiner-land-gegruendet\/","title":{"rendered":"Landschaftspflegeverband  Prignitz-Ruppiner Land gegr\u00fcndet"},"content":{"rendered":"<div id=\"attachment_5518\" style=\"width: 310px\" class=\"wp-caption alignleft\"><a href=\"https:\/\/www.naturparkmagazin.de\/stechlin\/wp-content\/uploads\/sites\/38\/LPV-gr\u00fcndung24.jpg\"><img aria-describedby=\"caption-attachment-5518\" decoding=\"async\" loading=\"lazy\" class=\"size-thumbnail wp-image-5518\" src=\"https:\/\/www.naturparkmagazin.de\/stechlin\/wp-content\/uploads\/sites\/38\/LPV-gr\u00fcndung24-300x180.jpg\" alt=\"Der neugew\u00e4hlte Vorstand\" width=\"300\" height=\"180\" srcset=\"https:\/\/www.naturparkmagazin.de\/stechlin\/wp-content\/uploads\/sites\/38\/LPV-gr\u00fcndung24-300x180.jpg 300w, https:\/\/www.naturparkmagazin.de\/stechlin\/wp-content\/uploads\/sites\/38\/LPV-gr\u00fcndung24.jpg 500w, https:\/\/www.naturparkmagazin.de\/stechlin\/wp-content\/uploads\/sites\/38\/LPV-gr\u00fcndung24-200x120.jpg 200w\" sizes=\"(max-width: 300px) 100vw, 300px\" \/><\/a><p id=\"caption-attachment-5518\" class=\"wp-caption-text\">Der neugew\u00e4hlte Vorstand<\/p><\/div>\n<p>&nbsp;<\/p>\n<p>&nbsp;<\/p>\n<p>&nbsp;<\/p>\n<p>&nbsp;<\/p>\n<p>&nbsp;<\/p>\n<p>&nbsp;<\/p>\n<p>&nbsp;<\/p>\n<p>&nbsp;<\/p>\n<p>Nach mehrmonatiger intensiver Vorbereitung durch eine Initiativgruppe war es am 27. M\u00e4rz endlich soweit: der Landschaftspflegeverband Prignitz-Ruppiner Land wurde in Wittstock\/Dosse gegr\u00fcndet. 13 Gr\u00fcndungsmitglieder, darunter unser Naturpark, unterzeichneten die Satzung und w\u00e4hlten einen Vorstand. Dem in Drittelparit\u00e4t besetzten Vorstand geh\u00f6ren an:<\/p>\n<div id=\"attachment_5517\" style=\"width: 310px\" class=\"wp-caption alignleft\"><a href=\"https:\/\/www.naturparkmagazin.de\/stechlin\/wp-content\/uploads\/sites\/38\/LPV-Gr\u00fcndung19.jpg\"><img aria-describedby=\"caption-attachment-5517\" decoding=\"async\" loading=\"lazy\" class=\"size-thumbnail wp-image-5517\" src=\"https:\/\/www.naturparkmagazin.de\/stechlin\/wp-content\/uploads\/sites\/38\/LPV-Gr\u00fcndung19-300x300.jpg\" alt=\"Bernd Ewert bei der Unterzeichnung\" width=\"300\" height=\"300\" srcset=\"https:\/\/www.naturparkmagazin.de\/stechlin\/wp-content\/uploads\/sites\/38\/LPV-Gr\u00fcndung19.jpg 300w, https:\/\/www.naturparkmagazin.de\/stechlin\/wp-content\/uploads\/sites\/38\/LPV-Gr\u00fcndung19-200x200.jpg 200w, https:\/\/www.naturparkmagazin.de\/stechlin\/wp-content\/uploads\/sites\/38\/LPV-Gr\u00fcndung19-30x30.jpg 30w\" sizes=\"(max-width: 300px) 100vw, 300px\" \/><\/a><p id=\"caption-attachment-5517\" class=\"wp-caption-text\">Bernd Ewert bei der Unterzeichnung der Gr\u00fcndungssatzung.<\/p><\/div>\n<p>&nbsp;<\/p>\n<p>&nbsp;<\/p>\n<p>&nbsp;<\/p>\n<p>&nbsp;<\/p>\n<p>&nbsp;<\/p>\n<p>&nbsp;<\/p>\n<p>&nbsp;<\/p>\n<p>&nbsp;<\/p>\n<p>&nbsp;<\/p>\n<p>&nbsp;<\/p>\n<p>&nbsp;<\/p>\n<p>&nbsp;<\/p>\n<p>&nbsp;<\/p>\n<p>&nbsp;<\/p>\n<p>Bernd Ewert (Naturschutz)<\/p>\n<p>Steffen Schindel (Naturschutz)<\/p>\n<p>Reinhard Brehe (Landwirtschaft)<\/p>\n<p>Andreas Bergmann (Landwirtschaft)<\/p>\n<p>Holger Kippenhahn (Kommunalpolitik)<\/p>\n<p>Burghard Schulz (Kommunalpolitik)<\/p>\n<div id=\"attachment_5516\" style=\"width: 190px\" class=\"wp-caption alignleft\"><a href=\"https:\/\/www.naturparkmagazin.de\/stechlin\/wp-content\/uploads\/sites\/38\/LPV-Gr\u00fcndung12.jpg\"><img aria-describedby=\"caption-attachment-5516\" decoding=\"async\" loading=\"lazy\" class=\"size-full wp-image-5516\" src=\"https:\/\/www.naturparkmagazin.de\/stechlin\/wp-content\/uploads\/sites\/38\/LPV-Gr\u00fcndung12.jpg\" alt=\"Vorsitzender Andreas Bergmann\" width=\"180\" height=\"300\" \/><\/a><p id=\"caption-attachment-5516\" class=\"wp-caption-text\">Vorsitzender Andreas Bergmann<\/p><\/div>\n<p>&nbsp;<\/p>\n<p>&nbsp;<\/p>\n<p>&nbsp;<\/p>\n<p>&nbsp;<\/p>\n<p>&nbsp;<\/p>\n<p>&nbsp;<\/p>\n<p>&nbsp;<\/p>\n<p>&nbsp;<\/p>\n<p>&nbsp;<\/p>\n<p>&nbsp;<\/p>\n<p>&nbsp;<\/p>\n<p>&nbsp;<\/p>\n<p>Zum Vorsitzenden wurde Andreas Bergmann gew\u00e4hlt. Seine Stellvertreter\u00a0sind Steffen Schindel und\u00a0Holger Kippenhahn.<\/p>\n<p>Weiter <a href=\"http:\/\/heiligengrabe.de\/landschaftspflegeverband-lpv-prignitz-ruppiner-land-in-wittstockdosse-gegruendet.html\">Infos<\/a>:<\/p>\n","protected":false},"excerpt":{"rendered":"<p>Nach mehrmonatiger intensiver Vorbereitung durch eine Initiativgruppe war es am 27. M\u00e4rz endlich soweit: der Landschaftspflegeverband Prignitz-Ruppiner Land wurde in Wittstock\/Dosse gegr\u00fcndet.<\/p>\n","protected":false},"author":39,"featured_media":5515,"comment_status":"open","ping_status":"open","sticky":false,"template":"","format":"standard","meta":[],"categories":[7],"tags":[],"yoast_head":"<!-- This site is optimized with the Yoast SEO plugin v19.10 - https:\/\/yoast.com\/wordpress\/plugins\/seo\/ -->\n<title>Landschaftspflegeverband Prignitz-Ruppiner Land gegr\u00fcndet - Naturpark Stechlin-Ruppiner Land<\/title>\n<meta name=\"robots\" content=\"index, follow, max-snippet:-1, max-image-preview:large, max-video-preview:-1\" \/>\n<link rel=\"canonical\" href=\"https:\/\/www.naturparkmagazin.de\/stechlin\/landschaftspflegeverband-prignitz-ruppiner-land-gegruendet\/\" \/>\n<meta property=\"og:locale\" content=\"de_DE\" \/>\n<meta property=\"og:type\" content=\"article\" \/>\n<meta property=\"og:title\" content=\"Landschaftspflegeverband Prignitz-Ruppiner Land gegr\u00fcndet - Naturpark Stechlin-Ruppiner Land\" \/>\n<meta property=\"og:description\" content=\"Nach mehrmonatiger intensiver Vorbereitung durch eine Initiativgruppe war es am 27. M\u00e4rz endlich soweit: der Landschaftspflegeverband Prignitz-Ruppiner Land wurde in Wittstock\/Dosse gegr\u00fcndet.\" \/>\n<meta property=\"og:url\" content=\"https:\/\/www.naturparkmagazin.de\/stechlin\/landschaftspflegeverband-prignitz-ruppiner-land-gegruendet\/\" \/>\n<meta property=\"og:site_name\" content=\"Naturpark Stechlin-Ruppiner Land\" \/>\n<meta property=\"article:published_time\" content=\"2017-04-18T06:21:12+00:00\" \/>\n<meta property=\"article:modified_time\" content=\"2017-04-21T09:29:43+00:00\" \/>\n<meta property=\"og:image\" content=\"https:\/\/www.naturparkmagazin.de\/stechlin\/wp-content\/uploads\/sites\/38\/LPV_Gr\u00fcndung13.jpg\" \/>\n\t<meta property=\"og:image:width\" content=\"200\" \/>\n\t<meta property=\"og:image:height\" content=\"200\" \/>\n\t<meta property=\"og:image:type\" content=\"image\/jpeg\" \/>\n<meta name=\"author\" content=\"marioschrumpf\" \/>\n<meta name=\"twitter:label1\" content=\"Verfasst von\" \/>\n\t<meta name=\"twitter:data1\" content=\"marioschrumpf\" \/>\n\t<meta name=\"twitter:label2\" content=\"Gesch\u00e4tzte Lesezeit\" \/>\n\t<meta name=\"twitter:data2\" content=\"1\u00a0Minute\" \/>\n<script type=\"application\/ld+json\" class=\"yoast-schema-graph\">{\"@context\":\"https:\/\/schema.org\",\"@graph\":[{\"@type\":\"WebPage\",\"@id\":\"https:\/\/www.naturparkmagazin.de\/stechlin\/landschaftspflegeverband-prignitz-ruppiner-land-gegruendet\/\",\"url\":\"https:\/\/www.naturparkmagazin.de\/stechlin\/landschaftspflegeverband-prignitz-ruppiner-land-gegruendet\/\",\"name\":\"Landschaftspflegeverband Prignitz-Ruppiner Land gegr\u00fcndet - Naturpark Stechlin-Ruppiner Land\",\"isPartOf\":{\"@id\":\"https:\/\/www.naturparkmagazin.de\/stechlin\/#website\"},\"datePublished\":\"2017-04-18T06:21:12+00:00\",\"dateModified\":\"2017-04-21T09:29:43+00:00\",\"author\":{\"@id\":\"https:\/\/www.naturparkmagazin.de\/stechlin\/#\/schema\/person\/3f0d93203df21c806dd63c76d9bb28bc\"},\"breadcrumb\":{\"@id\":\"https:\/\/www.naturparkmagazin.de\/stechlin\/landschaftspflegeverband-prignitz-ruppiner-land-gegruendet\/#breadcrumb\"},\"inLanguage\":\"de\",\"potentialAction\":[{\"@type\":\"ReadAction\",\"target\":[\"https:\/\/www.naturparkmagazin.de\/stechlin\/landschaftspflegeverband-prignitz-ruppiner-land-gegruendet\/\"]}]},{\"@type\":\"BreadcrumbList\",\"@id\":\"https:\/\/www.naturparkmagazin.de\/stechlin\/landschaftspflegeverband-prignitz-ruppiner-land-gegruendet\/#breadcrumb\",\"itemListElement\":[{\"@type\":\"ListItem\",\"position\":1,\"name\":\"Home\",\"item\":\"https:\/\/www.naturparkmagazin.de\/stechlin\/\"},{\"@type\":\"ListItem\",\"position\":2,\"name\":\"Landschaftspflegeverband Prignitz-Ruppiner Land gegr\u00fcndet\"}]},{\"@type\":\"WebSite\",\"@id\":\"https:\/\/www.naturparkmagazin.de\/stechlin\/#website\",\"url\":\"https:\/\/www.naturparkmagazin.de\/stechlin\/\",\"name\":\"Naturpark Stechlin-Ruppiner Land\",\"description\":\"\",\"potentialAction\":[{\"@type\":\"SearchAction\",\"target\":{\"@type\":\"EntryPoint\",\"urlTemplate\":\"https:\/\/www.naturparkmagazin.de\/stechlin\/?s={search_term_string}\"},\"query-input\":\"required name=search_term_string\"}],\"inLanguage\":\"de\"},{\"@type\":\"Person\",\"@id\":\"https:\/\/www.naturparkmagazin.de\/stechlin\/#\/schema\/person\/3f0d93203df21c806dd63c76d9bb28bc\",\"name\":\"marioschrumpf\",\"url\":\"https:\/\/www.naturparkmagazin.de\/stechlin\/author\/marioschrumpf\/\"}]}<\/script>\n<!-- \/ Yoast SEO plugin. -->","yoast_head_json":{"title":"Landschaftspflegeverband Prignitz-Ruppiner Land gegr\u00fcndet - Naturpark Stechlin-Ruppiner Land","robots":{"index":"index","follow":"follow","max-snippet":"max-snippet:-1","max-image-preview":"max-image-preview:large","max-video-preview":"max-video-preview:-1"},"canonical":"https:\/\/www.naturparkmagazin.de\/stechlin\/landschaftspflegeverband-prignitz-ruppiner-land-gegruendet\/","og_locale":"de_DE","og_type":"article","og_title":"Landschaftspflegeverband Prignitz-Ruppiner Land gegr\u00fcndet - Naturpark Stechlin-Ruppiner Land","og_description":"Nach mehrmonatiger intensiver Vorbereitung durch eine Initiativgruppe war es am 27. M\u00e4rz endlich soweit: der Landschaftspflegeverband Prignitz-Ruppiner Land wurde in Wittstock\/Dosse gegr\u00fcndet.","og_url":"https:\/\/www.naturparkmagazin.de\/stechlin\/landschaftspflegeverband-prignitz-ruppiner-land-gegruendet\/","og_site_name":"Naturpark Stechlin-Ruppiner Land","article_published_time":"2017-04-18T06:21:12+00:00","article_modified_time":"2017-04-21T09:29:43+00:00","og_image":[{"width":200,"height":200,"url":"https:\/\/www.naturparkmagazin.de\/stechlin\/wp-content\/uploads\/sites\/38\/LPV_Gr\u00fcndung13.jpg","type":"image\/jpeg"}],"author":"marioschrumpf","twitter_misc":{"Verfasst von":"marioschrumpf","Gesch\u00e4tzte Lesezeit":"1\u00a0Minute"},"schema":{"@context":"https:\/\/schema.org","@graph":[{"@type":"WebPage","@id":"https:\/\/www.naturparkmagazin.de\/stechlin\/landschaftspflegeverband-prignitz-ruppiner-land-gegruendet\/","url":"https:\/\/www.naturparkmagazin.de\/stechlin\/landschaftspflegeverband-prignitz-ruppiner-land-gegruendet\/","name":"Landschaftspflegeverband Prignitz-Ruppiner Land gegr\u00fcndet - Naturpark Stechlin-Ruppiner Land","isPartOf":{"@id":"https:\/\/www.naturparkmagazin.de\/stechlin\/#website"},"datePublished":"2017-04-18T06:21:12+00:00","dateModified":"2017-04-21T09:29:43+00:00","author":{"@id":"https:\/\/www.naturparkmagazin.de\/stechlin\/#\/schema\/person\/3f0d93203df21c806dd63c76d9bb28bc"},"breadcrumb":{"@id":"https:\/\/www.naturparkmagazin.de\/stechlin\/landschaftspflegeverband-prignitz-ruppiner-land-gegruendet\/#breadcrumb"},"inLanguage":"de","potentialAction":[{"@type":"ReadAction","target":["https:\/\/www.naturparkmagazin.de\/stechlin\/landschaftspflegeverband-prignitz-ruppiner-land-gegruendet\/"]}]},{"@type":"BreadcrumbList","@id":"https:\/\/www.naturparkmagazin.de\/stechlin\/landschaftspflegeverband-prignitz-ruppiner-land-gegruendet\/#breadcrumb","itemListElement":[{"@type":"ListItem","position":1,"name":"Home","item":"https:\/\/www.naturparkmagazin.de\/stechlin\/"},{"@type":"ListItem","position":2,"name":"Landschaftspflegeverband Prignitz-Ruppiner Land gegr\u00fcndet"}]},{"@type":"WebSite","@id":"https:\/\/www.naturparkmagazin.de\/stechlin\/#website","url":"https:\/\/www.naturparkmagazin.de\/stechlin\/","name":"Naturpark Stechlin-Ruppiner Land","description":"","potentialAction":[{"@type":"SearchAction","target":{"@type":"EntryPoint","urlTemplate":"https:\/\/www.naturparkmagazin.de\/stechlin\/?s={search_term_string}"},"query-input":"required name=search_term_string"}],"inLanguage":"de"},{"@type":"Person","@id":"https:\/\/www.naturparkmagazin.de\/stechlin\/#\/schema\/person\/3f0d93203df21c806dd63c76d9bb28bc","name":"marioschrumpf","url":"https:\/\/www.naturparkmagazin.de\/stechlin\/author\/marioschrumpf\/"}]}},"_links":{"self":[{"href":"https:\/\/www.naturparkmagazin.de\/stechlin\/wp-json\/wp\/v2\/posts\/5514"}],"collection":[{"href":"https:\/\/www.naturparkmagazin.de\/stechlin\/wp-json\/wp\/v2\/posts"}],"about":[{"href":"https:\/\/www.naturparkmagazin.de\/stechlin\/wp-json\/wp\/v2\/types\/post"}],"author":[{"embeddable":true,"href":"https:\/\/www.naturparkmagazin.de\/stechlin\/wp-json\/wp\/v2\/users\/39"}],"replies":[{"embeddable":true,"href":"https:\/\/www.naturparkmagazin.de\/stechlin\/wp-json\/wp\/v2\/comments?post=5514"}],"version-history":[{"count":5,"href":"https:\/\/www.naturparkmagazin.de\/stechlin\/wp-json\/wp\/v2\/posts\/5514\/revisions"}],"predecessor-version":[{"id":5622,"href":"https:\/\/www.naturparkmagazin.de\/stechlin\/wp-json\/wp\/v2\/posts\/5514\/revisions\/5622"}],"wp:featuredmedia":[{"embeddable":true,"href":"https:\/\/www.naturparkmagazin.de\/stechlin\/wp-json\/wp\/v2\/media\/5515"}],"wp:attachment":[{"href":"https:\/\/www.naturparkmagazin.de\/stechlin\/wp-json\/wp\/v2\/media?parent=5514"}],"wp:term":[{"taxonomy":"category","embeddable":true,"href":"https:\/\/www.naturparkmagazin.de\/stechlin\/wp-json\/wp\/v2\/categories?post=5514"},{"taxonomy":"post_tag","embeddable":true,"href":"https:\/\/www.naturparkmagazin.de\/stechlin\/wp-json\/wp\/v2\/tags?post=5514"}],"curies":[{"name":"wp","href":"https:\/\/api.w.org\/{rel}","templated":true}]}}