{"id":5521,"date":"2017-04-18T08:47:35","date_gmt":"2017-04-18T06:47:35","guid":{"rendered":"http:\/\/www.naturparkmagazin.de\/stechlin\/?p=5521"},"modified":"2017-04-21T10:49:13","modified_gmt":"2017-04-21T08:49:13","slug":"landesweites-weiterbildungsangebot-der-naturwacht-zum-amphibienschutz","status":"publish","type":"post","link":"https:\/\/www.naturparkmagazin.de\/stechlin\/landesweites-weiterbildungsangebot-der-naturwacht-zum-amphibienschutz\/","title":{"rendered":"Landesweites Weiterbildungsangebot der Naturwacht zum Amphibienschutz"},"content":{"rendered":"<div id=\"attachment_5526\" style=\"width: 310px\" class=\"wp-caption alignleft\"><a href=\"https:\/\/www.naturparkmagazin.de\/stechlin\/wp-content\/uploads\/sites\/38\/Amphibienwtbg73.jpg\"><img aria-describedby=\"caption-attachment-5526\" decoding=\"async\" loading=\"lazy\" class=\"size-thumbnail wp-image-5526\" src=\"https:\/\/www.naturparkmagazin.de\/stechlin\/wp-content\/uploads\/sites\/38\/Amphibienwtbg73-300x180.jpg\" alt=\"Die intensiv gef\u00e4rbte Bauchseite gab der Rotbauchunke ihren Namen.\" width=\"300\" height=\"180\" srcset=\"https:\/\/www.naturparkmagazin.de\/stechlin\/wp-content\/uploads\/sites\/38\/Amphibienwtbg73-300x180.jpg 300w, https:\/\/www.naturparkmagazin.de\/stechlin\/wp-content\/uploads\/sites\/38\/Amphibienwtbg73.jpg 500w, https:\/\/www.naturparkmagazin.de\/stechlin\/wp-content\/uploads\/sites\/38\/Amphibienwtbg73-200x120.jpg 200w\" sizes=\"(max-width: 300px) 100vw, 300px\" \/><\/a><p id=\"caption-attachment-5526\" class=\"wp-caption-text\">Die intensiv gef\u00e4rbte Bauchseite gab der Rotbauchunke ihren Namen.<\/p><\/div>\n<p>&nbsp;<\/p>\n<p>&nbsp;<\/p>\n<p>&nbsp;<\/p>\n<p>&nbsp;<\/p>\n<p>&nbsp;<\/p>\n<p>&nbsp;<\/p>\n<p>&nbsp;<\/p>\n<p>&nbsp;<\/p>\n<p>&nbsp;<\/p>\n<p>Ca. 20 Teilnehmerinnen folgten am 1. April der Einladung der Naturwacht f\u00fcr eine Weiterbildung rund um das Thema Amphibien. Als Referent konnte Dr. J\u00f6rg Pl\u00f6tner, Herpetologe am Naturkundemuseum Berlin gewonnen werden.<\/p>\n<div id=\"attachment_5525\" style=\"width: 310px\" class=\"wp-caption alignleft\"><a href=\"https:\/\/www.naturparkmagazin.de\/stechlin\/wp-content\/uploads\/sites\/38\/Amphibienwtbg40.jpg\"><img aria-describedby=\"caption-attachment-5525\" decoding=\"async\" loading=\"lazy\" class=\"size-thumbnail wp-image-5525\" src=\"https:\/\/www.naturparkmagazin.de\/stechlin\/wp-content\/uploads\/sites\/38\/Amphibienwtbg40-300x180.jpg\" alt=\"Die Ausbeute der Zaunkontrolle in Dierberg.\" width=\"300\" height=\"180\" srcset=\"https:\/\/www.naturparkmagazin.de\/stechlin\/wp-content\/uploads\/sites\/38\/Amphibienwtbg40-300x180.jpg 300w, https:\/\/www.naturparkmagazin.de\/stechlin\/wp-content\/uploads\/sites\/38\/Amphibienwtbg40.jpg 500w, https:\/\/www.naturparkmagazin.de\/stechlin\/wp-content\/uploads\/sites\/38\/Amphibienwtbg40-200x120.jpg 200w\" sizes=\"(max-width: 300px) 100vw, 300px\" \/><\/a><p id=\"caption-attachment-5525\" class=\"wp-caption-text\">Die Ausbeute der Zaunkontrolle in Dierberg.<\/p><\/div>\n<p>&nbsp;<\/p>\n<p>&nbsp;<\/p>\n<p>&nbsp;<\/p>\n<p>&nbsp;<\/p>\n<p>&nbsp;<\/p>\n<p>&nbsp;<\/p>\n<p>&nbsp;<\/p>\n<p>&nbsp;<\/p>\n<p>Am Vormittag wurde am praktischen Beispiel vor Ort mit einer &#8222;Zaunkontrolle&#8220; am Zollhaus Dierberg ge\u00fcbt. Eine Exkursion in die Zollhauswiesen zu den Reproduktionsgew\u00e4ssern folgte. Nach einem Fachvortag in Menz zur Gruppe der Wasserfr\u00f6sche und gemeinsamen Mittagessen ging es am Nachmittag raus zur station\u00e4ren Amphibienanlage Altglobsow. Ranger Thomas Hahn stellte die von ihm betreute Anlage vor.<\/p>\n<div id=\"attachment_5524\" style=\"width: 310px\" class=\"wp-caption alignleft\"><a href=\"https:\/\/www.naturparkmagazin.de\/stechlin\/wp-content\/uploads\/sites\/38\/Amphibienwtbg21.jpg\"><img aria-describedby=\"caption-attachment-5524\" decoding=\"async\" loading=\"lazy\" class=\"size-thumbnail wp-image-5524\" src=\"https:\/\/www.naturparkmagazin.de\/stechlin\/wp-content\/uploads\/sites\/38\/Amphibienwtbg21-300x180.jpg\" alt=\"Fachgespr\u00e4ch zwischen J\u00fcrgen Rammelt vom Ruppiner Anzeiger und Ranger Thomas Hahn.\" width=\"300\" height=\"180\" srcset=\"https:\/\/www.naturparkmagazin.de\/stechlin\/wp-content\/uploads\/sites\/38\/Amphibienwtbg21-300x180.jpg 300w, https:\/\/www.naturparkmagazin.de\/stechlin\/wp-content\/uploads\/sites\/38\/Amphibienwtbg21.jpg 500w, https:\/\/www.naturparkmagazin.de\/stechlin\/wp-content\/uploads\/sites\/38\/Amphibienwtbg21-200x120.jpg 200w\" sizes=\"(max-width: 300px) 100vw, 300px\" \/><\/a><p id=\"caption-attachment-5524\" class=\"wp-caption-text\">Fachgespr\u00e4ch zwischen J\u00fcrgen Rammelt vom Ruppiner Anzeiger und Ranger Thomas Hahn.<\/p><\/div>\n<p>&nbsp;<\/p>\n<p>&nbsp;<\/p>\n<p>&nbsp;<\/p>\n<p>&nbsp;<\/p>\n<p>&nbsp;<\/p>\n<p>&nbsp;<\/p>\n<p>&nbsp;<\/p>\n<p>&nbsp;<\/p>\n<p>&nbsp;<\/p>\n<p>Nach dem Bau der Anlage hat sich\u00a0 die Population nachweislich positiv entwickelt. In diesem Fr\u00fchjahr wurde speziell untersucht, an welchen Stellen Frosch, Kr\u00f6te &amp; co. die Anlage umgehen und wo evtl. nachgebessert werden muss.<\/p>\n<p>Ein gro\u00dfes Dankesch\u00f6n an die flei\u00dfigen OrganisatorInnen der Veranstaltung und nat\u00fcrlich an J\u00f6rg Pl\u00f6tner, der nach eigenen Aussage immer wieder gern in unseren Naturpark kommt.<\/p>\n<div id=\"attachment_5523\" style=\"width: 310px\" class=\"wp-caption alignleft\"><a href=\"https:\/\/www.naturparkmagazin.de\/stechlin\/wp-content\/uploads\/sites\/38\/Amphibienwtbg102.jpg\"><img aria-describedby=\"caption-attachment-5523\" decoding=\"async\" loading=\"lazy\" class=\"size-thumbnail wp-image-5523\" src=\"https:\/\/www.naturparkmagazin.de\/stechlin\/wp-content\/uploads\/sites\/38\/Amphibienwtbg102-300x180.jpg\" alt=\"Ohne Amphibienzaun endet die Wanderung zum Laichgew\u00e4sser t\u00f6dlich.\" width=\"300\" height=\"180\" srcset=\"https:\/\/www.naturparkmagazin.de\/stechlin\/wp-content\/uploads\/sites\/38\/Amphibienwtbg102-300x180.jpg 300w, https:\/\/www.naturparkmagazin.de\/stechlin\/wp-content\/uploads\/sites\/38\/Amphibienwtbg102.jpg 500w, https:\/\/www.naturparkmagazin.de\/stechlin\/wp-content\/uploads\/sites\/38\/Amphibienwtbg102-200x120.jpg 200w\" sizes=\"(max-width: 300px) 100vw, 300px\" \/><\/a><p id=\"caption-attachment-5523\" class=\"wp-caption-text\">Ohne Amphibienzaun endet die Wanderung zum Laichgew\u00e4sser auf der Stra\u00dfe oft\u00a0t\u00f6dlich.<\/p><\/div>\n","protected":false},"excerpt":{"rendered":"<p>Ca. 20 TeilnehmerInnen folgten am 1. April der Einladung der Naturwacht f\u00fcr eine Weiterbildung rund um das Thema Amphibien.<\/p>\n","protected":false},"author":39,"featured_media":5522,"comment_status":"open","ping_status":"open","sticky":false,"template":"","format":"standard","meta":[],"categories":[7],"tags":[],"yoast_head":"<!-- This site is optimized with the Yoast SEO plugin v19.10 - https:\/\/yoast.com\/wordpress\/plugins\/seo\/ -->\n<title>Landesweites Weiterbildungsangebot der Naturwacht zum Amphibienschutz - Naturpark Stechlin-Ruppiner Land<\/title>\n<meta name=\"robots\" content=\"index, follow, max-snippet:-1, max-image-preview:large, max-video-preview:-1\" \/>\n<link rel=\"canonical\" href=\"https:\/\/www.naturparkmagazin.de\/stechlin\/landesweites-weiterbildungsangebot-der-naturwacht-zum-amphibienschutz\/\" \/>\n<meta property=\"og:locale\" content=\"de_DE\" \/>\n<meta property=\"og:type\" content=\"article\" \/>\n<meta property=\"og:title\" content=\"Landesweites Weiterbildungsangebot der Naturwacht zum Amphibienschutz - Naturpark Stechlin-Ruppiner Land\" \/>\n<meta property=\"og:description\" content=\"Ca. 20 TeilnehmerInnen folgten am 1. April der Einladung der Naturwacht f\u00fcr eine Weiterbildung rund um das Thema Amphibien.\" \/>\n<meta property=\"og:url\" content=\"https:\/\/www.naturparkmagazin.de\/stechlin\/landesweites-weiterbildungsangebot-der-naturwacht-zum-amphibienschutz\/\" \/>\n<meta property=\"og:site_name\" content=\"Naturpark Stechlin-Ruppiner Land\" \/>\n<meta property=\"article:published_time\" content=\"2017-04-18T06:47:35+00:00\" \/>\n<meta property=\"article:modified_time\" content=\"2017-04-21T08:49:13+00:00\" \/>\n<meta property=\"og:image\" content=\"https:\/\/www.naturparkmagazin.de\/stechlin\/wp-content\/uploads\/sites\/38\/Amphibienweiterbildung13.jpg\" \/>\n\t<meta property=\"og:image:width\" content=\"200\" \/>\n\t<meta property=\"og:image:height\" content=\"200\" \/>\n\t<meta property=\"og:image:type\" content=\"image\/jpeg\" \/>\n<meta name=\"author\" content=\"marioschrumpf\" \/>\n<meta name=\"twitter:label1\" content=\"Verfasst von\" \/>\n\t<meta name=\"twitter:data1\" content=\"marioschrumpf\" \/>\n\t<meta name=\"twitter:label2\" content=\"Gesch\u00e4tzte Lesezeit\" \/>\n\t<meta name=\"twitter:data2\" content=\"1\u00a0Minute\" \/>\n<script type=\"application\/ld+json\" class=\"yoast-schema-graph\">{\"@context\":\"https:\/\/schema.org\",\"@graph\":[{\"@type\":\"WebPage\",\"@id\":\"https:\/\/www.naturparkmagazin.de\/stechlin\/landesweites-weiterbildungsangebot-der-naturwacht-zum-amphibienschutz\/\",\"url\":\"https:\/\/www.naturparkmagazin.de\/stechlin\/landesweites-weiterbildungsangebot-der-naturwacht-zum-amphibienschutz\/\",\"name\":\"Landesweites Weiterbildungsangebot der Naturwacht zum Amphibienschutz - Naturpark Stechlin-Ruppiner Land\",\"isPartOf\":{\"@id\":\"https:\/\/www.naturparkmagazin.de\/stechlin\/#website\"},\"datePublished\":\"2017-04-18T06:47:35+00:00\",\"dateModified\":\"2017-04-21T08:49:13+00:00\",\"author\":{\"@id\":\"https:\/\/www.naturparkmagazin.de\/stechlin\/#\/schema\/person\/3f0d93203df21c806dd63c76d9bb28bc\"},\"breadcrumb\":{\"@id\":\"https:\/\/www.naturparkmagazin.de\/stechlin\/landesweites-weiterbildungsangebot-der-naturwacht-zum-amphibienschutz\/#breadcrumb\"},\"inLanguage\":\"de\",\"potentialAction\":[{\"@type\":\"ReadAction\",\"target\":[\"https:\/\/www.naturparkmagazin.de\/stechlin\/landesweites-weiterbildungsangebot-der-naturwacht-zum-amphibienschutz\/\"]}]},{\"@type\":\"BreadcrumbList\",\"@id\":\"https:\/\/www.naturparkmagazin.de\/stechlin\/landesweites-weiterbildungsangebot-der-naturwacht-zum-amphibienschutz\/#breadcrumb\",\"itemListElement\":[{\"@type\":\"ListItem\",\"position\":1,\"name\":\"Home\",\"item\":\"https:\/\/www.naturparkmagazin.de\/stechlin\/\"},{\"@type\":\"ListItem\",\"position\":2,\"name\":\"Landesweites Weiterbildungsangebot der Naturwacht zum Amphibienschutz\"}]},{\"@type\":\"WebSite\",\"@id\":\"https:\/\/www.naturparkmagazin.de\/stechlin\/#website\",\"url\":\"https:\/\/www.naturparkmagazin.de\/stechlin\/\",\"name\":\"Naturpark Stechlin-Ruppiner Land\",\"description\":\"\",\"potentialAction\":[{\"@type\":\"SearchAction\",\"target\":{\"@type\":\"EntryPoint\",\"urlTemplate\":\"https:\/\/www.naturparkmagazin.de\/stechlin\/?s={search_term_string}\"},\"query-input\":\"required name=search_term_string\"}],\"inLanguage\":\"de\"},{\"@type\":\"Person\",\"@id\":\"https:\/\/www.naturparkmagazin.de\/stechlin\/#\/schema\/person\/3f0d93203df21c806dd63c76d9bb28bc\",\"name\":\"marioschrumpf\",\"url\":\"https:\/\/www.naturparkmagazin.de\/stechlin\/author\/marioschrumpf\/\"}]}<\/script>\n<!-- \/ Yoast SEO plugin. -->","yoast_head_json":{"title":"Landesweites Weiterbildungsangebot der Naturwacht zum Amphibienschutz - Naturpark Stechlin-Ruppiner Land","robots":{"index":"index","follow":"follow","max-snippet":"max-snippet:-1","max-image-preview":"max-image-preview:large","max-video-preview":"max-video-preview:-1"},"canonical":"https:\/\/www.naturparkmagazin.de\/stechlin\/landesweites-weiterbildungsangebot-der-naturwacht-zum-amphibienschutz\/","og_locale":"de_DE","og_type":"article","og_title":"Landesweites Weiterbildungsangebot der Naturwacht zum Amphibienschutz - Naturpark Stechlin-Ruppiner Land","og_description":"Ca. 20 TeilnehmerInnen folgten am 1. April der Einladung der Naturwacht f\u00fcr eine Weiterbildung rund um das Thema Amphibien.","og_url":"https:\/\/www.naturparkmagazin.de\/stechlin\/landesweites-weiterbildungsangebot-der-naturwacht-zum-amphibienschutz\/","og_site_name":"Naturpark Stechlin-Ruppiner Land","article_published_time":"2017-04-18T06:47:35+00:00","article_modified_time":"2017-04-21T08:49:13+00:00","og_image":[{"width":200,"height":200,"url":"https:\/\/www.naturparkmagazin.de\/stechlin\/wp-content\/uploads\/sites\/38\/Amphibienweiterbildung13.jpg","type":"image\/jpeg"}],"author":"marioschrumpf","twitter_misc":{"Verfasst von":"marioschrumpf","Gesch\u00e4tzte Lesezeit":"1\u00a0Minute"},"schema":{"@context":"https:\/\/schema.org","@graph":[{"@type":"WebPage","@id":"https:\/\/www.naturparkmagazin.de\/stechlin\/landesweites-weiterbildungsangebot-der-naturwacht-zum-amphibienschutz\/","url":"https:\/\/www.naturparkmagazin.de\/stechlin\/landesweites-weiterbildungsangebot-der-naturwacht-zum-amphibienschutz\/","name":"Landesweites Weiterbildungsangebot der Naturwacht zum Amphibienschutz - Naturpark Stechlin-Ruppiner Land","isPartOf":{"@id":"https:\/\/www.naturparkmagazin.de\/stechlin\/#website"},"datePublished":"2017-04-18T06:47:35+00:00","dateModified":"2017-04-21T08:49:13+00:00","author":{"@id":"https:\/\/www.naturparkmagazin.de\/stechlin\/#\/schema\/person\/3f0d93203df21c806dd63c76d9bb28bc"},"breadcrumb":{"@id":"https:\/\/www.naturparkmagazin.de\/stechlin\/landesweites-weiterbildungsangebot-der-naturwacht-zum-amphibienschutz\/#breadcrumb"},"inLanguage":"de","potentialAction":[{"@type":"ReadAction","target":["https:\/\/www.naturparkmagazin.de\/stechlin\/landesweites-weiterbildungsangebot-der-naturwacht-zum-amphibienschutz\/"]}]},{"@type":"BreadcrumbList","@id":"https:\/\/www.naturparkmagazin.de\/stechlin\/landesweites-weiterbildungsangebot-der-naturwacht-zum-amphibienschutz\/#breadcrumb","itemListElement":[{"@type":"ListItem","position":1,"name":"Home","item":"https:\/\/www.naturparkmagazin.de\/stechlin\/"},{"@type":"ListItem","position":2,"name":"Landesweites Weiterbildungsangebot der Naturwacht zum Amphibienschutz"}]},{"@type":"WebSite","@id":"https:\/\/www.naturparkmagazin.de\/stechlin\/#website","url":"https:\/\/www.naturparkmagazin.de\/stechlin\/","name":"Naturpark Stechlin-Ruppiner Land","description":"","potentialAction":[{"@type":"SearchAction","target":{"@type":"EntryPoint","urlTemplate":"https:\/\/www.naturparkmagazin.de\/stechlin\/?s={search_term_string}"},"query-input":"required name=search_term_string"}],"inLanguage":"de"},{"@type":"Person","@id":"https:\/\/www.naturparkmagazin.de\/stechlin\/#\/schema\/person\/3f0d93203df21c806dd63c76d9bb28bc","name":"marioschrumpf","url":"https:\/\/www.naturparkmagazin.de\/stechlin\/author\/marioschrumpf\/"}]}},"_links":{"self":[{"href":"https:\/\/www.naturparkmagazin.de\/stechlin\/wp-json\/wp\/v2\/posts\/5521"}],"collection":[{"href":"https:\/\/www.naturparkmagazin.de\/stechlin\/wp-json\/wp\/v2\/posts"}],"about":[{"href":"https:\/\/www.naturparkmagazin.de\/stechlin\/wp-json\/wp\/v2\/types\/post"}],"author":[{"embeddable":true,"href":"https:\/\/www.naturparkmagazin.de\/stechlin\/wp-json\/wp\/v2\/users\/39"}],"replies":[{"embeddable":true,"href":"https:\/\/www.naturparkmagazin.de\/stechlin\/wp-json\/wp\/v2\/comments?post=5521"}],"version-history":[{"count":3,"href":"https:\/\/www.naturparkmagazin.de\/stechlin\/wp-json\/wp\/v2\/posts\/5521\/revisions"}],"predecessor-version":[{"id":5611,"href":"https:\/\/www.naturparkmagazin.de\/stechlin\/wp-json\/wp\/v2\/posts\/5521\/revisions\/5611"}],"wp:featuredmedia":[{"embeddable":true,"href":"https:\/\/www.naturparkmagazin.de\/stechlin\/wp-json\/wp\/v2\/media\/5522"}],"wp:attachment":[{"href":"https:\/\/www.naturparkmagazin.de\/stechlin\/wp-json\/wp\/v2\/media?parent=5521"}],"wp:term":[{"taxonomy":"category","embeddable":true,"href":"https:\/\/www.naturparkmagazin.de\/stechlin\/wp-json\/wp\/v2\/categories?post=5521"},{"taxonomy":"post_tag","embeddable":true,"href":"https:\/\/www.naturparkmagazin.de\/stechlin\/wp-json\/wp\/v2\/tags?post=5521"}],"curies":[{"name":"wp","href":"https:\/\/api.w.org\/{rel}","templated":true}]}}