{"id":5537,"date":"2017-04-18T08:27:11","date_gmt":"2017-04-18T06:27:11","guid":{"rendered":"http:\/\/www.naturparkmagazin.de\/stechlin\/?p=5537"},"modified":"2025-01-24T10:32:35","modified_gmt":"2025-01-24T09:32:35","slug":"naturpark-und-landesgartenschau-vereinbaren-zusammenarbeit","status":"publish","type":"post","link":"https:\/\/www.naturparkmagazin.de\/stechlin\/naturpark-und-landesgartenschau-vereinbaren-zusammenarbeit\/","title":{"rendered":"Naturpark und Landesgartenschau vereinbaren Zusammenarbeit (2017)"},"content":{"rendered":"<p><a href=\"https:\/\/www.naturparkmagazin.de\/stechlin\/wp-content\/uploads\/sites\/38\/LAGA05.jpg\"><img decoding=\"async\" loading=\"lazy\" class=\"alignleft size-thumbnail wp-image-5539\" src=\"https:\/\/www.naturparkmagazin.de\/stechlin\/wp-content\/uploads\/sites\/38\/LAGA05-300x180.jpg\" alt=\"NP SRL\/Mario Schrumpf\" width=\"300\" height=\"180\" srcset=\"https:\/\/www.naturparkmagazin.de\/stechlin\/wp-content\/uploads\/sites\/38\/LAGA05-300x180.jpg 300w, https:\/\/www.naturparkmagazin.de\/stechlin\/wp-content\/uploads\/sites\/38\/LAGA05.jpg 500w, https:\/\/www.naturparkmagazin.de\/stechlin\/wp-content\/uploads\/sites\/38\/LAGA05-200x120.jpg 200w\" sizes=\"(max-width: 300px) 100vw, 300px\" \/>\n<\/a><\/p>\n<p>&nbsp;<\/p>\n<p>&nbsp;<\/p>\n<p>&nbsp;<\/p>\n<p>&nbsp;<\/p>\n<p>&nbsp;<\/p>\n<p>&nbsp;<\/p>\n<p>2019 findet in Wittstock\/Dosse die erste Landesgartenschau im Naturpark statt.<\/p>\n<p><a href=\"https:\/\/www.naturparkmagazin.de\/stechlin\/wp-content\/uploads\/sites\/38\/Laga.jpg\"><img decoding=\"async\" loading=\"lazy\" class=\"alignleft size-full wp-image-3188\" src=\"https:\/\/www.naturparkmagazin.de\/stechlin\/wp-content\/uploads\/sites\/38\/Laga.jpg\" alt=\"Internet Stadt Wittstock\" width=\"200\" height=\"200\" srcset=\"https:\/\/www.naturparkmagazin.de\/stechlin\/wp-content\/uploads\/sites\/38\/Laga.jpg 200w, https:\/\/www.naturparkmagazin.de\/stechlin\/wp-content\/uploads\/sites\/38\/Laga-30x30.jpg 30w\" sizes=\"(max-width: 200px) 100vw, 200px\" \/>\n<\/a><\/p>\n<p>&nbsp;<\/p>\n<p>&nbsp;<\/p>\n<p>&nbsp;<\/p>\n<p>&nbsp;<\/p>\n<p>&nbsp;<\/p>\n<p>&nbsp;<\/p>\n<p>&nbsp;<\/p>\n<p>Wie sich der Naturpark in das Programm einbringen kann, dar\u00fcber sprachen Anfang April LAGA-Chef Christian Hernjokl und Vertreter des Naturparks. Die vom Naturpark unterbreiteten Vorschl\u00e4ge wurden dankbar angenommen. So sollen die zertifizierten Natur- und Landschaftsf\u00fchrer des Naturparks als wichtige Multiplikatoren im Vorfeld speziell zur LAGA weitergebildet werden.<\/p>\n<p>Die Naturwacht wird wie schon auf vorangegangenen Landesgartenschauen im Bereich <em>Gr\u00fcnes Klassenzimmer<\/em> aktiv. Hier werden speziell auf Schulklassen ausgerichtete Umweltbildungsprogramme angeboten.<\/p>\n<p>Der Zehdenicker Apfelmann, J\u00fcrgen Sinnecker, wird f\u00fcr den Erhalt alter Obstsorten werben. Eine Ausstellung mit alten Apfelsorten inkl. Sortenbestimmung anhand mitgebrachter Sortenproben wird es speziell im Herbstprogramm geben.<\/p>\n<div id=\"attachment_4654\" style=\"width: 310px\" class=\"wp-caption alignleft\"><a href=\"https:\/\/www.naturparkmagazin.de\/stechlin\/wp-content\/uploads\/sites\/38\/Apfeltag-16_1.jpg\"><img aria-describedby=\"caption-attachment-4654\" decoding=\"async\" loading=\"lazy\" class=\"size-thumbnail wp-image-4654\" src=\"https:\/\/www.naturparkmagazin.de\/stechlin\/wp-content\/uploads\/sites\/38\/Apfeltag-16_1-300x180.jpg\" alt=\"Zehdenicks Apfelmann J\u00fcrgen Sinnecker diskutiert mit Sch\u00fclern der Menzer Naturparkschule \u00fcber \u00c4pfel.\" width=\"300\" height=\"180\" srcset=\"https:\/\/www.naturparkmagazin.de\/stechlin\/wp-content\/uploads\/sites\/38\/Apfeltag-16_1-300x180.jpg 300w, https:\/\/www.naturparkmagazin.de\/stechlin\/wp-content\/uploads\/sites\/38\/Apfeltag-16_1.jpg 500w, https:\/\/www.naturparkmagazin.de\/stechlin\/wp-content\/uploads\/sites\/38\/Apfeltag-16_1-200x120.jpg 200w\" sizes=\"(max-width: 300px) 100vw, 300px\" \/><\/a><p id=\"caption-attachment-4654\" class=\"wp-caption-text\">Zehdenicks Apfelmann J\u00fcrgen Sinnecker diskutiert mit Sch\u00fclern der Menzer Naturparkschule \u00fcber \u00c4pfel.<\/p><\/div>\n","protected":false},"excerpt":{"rendered":"<p>2019 findet in Wittstock\/Dosse die erste Landesgartenschau im Naturpark statt. Der Naturpark und seine Partner sind mit von der Partie.<\/p>\n","protected":false},"author":39,"featured_media":5538,"comment_status":"open","ping_status":"open","sticky":false,"template":"","format":"standard","meta":[],"categories":[7],"tags":[],"yoast_head":"<!-- This site is optimized with the Yoast SEO plugin v19.10 - https:\/\/yoast.com\/wordpress\/plugins\/seo\/ -->\n<title>Naturpark und Landesgartenschau vereinbaren Zusammenarbeit (2017) - Naturpark Stechlin-Ruppiner Land<\/title>\n<meta name=\"robots\" content=\"index, follow, max-snippet:-1, max-image-preview:large, max-video-preview:-1\" \/>\n<link rel=\"canonical\" href=\"https:\/\/www.naturparkmagazin.de\/stechlin\/naturpark-und-landesgartenschau-vereinbaren-zusammenarbeit\/\" \/>\n<meta property=\"og:locale\" content=\"de_DE\" \/>\n<meta property=\"og:type\" content=\"article\" \/>\n<meta property=\"og:title\" content=\"Naturpark und Landesgartenschau vereinbaren Zusammenarbeit (2017) - Naturpark Stechlin-Ruppiner Land\" \/>\n<meta property=\"og:description\" content=\"2019 findet in Wittstock\/Dosse die erste Landesgartenschau im Naturpark statt. Der Naturpark und seine Partner sind mit von der Partie.\" \/>\n<meta property=\"og:url\" content=\"https:\/\/www.naturparkmagazin.de\/stechlin\/naturpark-und-landesgartenschau-vereinbaren-zusammenarbeit\/\" \/>\n<meta property=\"og:site_name\" content=\"Naturpark Stechlin-Ruppiner Land\" \/>\n<meta property=\"article:published_time\" content=\"2017-04-18T06:27:11+00:00\" \/>\n<meta property=\"article:modified_time\" content=\"2025-01-24T09:32:35+00:00\" \/>\n<meta property=\"og:image\" content=\"https:\/\/www.naturparkmagazin.de\/stechlin\/wp-content\/uploads\/sites\/38\/Aufkleber-LAGA.jpg\" \/>\n\t<meta property=\"og:image:width\" content=\"200\" \/>\n\t<meta property=\"og:image:height\" content=\"200\" \/>\n\t<meta property=\"og:image:type\" content=\"image\/jpeg\" \/>\n<meta name=\"author\" content=\"marioschrumpf\" \/>\n<meta name=\"twitter:label1\" content=\"Verfasst von\" \/>\n\t<meta name=\"twitter:data1\" content=\"marioschrumpf\" \/>\n\t<meta name=\"twitter:label2\" content=\"Gesch\u00e4tzte Lesezeit\" \/>\n\t<meta name=\"twitter:data2\" content=\"2\u00a0Minuten\" \/>\n<script type=\"application\/ld+json\" class=\"yoast-schema-graph\">{\"@context\":\"https:\/\/schema.org\",\"@graph\":[{\"@type\":\"WebPage\",\"@id\":\"https:\/\/www.naturparkmagazin.de\/stechlin\/naturpark-und-landesgartenschau-vereinbaren-zusammenarbeit\/\",\"url\":\"https:\/\/www.naturparkmagazin.de\/stechlin\/naturpark-und-landesgartenschau-vereinbaren-zusammenarbeit\/\",\"name\":\"Naturpark und Landesgartenschau vereinbaren Zusammenarbeit (2017) - Naturpark Stechlin-Ruppiner Land\",\"isPartOf\":{\"@id\":\"https:\/\/www.naturparkmagazin.de\/stechlin\/#website\"},\"datePublished\":\"2017-04-18T06:27:11+00:00\",\"dateModified\":\"2025-01-24T09:32:35+00:00\",\"author\":{\"@id\":\"https:\/\/www.naturparkmagazin.de\/stechlin\/#\/schema\/person\/3f0d93203df21c806dd63c76d9bb28bc\"},\"breadcrumb\":{\"@id\":\"https:\/\/www.naturparkmagazin.de\/stechlin\/naturpark-und-landesgartenschau-vereinbaren-zusammenarbeit\/#breadcrumb\"},\"inLanguage\":\"de\",\"potentialAction\":[{\"@type\":\"ReadAction\",\"target\":[\"https:\/\/www.naturparkmagazin.de\/stechlin\/naturpark-und-landesgartenschau-vereinbaren-zusammenarbeit\/\"]}]},{\"@type\":\"BreadcrumbList\",\"@id\":\"https:\/\/www.naturparkmagazin.de\/stechlin\/naturpark-und-landesgartenschau-vereinbaren-zusammenarbeit\/#breadcrumb\",\"itemListElement\":[{\"@type\":\"ListItem\",\"position\":1,\"name\":\"Home\",\"item\":\"https:\/\/www.naturparkmagazin.de\/stechlin\/\"},{\"@type\":\"ListItem\",\"position\":2,\"name\":\"Naturpark und Landesgartenschau vereinbaren Zusammenarbeit (2017)\"}]},{\"@type\":\"WebSite\",\"@id\":\"https:\/\/www.naturparkmagazin.de\/stechlin\/#website\",\"url\":\"https:\/\/www.naturparkmagazin.de\/stechlin\/\",\"name\":\"Naturpark Stechlin-Ruppiner Land\",\"description\":\"\",\"potentialAction\":[{\"@type\":\"SearchAction\",\"target\":{\"@type\":\"EntryPoint\",\"urlTemplate\":\"https:\/\/www.naturparkmagazin.de\/stechlin\/?s={search_term_string}\"},\"query-input\":\"required name=search_term_string\"}],\"inLanguage\":\"de\"},{\"@type\":\"Person\",\"@id\":\"https:\/\/www.naturparkmagazin.de\/stechlin\/#\/schema\/person\/3f0d93203df21c806dd63c76d9bb28bc\",\"name\":\"marioschrumpf\",\"url\":\"https:\/\/www.naturparkmagazin.de\/stechlin\/author\/marioschrumpf\/\"}]}<\/script>\n<!-- \/ Yoast SEO plugin. -->","yoast_head_json":{"title":"Naturpark und Landesgartenschau vereinbaren Zusammenarbeit (2017) - Naturpark Stechlin-Ruppiner Land","robots":{"index":"index","follow":"follow","max-snippet":"max-snippet:-1","max-image-preview":"max-image-preview:large","max-video-preview":"max-video-preview:-1"},"canonical":"https:\/\/www.naturparkmagazin.de\/stechlin\/naturpark-und-landesgartenschau-vereinbaren-zusammenarbeit\/","og_locale":"de_DE","og_type":"article","og_title":"Naturpark und Landesgartenschau vereinbaren Zusammenarbeit (2017) - Naturpark Stechlin-Ruppiner Land","og_description":"2019 findet in Wittstock\/Dosse die erste Landesgartenschau im Naturpark statt. Der Naturpark und seine Partner sind mit von der Partie.","og_url":"https:\/\/www.naturparkmagazin.de\/stechlin\/naturpark-und-landesgartenschau-vereinbaren-zusammenarbeit\/","og_site_name":"Naturpark Stechlin-Ruppiner Land","article_published_time":"2017-04-18T06:27:11+00:00","article_modified_time":"2025-01-24T09:32:35+00:00","og_image":[{"width":200,"height":200,"url":"https:\/\/www.naturparkmagazin.de\/stechlin\/wp-content\/uploads\/sites\/38\/Aufkleber-LAGA.jpg","type":"image\/jpeg"}],"author":"marioschrumpf","twitter_misc":{"Verfasst von":"marioschrumpf","Gesch\u00e4tzte Lesezeit":"2\u00a0Minuten"},"schema":{"@context":"https:\/\/schema.org","@graph":[{"@type":"WebPage","@id":"https:\/\/www.naturparkmagazin.de\/stechlin\/naturpark-und-landesgartenschau-vereinbaren-zusammenarbeit\/","url":"https:\/\/www.naturparkmagazin.de\/stechlin\/naturpark-und-landesgartenschau-vereinbaren-zusammenarbeit\/","name":"Naturpark und Landesgartenschau vereinbaren Zusammenarbeit (2017) - Naturpark Stechlin-Ruppiner Land","isPartOf":{"@id":"https:\/\/www.naturparkmagazin.de\/stechlin\/#website"},"datePublished":"2017-04-18T06:27:11+00:00","dateModified":"2025-01-24T09:32:35+00:00","author":{"@id":"https:\/\/www.naturparkmagazin.de\/stechlin\/#\/schema\/person\/3f0d93203df21c806dd63c76d9bb28bc"},"breadcrumb":{"@id":"https:\/\/www.naturparkmagazin.de\/stechlin\/naturpark-und-landesgartenschau-vereinbaren-zusammenarbeit\/#breadcrumb"},"inLanguage":"de","potentialAction":[{"@type":"ReadAction","target":["https:\/\/www.naturparkmagazin.de\/stechlin\/naturpark-und-landesgartenschau-vereinbaren-zusammenarbeit\/"]}]},{"@type":"BreadcrumbList","@id":"https:\/\/www.naturparkmagazin.de\/stechlin\/naturpark-und-landesgartenschau-vereinbaren-zusammenarbeit\/#breadcrumb","itemListElement":[{"@type":"ListItem","position":1,"name":"Home","item":"https:\/\/www.naturparkmagazin.de\/stechlin\/"},{"@type":"ListItem","position":2,"name":"Naturpark und Landesgartenschau vereinbaren Zusammenarbeit (2017)"}]},{"@type":"WebSite","@id":"https:\/\/www.naturparkmagazin.de\/stechlin\/#website","url":"https:\/\/www.naturparkmagazin.de\/stechlin\/","name":"Naturpark Stechlin-Ruppiner Land","description":"","potentialAction":[{"@type":"SearchAction","target":{"@type":"EntryPoint","urlTemplate":"https:\/\/www.naturparkmagazin.de\/stechlin\/?s={search_term_string}"},"query-input":"required name=search_term_string"}],"inLanguage":"de"},{"@type":"Person","@id":"https:\/\/www.naturparkmagazin.de\/stechlin\/#\/schema\/person\/3f0d93203df21c806dd63c76d9bb28bc","name":"marioschrumpf","url":"https:\/\/www.naturparkmagazin.de\/stechlin\/author\/marioschrumpf\/"}]}},"_links":{"self":[{"href":"https:\/\/www.naturparkmagazin.de\/stechlin\/wp-json\/wp\/v2\/posts\/5537"}],"collection":[{"href":"https:\/\/www.naturparkmagazin.de\/stechlin\/wp-json\/wp\/v2\/posts"}],"about":[{"href":"https:\/\/www.naturparkmagazin.de\/stechlin\/wp-json\/wp\/v2\/types\/post"}],"author":[{"embeddable":true,"href":"https:\/\/www.naturparkmagazin.de\/stechlin\/wp-json\/wp\/v2\/users\/39"}],"replies":[{"embeddable":true,"href":"https:\/\/www.naturparkmagazin.de\/stechlin\/wp-json\/wp\/v2\/comments?post=5537"}],"version-history":[{"count":4,"href":"https:\/\/www.naturparkmagazin.de\/stechlin\/wp-json\/wp\/v2\/posts\/5537\/revisions"}],"predecessor-version":[{"id":16622,"href":"https:\/\/www.naturparkmagazin.de\/stechlin\/wp-json\/wp\/v2\/posts\/5537\/revisions\/16622"}],"wp:featuredmedia":[{"embeddable":true,"href":"https:\/\/www.naturparkmagazin.de\/stechlin\/wp-json\/wp\/v2\/media\/5538"}],"wp:attachment":[{"href":"https:\/\/www.naturparkmagazin.de\/stechlin\/wp-json\/wp\/v2\/media?parent=5537"}],"wp:term":[{"taxonomy":"category","embeddable":true,"href":"https:\/\/www.naturparkmagazin.de\/stechlin\/wp-json\/wp\/v2\/categories?post=5537"},{"taxonomy":"post_tag","embeddable":true,"href":"https:\/\/www.naturparkmagazin.de\/stechlin\/wp-json\/wp\/v2\/tags?post=5537"}],"curies":[{"name":"wp","href":"https:\/\/api.w.org\/{rel}","templated":true}]}}