{"id":563,"date":"2013-12-16T17:44:11","date_gmt":"2013-12-16T15:44:11","guid":{"rendered":"http:\/\/www.naturparkmagazin.de\/stechlin\/?p=563"},"modified":"2013-12-19T14:30:15","modified_gmt":"2013-12-19T12:30:15","slug":"menzer-adventsstube-bereits-zum-10-mal","status":"publish","type":"post","link":"https:\/\/www.naturparkmagazin.de\/stechlin\/menzer-adventsstube-bereits-zum-10-mal\/","title":{"rendered":"Menzer Adventsstube bereits zum 10. Mal"},"content":{"rendered":"<div id=\"attachment_566\" style=\"width: 510px\" class=\"wp-caption alignnone\"><a href=\"https:\/\/www.naturparkmagazin.de\/stechlin\/wp-content\/uploads\/sites\/38\/Adventsstube1.jpg\"><img aria-describedby=\"caption-attachment-566\" decoding=\"async\" loading=\"lazy\" class=\"size-full wp-image-566\" title=\"besinnliche Adventszeit\" alt=\"besinnliche Adventszeit\" src=\"https:\/\/www.naturparkmagazin.de\/stechlin\/wp-content\/uploads\/sites\/38\/Adventsstube1.jpg\" width=\"500\" height=\"375\" srcset=\"https:\/\/www.naturparkmagazin.de\/stechlin\/wp-content\/uploads\/sites\/38\/Adventsstube1.jpg 500w, https:\/\/www.naturparkmagazin.de\/stechlin\/wp-content\/uploads\/sites\/38\/Adventsstube1-300x225.jpg 300w, https:\/\/www.naturparkmagazin.de\/stechlin\/wp-content\/uploads\/sites\/38\/Adventsstube1-420x315.jpg 420w, https:\/\/www.naturparkmagazin.de\/stechlin\/wp-content\/uploads\/sites\/38\/Adventsstube1-180x135.jpg 180w, https:\/\/www.naturparkmagazin.de\/stechlin\/wp-content\/uploads\/sites\/38\/Adventsstube1-95x71.jpg 95w, https:\/\/www.naturparkmagazin.de\/stechlin\/wp-content\/uploads\/sites\/38\/Adventsstube1-200x150.jpg 200w\" sizes=\"(max-width: 500px) 100vw, 500px\" \/><\/a><p id=\"caption-attachment-566\" class=\"wp-caption-text\">besinnliche Adventszeit<\/p><\/div>\n<p>Bei hei\u00dfem Gl\u00fchwein, duftenden Kerzen und leisen Weihnachtsliedern feierte Menz am 07.12. die 10. Adventsstube, welche sich dieses Jahr ganz nach dem Motiv des Schneemanns richtete. W\u00e4hrend drau\u00dfen eine beinahe m\u00e4rchenhafte K\u00e4lte B\u00e4ume und Str\u00e4ucher mit Schnee bedeckte, wurden im mollig Warmen Kekse mit Milch vernascht, bunte Weihnachtsdekorationen aus Papier und Stoffen gebastelt und dabei den sch\u00f6n vorgetragenen Liedern der Menzer \u201eHerbstzeitlosen\u201c gelauscht. Wie die Jahre zuvor war es auch in dieser Adventsstube m\u00f6glich, eigene Exponate an selbst gebastelten oder verspielten Schneem\u00e4nnern in allen Formen und Varianten beizusteuern, die f\u00fcr den ganzen Tag \u00fcber einen Ehrenplatz auf den samt beschlagenen Tischen erhielten. Mehr als 250 verschiedene Schneem\u00e4nner, deren Aussehen von liebevoll gestaltet, bis spa\u00dfig reichten, konnten w\u00e4hrend der besinnlichen Zeit bestaunt werden. Und auch den kleinen G\u00e4sten mangelte es an nichts. Zwischen den F\u00fcnftkl\u00e4sslern der Menzer Fontane-Schule, die alle G\u00e4ste mit selbstgebackenem Kuchen und warmen W\u00fcrstchen versorgten, hatte jeder mit Lust und Laune die M\u00f6glichkeit, kleine Weihnachtsverzierungen f\u00fcr zu Hause zu basteln. Neben dem NaturParkHaus Stechlin, das auch dieses Jahr wieder basteln mit Naturmaterialien anbot, konnten bei Johanna Dalchow Schneem\u00e4nner selbst zusammengen\u00e4ht und gef\u00fcttert werden. Herr Caspari aus Berlin bot eine kleine Einf\u00fchrung in die weihnachtliche Kunst des Origamies an. Alles in allem eine gelungene Veranstaltung.<\/p>\n<p>Josephin Humbold<\/p>\n<p>Teilnehmerin im Freiwilligen \u00f6kologischen Jahr<\/p>\n","protected":false},"excerpt":{"rendered":"<p>Bei hei\u00dfem Gl\u00fchwein, duftenden Kerzen und leisen Weihnachtsliedern feierte Menz am 07.12. die 10. Adventsstube, welche sich dieses Jahr ganz nach dem Motiv des Schneemanns richtete. <\/p>\n","protected":false},"author":39,"featured_media":565,"comment_status":"open","ping_status":"open","sticky":false,"template":"","format":"standard","meta":[],"categories":[7],"tags":[],"yoast_head":"<!-- This site is optimized with the Yoast SEO plugin v19.10 - https:\/\/yoast.com\/wordpress\/plugins\/seo\/ -->\n<title>Menzer Adventsstube bereits zum 10. Mal - Naturpark Stechlin-Ruppiner Land<\/title>\n<meta name=\"robots\" content=\"index, follow, max-snippet:-1, max-image-preview:large, max-video-preview:-1\" \/>\n<link rel=\"canonical\" href=\"https:\/\/www.naturparkmagazin.de\/stechlin\/menzer-adventsstube-bereits-zum-10-mal\/\" \/>\n<meta property=\"og:locale\" content=\"de_DE\" \/>\n<meta property=\"og:type\" content=\"article\" \/>\n<meta property=\"og:title\" content=\"Menzer Adventsstube bereits zum 10. Mal - Naturpark Stechlin-Ruppiner Land\" \/>\n<meta property=\"og:description\" content=\"Bei hei\u00dfem Gl\u00fchwein, duftenden Kerzen und leisen Weihnachtsliedern feierte Menz am 07.12. die 10. Adventsstube, welche sich dieses Jahr ganz nach dem Motiv des Schneemanns richtete.\" \/>\n<meta property=\"og:url\" content=\"https:\/\/www.naturparkmagazin.de\/stechlin\/menzer-adventsstube-bereits-zum-10-mal\/\" \/>\n<meta property=\"og:site_name\" content=\"Naturpark Stechlin-Ruppiner Land\" \/>\n<meta property=\"article:published_time\" content=\"2013-12-16T15:44:11+00:00\" \/>\n<meta property=\"article:modified_time\" content=\"2013-12-19T12:30:15+00:00\" \/>\n<meta property=\"og:image\" content=\"https:\/\/www.naturparkmagazin.de\/stechlin\/wp-content\/uploads\/sites\/38\/Adventsstube.jpg\" \/>\n\t<meta property=\"og:image:width\" content=\"500\" \/>\n\t<meta property=\"og:image:height\" content=\"335\" \/>\n\t<meta property=\"og:image:type\" content=\"image\/jpeg\" \/>\n<meta name=\"author\" content=\"marioschrumpf\" \/>\n<meta name=\"twitter:label1\" content=\"Verfasst von\" \/>\n\t<meta name=\"twitter:data1\" content=\"marioschrumpf\" \/>\n\t<meta name=\"twitter:label2\" content=\"Gesch\u00e4tzte Lesezeit\" \/>\n\t<meta name=\"twitter:data2\" content=\"1\u00a0Minute\" \/>\n<script type=\"application\/ld+json\" class=\"yoast-schema-graph\">{\"@context\":\"https:\/\/schema.org\",\"@graph\":[{\"@type\":\"WebPage\",\"@id\":\"https:\/\/www.naturparkmagazin.de\/stechlin\/menzer-adventsstube-bereits-zum-10-mal\/\",\"url\":\"https:\/\/www.naturparkmagazin.de\/stechlin\/menzer-adventsstube-bereits-zum-10-mal\/\",\"name\":\"Menzer Adventsstube bereits zum 10. Mal - Naturpark Stechlin-Ruppiner Land\",\"isPartOf\":{\"@id\":\"https:\/\/www.naturparkmagazin.de\/stechlin\/#website\"},\"datePublished\":\"2013-12-16T15:44:11+00:00\",\"dateModified\":\"2013-12-19T12:30:15+00:00\",\"author\":{\"@id\":\"https:\/\/www.naturparkmagazin.de\/stechlin\/#\/schema\/person\/3f0d93203df21c806dd63c76d9bb28bc\"},\"breadcrumb\":{\"@id\":\"https:\/\/www.naturparkmagazin.de\/stechlin\/menzer-adventsstube-bereits-zum-10-mal\/#breadcrumb\"},\"inLanguage\":\"de\",\"potentialAction\":[{\"@type\":\"ReadAction\",\"target\":[\"https:\/\/www.naturparkmagazin.de\/stechlin\/menzer-adventsstube-bereits-zum-10-mal\/\"]}]},{\"@type\":\"BreadcrumbList\",\"@id\":\"https:\/\/www.naturparkmagazin.de\/stechlin\/menzer-adventsstube-bereits-zum-10-mal\/#breadcrumb\",\"itemListElement\":[{\"@type\":\"ListItem\",\"position\":1,\"name\":\"Home\",\"item\":\"https:\/\/www.naturparkmagazin.de\/stechlin\/\"},{\"@type\":\"ListItem\",\"position\":2,\"name\":\"Menzer Adventsstube bereits zum 10. Mal\"}]},{\"@type\":\"WebSite\",\"@id\":\"https:\/\/www.naturparkmagazin.de\/stechlin\/#website\",\"url\":\"https:\/\/www.naturparkmagazin.de\/stechlin\/\",\"name\":\"Naturpark Stechlin-Ruppiner Land\",\"description\":\"\",\"potentialAction\":[{\"@type\":\"SearchAction\",\"target\":{\"@type\":\"EntryPoint\",\"urlTemplate\":\"https:\/\/www.naturparkmagazin.de\/stechlin\/?s={search_term_string}\"},\"query-input\":\"required name=search_term_string\"}],\"inLanguage\":\"de\"},{\"@type\":\"Person\",\"@id\":\"https:\/\/www.naturparkmagazin.de\/stechlin\/#\/schema\/person\/3f0d93203df21c806dd63c76d9bb28bc\",\"name\":\"marioschrumpf\",\"url\":\"https:\/\/www.naturparkmagazin.de\/stechlin\/author\/marioschrumpf\/\"}]}<\/script>\n<!-- \/ Yoast SEO plugin. -->","yoast_head_json":{"title":"Menzer Adventsstube bereits zum 10. Mal - Naturpark Stechlin-Ruppiner Land","robots":{"index":"index","follow":"follow","max-snippet":"max-snippet:-1","max-image-preview":"max-image-preview:large","max-video-preview":"max-video-preview:-1"},"canonical":"https:\/\/www.naturparkmagazin.de\/stechlin\/menzer-adventsstube-bereits-zum-10-mal\/","og_locale":"de_DE","og_type":"article","og_title":"Menzer Adventsstube bereits zum 10. Mal - Naturpark Stechlin-Ruppiner Land","og_description":"Bei hei\u00dfem Gl\u00fchwein, duftenden Kerzen und leisen Weihnachtsliedern feierte Menz am 07.12. die 10. Adventsstube, welche sich dieses Jahr ganz nach dem Motiv des Schneemanns richtete.","og_url":"https:\/\/www.naturparkmagazin.de\/stechlin\/menzer-adventsstube-bereits-zum-10-mal\/","og_site_name":"Naturpark Stechlin-Ruppiner Land","article_published_time":"2013-12-16T15:44:11+00:00","article_modified_time":"2013-12-19T12:30:15+00:00","og_image":[{"width":500,"height":335,"url":"https:\/\/www.naturparkmagazin.de\/stechlin\/wp-content\/uploads\/sites\/38\/Adventsstube.jpg","type":"image\/jpeg"}],"author":"marioschrumpf","twitter_misc":{"Verfasst von":"marioschrumpf","Gesch\u00e4tzte Lesezeit":"1\u00a0Minute"},"schema":{"@context":"https:\/\/schema.org","@graph":[{"@type":"WebPage","@id":"https:\/\/www.naturparkmagazin.de\/stechlin\/menzer-adventsstube-bereits-zum-10-mal\/","url":"https:\/\/www.naturparkmagazin.de\/stechlin\/menzer-adventsstube-bereits-zum-10-mal\/","name":"Menzer Adventsstube bereits zum 10. Mal - Naturpark Stechlin-Ruppiner Land","isPartOf":{"@id":"https:\/\/www.naturparkmagazin.de\/stechlin\/#website"},"datePublished":"2013-12-16T15:44:11+00:00","dateModified":"2013-12-19T12:30:15+00:00","author":{"@id":"https:\/\/www.naturparkmagazin.de\/stechlin\/#\/schema\/person\/3f0d93203df21c806dd63c76d9bb28bc"},"breadcrumb":{"@id":"https:\/\/www.naturparkmagazin.de\/stechlin\/menzer-adventsstube-bereits-zum-10-mal\/#breadcrumb"},"inLanguage":"de","potentialAction":[{"@type":"ReadAction","target":["https:\/\/www.naturparkmagazin.de\/stechlin\/menzer-adventsstube-bereits-zum-10-mal\/"]}]},{"@type":"BreadcrumbList","@id":"https:\/\/www.naturparkmagazin.de\/stechlin\/menzer-adventsstube-bereits-zum-10-mal\/#breadcrumb","itemListElement":[{"@type":"ListItem","position":1,"name":"Home","item":"https:\/\/www.naturparkmagazin.de\/stechlin\/"},{"@type":"ListItem","position":2,"name":"Menzer Adventsstube bereits zum 10. Mal"}]},{"@type":"WebSite","@id":"https:\/\/www.naturparkmagazin.de\/stechlin\/#website","url":"https:\/\/www.naturparkmagazin.de\/stechlin\/","name":"Naturpark Stechlin-Ruppiner Land","description":"","potentialAction":[{"@type":"SearchAction","target":{"@type":"EntryPoint","urlTemplate":"https:\/\/www.naturparkmagazin.de\/stechlin\/?s={search_term_string}"},"query-input":"required name=search_term_string"}],"inLanguage":"de"},{"@type":"Person","@id":"https:\/\/www.naturparkmagazin.de\/stechlin\/#\/schema\/person\/3f0d93203df21c806dd63c76d9bb28bc","name":"marioschrumpf","url":"https:\/\/www.naturparkmagazin.de\/stechlin\/author\/marioschrumpf\/"}]}},"_links":{"self":[{"href":"https:\/\/www.naturparkmagazin.de\/stechlin\/wp-json\/wp\/v2\/posts\/563"}],"collection":[{"href":"https:\/\/www.naturparkmagazin.de\/stechlin\/wp-json\/wp\/v2\/posts"}],"about":[{"href":"https:\/\/www.naturparkmagazin.de\/stechlin\/wp-json\/wp\/v2\/types\/post"}],"author":[{"embeddable":true,"href":"https:\/\/www.naturparkmagazin.de\/stechlin\/wp-json\/wp\/v2\/users\/39"}],"replies":[{"embeddable":true,"href":"https:\/\/www.naturparkmagazin.de\/stechlin\/wp-json\/wp\/v2\/comments?post=563"}],"version-history":[{"count":6,"href":"https:\/\/www.naturparkmagazin.de\/stechlin\/wp-json\/wp\/v2\/posts\/563\/revisions"}],"predecessor-version":[{"id":602,"href":"https:\/\/www.naturparkmagazin.de\/stechlin\/wp-json\/wp\/v2\/posts\/563\/revisions\/602"}],"wp:featuredmedia":[{"embeddable":true,"href":"https:\/\/www.naturparkmagazin.de\/stechlin\/wp-json\/wp\/v2\/media\/565"}],"wp:attachment":[{"href":"https:\/\/www.naturparkmagazin.de\/stechlin\/wp-json\/wp\/v2\/media?parent=563"}],"wp:term":[{"taxonomy":"category","embeddable":true,"href":"https:\/\/www.naturparkmagazin.de\/stechlin\/wp-json\/wp\/v2\/categories?post=563"},{"taxonomy":"post_tag","embeddable":true,"href":"https:\/\/www.naturparkmagazin.de\/stechlin\/wp-json\/wp\/v2\/tags?post=563"}],"curies":[{"name":"wp","href":"https:\/\/api.w.org\/{rel}","templated":true}]}}