{"id":568,"date":"2013-12-12T17:38:39","date_gmt":"2013-12-12T15:38:39","guid":{"rendered":"http:\/\/www.naturparkmagazin.de\/stechlin\/?p=568"},"modified":"2013-12-19T14:27:13","modified_gmt":"2013-12-19T12:27:13","slug":"liebe-leserin-lieber-leser-4","status":"publish","type":"post","link":"https:\/\/www.naturparkmagazin.de\/stechlin\/liebe-leserin-lieber-leser-4\/","title":{"rendered":"Liebe Leserin, lieber Leser!"},"content":{"rendered":"<p>Der Beginn eines neuen Jahres ist f\u00fcr jeden von uns verbunden\u00a0mit guten Vors\u00e4tzen, Pl\u00e4nen und W\u00fcnschen.<\/p>\n<p>Die Naturparkverwaltung hat sich f\u00fcr 2014 viel vorgenommen. Bis Jahresende soll die Pflege- und Entwicklungsplanung abgeschlossen werden. Die ersten in den Managementpl\u00e4nen f\u00fcr 23 Fauna-Flora-Habitat- und EU-Vogelschutzgebiete vorgeschlagenen Ma\u00dfnahmen wollen wir gemeinsam mit unseren Partnern umsetzen. Davon profitieren die Tiere und Pflanzen unserer einmaligen Naturlandschaft und nat\u00fcrlich Sie, die Bewohner und G\u00e4ste unseres Naturparks.<\/p>\n<p>M\u00f6gen all Ihre W\u00fcnsche in 2014 in Erf\u00fcllung gehen.<\/p>\n<p>Viel Spa\u00df beim Lesen!<\/p>\n<p>Dr. Mario Schrumpf\nTeamleiter des Naturparks<\/p>\n","protected":false},"excerpt":{"rendered":"<p>Der Beginn eines neuen Jahres ist f\u00fcr jeden von uns verbunden\u00a0mit guten Vors\u00e4tzen, Pl\u00e4nen und W\u00fcnschen. Die Naturparkverwaltung hat sich f\u00fcr 2014 viel vorgenommen. Bis Jahresende soll die Pflege- und Entwicklungsplanung abgeschlossen werden. Die ersten in den Managementpl\u00e4nen f\u00fcr 23 Fauna-Flora-Habitat- und EU-Vogelschutzgebiete vorgeschlagenen Ma\u00dfnahmen wollen wir gemeinsam mit unseren Partnern umsetzen. Davon profitieren die<\/p>\n","protected":false},"author":39,"featured_media":0,"comment_status":"open","ping_status":"open","sticky":false,"template":"","format":"standard","meta":[],"categories":[52],"tags":[],"yoast_head":"<!-- This site is optimized with the Yoast SEO plugin v19.10 - https:\/\/yoast.com\/wordpress\/plugins\/seo\/ -->\n<title>Liebe Leserin, lieber Leser! - Naturpark Stechlin-Ruppiner Land<\/title>\n<meta name=\"robots\" content=\"index, follow, max-snippet:-1, max-image-preview:large, max-video-preview:-1\" \/>\n<link rel=\"canonical\" href=\"https:\/\/www.naturparkmagazin.de\/stechlin\/liebe-leserin-lieber-leser-4\/\" \/>\n<meta property=\"og:locale\" content=\"de_DE\" \/>\n<meta property=\"og:type\" content=\"article\" \/>\n<meta property=\"og:title\" content=\"Liebe Leserin, lieber Leser! - Naturpark Stechlin-Ruppiner Land\" \/>\n<meta property=\"og:description\" content=\"Der Beginn eines neuen Jahres ist f\u00fcr jeden von uns verbunden\u00a0mit guten Vors\u00e4tzen, Pl\u00e4nen und W\u00fcnschen. Die Naturparkverwaltung hat sich f\u00fcr 2014 viel vorgenommen. Bis Jahresende soll die Pflege- und Entwicklungsplanung abgeschlossen werden. Die ersten in den Managementpl\u00e4nen f\u00fcr 23 Fauna-Flora-Habitat- und EU-Vogelschutzgebiete vorgeschlagenen Ma\u00dfnahmen wollen wir gemeinsam mit unseren Partnern umsetzen. Davon profitieren die\" \/>\n<meta property=\"og:url\" content=\"https:\/\/www.naturparkmagazin.de\/stechlin\/liebe-leserin-lieber-leser-4\/\" \/>\n<meta property=\"og:site_name\" content=\"Naturpark Stechlin-Ruppiner Land\" \/>\n<meta property=\"article:published_time\" content=\"2013-12-12T15:38:39+00:00\" \/>\n<meta property=\"article:modified_time\" content=\"2013-12-19T12:27:13+00:00\" \/>\n<meta name=\"author\" content=\"marioschrumpf\" \/>\n<meta name=\"twitter:label1\" content=\"Verfasst von\" \/>\n\t<meta name=\"twitter:data1\" content=\"marioschrumpf\" \/>\n\t<meta name=\"twitter:label2\" content=\"Gesch\u00e4tzte Lesezeit\" \/>\n\t<meta name=\"twitter:data2\" content=\"1\u00a0Minute\" \/>\n<script type=\"application\/ld+json\" class=\"yoast-schema-graph\">{\"@context\":\"https:\/\/schema.org\",\"@graph\":[{\"@type\":\"WebPage\",\"@id\":\"https:\/\/www.naturparkmagazin.de\/stechlin\/liebe-leserin-lieber-leser-4\/\",\"url\":\"https:\/\/www.naturparkmagazin.de\/stechlin\/liebe-leserin-lieber-leser-4\/\",\"name\":\"Liebe Leserin, lieber Leser! - Naturpark Stechlin-Ruppiner Land\",\"isPartOf\":{\"@id\":\"https:\/\/www.naturparkmagazin.de\/stechlin\/#website\"},\"datePublished\":\"2013-12-12T15:38:39+00:00\",\"dateModified\":\"2013-12-19T12:27:13+00:00\",\"author\":{\"@id\":\"https:\/\/www.naturparkmagazin.de\/stechlin\/#\/schema\/person\/3f0d93203df21c806dd63c76d9bb28bc\"},\"breadcrumb\":{\"@id\":\"https:\/\/www.naturparkmagazin.de\/stechlin\/liebe-leserin-lieber-leser-4\/#breadcrumb\"},\"inLanguage\":\"de\",\"potentialAction\":[{\"@type\":\"ReadAction\",\"target\":[\"https:\/\/www.naturparkmagazin.de\/stechlin\/liebe-leserin-lieber-leser-4\/\"]}]},{\"@type\":\"BreadcrumbList\",\"@id\":\"https:\/\/www.naturparkmagazin.de\/stechlin\/liebe-leserin-lieber-leser-4\/#breadcrumb\",\"itemListElement\":[{\"@type\":\"ListItem\",\"position\":1,\"name\":\"Home\",\"item\":\"https:\/\/www.naturparkmagazin.de\/stechlin\/\"},{\"@type\":\"ListItem\",\"position\":2,\"name\":\"Liebe Leserin, lieber Leser!\"}]},{\"@type\":\"WebSite\",\"@id\":\"https:\/\/www.naturparkmagazin.de\/stechlin\/#website\",\"url\":\"https:\/\/www.naturparkmagazin.de\/stechlin\/\",\"name\":\"Naturpark Stechlin-Ruppiner Land\",\"description\":\"\",\"potentialAction\":[{\"@type\":\"SearchAction\",\"target\":{\"@type\":\"EntryPoint\",\"urlTemplate\":\"https:\/\/www.naturparkmagazin.de\/stechlin\/?s={search_term_string}\"},\"query-input\":\"required name=search_term_string\"}],\"inLanguage\":\"de\"},{\"@type\":\"Person\",\"@id\":\"https:\/\/www.naturparkmagazin.de\/stechlin\/#\/schema\/person\/3f0d93203df21c806dd63c76d9bb28bc\",\"name\":\"marioschrumpf\",\"url\":\"https:\/\/www.naturparkmagazin.de\/stechlin\/author\/marioschrumpf\/\"}]}<\/script>\n<!-- \/ Yoast SEO plugin. -->","yoast_head_json":{"title":"Liebe Leserin, lieber Leser! - Naturpark Stechlin-Ruppiner Land","robots":{"index":"index","follow":"follow","max-snippet":"max-snippet:-1","max-image-preview":"max-image-preview:large","max-video-preview":"max-video-preview:-1"},"canonical":"https:\/\/www.naturparkmagazin.de\/stechlin\/liebe-leserin-lieber-leser-4\/","og_locale":"de_DE","og_type":"article","og_title":"Liebe Leserin, lieber Leser! - Naturpark Stechlin-Ruppiner Land","og_description":"Der Beginn eines neuen Jahres ist f\u00fcr jeden von uns verbunden\u00a0mit guten Vors\u00e4tzen, Pl\u00e4nen und W\u00fcnschen. Die Naturparkverwaltung hat sich f\u00fcr 2014 viel vorgenommen. Bis Jahresende soll die Pflege- und Entwicklungsplanung abgeschlossen werden. Die ersten in den Managementpl\u00e4nen f\u00fcr 23 Fauna-Flora-Habitat- und EU-Vogelschutzgebiete vorgeschlagenen Ma\u00dfnahmen wollen wir gemeinsam mit unseren Partnern umsetzen. Davon profitieren die","og_url":"https:\/\/www.naturparkmagazin.de\/stechlin\/liebe-leserin-lieber-leser-4\/","og_site_name":"Naturpark Stechlin-Ruppiner Land","article_published_time":"2013-12-12T15:38:39+00:00","article_modified_time":"2013-12-19T12:27:13+00:00","author":"marioschrumpf","twitter_misc":{"Verfasst von":"marioschrumpf","Gesch\u00e4tzte Lesezeit":"1\u00a0Minute"},"schema":{"@context":"https:\/\/schema.org","@graph":[{"@type":"WebPage","@id":"https:\/\/www.naturparkmagazin.de\/stechlin\/liebe-leserin-lieber-leser-4\/","url":"https:\/\/www.naturparkmagazin.de\/stechlin\/liebe-leserin-lieber-leser-4\/","name":"Liebe Leserin, lieber Leser! - Naturpark Stechlin-Ruppiner Land","isPartOf":{"@id":"https:\/\/www.naturparkmagazin.de\/stechlin\/#website"},"datePublished":"2013-12-12T15:38:39+00:00","dateModified":"2013-12-19T12:27:13+00:00","author":{"@id":"https:\/\/www.naturparkmagazin.de\/stechlin\/#\/schema\/person\/3f0d93203df21c806dd63c76d9bb28bc"},"breadcrumb":{"@id":"https:\/\/www.naturparkmagazin.de\/stechlin\/liebe-leserin-lieber-leser-4\/#breadcrumb"},"inLanguage":"de","potentialAction":[{"@type":"ReadAction","target":["https:\/\/www.naturparkmagazin.de\/stechlin\/liebe-leserin-lieber-leser-4\/"]}]},{"@type":"BreadcrumbList","@id":"https:\/\/www.naturparkmagazin.de\/stechlin\/liebe-leserin-lieber-leser-4\/#breadcrumb","itemListElement":[{"@type":"ListItem","position":1,"name":"Home","item":"https:\/\/www.naturparkmagazin.de\/stechlin\/"},{"@type":"ListItem","position":2,"name":"Liebe Leserin, lieber Leser!"}]},{"@type":"WebSite","@id":"https:\/\/www.naturparkmagazin.de\/stechlin\/#website","url":"https:\/\/www.naturparkmagazin.de\/stechlin\/","name":"Naturpark Stechlin-Ruppiner Land","description":"","potentialAction":[{"@type":"SearchAction","target":{"@type":"EntryPoint","urlTemplate":"https:\/\/www.naturparkmagazin.de\/stechlin\/?s={search_term_string}"},"query-input":"required name=search_term_string"}],"inLanguage":"de"},{"@type":"Person","@id":"https:\/\/www.naturparkmagazin.de\/stechlin\/#\/schema\/person\/3f0d93203df21c806dd63c76d9bb28bc","name":"marioschrumpf","url":"https:\/\/www.naturparkmagazin.de\/stechlin\/author\/marioschrumpf\/"}]}},"_links":{"self":[{"href":"https:\/\/www.naturparkmagazin.de\/stechlin\/wp-json\/wp\/v2\/posts\/568"}],"collection":[{"href":"https:\/\/www.naturparkmagazin.de\/stechlin\/wp-json\/wp\/v2\/posts"}],"about":[{"href":"https:\/\/www.naturparkmagazin.de\/stechlin\/wp-json\/wp\/v2\/types\/post"}],"author":[{"embeddable":true,"href":"https:\/\/www.naturparkmagazin.de\/stechlin\/wp-json\/wp\/v2\/users\/39"}],"replies":[{"embeddable":true,"href":"https:\/\/www.naturparkmagazin.de\/stechlin\/wp-json\/wp\/v2\/comments?post=568"}],"version-history":[{"count":2,"href":"https:\/\/www.naturparkmagazin.de\/stechlin\/wp-json\/wp\/v2\/posts\/568\/revisions"}],"predecessor-version":[{"id":599,"href":"https:\/\/www.naturparkmagazin.de\/stechlin\/wp-json\/wp\/v2\/posts\/568\/revisions\/599"}],"wp:attachment":[{"href":"https:\/\/www.naturparkmagazin.de\/stechlin\/wp-json\/wp\/v2\/media?parent=568"}],"wp:term":[{"taxonomy":"category","embeddable":true,"href":"https:\/\/www.naturparkmagazin.de\/stechlin\/wp-json\/wp\/v2\/categories?post=568"},{"taxonomy":"post_tag","embeddable":true,"href":"https:\/\/www.naturparkmagazin.de\/stechlin\/wp-json\/wp\/v2\/tags?post=568"}],"curies":[{"name":"wp","href":"https:\/\/api.w.org\/{rel}","templated":true}]}}