{"id":5701,"date":"2017-05-16T13:34:22","date_gmt":"2017-05-16T11:34:22","guid":{"rendered":"http:\/\/www.naturparkmagazin.de\/stechlin\/?p=5701"},"modified":"2017-05-22T14:05:58","modified_gmt":"2017-05-22T12:05:58","slug":"wanderbare-kunst-am-dagowsee","status":"publish","type":"post","link":"https:\/\/www.naturparkmagazin.de\/stechlin\/wanderbare-kunst-am-dagowsee\/","title":{"rendered":"Wanderbare Kunst am Dagowsee"},"content":{"rendered":"<p><a href=\"https:\/\/www.naturparkmagazin.de\/stechlin\/wp-content\/uploads\/sites\/38\/Er\u00f6ffnung-Kunstwanderweg-Dagowsee_NSF.jpg\"><img decoding=\"async\" loading=\"lazy\" class=\"alignleft size-thumbnail wp-image-5719\" src=\"https:\/\/www.naturparkmagazin.de\/stechlin\/wp-content\/uploads\/sites\/38\/Er\u00f6ffnung-Kunstwanderweg-Dagowsee_NSF-300x425.jpg\" alt=\"NP SRL\/Mark Thiele\" width=\"300\" height=\"425\" srcset=\"https:\/\/www.naturparkmagazin.de\/stechlin\/wp-content\/uploads\/sites\/38\/Er\u00f6ffnung-Kunstwanderweg-Dagowsee_NSF-300x425.jpg 300w, https:\/\/www.naturparkmagazin.de\/stechlin\/wp-content\/uploads\/sites\/38\/Er\u00f6ffnung-Kunstwanderweg-Dagowsee_NSF-620x877.jpg 620w, https:\/\/www.naturparkmagazin.de\/stechlin\/wp-content\/uploads\/sites\/38\/Er\u00f6ffnung-Kunstwanderweg-Dagowsee_NSF-200x283.jpg 200w, https:\/\/www.naturparkmagazin.de\/stechlin\/wp-content\/uploads\/sites\/38\/Er\u00f6ffnung-Kunstwanderweg-Dagowsee_NSF.jpg 643w\" sizes=\"(max-width: 300px) 100vw, 300px\" \/>\n<\/a><\/p>\n<p>&nbsp;<\/p>\n<p>&nbsp;<\/p>\n<p>&nbsp;<\/p>\n<p>&nbsp;<\/p>\n<p>&nbsp;<\/p>\n<p>&nbsp;<\/p>\n<p>&nbsp;<\/p>\n<p>&nbsp;<\/p>\n<p>&nbsp;<\/p>\n<p>&nbsp;<\/p>\n<p>&nbsp;<\/p>\n<p>&nbsp;<\/p>\n<p>&nbsp;<\/p>\n<div id=\"attachment_5702\" style=\"width: 310px\" class=\"wp-caption alignleft\"><a href=\"https:\/\/www.naturparkmagazin.de\/stechlin\/wp-content\/uploads\/sites\/38\/Dagow-Wanderweg306.jpg\"><img aria-describedby=\"caption-attachment-5702\" decoding=\"async\" loading=\"lazy\" class=\"size-thumbnail wp-image-5702\" src=\"https:\/\/www.naturparkmagazin.de\/stechlin\/wp-content\/uploads\/sites\/38\/Dagow-Wanderweg306-300x180.jpg\" alt=\"Projektleiter Michael Zauft informiert \u00fcber das EU-Life-Projekt Feuchtw\u00e4lder\" width=\"300\" height=\"180\" srcset=\"https:\/\/www.naturparkmagazin.de\/stechlin\/wp-content\/uploads\/sites\/38\/Dagow-Wanderweg306-300x180.jpg 300w, https:\/\/www.naturparkmagazin.de\/stechlin\/wp-content\/uploads\/sites\/38\/Dagow-Wanderweg306.jpg 500w, https:\/\/www.naturparkmagazin.de\/stechlin\/wp-content\/uploads\/sites\/38\/Dagow-Wanderweg306-200x120.jpg 200w\" sizes=\"(max-width: 300px) 100vw, 300px\" \/><\/a><p id=\"caption-attachment-5702\" class=\"wp-caption-text\">Projektleiter Michael Zauft informiert \u00fcber das EU-Life-Projekt Feuchtw\u00e4lder<\/p><\/div>\n<p>&nbsp;<\/p>\n<p>&nbsp;<\/p>\n<p>&nbsp;<\/p>\n<p>&nbsp;<\/p>\n<p>&nbsp;<\/p>\n<p>&nbsp;<\/p>\n<p>&nbsp;<\/p>\n<p>&nbsp;<\/p>\n<div id=\"attachment_5705\" style=\"width: 310px\" class=\"wp-caption alignleft\"><a href=\"https:\/\/www.naturparkmagazin.de\/stechlin\/wp-content\/uploads\/sites\/38\/Dagow_Wanderweg317.jpg\"><img aria-describedby=\"caption-attachment-5705\" decoding=\"async\" loading=\"lazy\" class=\"size-thumbnail wp-image-5705\" src=\"https:\/\/www.naturparkmagazin.de\/stechlin\/wp-content\/uploads\/sites\/38\/Dagow_Wanderweg317-300x180.jpg\" alt=\"&quot;Naturparkleiter Mario Schrumpf, Minister J\u00f6rg Vogels\u00e4nger und K\u00fcnstler Kuno Lomas&quot;\" width=\"300\" height=\"180\" srcset=\"https:\/\/www.naturparkmagazin.de\/stechlin\/wp-content\/uploads\/sites\/38\/Dagow_Wanderweg317-300x180.jpg 300w, https:\/\/www.naturparkmagazin.de\/stechlin\/wp-content\/uploads\/sites\/38\/Dagow_Wanderweg317.jpg 500w, https:\/\/www.naturparkmagazin.de\/stechlin\/wp-content\/uploads\/sites\/38\/Dagow_Wanderweg317-200x120.jpg 200w\" sizes=\"(max-width: 300px) 100vw, 300px\" \/><\/a><p id=\"caption-attachment-5705\" class=\"wp-caption-text\">Naturparkleiter Dr. Mario Schrumpf, Minister J\u00f6rg Vogels\u00e4nger und K\u00fcnstler Kuno Lomas<\/p><\/div>\n<p>&nbsp;<\/p>\n<p>&nbsp;<\/p>\n<p>&nbsp;<\/p>\n<p>&nbsp;<\/p>\n<p>&nbsp;<\/p>\n<p>&nbsp;<\/p>\n<p>&nbsp;<\/p>\n<p>&nbsp;<\/p>\n<p>&nbsp;<\/p>\n<p>&nbsp;<\/p>\n<p>Am 21. Mai wurde im Beisein von Brandenburgs Umweltminister J\u00f6rg Vogels\u00e4nger in Neuglobsow der Skulpturen-Wanderweg er\u00f6ffnet.<\/p>\n<p>Der Weg f\u00fchrt mit einer Gesamtl\u00e4nge von 4,5 km rund um den Dagowsee. Entlang des Weges wurden 11 Kunstwerke mit zauberhaften Namen wie &#8222;Quellennymphe&#8220; oder &#8222;K\u00f6nigin der Nacht&#8220; aufgestellt. Die Holzplastiken entstanden im Rahmen von zwei Internationalen Kunstsymposien 2014 und 2016 in Kooperation mit der Waldarbeitsschule Kunsterspring. Die Finanzierung und Umsetzung erfolgte durch das EU-Life-Projekt Feuchtw\u00e4lder in Tr\u00e4gerschaft des NaturSchutzFonds Brandenburg. Das Medium Kunst soll bei den Besucherinnen Interesse wecken f\u00fcr \u00f6kologische Zusammenh\u00e4nge in der einzigartigen Natur und Landschaft der Stechlinsee-Region.<\/p>\n<div id=\"attachment_5706\" style=\"width: 310px\" class=\"wp-caption alignleft\"><a href=\"https:\/\/www.naturparkmagazin.de\/stechlin\/wp-content\/uploads\/sites\/38\/Dagow_Wanderweg373.jpg\"><img aria-describedby=\"caption-attachment-5706\" decoding=\"async\" loading=\"lazy\" class=\"size-thumbnail wp-image-5706\" src=\"https:\/\/www.naturparkmagazin.de\/stechlin\/wp-content\/uploads\/sites\/38\/Dagow_Wanderweg373-300x180.jpg\" alt=\"&quot;Uwe Thamm&quot; pr\u00e4sentiert seine &quot;Libelle&quot;\" width=\"300\" height=\"180\" srcset=\"https:\/\/www.naturparkmagazin.de\/stechlin\/wp-content\/uploads\/sites\/38\/Dagow_Wanderweg373-300x180.jpg 300w, https:\/\/www.naturparkmagazin.de\/stechlin\/wp-content\/uploads\/sites\/38\/Dagow_Wanderweg373.jpg 500w, https:\/\/www.naturparkmagazin.de\/stechlin\/wp-content\/uploads\/sites\/38\/Dagow_Wanderweg373-200x120.jpg 200w\" sizes=\"(max-width: 300px) 100vw, 300px\" \/><\/a><p id=\"caption-attachment-5706\" class=\"wp-caption-text\">Uwe Thamm pr\u00e4sentiert seine &#8222;Libelle&#8220;<\/p><\/div>\n","protected":false},"excerpt":{"rendered":"<p>Am 21. Mai wurde im Beisein von Brandenburgs Umweltminister J\u00f6rg Vogels\u00e4nger in Neuglobsow der Skulpturen-Wanderweg er\u00f6ffnet.<\/p>\n","protected":false},"author":39,"featured_media":5703,"comment_status":"open","ping_status":"open","sticky":false,"template":"","format":"standard","meta":[],"categories":[7],"tags":[],"yoast_head":"<!-- This site is optimized with the Yoast SEO plugin v19.10 - https:\/\/yoast.com\/wordpress\/plugins\/seo\/ -->\n<title>Wanderbare Kunst am Dagowsee - Naturpark Stechlin-Ruppiner Land<\/title>\n<meta name=\"robots\" content=\"index, follow, max-snippet:-1, max-image-preview:large, max-video-preview:-1\" \/>\n<link rel=\"canonical\" href=\"https:\/\/www.naturparkmagazin.de\/stechlin\/wanderbare-kunst-am-dagowsee\/\" \/>\n<meta property=\"og:locale\" content=\"de_DE\" \/>\n<meta property=\"og:type\" content=\"article\" \/>\n<meta property=\"og:title\" content=\"Wanderbare Kunst am Dagowsee - Naturpark Stechlin-Ruppiner Land\" \/>\n<meta property=\"og:description\" content=\"Am 21. Mai wurde im Beisein von Brandenburgs Umweltminister J\u00f6rg Vogels\u00e4nger in Neuglobsow der Skulpturen-Wanderweg er\u00f6ffnet.\" \/>\n<meta property=\"og:url\" content=\"https:\/\/www.naturparkmagazin.de\/stechlin\/wanderbare-kunst-am-dagowsee\/\" \/>\n<meta property=\"og:site_name\" content=\"Naturpark Stechlin-Ruppiner Land\" \/>\n<meta property=\"article:published_time\" content=\"2017-05-16T11:34:22+00:00\" \/>\n<meta property=\"article:modified_time\" content=\"2017-05-22T12:05:58+00:00\" \/>\n<meta property=\"og:image\" content=\"https:\/\/www.naturparkmagazin.de\/stechlin\/wp-content\/uploads\/sites\/38\/Dagow_Wanderweg355.jpg\" \/>\n\t<meta property=\"og:image:width\" content=\"200\" \/>\n\t<meta property=\"og:image:height\" content=\"200\" \/>\n\t<meta property=\"og:image:type\" content=\"image\/jpeg\" \/>\n<meta name=\"author\" content=\"marioschrumpf\" \/>\n<meta name=\"twitter:label1\" content=\"Verfasst von\" \/>\n\t<meta name=\"twitter:data1\" content=\"marioschrumpf\" \/>\n\t<meta name=\"twitter:label2\" content=\"Gesch\u00e4tzte Lesezeit\" \/>\n\t<meta name=\"twitter:data2\" content=\"1\u00a0Minute\" \/>\n<script type=\"application\/ld+json\" class=\"yoast-schema-graph\">{\"@context\":\"https:\/\/schema.org\",\"@graph\":[{\"@type\":\"WebPage\",\"@id\":\"https:\/\/www.naturparkmagazin.de\/stechlin\/wanderbare-kunst-am-dagowsee\/\",\"url\":\"https:\/\/www.naturparkmagazin.de\/stechlin\/wanderbare-kunst-am-dagowsee\/\",\"name\":\"Wanderbare Kunst am Dagowsee - Naturpark Stechlin-Ruppiner Land\",\"isPartOf\":{\"@id\":\"https:\/\/www.naturparkmagazin.de\/stechlin\/#website\"},\"datePublished\":\"2017-05-16T11:34:22+00:00\",\"dateModified\":\"2017-05-22T12:05:58+00:00\",\"author\":{\"@id\":\"https:\/\/www.naturparkmagazin.de\/stechlin\/#\/schema\/person\/3f0d93203df21c806dd63c76d9bb28bc\"},\"breadcrumb\":{\"@id\":\"https:\/\/www.naturparkmagazin.de\/stechlin\/wanderbare-kunst-am-dagowsee\/#breadcrumb\"},\"inLanguage\":\"de\",\"potentialAction\":[{\"@type\":\"ReadAction\",\"target\":[\"https:\/\/www.naturparkmagazin.de\/stechlin\/wanderbare-kunst-am-dagowsee\/\"]}]},{\"@type\":\"BreadcrumbList\",\"@id\":\"https:\/\/www.naturparkmagazin.de\/stechlin\/wanderbare-kunst-am-dagowsee\/#breadcrumb\",\"itemListElement\":[{\"@type\":\"ListItem\",\"position\":1,\"name\":\"Home\",\"item\":\"https:\/\/www.naturparkmagazin.de\/stechlin\/\"},{\"@type\":\"ListItem\",\"position\":2,\"name\":\"Wanderbare Kunst am Dagowsee\"}]},{\"@type\":\"WebSite\",\"@id\":\"https:\/\/www.naturparkmagazin.de\/stechlin\/#website\",\"url\":\"https:\/\/www.naturparkmagazin.de\/stechlin\/\",\"name\":\"Naturpark Stechlin-Ruppiner Land\",\"description\":\"\",\"potentialAction\":[{\"@type\":\"SearchAction\",\"target\":{\"@type\":\"EntryPoint\",\"urlTemplate\":\"https:\/\/www.naturparkmagazin.de\/stechlin\/?s={search_term_string}\"},\"query-input\":\"required name=search_term_string\"}],\"inLanguage\":\"de\"},{\"@type\":\"Person\",\"@id\":\"https:\/\/www.naturparkmagazin.de\/stechlin\/#\/schema\/person\/3f0d93203df21c806dd63c76d9bb28bc\",\"name\":\"marioschrumpf\",\"url\":\"https:\/\/www.naturparkmagazin.de\/stechlin\/author\/marioschrumpf\/\"}]}<\/script>\n<!-- \/ Yoast SEO plugin. -->","yoast_head_json":{"title":"Wanderbare Kunst am Dagowsee - Naturpark Stechlin-Ruppiner Land","robots":{"index":"index","follow":"follow","max-snippet":"max-snippet:-1","max-image-preview":"max-image-preview:large","max-video-preview":"max-video-preview:-1"},"canonical":"https:\/\/www.naturparkmagazin.de\/stechlin\/wanderbare-kunst-am-dagowsee\/","og_locale":"de_DE","og_type":"article","og_title":"Wanderbare Kunst am Dagowsee - Naturpark Stechlin-Ruppiner Land","og_description":"Am 21. Mai wurde im Beisein von Brandenburgs Umweltminister J\u00f6rg Vogels\u00e4nger in Neuglobsow der Skulpturen-Wanderweg er\u00f6ffnet.","og_url":"https:\/\/www.naturparkmagazin.de\/stechlin\/wanderbare-kunst-am-dagowsee\/","og_site_name":"Naturpark Stechlin-Ruppiner Land","article_published_time":"2017-05-16T11:34:22+00:00","article_modified_time":"2017-05-22T12:05:58+00:00","og_image":[{"width":200,"height":200,"url":"https:\/\/www.naturparkmagazin.de\/stechlin\/wp-content\/uploads\/sites\/38\/Dagow_Wanderweg355.jpg","type":"image\/jpeg"}],"author":"marioschrumpf","twitter_misc":{"Verfasst von":"marioschrumpf","Gesch\u00e4tzte Lesezeit":"1\u00a0Minute"},"schema":{"@context":"https:\/\/schema.org","@graph":[{"@type":"WebPage","@id":"https:\/\/www.naturparkmagazin.de\/stechlin\/wanderbare-kunst-am-dagowsee\/","url":"https:\/\/www.naturparkmagazin.de\/stechlin\/wanderbare-kunst-am-dagowsee\/","name":"Wanderbare Kunst am Dagowsee - Naturpark Stechlin-Ruppiner Land","isPartOf":{"@id":"https:\/\/www.naturparkmagazin.de\/stechlin\/#website"},"datePublished":"2017-05-16T11:34:22+00:00","dateModified":"2017-05-22T12:05:58+00:00","author":{"@id":"https:\/\/www.naturparkmagazin.de\/stechlin\/#\/schema\/person\/3f0d93203df21c806dd63c76d9bb28bc"},"breadcrumb":{"@id":"https:\/\/www.naturparkmagazin.de\/stechlin\/wanderbare-kunst-am-dagowsee\/#breadcrumb"},"inLanguage":"de","potentialAction":[{"@type":"ReadAction","target":["https:\/\/www.naturparkmagazin.de\/stechlin\/wanderbare-kunst-am-dagowsee\/"]}]},{"@type":"BreadcrumbList","@id":"https:\/\/www.naturparkmagazin.de\/stechlin\/wanderbare-kunst-am-dagowsee\/#breadcrumb","itemListElement":[{"@type":"ListItem","position":1,"name":"Home","item":"https:\/\/www.naturparkmagazin.de\/stechlin\/"},{"@type":"ListItem","position":2,"name":"Wanderbare Kunst am Dagowsee"}]},{"@type":"WebSite","@id":"https:\/\/www.naturparkmagazin.de\/stechlin\/#website","url":"https:\/\/www.naturparkmagazin.de\/stechlin\/","name":"Naturpark Stechlin-Ruppiner Land","description":"","potentialAction":[{"@type":"SearchAction","target":{"@type":"EntryPoint","urlTemplate":"https:\/\/www.naturparkmagazin.de\/stechlin\/?s={search_term_string}"},"query-input":"required name=search_term_string"}],"inLanguage":"de"},{"@type":"Person","@id":"https:\/\/www.naturparkmagazin.de\/stechlin\/#\/schema\/person\/3f0d93203df21c806dd63c76d9bb28bc","name":"marioschrumpf","url":"https:\/\/www.naturparkmagazin.de\/stechlin\/author\/marioschrumpf\/"}]}},"_links":{"self":[{"href":"https:\/\/www.naturparkmagazin.de\/stechlin\/wp-json\/wp\/v2\/posts\/5701"}],"collection":[{"href":"https:\/\/www.naturparkmagazin.de\/stechlin\/wp-json\/wp\/v2\/posts"}],"about":[{"href":"https:\/\/www.naturparkmagazin.de\/stechlin\/wp-json\/wp\/v2\/types\/post"}],"author":[{"embeddable":true,"href":"https:\/\/www.naturparkmagazin.de\/stechlin\/wp-json\/wp\/v2\/users\/39"}],"replies":[{"embeddable":true,"href":"https:\/\/www.naturparkmagazin.de\/stechlin\/wp-json\/wp\/v2\/comments?post=5701"}],"version-history":[{"count":5,"href":"https:\/\/www.naturparkmagazin.de\/stechlin\/wp-json\/wp\/v2\/posts\/5701\/revisions"}],"predecessor-version":[{"id":5720,"href":"https:\/\/www.naturparkmagazin.de\/stechlin\/wp-json\/wp\/v2\/posts\/5701\/revisions\/5720"}],"wp:featuredmedia":[{"embeddable":true,"href":"https:\/\/www.naturparkmagazin.de\/stechlin\/wp-json\/wp\/v2\/media\/5703"}],"wp:attachment":[{"href":"https:\/\/www.naturparkmagazin.de\/stechlin\/wp-json\/wp\/v2\/media?parent=5701"}],"wp:term":[{"taxonomy":"category","embeddable":true,"href":"https:\/\/www.naturparkmagazin.de\/stechlin\/wp-json\/wp\/v2\/categories?post=5701"},{"taxonomy":"post_tag","embeddable":true,"href":"https:\/\/www.naturparkmagazin.de\/stechlin\/wp-json\/wp\/v2\/tags?post=5701"}],"curies":[{"name":"wp","href":"https:\/\/api.w.org\/{rel}","templated":true}]}}