{"id":5708,"date":"2017-05-16T13:55:59","date_gmt":"2017-05-16T11:55:59","guid":{"rendered":"http:\/\/www.naturparkmagazin.de\/stechlin\/?p=5708"},"modified":"2017-05-22T14:11:12","modified_gmt":"2017-05-22T12:11:12","slug":"bundesweiter-naturparkwandertag","status":"publish","type":"post","link":"https:\/\/www.naturparkmagazin.de\/stechlin\/bundesweiter-naturparkwandertag\/","title":{"rendered":"Bundesweiter Naturparkwandertag"},"content":{"rendered":"<div id=\"attachment_5711\" style=\"width: 310px\" class=\"wp-caption alignleft\"><a href=\"https:\/\/www.naturparkmagazin.de\/stechlin\/wp-content\/uploads\/sites\/38\/Pagel194.jpg\"><img aria-describedby=\"caption-attachment-5711\" decoding=\"async\" loading=\"lazy\" class=\"size-thumbnail wp-image-5711\" src=\"https:\/\/www.naturparkmagazin.de\/stechlin\/wp-content\/uploads\/sites\/38\/Pagel194-300x180.jpg\" alt=\"&quot;Ankunft in Rheinsberg&quot;\" width=\"300\" height=\"180\" srcset=\"https:\/\/www.naturparkmagazin.de\/stechlin\/wp-content\/uploads\/sites\/38\/Pagel194-300x180.jpg 300w, https:\/\/www.naturparkmagazin.de\/stechlin\/wp-content\/uploads\/sites\/38\/Pagel194.jpg 500w, https:\/\/www.naturparkmagazin.de\/stechlin\/wp-content\/uploads\/sites\/38\/Pagel194-200x120.jpg 200w\" sizes=\"(max-width: 300px) 100vw, 300px\" \/><\/a><p id=\"caption-attachment-5711\" class=\"wp-caption-text\">Ankunft in Rheinsberg<\/p><\/div>\n<p>&nbsp;<\/p>\n<p>&nbsp;<\/p>\n<p>&nbsp;<\/p>\n<p>&nbsp;<\/p>\n<p>&nbsp;<\/p>\n<p>&nbsp;<\/p>\n<p>&nbsp;<\/p>\n<p>&nbsp;<\/p>\n<div id=\"attachment_5712\" style=\"width: 310px\" class=\"wp-caption alignleft\"><a href=\"https:\/\/www.naturparkmagazin.de\/stechlin\/wp-content\/uploads\/sites\/38\/Pagel204.jpg\"><img aria-describedby=\"caption-attachment-5712\" decoding=\"async\" loading=\"lazy\" class=\"size-thumbnail wp-image-5712\" src=\"https:\/\/www.naturparkmagazin.de\/stechlin\/wp-content\/uploads\/sites\/38\/Pagel204-300x180.jpg\" alt=\"&quot;Von Ost nach West durch die Kyritz-Ruppiner Heide&quot;\" width=\"300\" height=\"180\" srcset=\"https:\/\/www.naturparkmagazin.de\/stechlin\/wp-content\/uploads\/sites\/38\/Pagel204-300x180.jpg 300w, https:\/\/www.naturparkmagazin.de\/stechlin\/wp-content\/uploads\/sites\/38\/Pagel204.jpg 500w, https:\/\/www.naturparkmagazin.de\/stechlin\/wp-content\/uploads\/sites\/38\/Pagel204-200x120.jpg 200w\" sizes=\"(max-width: 300px) 100vw, 300px\" \/><\/a><p id=\"caption-attachment-5712\" class=\"wp-caption-text\">Von Ost nach West durch die Kyritz-Ruppiner Heide<\/p><\/div>\n<p>&nbsp;<\/p>\n<p>&nbsp;<\/p>\n<p>&nbsp;<\/p>\n<p>&nbsp;<\/p>\n<p>&nbsp;<\/p>\n<p>&nbsp;<\/p>\n<p>&nbsp;<\/p>\n<p>&nbsp;<\/p>\n<p>15 Wanderer aus Berlin durchquerten unseren Naturpark von Ost nach West von Rheinsberg nach Fretzdorf.<\/p>\n<p>Die 33 km lange Strecke f\u00fchrte durch die Ruppiner Schweiz und weiter \u00fcber den frisch eingeweihten Heidewanderweg durch die Kyritz-Ruppiner Heide.<\/p>\n<p>Auf dem Sielmann-H\u00fcgel erwartete Natur- und Landschaftsf\u00fchrer J\u00fcrgen Paul die Sportler mit einem z\u00fcnftigen Heidepicknick. Die Amtsdirektorin des Amtes Temnitz, Susanne Dorn, lie\u00df es sich nicht nehmen, die Wanderer pers\u00f6nlich zu begr\u00fc\u00dfen.<\/p>\n<p>In Rossow wurden die Teilnehmer von Natur- und Landschaftsf\u00fchrerin Nicole R\u00f6sler empfangen. Sie f\u00fchrte die G\u00e4ste durch die mittelalterliche Kirche und den Dorfkern. Ab Bahnhof Fretzdorf traten die Teilnehmer m\u00fcde, aber voller neuer Eindr\u00fccke die Heimreise nach Berlin mit dem Prignitz-Express an.<\/p>\n<div id=\"attachment_5713\" style=\"width: 310px\" class=\"wp-caption alignleft\"><a href=\"https:\/\/www.naturparkmagazin.de\/stechlin\/wp-content\/uploads\/sites\/38\/Pagel231.jpg\"><img aria-describedby=\"caption-attachment-5713\" decoding=\"async\" loading=\"lazy\" class=\"size-thumbnail wp-image-5713\" src=\"https:\/\/www.naturparkmagazin.de\/stechlin\/wp-content\/uploads\/sites\/38\/Pagel231-300x180.jpg\" alt=\"&quot;Z\u00fcnftiges Heidepicknick auf dem Sielmann-H\u00fcgel&quot;\" width=\"300\" height=\"180\" srcset=\"https:\/\/www.naturparkmagazin.de\/stechlin\/wp-content\/uploads\/sites\/38\/Pagel231-300x180.jpg 300w, https:\/\/www.naturparkmagazin.de\/stechlin\/wp-content\/uploads\/sites\/38\/Pagel231.jpg 500w, https:\/\/www.naturparkmagazin.de\/stechlin\/wp-content\/uploads\/sites\/38\/Pagel231-200x120.jpg 200w\" sizes=\"(max-width: 300px) 100vw, 300px\" \/><\/a><p id=\"caption-attachment-5713\" class=\"wp-caption-text\">Z\u00fcnftiges Heidepicknick auf dem Sielmann-H\u00fcgel<\/p><\/div>\n<p>&nbsp;<\/p>\n<p>&nbsp;<\/p>\n<p>&nbsp;<\/p>\n<p>&nbsp;<\/p>\n<p>&nbsp;<\/p>\n<p>&nbsp;<\/p>\n<p>&nbsp;<\/p>\n<p>&nbsp;<\/p>\n<p>Ein herzliches Dankesch\u00f6n an Wanderleiter, Dr. Wolfgang Pagel, dem Pr\u00e4sidenten des Berliner Wandersportverbandes f\u00fcr die perfekte Organisation!<\/p>\n<div id=\"attachment_5714\" style=\"width: 310px\" class=\"wp-caption alignleft\"><a href=\"https:\/\/www.naturparkmagazin.de\/stechlin\/wp-content\/uploads\/sites\/38\/Pagel271.jpg\"><img aria-describedby=\"caption-attachment-5714\" decoding=\"async\" loading=\"lazy\" class=\"size-thumbnail wp-image-5714\" src=\"https:\/\/www.naturparkmagazin.de\/stechlin\/wp-content\/uploads\/sites\/38\/Pagel271-300x180.jpg\" alt=\"&quot;Kirchenf\u00fchrung in Rossow&quot;\" width=\"300\" height=\"180\" srcset=\"https:\/\/www.naturparkmagazin.de\/stechlin\/wp-content\/uploads\/sites\/38\/Pagel271-300x180.jpg 300w, https:\/\/www.naturparkmagazin.de\/stechlin\/wp-content\/uploads\/sites\/38\/Pagel271.jpg 500w, https:\/\/www.naturparkmagazin.de\/stechlin\/wp-content\/uploads\/sites\/38\/Pagel271-200x120.jpg 200w\" sizes=\"(max-width: 300px) 100vw, 300px\" \/><\/a><p id=\"caption-attachment-5714\" class=\"wp-caption-text\">Kirchenf\u00fchrung in Rossow<\/p><\/div>\n<p>&nbsp;<\/p>\n<p>&nbsp;<\/p>\n","protected":false},"excerpt":{"rendered":"<p>15 Wanderer aus Berlin durchquerten unseren Naturpark von Rheinsberg nach Fretzdorf.<\/p>\n","protected":false},"author":39,"featured_media":5709,"comment_status":"open","ping_status":"open","sticky":false,"template":"","format":"standard","meta":[],"categories":[7],"tags":[],"yoast_head":"<!-- This site is optimized with the Yoast SEO plugin v19.10 - https:\/\/yoast.com\/wordpress\/plugins\/seo\/ -->\n<title>Bundesweiter Naturparkwandertag - Naturpark Stechlin-Ruppiner Land<\/title>\n<meta name=\"robots\" content=\"index, follow, max-snippet:-1, max-image-preview:large, max-video-preview:-1\" \/>\n<link rel=\"canonical\" href=\"https:\/\/www.naturparkmagazin.de\/stechlin\/bundesweiter-naturparkwandertag\/\" \/>\n<meta property=\"og:locale\" content=\"de_DE\" \/>\n<meta property=\"og:type\" content=\"article\" \/>\n<meta property=\"og:title\" content=\"Bundesweiter Naturparkwandertag - Naturpark Stechlin-Ruppiner Land\" \/>\n<meta property=\"og:description\" content=\"15 Wanderer aus Berlin durchquerten unseren Naturpark von Rheinsberg nach Fretzdorf.\" \/>\n<meta property=\"og:url\" content=\"https:\/\/www.naturparkmagazin.de\/stechlin\/bundesweiter-naturparkwandertag\/\" \/>\n<meta property=\"og:site_name\" content=\"Naturpark Stechlin-Ruppiner Land\" \/>\n<meta property=\"article:published_time\" content=\"2017-05-16T11:55:59+00:00\" \/>\n<meta property=\"article:modified_time\" content=\"2017-05-22T12:11:12+00:00\" \/>\n<meta property=\"og:image\" content=\"https:\/\/www.naturparkmagazin.de\/stechlin\/wp-content\/uploads\/sites\/38\/Pagel198.jpg\" \/>\n\t<meta property=\"og:image:width\" content=\"200\" \/>\n\t<meta property=\"og:image:height\" content=\"200\" \/>\n\t<meta property=\"og:image:type\" content=\"image\/jpeg\" \/>\n<meta name=\"author\" content=\"marioschrumpf\" \/>\n<meta name=\"twitter:label1\" content=\"Verfasst von\" \/>\n\t<meta name=\"twitter:data1\" content=\"marioschrumpf\" \/>\n\t<meta name=\"twitter:label2\" content=\"Gesch\u00e4tzte Lesezeit\" \/>\n\t<meta name=\"twitter:data2\" content=\"1\u00a0Minute\" \/>\n<script type=\"application\/ld+json\" class=\"yoast-schema-graph\">{\"@context\":\"https:\/\/schema.org\",\"@graph\":[{\"@type\":\"WebPage\",\"@id\":\"https:\/\/www.naturparkmagazin.de\/stechlin\/bundesweiter-naturparkwandertag\/\",\"url\":\"https:\/\/www.naturparkmagazin.de\/stechlin\/bundesweiter-naturparkwandertag\/\",\"name\":\"Bundesweiter Naturparkwandertag - Naturpark Stechlin-Ruppiner Land\",\"isPartOf\":{\"@id\":\"https:\/\/www.naturparkmagazin.de\/stechlin\/#website\"},\"datePublished\":\"2017-05-16T11:55:59+00:00\",\"dateModified\":\"2017-05-22T12:11:12+00:00\",\"author\":{\"@id\":\"https:\/\/www.naturparkmagazin.de\/stechlin\/#\/schema\/person\/3f0d93203df21c806dd63c76d9bb28bc\"},\"breadcrumb\":{\"@id\":\"https:\/\/www.naturparkmagazin.de\/stechlin\/bundesweiter-naturparkwandertag\/#breadcrumb\"},\"inLanguage\":\"de\",\"potentialAction\":[{\"@type\":\"ReadAction\",\"target\":[\"https:\/\/www.naturparkmagazin.de\/stechlin\/bundesweiter-naturparkwandertag\/\"]}]},{\"@type\":\"BreadcrumbList\",\"@id\":\"https:\/\/www.naturparkmagazin.de\/stechlin\/bundesweiter-naturparkwandertag\/#breadcrumb\",\"itemListElement\":[{\"@type\":\"ListItem\",\"position\":1,\"name\":\"Home\",\"item\":\"https:\/\/www.naturparkmagazin.de\/stechlin\/\"},{\"@type\":\"ListItem\",\"position\":2,\"name\":\"Bundesweiter Naturparkwandertag\"}]},{\"@type\":\"WebSite\",\"@id\":\"https:\/\/www.naturparkmagazin.de\/stechlin\/#website\",\"url\":\"https:\/\/www.naturparkmagazin.de\/stechlin\/\",\"name\":\"Naturpark Stechlin-Ruppiner Land\",\"description\":\"\",\"potentialAction\":[{\"@type\":\"SearchAction\",\"target\":{\"@type\":\"EntryPoint\",\"urlTemplate\":\"https:\/\/www.naturparkmagazin.de\/stechlin\/?s={search_term_string}\"},\"query-input\":\"required name=search_term_string\"}],\"inLanguage\":\"de\"},{\"@type\":\"Person\",\"@id\":\"https:\/\/www.naturparkmagazin.de\/stechlin\/#\/schema\/person\/3f0d93203df21c806dd63c76d9bb28bc\",\"name\":\"marioschrumpf\",\"url\":\"https:\/\/www.naturparkmagazin.de\/stechlin\/author\/marioschrumpf\/\"}]}<\/script>\n<!-- \/ Yoast SEO plugin. -->","yoast_head_json":{"title":"Bundesweiter Naturparkwandertag - Naturpark Stechlin-Ruppiner Land","robots":{"index":"index","follow":"follow","max-snippet":"max-snippet:-1","max-image-preview":"max-image-preview:large","max-video-preview":"max-video-preview:-1"},"canonical":"https:\/\/www.naturparkmagazin.de\/stechlin\/bundesweiter-naturparkwandertag\/","og_locale":"de_DE","og_type":"article","og_title":"Bundesweiter Naturparkwandertag - Naturpark Stechlin-Ruppiner Land","og_description":"15 Wanderer aus Berlin durchquerten unseren Naturpark von Rheinsberg nach Fretzdorf.","og_url":"https:\/\/www.naturparkmagazin.de\/stechlin\/bundesweiter-naturparkwandertag\/","og_site_name":"Naturpark Stechlin-Ruppiner Land","article_published_time":"2017-05-16T11:55:59+00:00","article_modified_time":"2017-05-22T12:11:12+00:00","og_image":[{"width":200,"height":200,"url":"https:\/\/www.naturparkmagazin.de\/stechlin\/wp-content\/uploads\/sites\/38\/Pagel198.jpg","type":"image\/jpeg"}],"author":"marioschrumpf","twitter_misc":{"Verfasst von":"marioschrumpf","Gesch\u00e4tzte Lesezeit":"1\u00a0Minute"},"schema":{"@context":"https:\/\/schema.org","@graph":[{"@type":"WebPage","@id":"https:\/\/www.naturparkmagazin.de\/stechlin\/bundesweiter-naturparkwandertag\/","url":"https:\/\/www.naturparkmagazin.de\/stechlin\/bundesweiter-naturparkwandertag\/","name":"Bundesweiter Naturparkwandertag - Naturpark Stechlin-Ruppiner Land","isPartOf":{"@id":"https:\/\/www.naturparkmagazin.de\/stechlin\/#website"},"datePublished":"2017-05-16T11:55:59+00:00","dateModified":"2017-05-22T12:11:12+00:00","author":{"@id":"https:\/\/www.naturparkmagazin.de\/stechlin\/#\/schema\/person\/3f0d93203df21c806dd63c76d9bb28bc"},"breadcrumb":{"@id":"https:\/\/www.naturparkmagazin.de\/stechlin\/bundesweiter-naturparkwandertag\/#breadcrumb"},"inLanguage":"de","potentialAction":[{"@type":"ReadAction","target":["https:\/\/www.naturparkmagazin.de\/stechlin\/bundesweiter-naturparkwandertag\/"]}]},{"@type":"BreadcrumbList","@id":"https:\/\/www.naturparkmagazin.de\/stechlin\/bundesweiter-naturparkwandertag\/#breadcrumb","itemListElement":[{"@type":"ListItem","position":1,"name":"Home","item":"https:\/\/www.naturparkmagazin.de\/stechlin\/"},{"@type":"ListItem","position":2,"name":"Bundesweiter Naturparkwandertag"}]},{"@type":"WebSite","@id":"https:\/\/www.naturparkmagazin.de\/stechlin\/#website","url":"https:\/\/www.naturparkmagazin.de\/stechlin\/","name":"Naturpark Stechlin-Ruppiner Land","description":"","potentialAction":[{"@type":"SearchAction","target":{"@type":"EntryPoint","urlTemplate":"https:\/\/www.naturparkmagazin.de\/stechlin\/?s={search_term_string}"},"query-input":"required name=search_term_string"}],"inLanguage":"de"},{"@type":"Person","@id":"https:\/\/www.naturparkmagazin.de\/stechlin\/#\/schema\/person\/3f0d93203df21c806dd63c76d9bb28bc","name":"marioschrumpf","url":"https:\/\/www.naturparkmagazin.de\/stechlin\/author\/marioschrumpf\/"}]}},"_links":{"self":[{"href":"https:\/\/www.naturparkmagazin.de\/stechlin\/wp-json\/wp\/v2\/posts\/5708"}],"collection":[{"href":"https:\/\/www.naturparkmagazin.de\/stechlin\/wp-json\/wp\/v2\/posts"}],"about":[{"href":"https:\/\/www.naturparkmagazin.de\/stechlin\/wp-json\/wp\/v2\/types\/post"}],"author":[{"embeddable":true,"href":"https:\/\/www.naturparkmagazin.de\/stechlin\/wp-json\/wp\/v2\/users\/39"}],"replies":[{"embeddable":true,"href":"https:\/\/www.naturparkmagazin.de\/stechlin\/wp-json\/wp\/v2\/comments?post=5708"}],"version-history":[{"count":4,"href":"https:\/\/www.naturparkmagazin.de\/stechlin\/wp-json\/wp\/v2\/posts\/5708\/revisions"}],"predecessor-version":[{"id":5728,"href":"https:\/\/www.naturparkmagazin.de\/stechlin\/wp-json\/wp\/v2\/posts\/5708\/revisions\/5728"}],"wp:featuredmedia":[{"embeddable":true,"href":"https:\/\/www.naturparkmagazin.de\/stechlin\/wp-json\/wp\/v2\/media\/5709"}],"wp:attachment":[{"href":"https:\/\/www.naturparkmagazin.de\/stechlin\/wp-json\/wp\/v2\/media?parent=5708"}],"wp:term":[{"taxonomy":"category","embeddable":true,"href":"https:\/\/www.naturparkmagazin.de\/stechlin\/wp-json\/wp\/v2\/categories?post=5708"},{"taxonomy":"post_tag","embeddable":true,"href":"https:\/\/www.naturparkmagazin.de\/stechlin\/wp-json\/wp\/v2\/tags?post=5708"}],"curies":[{"name":"wp","href":"https:\/\/api.w.org\/{rel}","templated":true}]}}