{"id":5740,"date":"2017-05-16T15:08:09","date_gmt":"2017-05-16T13:08:09","guid":{"rendered":"http:\/\/www.naturparkmagazin.de\/stechlin\/?p=5740"},"modified":"2017-05-22T15:30:17","modified_gmt":"2017-05-22T13:30:17","slug":"anwandern-in-der-kyritz-ruppiner-heide-2","status":"publish","type":"post","link":"https:\/\/www.naturparkmagazin.de\/stechlin\/anwandern-in-der-kyritz-ruppiner-heide-2\/","title":{"rendered":"Anwandern in der Kyritz-Ruppiner Heide"},"content":{"rendered":"<p>OPR-Landrat Ralf Reinhard er\u00f6ffnete am 19. Mai zwischen Rossow und Pfalzheim einen weiteren Abschnitt des Heidewanderweges.<\/p>\n<div id=\"attachment_5763\" style=\"width: 310px\" class=\"wp-caption alignleft\"><a href=\"https:\/\/www.naturparkmagazin.de\/stechlin\/wp-content\/uploads\/sites\/38\/begr\u00fc\u00dfung-durch-landrat.jpg\"><img aria-describedby=\"caption-attachment-5763\" decoding=\"async\" loading=\"lazy\" class=\"size-thumbnail wp-image-5763\" src=\"https:\/\/www.naturparkmagazin.de\/stechlin\/wp-content\/uploads\/sites\/38\/begr\u00fc\u00dfung-durch-landrat-300x180.jpg\" alt=\"&quot;Begr\u00fc\u00dfung durch den Landrat Ralf Reinhard an der Rossower Kirche&quot;\" width=\"300\" height=\"180\" srcset=\"https:\/\/www.naturparkmagazin.de\/stechlin\/wp-content\/uploads\/sites\/38\/begr\u00fc\u00dfung-durch-landrat-300x180.jpg 300w, https:\/\/www.naturparkmagazin.de\/stechlin\/wp-content\/uploads\/sites\/38\/begr\u00fc\u00dfung-durch-landrat.jpg 500w, https:\/\/www.naturparkmagazin.de\/stechlin\/wp-content\/uploads\/sites\/38\/begr\u00fc\u00dfung-durch-landrat-200x120.jpg 200w\" sizes=\"(max-width: 300px) 100vw, 300px\" \/><\/a><p id=\"caption-attachment-5763\" class=\"wp-caption-text\">Begr\u00fc\u00dfung durch den Landrat Ralf Reinhard an der Rossower Kirche<\/p><\/div>\n<p>&nbsp;<\/p>\n<p>&nbsp;<\/p>\n<p>&nbsp;<\/p>\n<p>&nbsp;<\/p>\n<p>&nbsp;<\/p>\n<p>&nbsp;<\/p>\n<p>&nbsp;<\/p>\n<p>&nbsp;<\/p>\n<p>Damit ist jetzt eine Ost-West-Durchquerung der Kyritz-Ruppiner Heide von Neuglienicke \u00fcber den Sielmann-H\u00fcgel bis nach Rossow m\u00f6glich. Startpunkt war die Kirche in Rossow mit \u00fcber 500 Jahre alter Ausmalung. Ralf Reinhard begr\u00fc\u00dfte hier die ca. 60 Teilnehmer.<\/p>\n<div id=\"attachment_5764\" style=\"width: 310px\" class=\"wp-caption alignleft\"><a href=\"https:\/\/www.naturparkmagazin.de\/stechlin\/wp-content\/uploads\/sites\/38\/symbolische-\u00f6ffnung-der-schranke.jpg\"><img aria-describedby=\"caption-attachment-5764\" decoding=\"async\" loading=\"lazy\" class=\"size-thumbnail wp-image-5764\" src=\"https:\/\/www.naturparkmagazin.de\/stechlin\/wp-content\/uploads\/sites\/38\/symbolische-\u00f6ffnung-der-schranke-300x180.jpg\" alt=\"&quot;Symbolische \u00d6ffnung der Schranke&quot;\" width=\"300\" height=\"180\" srcset=\"https:\/\/www.naturparkmagazin.de\/stechlin\/wp-content\/uploads\/sites\/38\/symbolische-\u00f6ffnung-der-schranke-300x180.jpg 300w, https:\/\/www.naturparkmagazin.de\/stechlin\/wp-content\/uploads\/sites\/38\/symbolische-\u00f6ffnung-der-schranke.jpg 500w, https:\/\/www.naturparkmagazin.de\/stechlin\/wp-content\/uploads\/sites\/38\/symbolische-\u00f6ffnung-der-schranke-200x120.jpg 200w\" sizes=\"(max-width: 300px) 100vw, 300px\" \/><\/a><p id=\"caption-attachment-5764\" class=\"wp-caption-text\">Symbolische \u00d6ffnung der Schranke<\/p><\/div>\n<p>&nbsp;<\/p>\n<p>&nbsp;<\/p>\n<p>&nbsp;<\/p>\n<p>&nbsp;<\/p>\n<p>&nbsp;<\/p>\n<p>&nbsp;<\/p>\n<p>&nbsp;<\/p>\n<p>&nbsp;<\/p>\n<p>Anschlie\u00dfend wanderten alle die ca. 3,5 km lange Strecke bis zur Ziegenmelker-Rasth\u00fctte. Dort erwarteten die ausgebildeten Natur- und Landschaftsf\u00fchrer die Wanderer mit einem Heidepicknick.<\/p>\n<div id=\"attachment_5761\" style=\"width: 310px\" class=\"wp-caption alignleft\"><a href=\"https:\/\/www.naturparkmagazin.de\/stechlin\/wp-content\/uploads\/sites\/38\/z\u00fcnftiges-heidepicknick.jpg\"><img aria-describedby=\"caption-attachment-5761\" decoding=\"async\" loading=\"lazy\" class=\"size-thumbnail wp-image-5761\" src=\"https:\/\/www.naturparkmagazin.de\/stechlin\/wp-content\/uploads\/sites\/38\/z\u00fcnftiges-heidepicknick-300x180.jpg\" alt=\"&quot;Z\u00fcnftiges Heidepicknick&quot;\" width=\"300\" height=\"180\" srcset=\"https:\/\/www.naturparkmagazin.de\/stechlin\/wp-content\/uploads\/sites\/38\/z\u00fcnftiges-heidepicknick-300x180.jpg 300w, https:\/\/www.naturparkmagazin.de\/stechlin\/wp-content\/uploads\/sites\/38\/z\u00fcnftiges-heidepicknick.jpg 500w, https:\/\/www.naturparkmagazin.de\/stechlin\/wp-content\/uploads\/sites\/38\/z\u00fcnftiges-heidepicknick-200x120.jpg 200w\" sizes=\"(max-width: 300px) 100vw, 300px\" \/><\/a><p id=\"caption-attachment-5761\" class=\"wp-caption-text\">Z\u00fcnftiges Heidepicknick<\/p><\/div>\n<p>&nbsp;<\/p>\n<p>&nbsp;<\/p>\n<p>&nbsp;<\/p>\n<p>&nbsp;<\/p>\n<p>&nbsp;<\/p>\n<p>&nbsp;<\/p>\n<p>&nbsp;<\/p>\n<p>&nbsp;<\/p>\n<p>Regionale Produkte, wie das Heidebier von Torsten Stelly wurden angeboten. Wer wollte, konnte mit Natur- und Landschaftsf\u00fchrer J\u00fcrgen Strache noch bis zum Sielmann-H\u00fcgel den kompletten neuen Abschnitt erwandern.<\/p>\n<div id=\"attachment_5762\" style=\"width: 310px\" class=\"wp-caption alignleft\"><a href=\"https:\/\/www.naturparkmagazin.de\/stechlin\/wp-content\/uploads\/sites\/38\/prototyp-besucherleitsystem.jpg\"><img aria-describedby=\"caption-attachment-5762\" decoding=\"async\" loading=\"lazy\" class=\"size-thumbnail wp-image-5762\" src=\"https:\/\/www.naturparkmagazin.de\/stechlin\/wp-content\/uploads\/sites\/38\/prototyp-besucherleitsystem-300x500.jpg\" alt=\"&quot;Prototyp des neuen Besucherleitsystems&quot;\" width=\"300\" height=\"500\" srcset=\"https:\/\/www.naturparkmagazin.de\/stechlin\/wp-content\/uploads\/sites\/38\/prototyp-besucherleitsystem.jpg 300w, https:\/\/www.naturparkmagazin.de\/stechlin\/wp-content\/uploads\/sites\/38\/prototyp-besucherleitsystem-200x333.jpg 200w\" sizes=\"(max-width: 300px) 100vw, 300px\" \/><\/a><p id=\"caption-attachment-5762\" class=\"wp-caption-text\">Prototyp des neuen Besucherleitsystems<\/p><\/div>\n<p>&nbsp;<\/p>\n<p>&nbsp;<\/p>\n<p>&nbsp;<\/p>\n<p>&nbsp;<\/p>\n<p>&nbsp;<\/p>\n<p>&nbsp;<\/p>\n<p>&nbsp;<\/p>\n<p>&nbsp;<\/p>\n<p>&nbsp;<\/p>\n<p>&nbsp;<\/p>\n<p>&nbsp;<\/p>\n<p>&nbsp;<\/p>\n<p>&nbsp;<\/p>\n<p>&nbsp;<\/p>\n<p>&nbsp;<\/p>\n<p><a href=\"https:\/\/www.naturparkmagazin.de\/stechlin\/wp-content\/uploads\/sites\/38\/Logo-KRH.jpg\"><img decoding=\"async\" loading=\"lazy\" class=\"alignleft size-thumbnail wp-image-4989\" src=\"https:\/\/www.naturparkmagazin.de\/stechlin\/wp-content\/uploads\/sites\/38\/Logo-KRH-300x206.jpg\" alt=\"NP SRL\/Rene Enter\" width=\"300\" height=\"206\" srcset=\"https:\/\/www.naturparkmagazin.de\/stechlin\/wp-content\/uploads\/sites\/38\/Logo-KRH-300x206.jpg 300w, https:\/\/www.naturparkmagazin.de\/stechlin\/wp-content\/uploads\/sites\/38\/Logo-KRH.jpg 500w, https:\/\/www.naturparkmagazin.de\/stechlin\/wp-content\/uploads\/sites\/38\/Logo-KRH-200x138.jpg 200w\" sizes=\"(max-width: 300px) 100vw, 300px\" \/>\n<\/a><\/p>\n<p>&nbsp;<\/p>\n","protected":false},"excerpt":{"rendered":"<p>OPR-Landrat Ralf Reinhard er\u00f6ffnete am 19. Mai zwischen Rossow und Pfalzheim einen weiteren Abschnitt des Heidewanderweges.<\/p>\n","protected":false},"author":39,"featured_media":5753,"comment_status":"open","ping_status":"open","sticky":false,"template":"","format":"standard","meta":[],"categories":[7],"tags":[],"yoast_head":"<!-- This site is optimized with the Yoast SEO plugin v19.10 - https:\/\/yoast.com\/wordpress\/plugins\/seo\/ -->\n<title>Anwandern in der Kyritz-Ruppiner Heide - Naturpark Stechlin-Ruppiner Land<\/title>\n<meta name=\"robots\" content=\"index, follow, max-snippet:-1, max-image-preview:large, max-video-preview:-1\" \/>\n<link rel=\"canonical\" href=\"https:\/\/www.naturparkmagazin.de\/stechlin\/anwandern-in-der-kyritz-ruppiner-heide-2\/\" \/>\n<meta property=\"og:locale\" content=\"de_DE\" \/>\n<meta property=\"og:type\" content=\"article\" \/>\n<meta property=\"og:title\" content=\"Anwandern in der Kyritz-Ruppiner Heide - Naturpark Stechlin-Ruppiner Land\" \/>\n<meta property=\"og:description\" content=\"OPR-Landrat Ralf Reinhard er\u00f6ffnete am 19. Mai zwischen Rossow und Pfalzheim einen weiteren Abschnitt des Heidewanderweges.\" \/>\n<meta property=\"og:url\" content=\"https:\/\/www.naturparkmagazin.de\/stechlin\/anwandern-in-der-kyritz-ruppiner-heide-2\/\" \/>\n<meta property=\"og:site_name\" content=\"Naturpark Stechlin-Ruppiner Land\" \/>\n<meta property=\"article:published_time\" content=\"2017-05-16T13:08:09+00:00\" \/>\n<meta property=\"article:modified_time\" content=\"2017-05-22T13:30:17+00:00\" \/>\n<meta property=\"og:image\" content=\"https:\/\/www.naturparkmagazin.de\/stechlin\/wp-content\/uploads\/sites\/38\/anwandern.jpg\" \/>\n\t<meta property=\"og:image:width\" content=\"200\" \/>\n\t<meta property=\"og:image:height\" content=\"200\" \/>\n\t<meta property=\"og:image:type\" content=\"image\/jpeg\" \/>\n<meta name=\"author\" content=\"marioschrumpf\" \/>\n<meta name=\"twitter:label1\" content=\"Verfasst von\" \/>\n\t<meta name=\"twitter:data1\" content=\"marioschrumpf\" \/>\n\t<meta name=\"twitter:label2\" content=\"Gesch\u00e4tzte Lesezeit\" \/>\n\t<meta name=\"twitter:data2\" content=\"1\u00a0Minute\" \/>\n<script type=\"application\/ld+json\" class=\"yoast-schema-graph\">{\"@context\":\"https:\/\/schema.org\",\"@graph\":[{\"@type\":\"WebPage\",\"@id\":\"https:\/\/www.naturparkmagazin.de\/stechlin\/anwandern-in-der-kyritz-ruppiner-heide-2\/\",\"url\":\"https:\/\/www.naturparkmagazin.de\/stechlin\/anwandern-in-der-kyritz-ruppiner-heide-2\/\",\"name\":\"Anwandern in der Kyritz-Ruppiner Heide - Naturpark Stechlin-Ruppiner Land\",\"isPartOf\":{\"@id\":\"https:\/\/www.naturparkmagazin.de\/stechlin\/#website\"},\"datePublished\":\"2017-05-16T13:08:09+00:00\",\"dateModified\":\"2017-05-22T13:30:17+00:00\",\"author\":{\"@id\":\"https:\/\/www.naturparkmagazin.de\/stechlin\/#\/schema\/person\/3f0d93203df21c806dd63c76d9bb28bc\"},\"breadcrumb\":{\"@id\":\"https:\/\/www.naturparkmagazin.de\/stechlin\/anwandern-in-der-kyritz-ruppiner-heide-2\/#breadcrumb\"},\"inLanguage\":\"de\",\"potentialAction\":[{\"@type\":\"ReadAction\",\"target\":[\"https:\/\/www.naturparkmagazin.de\/stechlin\/anwandern-in-der-kyritz-ruppiner-heide-2\/\"]}]},{\"@type\":\"BreadcrumbList\",\"@id\":\"https:\/\/www.naturparkmagazin.de\/stechlin\/anwandern-in-der-kyritz-ruppiner-heide-2\/#breadcrumb\",\"itemListElement\":[{\"@type\":\"ListItem\",\"position\":1,\"name\":\"Home\",\"item\":\"https:\/\/www.naturparkmagazin.de\/stechlin\/\"},{\"@type\":\"ListItem\",\"position\":2,\"name\":\"Anwandern in der Kyritz-Ruppiner Heide\"}]},{\"@type\":\"WebSite\",\"@id\":\"https:\/\/www.naturparkmagazin.de\/stechlin\/#website\",\"url\":\"https:\/\/www.naturparkmagazin.de\/stechlin\/\",\"name\":\"Naturpark Stechlin-Ruppiner Land\",\"description\":\"\",\"potentialAction\":[{\"@type\":\"SearchAction\",\"target\":{\"@type\":\"EntryPoint\",\"urlTemplate\":\"https:\/\/www.naturparkmagazin.de\/stechlin\/?s={search_term_string}\"},\"query-input\":\"required name=search_term_string\"}],\"inLanguage\":\"de\"},{\"@type\":\"Person\",\"@id\":\"https:\/\/www.naturparkmagazin.de\/stechlin\/#\/schema\/person\/3f0d93203df21c806dd63c76d9bb28bc\",\"name\":\"marioschrumpf\",\"url\":\"https:\/\/www.naturparkmagazin.de\/stechlin\/author\/marioschrumpf\/\"}]}<\/script>\n<!-- \/ Yoast SEO plugin. -->","yoast_head_json":{"title":"Anwandern in der Kyritz-Ruppiner Heide - Naturpark Stechlin-Ruppiner Land","robots":{"index":"index","follow":"follow","max-snippet":"max-snippet:-1","max-image-preview":"max-image-preview:large","max-video-preview":"max-video-preview:-1"},"canonical":"https:\/\/www.naturparkmagazin.de\/stechlin\/anwandern-in-der-kyritz-ruppiner-heide-2\/","og_locale":"de_DE","og_type":"article","og_title":"Anwandern in der Kyritz-Ruppiner Heide - Naturpark Stechlin-Ruppiner Land","og_description":"OPR-Landrat Ralf Reinhard er\u00f6ffnete am 19. Mai zwischen Rossow und Pfalzheim einen weiteren Abschnitt des Heidewanderweges.","og_url":"https:\/\/www.naturparkmagazin.de\/stechlin\/anwandern-in-der-kyritz-ruppiner-heide-2\/","og_site_name":"Naturpark Stechlin-Ruppiner Land","article_published_time":"2017-05-16T13:08:09+00:00","article_modified_time":"2017-05-22T13:30:17+00:00","og_image":[{"width":200,"height":200,"url":"https:\/\/www.naturparkmagazin.de\/stechlin\/wp-content\/uploads\/sites\/38\/anwandern.jpg","type":"image\/jpeg"}],"author":"marioschrumpf","twitter_misc":{"Verfasst von":"marioschrumpf","Gesch\u00e4tzte Lesezeit":"1\u00a0Minute"},"schema":{"@context":"https:\/\/schema.org","@graph":[{"@type":"WebPage","@id":"https:\/\/www.naturparkmagazin.de\/stechlin\/anwandern-in-der-kyritz-ruppiner-heide-2\/","url":"https:\/\/www.naturparkmagazin.de\/stechlin\/anwandern-in-der-kyritz-ruppiner-heide-2\/","name":"Anwandern in der Kyritz-Ruppiner Heide - Naturpark Stechlin-Ruppiner Land","isPartOf":{"@id":"https:\/\/www.naturparkmagazin.de\/stechlin\/#website"},"datePublished":"2017-05-16T13:08:09+00:00","dateModified":"2017-05-22T13:30:17+00:00","author":{"@id":"https:\/\/www.naturparkmagazin.de\/stechlin\/#\/schema\/person\/3f0d93203df21c806dd63c76d9bb28bc"},"breadcrumb":{"@id":"https:\/\/www.naturparkmagazin.de\/stechlin\/anwandern-in-der-kyritz-ruppiner-heide-2\/#breadcrumb"},"inLanguage":"de","potentialAction":[{"@type":"ReadAction","target":["https:\/\/www.naturparkmagazin.de\/stechlin\/anwandern-in-der-kyritz-ruppiner-heide-2\/"]}]},{"@type":"BreadcrumbList","@id":"https:\/\/www.naturparkmagazin.de\/stechlin\/anwandern-in-der-kyritz-ruppiner-heide-2\/#breadcrumb","itemListElement":[{"@type":"ListItem","position":1,"name":"Home","item":"https:\/\/www.naturparkmagazin.de\/stechlin\/"},{"@type":"ListItem","position":2,"name":"Anwandern in der Kyritz-Ruppiner Heide"}]},{"@type":"WebSite","@id":"https:\/\/www.naturparkmagazin.de\/stechlin\/#website","url":"https:\/\/www.naturparkmagazin.de\/stechlin\/","name":"Naturpark Stechlin-Ruppiner Land","description":"","potentialAction":[{"@type":"SearchAction","target":{"@type":"EntryPoint","urlTemplate":"https:\/\/www.naturparkmagazin.de\/stechlin\/?s={search_term_string}"},"query-input":"required name=search_term_string"}],"inLanguage":"de"},{"@type":"Person","@id":"https:\/\/www.naturparkmagazin.de\/stechlin\/#\/schema\/person\/3f0d93203df21c806dd63c76d9bb28bc","name":"marioschrumpf","url":"https:\/\/www.naturparkmagazin.de\/stechlin\/author\/marioschrumpf\/"}]}},"_links":{"self":[{"href":"https:\/\/www.naturparkmagazin.de\/stechlin\/wp-json\/wp\/v2\/posts\/5740"}],"collection":[{"href":"https:\/\/www.naturparkmagazin.de\/stechlin\/wp-json\/wp\/v2\/posts"}],"about":[{"href":"https:\/\/www.naturparkmagazin.de\/stechlin\/wp-json\/wp\/v2\/types\/post"}],"author":[{"embeddable":true,"href":"https:\/\/www.naturparkmagazin.de\/stechlin\/wp-json\/wp\/v2\/users\/39"}],"replies":[{"embeddable":true,"href":"https:\/\/www.naturparkmagazin.de\/stechlin\/wp-json\/wp\/v2\/comments?post=5740"}],"version-history":[{"count":6,"href":"https:\/\/www.naturparkmagazin.de\/stechlin\/wp-json\/wp\/v2\/posts\/5740\/revisions"}],"predecessor-version":[{"id":5774,"href":"https:\/\/www.naturparkmagazin.de\/stechlin\/wp-json\/wp\/v2\/posts\/5740\/revisions\/5774"}],"wp:featuredmedia":[{"embeddable":true,"href":"https:\/\/www.naturparkmagazin.de\/stechlin\/wp-json\/wp\/v2\/media\/5753"}],"wp:attachment":[{"href":"https:\/\/www.naturparkmagazin.de\/stechlin\/wp-json\/wp\/v2\/media?parent=5740"}],"wp:term":[{"taxonomy":"category","embeddable":true,"href":"https:\/\/www.naturparkmagazin.de\/stechlin\/wp-json\/wp\/v2\/categories?post=5740"},{"taxonomy":"post_tag","embeddable":true,"href":"https:\/\/www.naturparkmagazin.de\/stechlin\/wp-json\/wp\/v2\/tags?post=5740"}],"curies":[{"name":"wp","href":"https:\/\/api.w.org\/{rel}","templated":true}]}}