{"id":5783,"date":"2017-05-16T16:24:09","date_gmt":"2017-05-16T14:24:09","guid":{"rendered":"http:\/\/www.naturparkmagazin.de\/stechlin\/?p=5783"},"modified":"2017-05-22T16:29:32","modified_gmt":"2017-05-22T14:29:32","slug":"biohof-kepos-eroeffnete-regionalladen","status":"publish","type":"post","link":"https:\/\/www.naturparkmagazin.de\/stechlin\/biohof-kepos-eroeffnete-regionalladen\/","title":{"rendered":"Biohof KEPOS er\u00f6ffnete Regionalladen"},"content":{"rendered":"<p>Das Jungunternehmen &#8222;Drei Jahreszeiten&#8220; er\u00f6ffnete Ende April in Altglobsow eine Schaumanufaktur.<\/p>\n<p>&nbsp;<\/p>\n<div id=\"attachment_5789\" style=\"width: 310px\" class=\"wp-caption alignleft\"><a href=\"https:\/\/www.naturparkmagazin.de\/stechlin\/wp-content\/uploads\/sites\/38\/regioonalladen-leo-und-frank.jpg\"><img aria-describedby=\"caption-attachment-5789\" decoding=\"async\" loading=\"lazy\" class=\"size-thumbnail wp-image-5789\" src=\"https:\/\/www.naturparkmagazin.de\/stechlin\/wp-content\/uploads\/sites\/38\/regioonalladen-leo-und-frank-300x180.jpg\" alt=\"Leo Tiede und Frank Rumpe im Regionalladen\" width=\"300\" height=\"180\" srcset=\"https:\/\/www.naturparkmagazin.de\/stechlin\/wp-content\/uploads\/sites\/38\/regioonalladen-leo-und-frank-300x180.jpg 300w, https:\/\/www.naturparkmagazin.de\/stechlin\/wp-content\/uploads\/sites\/38\/regioonalladen-leo-und-frank.jpg 500w, https:\/\/www.naturparkmagazin.de\/stechlin\/wp-content\/uploads\/sites\/38\/regioonalladen-leo-und-frank-200x120.jpg 200w\" sizes=\"(max-width: 300px) 100vw, 300px\" \/><\/a><p id=\"caption-attachment-5789\" class=\"wp-caption-text\">Leo Tiede und Frank Rumpe im Regionalladen<\/p><\/div>\n<p>&nbsp;<\/p>\n<p>&nbsp;<\/p>\n<p>&nbsp;<\/p>\n<p>&nbsp;<\/p>\n<p>&nbsp;<\/p>\n<p>&nbsp;<\/p>\n<div id=\"attachment_5788\" style=\"width: 310px\" class=\"wp-caption alignleft\"><a href=\"https:\/\/www.naturparkmagazin.de\/stechlin\/wp-content\/uploads\/sites\/38\/susanne-und-helfer.jpg\"><img aria-describedby=\"caption-attachment-5788\" decoding=\"async\" loading=\"lazy\" class=\"size-thumbnail wp-image-5788\" src=\"https:\/\/www.naturparkmagazin.de\/stechlin\/wp-content\/uploads\/sites\/38\/susanne-und-helfer-300x180.jpg\" alt=\"Susanne Ludwig (Mitte) und ihre flei\u00dfigen Helferinnen hatten alle H\u00e4nde voll zu tun\" width=\"300\" height=\"180\" srcset=\"https:\/\/www.naturparkmagazin.de\/stechlin\/wp-content\/uploads\/sites\/38\/susanne-und-helfer-300x180.jpg 300w, https:\/\/www.naturparkmagazin.de\/stechlin\/wp-content\/uploads\/sites\/38\/susanne-und-helfer.jpg 500w, https:\/\/www.naturparkmagazin.de\/stechlin\/wp-content\/uploads\/sites\/38\/susanne-und-helfer-200x120.jpg 200w\" sizes=\"(max-width: 300px) 100vw, 300px\" \/><\/a><p id=\"caption-attachment-5788\" class=\"wp-caption-text\">Susanne Ludwig (Mitte) und ihre flei\u00dfigen Helferinnen hatten alle H\u00e4nde voll zu tun<\/p><\/div>\n<p>&nbsp;<\/p>\n<p>&nbsp;<\/p>\n<p>&nbsp;<\/p>\n<p>&nbsp;<\/p>\n<p>&nbsp;<\/p>\n<p>&nbsp;<\/p>\n<p>&nbsp;<\/p>\n<p>&nbsp;<\/p>\n<p>&nbsp;<\/p>\n<p>&nbsp;<\/p>\n<p>In Zusammenarbeit mit Frank Rumpe vom KEPOS-Hof entstand eine Produktionsst\u00e4tte f\u00fcr die Herstellung von Marmeladen, Aufstrichen und S\u00e4ften mit angeschlossenem Regionalladen.<\/p>\n<div id=\"attachment_5786\" style=\"width: 310px\" class=\"wp-caption alignleft\"><a href=\"https:\/\/www.naturparkmagazin.de\/stechlin\/wp-content\/uploads\/sites\/38\/verkostung-fruchtaufstriche.jpg\"><img aria-describedby=\"caption-attachment-5786\" decoding=\"async\" loading=\"lazy\" class=\"size-thumbnail wp-image-5786\" src=\"https:\/\/www.naturparkmagazin.de\/stechlin\/wp-content\/uploads\/sites\/38\/verkostung-fruchtaufstriche-300x180.jpg\" alt=\"Eine Vielzahl unterschiedlichster Fruchtaufstriche durften verkostet werden\" width=\"300\" height=\"180\" srcset=\"https:\/\/www.naturparkmagazin.de\/stechlin\/wp-content\/uploads\/sites\/38\/verkostung-fruchtaufstriche-300x180.jpg 300w, https:\/\/www.naturparkmagazin.de\/stechlin\/wp-content\/uploads\/sites\/38\/verkostung-fruchtaufstriche.jpg 500w, https:\/\/www.naturparkmagazin.de\/stechlin\/wp-content\/uploads\/sites\/38\/verkostung-fruchtaufstriche-200x120.jpg 200w\" sizes=\"(max-width: 300px) 100vw, 300px\" \/><\/a><p id=\"caption-attachment-5786\" class=\"wp-caption-text\">Eine Vielzahl unterschiedlichster Fruchtaufstriche durften verkostet werden<\/p><\/div>\n<p>&nbsp;<\/p>\n<p>&nbsp;<\/p>\n<p>&nbsp;<\/p>\n<p>&nbsp;<\/p>\n<p>&nbsp;<\/p>\n<p>&nbsp;<\/p>\n<p>&nbsp;<\/p>\n<div id=\"attachment_5787\" style=\"width: 310px\" class=\"wp-caption alignleft\"><a href=\"https:\/\/www.naturparkmagazin.de\/stechlin\/wp-content\/uploads\/sites\/38\/gew\u00e4chshaus-selbsternte.jpg\"><img aria-describedby=\"caption-attachment-5787\" decoding=\"async\" loading=\"lazy\" class=\"size-thumbnail wp-image-5787\" src=\"https:\/\/www.naturparkmagazin.de\/stechlin\/wp-content\/uploads\/sites\/38\/gew\u00e4chshaus-selbsternte-300x180.jpg\" alt=\"Die Kunden d\u00fcrfen frisches Gem\u00fcse selbst\u00e4ndig ernten\" width=\"300\" height=\"180\" srcset=\"https:\/\/www.naturparkmagazin.de\/stechlin\/wp-content\/uploads\/sites\/38\/gew\u00e4chshaus-selbsternte-300x180.jpg 300w, https:\/\/www.naturparkmagazin.de\/stechlin\/wp-content\/uploads\/sites\/38\/gew\u00e4chshaus-selbsternte.jpg 500w, https:\/\/www.naturparkmagazin.de\/stechlin\/wp-content\/uploads\/sites\/38\/gew\u00e4chshaus-selbsternte-200x120.jpg 200w\" sizes=\"(max-width: 300px) 100vw, 300px\" \/><\/a><p id=\"caption-attachment-5787\" class=\"wp-caption-text\">Die Kunden d\u00fcrfen frisches Gem\u00fcse selbstst\u00e4ndig ernten<\/p><\/div>\n<p>&nbsp;<\/p>\n<p>&nbsp;<\/p>\n<p>&nbsp;<\/p>\n<p>&nbsp;<\/p>\n<p>&nbsp;<\/p>\n<p>&nbsp;<\/p>\n<p>&nbsp;<\/p>\n<p>&nbsp;<\/p>\n<p>&nbsp;<\/p>\n<p>Der Er\u00f6ffnungstag war trotz wechselhaftem Wetter hervorragend besucht. Das beschauliche Altglobsow wurde von ungewohnt vielen Besuchern &#8222;heimgesucht&#8220;.<\/p>\n<p><strong>Wir w\u00fcnschen Susanne Ludwig, Leo Tiede und Phil Hartmann viel Erfolg mit ihrem Unternehmen!<\/strong><\/p>\n<p>&nbsp;<\/p>\n<p>&nbsp;<\/p>\n","protected":false},"excerpt":{"rendered":"<p>Das Jungunternehmen &#8222;Drei Jahreszeiten&#8220; er\u00f6ffnete Ende April in Altglobsow eine Schaumanufaktur.<\/p>\n","protected":false},"author":39,"featured_media":5785,"comment_status":"open","ping_status":"open","sticky":false,"template":"","format":"standard","meta":[],"categories":[7],"tags":[],"yoast_head":"<!-- This site is optimized with the Yoast SEO plugin v19.10 - https:\/\/yoast.com\/wordpress\/plugins\/seo\/ -->\n<title>Biohof KEPOS er\u00f6ffnete Regionalladen - Naturpark Stechlin-Ruppiner Land<\/title>\n<meta name=\"robots\" content=\"index, follow, max-snippet:-1, max-image-preview:large, max-video-preview:-1\" \/>\n<link rel=\"canonical\" href=\"https:\/\/www.naturparkmagazin.de\/stechlin\/biohof-kepos-eroeffnete-regionalladen\/\" \/>\n<meta property=\"og:locale\" content=\"de_DE\" \/>\n<meta property=\"og:type\" content=\"article\" \/>\n<meta property=\"og:title\" content=\"Biohof KEPOS er\u00f6ffnete Regionalladen - Naturpark Stechlin-Ruppiner Land\" \/>\n<meta property=\"og:description\" content=\"Das Jungunternehmen &quot;Drei Jahreszeiten&quot; er\u00f6ffnete Ende April in Altglobsow eine Schaumanufaktur.\" \/>\n<meta property=\"og:url\" content=\"https:\/\/www.naturparkmagazin.de\/stechlin\/biohof-kepos-eroeffnete-regionalladen\/\" \/>\n<meta property=\"og:site_name\" content=\"Naturpark Stechlin-Ruppiner Land\" \/>\n<meta property=\"article:published_time\" content=\"2017-05-16T14:24:09+00:00\" \/>\n<meta property=\"article:modified_time\" content=\"2017-05-22T14:29:32+00:00\" \/>\n<meta property=\"og:image\" content=\"https:\/\/www.naturparkmagazin.de\/stechlin\/wp-content\/uploads\/sites\/38\/regionalladen.jpg\" \/>\n\t<meta property=\"og:image:width\" content=\"200\" \/>\n\t<meta property=\"og:image:height\" content=\"200\" \/>\n\t<meta property=\"og:image:type\" content=\"image\/jpeg\" \/>\n<meta name=\"author\" content=\"marioschrumpf\" \/>\n<meta name=\"twitter:label1\" content=\"Verfasst von\" \/>\n\t<meta name=\"twitter:data1\" content=\"marioschrumpf\" \/>\n\t<meta name=\"twitter:label2\" content=\"Gesch\u00e4tzte Lesezeit\" \/>\n\t<meta name=\"twitter:data2\" content=\"1\u00a0Minute\" \/>\n<script type=\"application\/ld+json\" class=\"yoast-schema-graph\">{\"@context\":\"https:\/\/schema.org\",\"@graph\":[{\"@type\":\"WebPage\",\"@id\":\"https:\/\/www.naturparkmagazin.de\/stechlin\/biohof-kepos-eroeffnete-regionalladen\/\",\"url\":\"https:\/\/www.naturparkmagazin.de\/stechlin\/biohof-kepos-eroeffnete-regionalladen\/\",\"name\":\"Biohof KEPOS er\u00f6ffnete Regionalladen - Naturpark Stechlin-Ruppiner Land\",\"isPartOf\":{\"@id\":\"https:\/\/www.naturparkmagazin.de\/stechlin\/#website\"},\"datePublished\":\"2017-05-16T14:24:09+00:00\",\"dateModified\":\"2017-05-22T14:29:32+00:00\",\"author\":{\"@id\":\"https:\/\/www.naturparkmagazin.de\/stechlin\/#\/schema\/person\/3f0d93203df21c806dd63c76d9bb28bc\"},\"breadcrumb\":{\"@id\":\"https:\/\/www.naturparkmagazin.de\/stechlin\/biohof-kepos-eroeffnete-regionalladen\/#breadcrumb\"},\"inLanguage\":\"de\",\"potentialAction\":[{\"@type\":\"ReadAction\",\"target\":[\"https:\/\/www.naturparkmagazin.de\/stechlin\/biohof-kepos-eroeffnete-regionalladen\/\"]}]},{\"@type\":\"BreadcrumbList\",\"@id\":\"https:\/\/www.naturparkmagazin.de\/stechlin\/biohof-kepos-eroeffnete-regionalladen\/#breadcrumb\",\"itemListElement\":[{\"@type\":\"ListItem\",\"position\":1,\"name\":\"Home\",\"item\":\"https:\/\/www.naturparkmagazin.de\/stechlin\/\"},{\"@type\":\"ListItem\",\"position\":2,\"name\":\"Biohof KEPOS er\u00f6ffnete Regionalladen\"}]},{\"@type\":\"WebSite\",\"@id\":\"https:\/\/www.naturparkmagazin.de\/stechlin\/#website\",\"url\":\"https:\/\/www.naturparkmagazin.de\/stechlin\/\",\"name\":\"Naturpark Stechlin-Ruppiner Land\",\"description\":\"\",\"potentialAction\":[{\"@type\":\"SearchAction\",\"target\":{\"@type\":\"EntryPoint\",\"urlTemplate\":\"https:\/\/www.naturparkmagazin.de\/stechlin\/?s={search_term_string}\"},\"query-input\":\"required name=search_term_string\"}],\"inLanguage\":\"de\"},{\"@type\":\"Person\",\"@id\":\"https:\/\/www.naturparkmagazin.de\/stechlin\/#\/schema\/person\/3f0d93203df21c806dd63c76d9bb28bc\",\"name\":\"marioschrumpf\",\"url\":\"https:\/\/www.naturparkmagazin.de\/stechlin\/author\/marioschrumpf\/\"}]}<\/script>\n<!-- \/ Yoast SEO plugin. -->","yoast_head_json":{"title":"Biohof KEPOS er\u00f6ffnete Regionalladen - Naturpark Stechlin-Ruppiner Land","robots":{"index":"index","follow":"follow","max-snippet":"max-snippet:-1","max-image-preview":"max-image-preview:large","max-video-preview":"max-video-preview:-1"},"canonical":"https:\/\/www.naturparkmagazin.de\/stechlin\/biohof-kepos-eroeffnete-regionalladen\/","og_locale":"de_DE","og_type":"article","og_title":"Biohof KEPOS er\u00f6ffnete Regionalladen - Naturpark Stechlin-Ruppiner Land","og_description":"Das Jungunternehmen \"Drei Jahreszeiten\" er\u00f6ffnete Ende April in Altglobsow eine Schaumanufaktur.","og_url":"https:\/\/www.naturparkmagazin.de\/stechlin\/biohof-kepos-eroeffnete-regionalladen\/","og_site_name":"Naturpark Stechlin-Ruppiner Land","article_published_time":"2017-05-16T14:24:09+00:00","article_modified_time":"2017-05-22T14:29:32+00:00","og_image":[{"width":200,"height":200,"url":"https:\/\/www.naturparkmagazin.de\/stechlin\/wp-content\/uploads\/sites\/38\/regionalladen.jpg","type":"image\/jpeg"}],"author":"marioschrumpf","twitter_misc":{"Verfasst von":"marioschrumpf","Gesch\u00e4tzte Lesezeit":"1\u00a0Minute"},"schema":{"@context":"https:\/\/schema.org","@graph":[{"@type":"WebPage","@id":"https:\/\/www.naturparkmagazin.de\/stechlin\/biohof-kepos-eroeffnete-regionalladen\/","url":"https:\/\/www.naturparkmagazin.de\/stechlin\/biohof-kepos-eroeffnete-regionalladen\/","name":"Biohof KEPOS er\u00f6ffnete Regionalladen - Naturpark Stechlin-Ruppiner Land","isPartOf":{"@id":"https:\/\/www.naturparkmagazin.de\/stechlin\/#website"},"datePublished":"2017-05-16T14:24:09+00:00","dateModified":"2017-05-22T14:29:32+00:00","author":{"@id":"https:\/\/www.naturparkmagazin.de\/stechlin\/#\/schema\/person\/3f0d93203df21c806dd63c76d9bb28bc"},"breadcrumb":{"@id":"https:\/\/www.naturparkmagazin.de\/stechlin\/biohof-kepos-eroeffnete-regionalladen\/#breadcrumb"},"inLanguage":"de","potentialAction":[{"@type":"ReadAction","target":["https:\/\/www.naturparkmagazin.de\/stechlin\/biohof-kepos-eroeffnete-regionalladen\/"]}]},{"@type":"BreadcrumbList","@id":"https:\/\/www.naturparkmagazin.de\/stechlin\/biohof-kepos-eroeffnete-regionalladen\/#breadcrumb","itemListElement":[{"@type":"ListItem","position":1,"name":"Home","item":"https:\/\/www.naturparkmagazin.de\/stechlin\/"},{"@type":"ListItem","position":2,"name":"Biohof KEPOS er\u00f6ffnete Regionalladen"}]},{"@type":"WebSite","@id":"https:\/\/www.naturparkmagazin.de\/stechlin\/#website","url":"https:\/\/www.naturparkmagazin.de\/stechlin\/","name":"Naturpark Stechlin-Ruppiner Land","description":"","potentialAction":[{"@type":"SearchAction","target":{"@type":"EntryPoint","urlTemplate":"https:\/\/www.naturparkmagazin.de\/stechlin\/?s={search_term_string}"},"query-input":"required name=search_term_string"}],"inLanguage":"de"},{"@type":"Person","@id":"https:\/\/www.naturparkmagazin.de\/stechlin\/#\/schema\/person\/3f0d93203df21c806dd63c76d9bb28bc","name":"marioschrumpf","url":"https:\/\/www.naturparkmagazin.de\/stechlin\/author\/marioschrumpf\/"}]}},"_links":{"self":[{"href":"https:\/\/www.naturparkmagazin.de\/stechlin\/wp-json\/wp\/v2\/posts\/5783"}],"collection":[{"href":"https:\/\/www.naturparkmagazin.de\/stechlin\/wp-json\/wp\/v2\/posts"}],"about":[{"href":"https:\/\/www.naturparkmagazin.de\/stechlin\/wp-json\/wp\/v2\/types\/post"}],"author":[{"embeddable":true,"href":"https:\/\/www.naturparkmagazin.de\/stechlin\/wp-json\/wp\/v2\/users\/39"}],"replies":[{"embeddable":true,"href":"https:\/\/www.naturparkmagazin.de\/stechlin\/wp-json\/wp\/v2\/comments?post=5783"}],"version-history":[{"count":7,"href":"https:\/\/www.naturparkmagazin.de\/stechlin\/wp-json\/wp\/v2\/posts\/5783\/revisions"}],"predecessor-version":[{"id":5794,"href":"https:\/\/www.naturparkmagazin.de\/stechlin\/wp-json\/wp\/v2\/posts\/5783\/revisions\/5794"}],"wp:featuredmedia":[{"embeddable":true,"href":"https:\/\/www.naturparkmagazin.de\/stechlin\/wp-json\/wp\/v2\/media\/5785"}],"wp:attachment":[{"href":"https:\/\/www.naturparkmagazin.de\/stechlin\/wp-json\/wp\/v2\/media?parent=5783"}],"wp:term":[{"taxonomy":"category","embeddable":true,"href":"https:\/\/www.naturparkmagazin.de\/stechlin\/wp-json\/wp\/v2\/categories?post=5783"},{"taxonomy":"post_tag","embeddable":true,"href":"https:\/\/www.naturparkmagazin.de\/stechlin\/wp-json\/wp\/v2\/tags?post=5783"}],"curies":[{"name":"wp","href":"https:\/\/api.w.org\/{rel}","templated":true}]}}