{"id":579,"date":"2013-12-16T09:02:34","date_gmt":"2013-12-16T07:02:34","guid":{"rendered":"http:\/\/www.naturparkmagazin.de\/stechlin\/?p=579"},"modified":"2013-12-19T14:36:10","modified_gmt":"2013-12-19T12:36:10","slug":"naturpark-praesentiert-sich-am-24-januar-auf-der-gruenen-woche-in-berlin","status":"publish","type":"post","link":"https:\/\/www.naturparkmagazin.de\/stechlin\/naturpark-praesentiert-sich-am-24-januar-auf-der-gruenen-woche-in-berlin\/","title":{"rendered":"Naturpark pr\u00e4sentiert sich am 24. Januar auf der Gr\u00fcnen Woche in Berlin"},"content":{"rendered":"<div id=\"attachment_581\" style=\"width: 510px\" class=\"wp-caption alignnone\"><a href=\"https:\/\/www.naturparkmagazin.de\/stechlin\/wp-content\/uploads\/sites\/38\/Gr\u00fcne-Woche.jpg\"><img aria-describedby=\"caption-attachment-581\" decoding=\"async\" loading=\"lazy\" class=\"size-full wp-image-581 \" title=\"Stand Nationale Naturlandschaften\" alt=\"Stand Nationale Naturlandschaften\" src=\"https:\/\/www.naturparkmagazin.de\/stechlin\/wp-content\/uploads\/sites\/38\/Gr\u00fcne-Woche.jpg\" width=\"500\" height=\"375\" srcset=\"https:\/\/www.naturparkmagazin.de\/stechlin\/wp-content\/uploads\/sites\/38\/Gr\u00fcne-Woche.jpg 500w, https:\/\/www.naturparkmagazin.de\/stechlin\/wp-content\/uploads\/sites\/38\/Gr\u00fcne-Woche-300x225.jpg 300w, https:\/\/www.naturparkmagazin.de\/stechlin\/wp-content\/uploads\/sites\/38\/Gr\u00fcne-Woche-420x315.jpg 420w, https:\/\/www.naturparkmagazin.de\/stechlin\/wp-content\/uploads\/sites\/38\/Gr\u00fcne-Woche-180x135.jpg 180w, https:\/\/www.naturparkmagazin.de\/stechlin\/wp-content\/uploads\/sites\/38\/Gr\u00fcne-Woche-95x71.jpg 95w, https:\/\/www.naturparkmagazin.de\/stechlin\/wp-content\/uploads\/sites\/38\/Gr\u00fcne-Woche-200x150.jpg 200w\" sizes=\"(max-width: 500px) 100vw, 500px\" \/><\/a><p id=\"caption-attachment-581\" class=\"wp-caption-text\">Stand Nationale Naturlandschaften<\/p><\/div>\n<p>Die Nationalen Naturlandschaften pr\u00e4sentieren sich allj\u00e4hrlich mit einem eignenen Stand auf der Internationalen Gr\u00fcnen Woche in Berlin. Am 24. Januar sind der Naturpark Stechlin-Ruppiner Land und die Rheinsberger Preu\u00dfenquelle zu Gast am Gemeinschaftsstand in der Brandenburg-Halle 21a.<\/p>\n<p>Jedes Gro\u00dfschutzgebiet \u00fcbernimmt f\u00fcr jeweils einen Tag die Standbetreuung gemeinsam mit einem regionalen Partner. Traditionell l\u00e4dt die Naturparkverwaltung jedes Jahr einen anderen Betrieb aus dem Naturpark ein. Die Rheinsberger Preu\u00dfenquelle pr\u00e4sentiert &#8222;Theodor&#8220; &#8211; die Mineralwasser-Hausmarke des Naturkost-Gro\u00dfh\u00e4ndlers Terra-Naturkost. Als weiteres Produkt wird das &#8222;Rheinsberger Preu\u00dfenquell &#8211; ein Mineralwasser im Premiumbereich f\u00fcr die Gastronomie vorgestellt. Beide Getr\u00e4nke werden in Rheinsberg im Herzen des Naturparks abgef\u00fcllt. Mit der H\u00e4lfte der Klarwasserseenfl\u00e4che Brandenburgs und ca.2\/3 Wald- und Forst auf der Gesamtfl\u00e4che bestehen hier gute Voraussetzungen f\u00fcr die Herstellung hochwertiger Mineralwasser.<\/p>\n","protected":false},"excerpt":{"rendered":"<p>Die Nationalen Naturlandschaften pr\u00e4sentieren sich allj\u00e4hrlich mit einem eignenen Stand auf der Internationalen Gr\u00fcnen Woche in Berlin. Am 24. Januar sind der Naturpark Stechlin-Ruppiner Land und die Rheinsberger Preu\u00dfenquelle zu Gast am Gemeinschaftsstand in der Brandenburg-Halle 21a.<\/p>\n","protected":false},"author":39,"featured_media":580,"comment_status":"open","ping_status":"open","sticky":false,"template":"","format":"standard","meta":[],"categories":[11],"tags":[],"yoast_head":"<!-- This site is optimized with the Yoast SEO plugin v19.10 - https:\/\/yoast.com\/wordpress\/plugins\/seo\/ -->\n<title>Naturpark pr\u00e4sentiert sich am 24. Januar auf der Gr\u00fcnen Woche in Berlin - Naturpark Stechlin-Ruppiner Land<\/title>\n<meta name=\"robots\" content=\"index, follow, max-snippet:-1, max-image-preview:large, max-video-preview:-1\" \/>\n<link rel=\"canonical\" href=\"https:\/\/www.naturparkmagazin.de\/stechlin\/naturpark-praesentiert-sich-am-24-januar-auf-der-gruenen-woche-in-berlin\/\" \/>\n<meta property=\"og:locale\" content=\"de_DE\" \/>\n<meta property=\"og:type\" content=\"article\" \/>\n<meta property=\"og:title\" content=\"Naturpark pr\u00e4sentiert sich am 24. Januar auf der Gr\u00fcnen Woche in Berlin - Naturpark Stechlin-Ruppiner Land\" \/>\n<meta property=\"og:description\" content=\"Die Nationalen Naturlandschaften pr\u00e4sentieren sich allj\u00e4hrlich mit einem eignenen Stand auf der Internationalen Gr\u00fcnen Woche in Berlin. Am 24. Januar sind der Naturpark Stechlin-Ruppiner Land und die Rheinsberger Preu\u00dfenquelle zu Gast am Gemeinschaftsstand in der Brandenburg-Halle 21a.\" \/>\n<meta property=\"og:url\" content=\"https:\/\/www.naturparkmagazin.de\/stechlin\/naturpark-praesentiert-sich-am-24-januar-auf-der-gruenen-woche-in-berlin\/\" \/>\n<meta property=\"og:site_name\" content=\"Naturpark Stechlin-Ruppiner Land\" \/>\n<meta property=\"article:published_time\" content=\"2013-12-16T07:02:34+00:00\" \/>\n<meta property=\"article:modified_time\" content=\"2013-12-19T12:36:10+00:00\" \/>\n<meta property=\"og:image\" content=\"https:\/\/www.naturparkmagazin.de\/stechlin\/wp-content\/uploads\/sites\/38\/Rheinsberger-Preu\u00dfenquelle.jpg\" \/>\n\t<meta property=\"og:image:width\" content=\"500\" \/>\n\t<meta property=\"og:image:height\" content=\"335\" \/>\n\t<meta property=\"og:image:type\" content=\"image\/jpeg\" \/>\n<meta name=\"author\" content=\"marioschrumpf\" \/>\n<meta name=\"twitter:label1\" content=\"Verfasst von\" \/>\n\t<meta name=\"twitter:data1\" content=\"marioschrumpf\" \/>\n\t<meta name=\"twitter:label2\" content=\"Gesch\u00e4tzte Lesezeit\" \/>\n\t<meta name=\"twitter:data2\" content=\"1\u00a0Minute\" \/>\n<script type=\"application\/ld+json\" class=\"yoast-schema-graph\">{\"@context\":\"https:\/\/schema.org\",\"@graph\":[{\"@type\":\"WebPage\",\"@id\":\"https:\/\/www.naturparkmagazin.de\/stechlin\/naturpark-praesentiert-sich-am-24-januar-auf-der-gruenen-woche-in-berlin\/\",\"url\":\"https:\/\/www.naturparkmagazin.de\/stechlin\/naturpark-praesentiert-sich-am-24-januar-auf-der-gruenen-woche-in-berlin\/\",\"name\":\"Naturpark pr\u00e4sentiert sich am 24. Januar auf der Gr\u00fcnen Woche in Berlin - Naturpark Stechlin-Ruppiner Land\",\"isPartOf\":{\"@id\":\"https:\/\/www.naturparkmagazin.de\/stechlin\/#website\"},\"datePublished\":\"2013-12-16T07:02:34+00:00\",\"dateModified\":\"2013-12-19T12:36:10+00:00\",\"author\":{\"@id\":\"https:\/\/www.naturparkmagazin.de\/stechlin\/#\/schema\/person\/3f0d93203df21c806dd63c76d9bb28bc\"},\"breadcrumb\":{\"@id\":\"https:\/\/www.naturparkmagazin.de\/stechlin\/naturpark-praesentiert-sich-am-24-januar-auf-der-gruenen-woche-in-berlin\/#breadcrumb\"},\"inLanguage\":\"de\",\"potentialAction\":[{\"@type\":\"ReadAction\",\"target\":[\"https:\/\/www.naturparkmagazin.de\/stechlin\/naturpark-praesentiert-sich-am-24-januar-auf-der-gruenen-woche-in-berlin\/\"]}]},{\"@type\":\"BreadcrumbList\",\"@id\":\"https:\/\/www.naturparkmagazin.de\/stechlin\/naturpark-praesentiert-sich-am-24-januar-auf-der-gruenen-woche-in-berlin\/#breadcrumb\",\"itemListElement\":[{\"@type\":\"ListItem\",\"position\":1,\"name\":\"Home\",\"item\":\"https:\/\/www.naturparkmagazin.de\/stechlin\/\"},{\"@type\":\"ListItem\",\"position\":2,\"name\":\"Naturpark pr\u00e4sentiert sich am 24. Januar auf der Gr\u00fcnen Woche in Berlin\"}]},{\"@type\":\"WebSite\",\"@id\":\"https:\/\/www.naturparkmagazin.de\/stechlin\/#website\",\"url\":\"https:\/\/www.naturparkmagazin.de\/stechlin\/\",\"name\":\"Naturpark Stechlin-Ruppiner Land\",\"description\":\"\",\"potentialAction\":[{\"@type\":\"SearchAction\",\"target\":{\"@type\":\"EntryPoint\",\"urlTemplate\":\"https:\/\/www.naturparkmagazin.de\/stechlin\/?s={search_term_string}\"},\"query-input\":\"required name=search_term_string\"}],\"inLanguage\":\"de\"},{\"@type\":\"Person\",\"@id\":\"https:\/\/www.naturparkmagazin.de\/stechlin\/#\/schema\/person\/3f0d93203df21c806dd63c76d9bb28bc\",\"name\":\"marioschrumpf\",\"url\":\"https:\/\/www.naturparkmagazin.de\/stechlin\/author\/marioschrumpf\/\"}]}<\/script>\n<!-- \/ Yoast SEO plugin. -->","yoast_head_json":{"title":"Naturpark pr\u00e4sentiert sich am 24. Januar auf der Gr\u00fcnen Woche in Berlin - Naturpark Stechlin-Ruppiner Land","robots":{"index":"index","follow":"follow","max-snippet":"max-snippet:-1","max-image-preview":"max-image-preview:large","max-video-preview":"max-video-preview:-1"},"canonical":"https:\/\/www.naturparkmagazin.de\/stechlin\/naturpark-praesentiert-sich-am-24-januar-auf-der-gruenen-woche-in-berlin\/","og_locale":"de_DE","og_type":"article","og_title":"Naturpark pr\u00e4sentiert sich am 24. Januar auf der Gr\u00fcnen Woche in Berlin - Naturpark Stechlin-Ruppiner Land","og_description":"Die Nationalen Naturlandschaften pr\u00e4sentieren sich allj\u00e4hrlich mit einem eignenen Stand auf der Internationalen Gr\u00fcnen Woche in Berlin. Am 24. Januar sind der Naturpark Stechlin-Ruppiner Land und die Rheinsberger Preu\u00dfenquelle zu Gast am Gemeinschaftsstand in der Brandenburg-Halle 21a.","og_url":"https:\/\/www.naturparkmagazin.de\/stechlin\/naturpark-praesentiert-sich-am-24-januar-auf-der-gruenen-woche-in-berlin\/","og_site_name":"Naturpark Stechlin-Ruppiner Land","article_published_time":"2013-12-16T07:02:34+00:00","article_modified_time":"2013-12-19T12:36:10+00:00","og_image":[{"width":500,"height":335,"url":"https:\/\/www.naturparkmagazin.de\/stechlin\/wp-content\/uploads\/sites\/38\/Rheinsberger-Preu\u00dfenquelle.jpg","type":"image\/jpeg"}],"author":"marioschrumpf","twitter_misc":{"Verfasst von":"marioschrumpf","Gesch\u00e4tzte Lesezeit":"1\u00a0Minute"},"schema":{"@context":"https:\/\/schema.org","@graph":[{"@type":"WebPage","@id":"https:\/\/www.naturparkmagazin.de\/stechlin\/naturpark-praesentiert-sich-am-24-januar-auf-der-gruenen-woche-in-berlin\/","url":"https:\/\/www.naturparkmagazin.de\/stechlin\/naturpark-praesentiert-sich-am-24-januar-auf-der-gruenen-woche-in-berlin\/","name":"Naturpark pr\u00e4sentiert sich am 24. Januar auf der Gr\u00fcnen Woche in Berlin - Naturpark Stechlin-Ruppiner Land","isPartOf":{"@id":"https:\/\/www.naturparkmagazin.de\/stechlin\/#website"},"datePublished":"2013-12-16T07:02:34+00:00","dateModified":"2013-12-19T12:36:10+00:00","author":{"@id":"https:\/\/www.naturparkmagazin.de\/stechlin\/#\/schema\/person\/3f0d93203df21c806dd63c76d9bb28bc"},"breadcrumb":{"@id":"https:\/\/www.naturparkmagazin.de\/stechlin\/naturpark-praesentiert-sich-am-24-januar-auf-der-gruenen-woche-in-berlin\/#breadcrumb"},"inLanguage":"de","potentialAction":[{"@type":"ReadAction","target":["https:\/\/www.naturparkmagazin.de\/stechlin\/naturpark-praesentiert-sich-am-24-januar-auf-der-gruenen-woche-in-berlin\/"]}]},{"@type":"BreadcrumbList","@id":"https:\/\/www.naturparkmagazin.de\/stechlin\/naturpark-praesentiert-sich-am-24-januar-auf-der-gruenen-woche-in-berlin\/#breadcrumb","itemListElement":[{"@type":"ListItem","position":1,"name":"Home","item":"https:\/\/www.naturparkmagazin.de\/stechlin\/"},{"@type":"ListItem","position":2,"name":"Naturpark pr\u00e4sentiert sich am 24. Januar auf der Gr\u00fcnen Woche in Berlin"}]},{"@type":"WebSite","@id":"https:\/\/www.naturparkmagazin.de\/stechlin\/#website","url":"https:\/\/www.naturparkmagazin.de\/stechlin\/","name":"Naturpark Stechlin-Ruppiner Land","description":"","potentialAction":[{"@type":"SearchAction","target":{"@type":"EntryPoint","urlTemplate":"https:\/\/www.naturparkmagazin.de\/stechlin\/?s={search_term_string}"},"query-input":"required name=search_term_string"}],"inLanguage":"de"},{"@type":"Person","@id":"https:\/\/www.naturparkmagazin.de\/stechlin\/#\/schema\/person\/3f0d93203df21c806dd63c76d9bb28bc","name":"marioschrumpf","url":"https:\/\/www.naturparkmagazin.de\/stechlin\/author\/marioschrumpf\/"}]}},"_links":{"self":[{"href":"https:\/\/www.naturparkmagazin.de\/stechlin\/wp-json\/wp\/v2\/posts\/579"}],"collection":[{"href":"https:\/\/www.naturparkmagazin.de\/stechlin\/wp-json\/wp\/v2\/posts"}],"about":[{"href":"https:\/\/www.naturparkmagazin.de\/stechlin\/wp-json\/wp\/v2\/types\/post"}],"author":[{"embeddable":true,"href":"https:\/\/www.naturparkmagazin.de\/stechlin\/wp-json\/wp\/v2\/users\/39"}],"replies":[{"embeddable":true,"href":"https:\/\/www.naturparkmagazin.de\/stechlin\/wp-json\/wp\/v2\/comments?post=579"}],"version-history":[{"count":2,"href":"https:\/\/www.naturparkmagazin.de\/stechlin\/wp-json\/wp\/v2\/posts\/579\/revisions"}],"predecessor-version":[{"id":606,"href":"https:\/\/www.naturparkmagazin.de\/stechlin\/wp-json\/wp\/v2\/posts\/579\/revisions\/606"}],"wp:featuredmedia":[{"embeddable":true,"href":"https:\/\/www.naturparkmagazin.de\/stechlin\/wp-json\/wp\/v2\/media\/580"}],"wp:attachment":[{"href":"https:\/\/www.naturparkmagazin.de\/stechlin\/wp-json\/wp\/v2\/media?parent=579"}],"wp:term":[{"taxonomy":"category","embeddable":true,"href":"https:\/\/www.naturparkmagazin.de\/stechlin\/wp-json\/wp\/v2\/categories?post=579"},{"taxonomy":"post_tag","embeddable":true,"href":"https:\/\/www.naturparkmagazin.de\/stechlin\/wp-json\/wp\/v2\/tags?post=579"}],"curies":[{"name":"wp","href":"https:\/\/api.w.org\/{rel}","templated":true}]}}