{"id":5793,"date":"2017-05-16T17:05:00","date_gmt":"2017-05-16T15:05:00","guid":{"rendered":"http:\/\/www.naturparkmagazin.de\/stechlin\/?p=5793"},"modified":"2017-05-22T17:10:09","modified_gmt":"2017-05-22T15:10:09","slug":"bereisung-im-eu-life-projekt-feuchtwaelder","status":"publish","type":"post","link":"https:\/\/www.naturparkmagazin.de\/stechlin\/bereisung-im-eu-life-projekt-feuchtwaelder\/","title":{"rendered":"Bereisung im EU-Life-Projekt Feuchtw\u00e4lder"},"content":{"rendered":"<p>Anfang Mai bereiste Cornelia Schmitz im Auftrag der EU das Projekt und informierte sich \u00fcber den Projektfortschritt.<\/p>\n<p>Auf dem Exkursionsprogramm standen u.a. das FFH-Gebiet Rheinsberger Rhin und Erweiterung sowie das FFH-Gebiet Stechlin.<\/p>\n<div id=\"attachment_5799\" style=\"width: 310px\" class=\"wp-caption alignleft\"><a href=\"https:\/\/www.naturparkmagazin.de\/stechlin\/wp-content\/uploads\/sites\/38\/wasserb\u00fcffel.jpg\"><img aria-describedby=\"caption-attachment-5799\" decoding=\"async\" loading=\"lazy\" class=\"size-thumbnail wp-image-5799\" src=\"https:\/\/www.naturparkmagazin.de\/stechlin\/wp-content\/uploads\/sites\/38\/wasserb\u00fcffel-300x180.jpg\" alt=\"Die ersten Wasserb\u00fcffel bei der Landschaftspflege\" width=\"300\" height=\"180\" srcset=\"https:\/\/www.naturparkmagazin.de\/stechlin\/wp-content\/uploads\/sites\/38\/wasserb\u00fcffel-300x180.jpg 300w, https:\/\/www.naturparkmagazin.de\/stechlin\/wp-content\/uploads\/sites\/38\/wasserb\u00fcffel.jpg 500w, https:\/\/www.naturparkmagazin.de\/stechlin\/wp-content\/uploads\/sites\/38\/wasserb\u00fcffel-200x120.jpg 200w\" sizes=\"(max-width: 300px) 100vw, 300px\" \/><\/a><p id=\"caption-attachment-5799\" class=\"wp-caption-text\">Die ersten Wasserb\u00fcffel bei der Landschaftspflege<\/p><\/div>\n<p>&nbsp;<\/p>\n<p>&nbsp;<\/p>\n<p>&nbsp;<\/p>\n<p>&nbsp;<\/p>\n<p>&nbsp;<\/p>\n<p>&nbsp;<\/p>\n<p>&nbsp;<\/p>\n<p>&nbsp;<\/p>\n<p>Im Bereich Zippelsf\u00f6rde ist geplant, Wasserb\u00fcffel zur Offenhaltung von Feuchtwiesen einzusetzen. Das EU-Life-Projekt wird hier die Deutsche Gesellschaft f\u00fcr Tiergest\u00fctzte Therapie e.V. (DGTT) beim Bau des Koppelzaunes unterst\u00fctzen. Durch die Auflassung der Fl\u00e4chen in den letzten Jahren drohten\u00a0europaweit gesch\u00fctzte Tier- und Pflanzenarten, wie z.B. die an eine extensive Beweidung angepasste &#8222;<em>Bauchige Windelschnecke<\/em>&#8220; zu verschwinden.<\/p>\n<div id=\"attachment_5801\" style=\"width: 310px\" class=\"wp-caption alignleft\"><a href=\"https:\/\/www.naturparkmagazin.de\/stechlin\/wp-content\/uploads\/sites\/38\/samenb\u00e4ume-entfernt.jpg\"><img aria-describedby=\"caption-attachment-5801\" decoding=\"async\" loading=\"lazy\" class=\"size-thumbnail wp-image-5801\" src=\"https:\/\/www.naturparkmagazin.de\/stechlin\/wp-content\/uploads\/sites\/38\/samenb\u00e4ume-entfernt-300x180.jpg\" alt=\"Am Rheinberger Rhin werden vor allem Samenb\u00e4ume entfernt\" width=\"300\" height=\"180\" srcset=\"https:\/\/www.naturparkmagazin.de\/stechlin\/wp-content\/uploads\/sites\/38\/samenb\u00e4ume-entfernt-300x180.jpg 300w, https:\/\/www.naturparkmagazin.de\/stechlin\/wp-content\/uploads\/sites\/38\/samenb\u00e4ume-entfernt.jpg 500w, https:\/\/www.naturparkmagazin.de\/stechlin\/wp-content\/uploads\/sites\/38\/samenb\u00e4ume-entfernt-200x120.jpg 200w\" sizes=\"(max-width: 300px) 100vw, 300px\" \/><\/a><p id=\"caption-attachment-5801\" class=\"wp-caption-text\">Am Rheinberger Rhin wurden vor allem Samenb\u00e4ume (Fichten) entfernt<\/p><\/div>\n<p>&nbsp;<\/p>\n<p>&nbsp;<\/p>\n<p>&nbsp;<\/p>\n<p>&nbsp;<\/p>\n<p>&nbsp;<\/p>\n<p>&nbsp;<\/p>\n<p>&nbsp;<\/p>\n<p>&nbsp;<\/p>\n<p>Im Piepenbrock-Forst Rheinshagen wurden mit Unterst\u00fctzung des EU-LIFE-Projektes in der Aue des Rheinsberger Rhins auf gr\u00f6\u00dferen Fl\u00e4chen Fichten entnommen. Die aufgrund gesunkener Grundwasserst\u00e4nde hier einwandernde Fichte dr\u00e4ngt moor- und auentypische konkurrenzschw\u00e4chere Pflanzenarten zur\u00fcck.<\/p>\n<div id=\"attachment_5800\" style=\"width: 310px\" class=\"wp-caption alignleft\"><a href=\"https:\/\/www.naturparkmagazin.de\/stechlin\/wp-content\/uploads\/sites\/38\/ringeln.jpg\"><img aria-describedby=\"caption-attachment-5800\" decoding=\"async\" loading=\"lazy\" class=\"size-thumbnail wp-image-5800\" src=\"https:\/\/www.naturparkmagazin.de\/stechlin\/wp-content\/uploads\/sites\/38\/ringeln-300x180.jpg\" alt=\"Projektleiter Michael Zauft erl\u00e4utert, wie das Ringeln funktioniert\" width=\"300\" height=\"180\" srcset=\"https:\/\/www.naturparkmagazin.de\/stechlin\/wp-content\/uploads\/sites\/38\/ringeln-300x180.jpg 300w, https:\/\/www.naturparkmagazin.de\/stechlin\/wp-content\/uploads\/sites\/38\/ringeln.jpg 500w, https:\/\/www.naturparkmagazin.de\/stechlin\/wp-content\/uploads\/sites\/38\/ringeln-200x120.jpg 200w\" sizes=\"(max-width: 300px) 100vw, 300px\" \/><\/a><p id=\"caption-attachment-5800\" class=\"wp-caption-text\">Projektleiter Michael Zauft erl\u00e4utert, wie das Ringeln funktioniert<\/p><\/div>\n<p>&nbsp;<\/p>\n<p>&nbsp;<\/p>\n<p>&nbsp;<\/p>\n<p>&nbsp;<\/p>\n<p>&nbsp;<\/p>\n<p>&nbsp;<\/p>\n<p>&nbsp;<\/p>\n<p>&nbsp;<\/p>\n<p>Auf der Fl\u00e4che der NABU-Stiftung Nationales Naturerbe am Wittwesee wurden in Moorfl\u00e4chen eingewanderte Fichten geringelt. Die im Naturpark nicht heimischen B\u00e4ume werden so zum absterben gebracht. Totholzbewohner profitieren davon genauso wie konkurrenzschw\u00e4chere Pflanzenarten.<\/p>\n<p>&nbsp;<\/p>\n<p>&nbsp;<\/p>\n","protected":false},"excerpt":{"rendered":"<p>Anfang Mai bereiste Cornelia Schmitz im Auftrag der EU das Projekt und informierte sich \u00fcber den Projektfortschritt.<\/p>\n","protected":false},"author":39,"featured_media":5798,"comment_status":"open","ping_status":"open","sticky":false,"template":"","format":"standard","meta":[],"categories":[7],"tags":[],"yoast_head":"<!-- This site is optimized with the Yoast SEO plugin v19.10 - https:\/\/yoast.com\/wordpress\/plugins\/seo\/ -->\n<title>Bereisung im EU-Life-Projekt Feuchtw\u00e4lder - Naturpark Stechlin-Ruppiner Land<\/title>\n<meta name=\"robots\" content=\"index, follow, max-snippet:-1, max-image-preview:large, max-video-preview:-1\" \/>\n<link rel=\"canonical\" href=\"https:\/\/www.naturparkmagazin.de\/stechlin\/bereisung-im-eu-life-projekt-feuchtwaelder\/\" \/>\n<meta property=\"og:locale\" content=\"de_DE\" \/>\n<meta property=\"og:type\" content=\"article\" \/>\n<meta property=\"og:title\" content=\"Bereisung im EU-Life-Projekt Feuchtw\u00e4lder - Naturpark Stechlin-Ruppiner Land\" \/>\n<meta property=\"og:description\" content=\"Anfang Mai bereiste Cornelia Schmitz im Auftrag der EU das Projekt und informierte sich \u00fcber den Projektfortschritt.\" \/>\n<meta property=\"og:url\" content=\"https:\/\/www.naturparkmagazin.de\/stechlin\/bereisung-im-eu-life-projekt-feuchtwaelder\/\" \/>\n<meta property=\"og:site_name\" content=\"Naturpark Stechlin-Ruppiner Land\" \/>\n<meta property=\"article:published_time\" content=\"2017-05-16T15:05:00+00:00\" \/>\n<meta property=\"article:modified_time\" content=\"2017-05-22T15:10:09+00:00\" \/>\n<meta property=\"og:image\" content=\"https:\/\/www.naturparkmagazin.de\/stechlin\/wp-content\/uploads\/sites\/38\/bereisung-eu-life-mai17.jpg\" \/>\n\t<meta property=\"og:image:width\" content=\"200\" \/>\n\t<meta property=\"og:image:height\" content=\"200\" \/>\n\t<meta property=\"og:image:type\" content=\"image\/jpeg\" \/>\n<meta name=\"author\" content=\"marioschrumpf\" \/>\n<meta name=\"twitter:label1\" content=\"Verfasst von\" \/>\n\t<meta name=\"twitter:data1\" content=\"marioschrumpf\" \/>\n\t<meta name=\"twitter:label2\" content=\"Gesch\u00e4tzte Lesezeit\" \/>\n\t<meta name=\"twitter:data2\" content=\"1\u00a0Minute\" \/>\n<script type=\"application\/ld+json\" class=\"yoast-schema-graph\">{\"@context\":\"https:\/\/schema.org\",\"@graph\":[{\"@type\":\"WebPage\",\"@id\":\"https:\/\/www.naturparkmagazin.de\/stechlin\/bereisung-im-eu-life-projekt-feuchtwaelder\/\",\"url\":\"https:\/\/www.naturparkmagazin.de\/stechlin\/bereisung-im-eu-life-projekt-feuchtwaelder\/\",\"name\":\"Bereisung im EU-Life-Projekt Feuchtw\u00e4lder - Naturpark Stechlin-Ruppiner Land\",\"isPartOf\":{\"@id\":\"https:\/\/www.naturparkmagazin.de\/stechlin\/#website\"},\"datePublished\":\"2017-05-16T15:05:00+00:00\",\"dateModified\":\"2017-05-22T15:10:09+00:00\",\"author\":{\"@id\":\"https:\/\/www.naturparkmagazin.de\/stechlin\/#\/schema\/person\/3f0d93203df21c806dd63c76d9bb28bc\"},\"breadcrumb\":{\"@id\":\"https:\/\/www.naturparkmagazin.de\/stechlin\/bereisung-im-eu-life-projekt-feuchtwaelder\/#breadcrumb\"},\"inLanguage\":\"de\",\"potentialAction\":[{\"@type\":\"ReadAction\",\"target\":[\"https:\/\/www.naturparkmagazin.de\/stechlin\/bereisung-im-eu-life-projekt-feuchtwaelder\/\"]}]},{\"@type\":\"BreadcrumbList\",\"@id\":\"https:\/\/www.naturparkmagazin.de\/stechlin\/bereisung-im-eu-life-projekt-feuchtwaelder\/#breadcrumb\",\"itemListElement\":[{\"@type\":\"ListItem\",\"position\":1,\"name\":\"Home\",\"item\":\"https:\/\/www.naturparkmagazin.de\/stechlin\/\"},{\"@type\":\"ListItem\",\"position\":2,\"name\":\"Bereisung im EU-Life-Projekt Feuchtw\u00e4lder\"}]},{\"@type\":\"WebSite\",\"@id\":\"https:\/\/www.naturparkmagazin.de\/stechlin\/#website\",\"url\":\"https:\/\/www.naturparkmagazin.de\/stechlin\/\",\"name\":\"Naturpark Stechlin-Ruppiner Land\",\"description\":\"\",\"potentialAction\":[{\"@type\":\"SearchAction\",\"target\":{\"@type\":\"EntryPoint\",\"urlTemplate\":\"https:\/\/www.naturparkmagazin.de\/stechlin\/?s={search_term_string}\"},\"query-input\":\"required name=search_term_string\"}],\"inLanguage\":\"de\"},{\"@type\":\"Person\",\"@id\":\"https:\/\/www.naturparkmagazin.de\/stechlin\/#\/schema\/person\/3f0d93203df21c806dd63c76d9bb28bc\",\"name\":\"marioschrumpf\",\"url\":\"https:\/\/www.naturparkmagazin.de\/stechlin\/author\/marioschrumpf\/\"}]}<\/script>\n<!-- \/ Yoast SEO plugin. -->","yoast_head_json":{"title":"Bereisung im EU-Life-Projekt Feuchtw\u00e4lder - Naturpark Stechlin-Ruppiner Land","robots":{"index":"index","follow":"follow","max-snippet":"max-snippet:-1","max-image-preview":"max-image-preview:large","max-video-preview":"max-video-preview:-1"},"canonical":"https:\/\/www.naturparkmagazin.de\/stechlin\/bereisung-im-eu-life-projekt-feuchtwaelder\/","og_locale":"de_DE","og_type":"article","og_title":"Bereisung im EU-Life-Projekt Feuchtw\u00e4lder - Naturpark Stechlin-Ruppiner Land","og_description":"Anfang Mai bereiste Cornelia Schmitz im Auftrag der EU das Projekt und informierte sich \u00fcber den Projektfortschritt.","og_url":"https:\/\/www.naturparkmagazin.de\/stechlin\/bereisung-im-eu-life-projekt-feuchtwaelder\/","og_site_name":"Naturpark Stechlin-Ruppiner Land","article_published_time":"2017-05-16T15:05:00+00:00","article_modified_time":"2017-05-22T15:10:09+00:00","og_image":[{"width":200,"height":200,"url":"https:\/\/www.naturparkmagazin.de\/stechlin\/wp-content\/uploads\/sites\/38\/bereisung-eu-life-mai17.jpg","type":"image\/jpeg"}],"author":"marioschrumpf","twitter_misc":{"Verfasst von":"marioschrumpf","Gesch\u00e4tzte Lesezeit":"1\u00a0Minute"},"schema":{"@context":"https:\/\/schema.org","@graph":[{"@type":"WebPage","@id":"https:\/\/www.naturparkmagazin.de\/stechlin\/bereisung-im-eu-life-projekt-feuchtwaelder\/","url":"https:\/\/www.naturparkmagazin.de\/stechlin\/bereisung-im-eu-life-projekt-feuchtwaelder\/","name":"Bereisung im EU-Life-Projekt Feuchtw\u00e4lder - Naturpark Stechlin-Ruppiner Land","isPartOf":{"@id":"https:\/\/www.naturparkmagazin.de\/stechlin\/#website"},"datePublished":"2017-05-16T15:05:00+00:00","dateModified":"2017-05-22T15:10:09+00:00","author":{"@id":"https:\/\/www.naturparkmagazin.de\/stechlin\/#\/schema\/person\/3f0d93203df21c806dd63c76d9bb28bc"},"breadcrumb":{"@id":"https:\/\/www.naturparkmagazin.de\/stechlin\/bereisung-im-eu-life-projekt-feuchtwaelder\/#breadcrumb"},"inLanguage":"de","potentialAction":[{"@type":"ReadAction","target":["https:\/\/www.naturparkmagazin.de\/stechlin\/bereisung-im-eu-life-projekt-feuchtwaelder\/"]}]},{"@type":"BreadcrumbList","@id":"https:\/\/www.naturparkmagazin.de\/stechlin\/bereisung-im-eu-life-projekt-feuchtwaelder\/#breadcrumb","itemListElement":[{"@type":"ListItem","position":1,"name":"Home","item":"https:\/\/www.naturparkmagazin.de\/stechlin\/"},{"@type":"ListItem","position":2,"name":"Bereisung im EU-Life-Projekt Feuchtw\u00e4lder"}]},{"@type":"WebSite","@id":"https:\/\/www.naturparkmagazin.de\/stechlin\/#website","url":"https:\/\/www.naturparkmagazin.de\/stechlin\/","name":"Naturpark Stechlin-Ruppiner Land","description":"","potentialAction":[{"@type":"SearchAction","target":{"@type":"EntryPoint","urlTemplate":"https:\/\/www.naturparkmagazin.de\/stechlin\/?s={search_term_string}"},"query-input":"required name=search_term_string"}],"inLanguage":"de"},{"@type":"Person","@id":"https:\/\/www.naturparkmagazin.de\/stechlin\/#\/schema\/person\/3f0d93203df21c806dd63c76d9bb28bc","name":"marioschrumpf","url":"https:\/\/www.naturparkmagazin.de\/stechlin\/author\/marioschrumpf\/"}]}},"_links":{"self":[{"href":"https:\/\/www.naturparkmagazin.de\/stechlin\/wp-json\/wp\/v2\/posts\/5793"}],"collection":[{"href":"https:\/\/www.naturparkmagazin.de\/stechlin\/wp-json\/wp\/v2\/posts"}],"about":[{"href":"https:\/\/www.naturparkmagazin.de\/stechlin\/wp-json\/wp\/v2\/types\/post"}],"author":[{"embeddable":true,"href":"https:\/\/www.naturparkmagazin.de\/stechlin\/wp-json\/wp\/v2\/users\/39"}],"replies":[{"embeddable":true,"href":"https:\/\/www.naturparkmagazin.de\/stechlin\/wp-json\/wp\/v2\/comments?post=5793"}],"version-history":[{"count":6,"href":"https:\/\/www.naturparkmagazin.de\/stechlin\/wp-json\/wp\/v2\/posts\/5793\/revisions"}],"predecessor-version":[{"id":5806,"href":"https:\/\/www.naturparkmagazin.de\/stechlin\/wp-json\/wp\/v2\/posts\/5793\/revisions\/5806"}],"wp:featuredmedia":[{"embeddable":true,"href":"https:\/\/www.naturparkmagazin.de\/stechlin\/wp-json\/wp\/v2\/media\/5798"}],"wp:attachment":[{"href":"https:\/\/www.naturparkmagazin.de\/stechlin\/wp-json\/wp\/v2\/media?parent=5793"}],"wp:term":[{"taxonomy":"category","embeddable":true,"href":"https:\/\/www.naturparkmagazin.de\/stechlin\/wp-json\/wp\/v2\/categories?post=5793"},{"taxonomy":"post_tag","embeddable":true,"href":"https:\/\/www.naturparkmagazin.de\/stechlin\/wp-json\/wp\/v2\/tags?post=5793"}],"curies":[{"name":"wp","href":"https:\/\/api.w.org\/{rel}","templated":true}]}}