{"id":58,"date":"2013-07-15T11:24:09","date_gmt":"2013-07-15T09:24:09","guid":{"rendered":"http:\/\/www.naturparkmagazin.de\/stechlin\/?p=58"},"modified":"2013-07-25T14:02:23","modified_gmt":"2013-07-25T12:02:23","slug":"mitallen-sinnen-geniessen","status":"publish","type":"post","link":"https:\/\/www.naturparkmagazin.de\/stechlin\/mitallen-sinnen-geniessen\/","title":{"rendered":"Mit allen Sinnen genie\u00dfen"},"content":{"rendered":"<p>Bei einer F\u00fchrung durch den Sinnesgarten am NaturParkHaus Stechlin in Menz erfahren Sie vieles \u00fcber Anwendung und Verwendung der Kr\u00e4uter. Gemeinsam bereiten wir \u00d6l und Essig mit frischen Kr\u00e4utern aus dem Garten zum mitnehmen.<\/p>\n<p>Termin: Mittwoch, 7. August + 21. August (Dauer ca. 2 h)<\/p>\n<p>Kosten: F\u00fchrung 1 \u20ac plus Materialkosten f\u00fcr \u00d6l und Essig<\/p>\n<p>&nbsp;<\/p>\n<p>&nbsp;<\/p>\n","protected":false},"excerpt":{"rendered":"<p>Bei einer F\u00fchrung durch den Sinnesgarten am NaturParkHaus Stechlin in Menz erfahren Sie vieles \u00fcber Anwendung und Verwendung der Kr\u00e4uter. Gemeinsam bereiten wir \u00d6l und Essig mit frischen Kr\u00e4utern aus dem Garten zum mitnehmen. Termin: Mittwoch, 7. August + 21. August (Dauer ca. 2 h) Kosten: F\u00fchrung 1 \u20ac plus Materialkosten f\u00fcr \u00d6l und Essig<\/p>\n","protected":false},"author":39,"featured_media":60,"comment_status":"open","ping_status":"open","sticky":false,"template":"","format":"standard","meta":[],"categories":[11],"tags":[],"yoast_head":"<!-- This site is optimized with the Yoast SEO plugin v19.10 - https:\/\/yoast.com\/wordpress\/plugins\/seo\/ -->\n<title>Mit allen Sinnen genie\u00dfen - Naturpark Stechlin-Ruppiner Land<\/title>\n<meta name=\"robots\" content=\"index, follow, max-snippet:-1, max-image-preview:large, max-video-preview:-1\" \/>\n<link rel=\"canonical\" href=\"https:\/\/www.naturparkmagazin.de\/stechlin\/mitallen-sinnen-geniessen\/\" \/>\n<meta property=\"og:locale\" content=\"de_DE\" \/>\n<meta property=\"og:type\" content=\"article\" \/>\n<meta property=\"og:title\" content=\"Mit allen Sinnen genie\u00dfen - Naturpark Stechlin-Ruppiner Land\" \/>\n<meta property=\"og:description\" content=\"Bei einer F\u00fchrung durch den Sinnesgarten am NaturParkHaus Stechlin in Menz erfahren Sie vieles \u00fcber Anwendung und Verwendung der Kr\u00e4uter. Gemeinsam bereiten wir \u00d6l und Essig mit frischen Kr\u00e4utern aus dem Garten zum mitnehmen. Termin: Mittwoch, 7. August + 21. August (Dauer ca. 2 h) Kosten: F\u00fchrung 1 \u20ac plus Materialkosten f\u00fcr \u00d6l und Essig\" \/>\n<meta property=\"og:url\" content=\"https:\/\/www.naturparkmagazin.de\/stechlin\/mitallen-sinnen-geniessen\/\" \/>\n<meta property=\"og:site_name\" content=\"Naturpark Stechlin-Ruppiner Land\" \/>\n<meta property=\"article:published_time\" content=\"2013-07-15T09:24:09+00:00\" \/>\n<meta property=\"article:modified_time\" content=\"2013-07-25T12:02:23+00:00\" \/>\n<meta property=\"og:image\" content=\"https:\/\/www.naturparkmagazin.de\/stechlin\/wp-content\/uploads\/sites\/38\/k-Kr\u00e4uterf\u00fchrung-e1436786616188.jpg\" \/>\n\t<meta property=\"og:image:width\" content=\"803\" \/>\n\t<meta property=\"og:image:height\" content=\"449\" \/>\n\t<meta property=\"og:image:type\" content=\"image\/jpeg\" \/>\n<meta name=\"author\" content=\"marioschrumpf\" \/>\n<meta name=\"twitter:label1\" content=\"Verfasst von\" \/>\n\t<meta name=\"twitter:data1\" content=\"marioschrumpf\" \/>\n<script type=\"application\/ld+json\" class=\"yoast-schema-graph\">{\"@context\":\"https:\/\/schema.org\",\"@graph\":[{\"@type\":\"WebPage\",\"@id\":\"https:\/\/www.naturparkmagazin.de\/stechlin\/mitallen-sinnen-geniessen\/\",\"url\":\"https:\/\/www.naturparkmagazin.de\/stechlin\/mitallen-sinnen-geniessen\/\",\"name\":\"Mit allen Sinnen genie\u00dfen - Naturpark Stechlin-Ruppiner Land\",\"isPartOf\":{\"@id\":\"https:\/\/www.naturparkmagazin.de\/stechlin\/#website\"},\"datePublished\":\"2013-07-15T09:24:09+00:00\",\"dateModified\":\"2013-07-25T12:02:23+00:00\",\"author\":{\"@id\":\"https:\/\/www.naturparkmagazin.de\/stechlin\/#\/schema\/person\/3f0d93203df21c806dd63c76d9bb28bc\"},\"breadcrumb\":{\"@id\":\"https:\/\/www.naturparkmagazin.de\/stechlin\/mitallen-sinnen-geniessen\/#breadcrumb\"},\"inLanguage\":\"de\",\"potentialAction\":[{\"@type\":\"ReadAction\",\"target\":[\"https:\/\/www.naturparkmagazin.de\/stechlin\/mitallen-sinnen-geniessen\/\"]}]},{\"@type\":\"BreadcrumbList\",\"@id\":\"https:\/\/www.naturparkmagazin.de\/stechlin\/mitallen-sinnen-geniessen\/#breadcrumb\",\"itemListElement\":[{\"@type\":\"ListItem\",\"position\":1,\"name\":\"Home\",\"item\":\"https:\/\/www.naturparkmagazin.de\/stechlin\/\"},{\"@type\":\"ListItem\",\"position\":2,\"name\":\"Mit allen Sinnen genie\u00dfen\"}]},{\"@type\":\"WebSite\",\"@id\":\"https:\/\/www.naturparkmagazin.de\/stechlin\/#website\",\"url\":\"https:\/\/www.naturparkmagazin.de\/stechlin\/\",\"name\":\"Naturpark Stechlin-Ruppiner Land\",\"description\":\"\",\"potentialAction\":[{\"@type\":\"SearchAction\",\"target\":{\"@type\":\"EntryPoint\",\"urlTemplate\":\"https:\/\/www.naturparkmagazin.de\/stechlin\/?s={search_term_string}\"},\"query-input\":\"required name=search_term_string\"}],\"inLanguage\":\"de\"},{\"@type\":\"Person\",\"@id\":\"https:\/\/www.naturparkmagazin.de\/stechlin\/#\/schema\/person\/3f0d93203df21c806dd63c76d9bb28bc\",\"name\":\"marioschrumpf\",\"url\":\"https:\/\/www.naturparkmagazin.de\/stechlin\/author\/marioschrumpf\/\"}]}<\/script>\n<!-- \/ Yoast SEO plugin. -->","yoast_head_json":{"title":"Mit allen Sinnen genie\u00dfen - Naturpark Stechlin-Ruppiner Land","robots":{"index":"index","follow":"follow","max-snippet":"max-snippet:-1","max-image-preview":"max-image-preview:large","max-video-preview":"max-video-preview:-1"},"canonical":"https:\/\/www.naturparkmagazin.de\/stechlin\/mitallen-sinnen-geniessen\/","og_locale":"de_DE","og_type":"article","og_title":"Mit allen Sinnen genie\u00dfen - Naturpark Stechlin-Ruppiner Land","og_description":"Bei einer F\u00fchrung durch den Sinnesgarten am NaturParkHaus Stechlin in Menz erfahren Sie vieles \u00fcber Anwendung und Verwendung der Kr\u00e4uter. Gemeinsam bereiten wir \u00d6l und Essig mit frischen Kr\u00e4utern aus dem Garten zum mitnehmen. Termin: Mittwoch, 7. August + 21. August (Dauer ca. 2 h) Kosten: F\u00fchrung 1 \u20ac plus Materialkosten f\u00fcr \u00d6l und Essig","og_url":"https:\/\/www.naturparkmagazin.de\/stechlin\/mitallen-sinnen-geniessen\/","og_site_name":"Naturpark Stechlin-Ruppiner Land","article_published_time":"2013-07-15T09:24:09+00:00","article_modified_time":"2013-07-25T12:02:23+00:00","og_image":[{"width":803,"height":449,"url":"https:\/\/www.naturparkmagazin.de\/stechlin\/wp-content\/uploads\/sites\/38\/k-Kr\u00e4uterf\u00fchrung-e1436786616188.jpg","type":"image\/jpeg"}],"author":"marioschrumpf","twitter_misc":{"Verfasst von":"marioschrumpf"},"schema":{"@context":"https:\/\/schema.org","@graph":[{"@type":"WebPage","@id":"https:\/\/www.naturparkmagazin.de\/stechlin\/mitallen-sinnen-geniessen\/","url":"https:\/\/www.naturparkmagazin.de\/stechlin\/mitallen-sinnen-geniessen\/","name":"Mit allen Sinnen genie\u00dfen - Naturpark Stechlin-Ruppiner Land","isPartOf":{"@id":"https:\/\/www.naturparkmagazin.de\/stechlin\/#website"},"datePublished":"2013-07-15T09:24:09+00:00","dateModified":"2013-07-25T12:02:23+00:00","author":{"@id":"https:\/\/www.naturparkmagazin.de\/stechlin\/#\/schema\/person\/3f0d93203df21c806dd63c76d9bb28bc"},"breadcrumb":{"@id":"https:\/\/www.naturparkmagazin.de\/stechlin\/mitallen-sinnen-geniessen\/#breadcrumb"},"inLanguage":"de","potentialAction":[{"@type":"ReadAction","target":["https:\/\/www.naturparkmagazin.de\/stechlin\/mitallen-sinnen-geniessen\/"]}]},{"@type":"BreadcrumbList","@id":"https:\/\/www.naturparkmagazin.de\/stechlin\/mitallen-sinnen-geniessen\/#breadcrumb","itemListElement":[{"@type":"ListItem","position":1,"name":"Home","item":"https:\/\/www.naturparkmagazin.de\/stechlin\/"},{"@type":"ListItem","position":2,"name":"Mit allen Sinnen genie\u00dfen"}]},{"@type":"WebSite","@id":"https:\/\/www.naturparkmagazin.de\/stechlin\/#website","url":"https:\/\/www.naturparkmagazin.de\/stechlin\/","name":"Naturpark Stechlin-Ruppiner Land","description":"","potentialAction":[{"@type":"SearchAction","target":{"@type":"EntryPoint","urlTemplate":"https:\/\/www.naturparkmagazin.de\/stechlin\/?s={search_term_string}"},"query-input":"required name=search_term_string"}],"inLanguage":"de"},{"@type":"Person","@id":"https:\/\/www.naturparkmagazin.de\/stechlin\/#\/schema\/person\/3f0d93203df21c806dd63c76d9bb28bc","name":"marioschrumpf","url":"https:\/\/www.naturparkmagazin.de\/stechlin\/author\/marioschrumpf\/"}]}},"_links":{"self":[{"href":"https:\/\/www.naturparkmagazin.de\/stechlin\/wp-json\/wp\/v2\/posts\/58"}],"collection":[{"href":"https:\/\/www.naturparkmagazin.de\/stechlin\/wp-json\/wp\/v2\/posts"}],"about":[{"href":"https:\/\/www.naturparkmagazin.de\/stechlin\/wp-json\/wp\/v2\/types\/post"}],"author":[{"embeddable":true,"href":"https:\/\/www.naturparkmagazin.de\/stechlin\/wp-json\/wp\/v2\/users\/39"}],"replies":[{"embeddable":true,"href":"https:\/\/www.naturparkmagazin.de\/stechlin\/wp-json\/wp\/v2\/comments?post=58"}],"version-history":[{"count":3,"href":"https:\/\/www.naturparkmagazin.de\/stechlin\/wp-json\/wp\/v2\/posts\/58\/revisions"}],"predecessor-version":[{"id":80,"href":"https:\/\/www.naturparkmagazin.de\/stechlin\/wp-json\/wp\/v2\/posts\/58\/revisions\/80"}],"wp:featuredmedia":[{"embeddable":true,"href":"https:\/\/www.naturparkmagazin.de\/stechlin\/wp-json\/wp\/v2\/media\/60"}],"wp:attachment":[{"href":"https:\/\/www.naturparkmagazin.de\/stechlin\/wp-json\/wp\/v2\/media?parent=58"}],"wp:term":[{"taxonomy":"category","embeddable":true,"href":"https:\/\/www.naturparkmagazin.de\/stechlin\/wp-json\/wp\/v2\/categories?post=58"},{"taxonomy":"post_tag","embeddable":true,"href":"https:\/\/www.naturparkmagazin.de\/stechlin\/wp-json\/wp\/v2\/tags?post=58"}],"curies":[{"name":"wp","href":"https:\/\/api.w.org\/{rel}","templated":true}]}}