{"id":5821,"date":"2018-06-16T20:30:37","date_gmt":"2018-06-16T18:30:37","guid":{"rendered":"http:\/\/www.naturparkmagazin.de\/stechlin\/?p=5821"},"modified":"2018-06-26T10:18:05","modified_gmt":"2018-06-26T08:18:05","slug":"mit-allen-sinnen-geniessen-oel-und-essig-selbst-gemacht","status":"publish","type":"post","link":"https:\/\/www.naturparkmagazin.de\/stechlin\/mit-allen-sinnen-geniessen-oel-und-essig-selbst-gemacht\/","title":{"rendered":"Mit allen Sinnen genie\u00dfen \u2013 \u00d6l und Essig selbst gemacht"},"content":{"rendered":"<div id=\"attachment_5822\" style=\"width: 310px\" class=\"wp-caption aligncenter\"><a href=\"https:\/\/www.naturparkmagazin.de\/stechlin\/wp-content\/uploads\/sites\/38\/Essig-Oel.jpg\"><img aria-describedby=\"caption-attachment-5822\" decoding=\"async\" loading=\"lazy\" class=\"size-thumbnail wp-image-5822\" src=\"https:\/\/www.naturparkmagazin.de\/stechlin\/wp-content\/uploads\/sites\/38\/Essig-Oel-300x180.jpg\" alt=\"Hier werden die Kr\u00e4uter gesammelt.\" width=\"300\" height=\"180\" srcset=\"https:\/\/www.naturparkmagazin.de\/stechlin\/wp-content\/uploads\/sites\/38\/Essig-Oel-300x180.jpg 300w, https:\/\/www.naturparkmagazin.de\/stechlin\/wp-content\/uploads\/sites\/38\/Essig-Oel.jpg 500w, https:\/\/www.naturparkmagazin.de\/stechlin\/wp-content\/uploads\/sites\/38\/Essig-Oel-200x120.jpg 200w\" sizes=\"(max-width: 300px) 100vw, 300px\" \/><\/a><p id=\"caption-attachment-5822\" class=\"wp-caption-text\">Gemeinsam\u00a0werden die Kr\u00e4uter gesammelt.<\/p><\/div>\n<p>Gemeinsam bereiten wir Kr\u00e4uter\u00f6l und Essig mit frischen Kr\u00e4utern aus dem Sinnesgarten am NaturParkHaus zu.<\/p>\n<p><strong>Treff:<\/strong> 11. Juli, 11.00 Uhr, NaturParkHaus Stechlin in Menz<\/p>\n<p><strong>Dauer: <\/strong>ca. 3 Stunden<\/p>\n<p><strong>Leitung:<\/strong> NaturParkHaus Stechlin in Menz, Tel. 033082\/ 51210<\/p>\n<p><strong>Kosten:<\/strong> Gartenf\u00fchrung 1 EUR+Materialkosten f\u00fcr \u00d6l u. Essig<\/p>\n<p><strong>n\u00e4chster Termin:<\/strong> 25. Juli<\/p>\n<div id=\"attachment_5823\" style=\"width: 310px\" class=\"wp-caption aligncenter\"><a href=\"https:\/\/www.naturparkmagazin.de\/stechlin\/wp-content\/uploads\/sites\/38\/Essig-Oel2.jpg\"><img aria-describedby=\"caption-attachment-5823\" decoding=\"async\" loading=\"lazy\" class=\"size-thumbnail wp-image-5823\" src=\"https:\/\/www.naturparkmagazin.de\/stechlin\/wp-content\/uploads\/sites\/38\/Essig-Oel2-300x180.jpg\" alt=\"Tee aus selbst gesammelten Kr\u00e4utern\" width=\"300\" height=\"180\" srcset=\"https:\/\/www.naturparkmagazin.de\/stechlin\/wp-content\/uploads\/sites\/38\/Essig-Oel2-300x180.jpg 300w, https:\/\/www.naturparkmagazin.de\/stechlin\/wp-content\/uploads\/sites\/38\/Essig-Oel2.jpg 500w, https:\/\/www.naturparkmagazin.de\/stechlin\/wp-content\/uploads\/sites\/38\/Essig-Oel2-200x120.jpg 200w\" sizes=\"(max-width: 300px) 100vw, 300px\" \/><\/a><p id=\"caption-attachment-5823\" class=\"wp-caption-text\">Tee aus selbst gesammelten Kr\u00e4utern<\/p><\/div>\n","protected":false},"excerpt":{"rendered":"<p>Gemeinsam bereiten wir Kr\u00e4uter\u00f6l und Essig mit frischen Kr\u00e4utern aus dem Sinnesgarten am NaturParkHaus zu.<\/p>\n","protected":false},"author":39,"featured_media":5824,"comment_status":"open","ping_status":"open","sticky":false,"template":"","format":"standard","meta":[],"categories":[11],"tags":[],"yoast_head":"<!-- This site is optimized with the Yoast SEO plugin v19.10 - https:\/\/yoast.com\/wordpress\/plugins\/seo\/ -->\n<title>Mit allen Sinnen genie\u00dfen \u2013 \u00d6l und Essig selbst gemacht - Naturpark Stechlin-Ruppiner Land<\/title>\n<meta name=\"robots\" content=\"index, follow, max-snippet:-1, max-image-preview:large, max-video-preview:-1\" \/>\n<link rel=\"canonical\" href=\"https:\/\/www.naturparkmagazin.de\/stechlin\/mit-allen-sinnen-geniessen-oel-und-essig-selbst-gemacht\/\" \/>\n<meta property=\"og:locale\" content=\"de_DE\" \/>\n<meta property=\"og:type\" content=\"article\" \/>\n<meta property=\"og:title\" content=\"Mit allen Sinnen genie\u00dfen \u2013 \u00d6l und Essig selbst gemacht - Naturpark Stechlin-Ruppiner Land\" \/>\n<meta property=\"og:description\" content=\"Gemeinsam bereiten wir Kr\u00e4uter\u00f6l und Essig mit frischen Kr\u00e4utern aus dem Sinnesgarten am NaturParkHaus zu.\" \/>\n<meta property=\"og:url\" content=\"https:\/\/www.naturparkmagazin.de\/stechlin\/mit-allen-sinnen-geniessen-oel-und-essig-selbst-gemacht\/\" \/>\n<meta property=\"og:site_name\" content=\"Naturpark Stechlin-Ruppiner Land\" \/>\n<meta property=\"article:published_time\" content=\"2018-06-16T18:30:37+00:00\" \/>\n<meta property=\"article:modified_time\" content=\"2018-06-26T08:18:05+00:00\" \/>\n<meta property=\"og:image\" content=\"https:\/\/www.naturparkmagazin.de\/stechlin\/wp-content\/uploads\/sites\/38\/Essig-Oel1.jpg\" \/>\n\t<meta property=\"og:image:width\" content=\"200\" \/>\n\t<meta property=\"og:image:height\" content=\"200\" \/>\n\t<meta property=\"og:image:type\" content=\"image\/jpeg\" \/>\n<meta name=\"author\" content=\"marioschrumpf\" \/>\n<meta name=\"twitter:label1\" content=\"Verfasst von\" \/>\n\t<meta name=\"twitter:data1\" content=\"marioschrumpf\" \/>\n<script type=\"application\/ld+json\" class=\"yoast-schema-graph\">{\"@context\":\"https:\/\/schema.org\",\"@graph\":[{\"@type\":\"WebPage\",\"@id\":\"https:\/\/www.naturparkmagazin.de\/stechlin\/mit-allen-sinnen-geniessen-oel-und-essig-selbst-gemacht\/\",\"url\":\"https:\/\/www.naturparkmagazin.de\/stechlin\/mit-allen-sinnen-geniessen-oel-und-essig-selbst-gemacht\/\",\"name\":\"Mit allen Sinnen genie\u00dfen \u2013 \u00d6l und Essig selbst gemacht - Naturpark Stechlin-Ruppiner Land\",\"isPartOf\":{\"@id\":\"https:\/\/www.naturparkmagazin.de\/stechlin\/#website\"},\"datePublished\":\"2018-06-16T18:30:37+00:00\",\"dateModified\":\"2018-06-26T08:18:05+00:00\",\"author\":{\"@id\":\"https:\/\/www.naturparkmagazin.de\/stechlin\/#\/schema\/person\/3f0d93203df21c806dd63c76d9bb28bc\"},\"breadcrumb\":{\"@id\":\"https:\/\/www.naturparkmagazin.de\/stechlin\/mit-allen-sinnen-geniessen-oel-und-essig-selbst-gemacht\/#breadcrumb\"},\"inLanguage\":\"de\",\"potentialAction\":[{\"@type\":\"ReadAction\",\"target\":[\"https:\/\/www.naturparkmagazin.de\/stechlin\/mit-allen-sinnen-geniessen-oel-und-essig-selbst-gemacht\/\"]}]},{\"@type\":\"BreadcrumbList\",\"@id\":\"https:\/\/www.naturparkmagazin.de\/stechlin\/mit-allen-sinnen-geniessen-oel-und-essig-selbst-gemacht\/#breadcrumb\",\"itemListElement\":[{\"@type\":\"ListItem\",\"position\":1,\"name\":\"Home\",\"item\":\"https:\/\/www.naturparkmagazin.de\/stechlin\/\"},{\"@type\":\"ListItem\",\"position\":2,\"name\":\"Mit allen Sinnen genie\u00dfen \u2013 \u00d6l und Essig selbst gemacht\"}]},{\"@type\":\"WebSite\",\"@id\":\"https:\/\/www.naturparkmagazin.de\/stechlin\/#website\",\"url\":\"https:\/\/www.naturparkmagazin.de\/stechlin\/\",\"name\":\"Naturpark Stechlin-Ruppiner Land\",\"description\":\"\",\"potentialAction\":[{\"@type\":\"SearchAction\",\"target\":{\"@type\":\"EntryPoint\",\"urlTemplate\":\"https:\/\/www.naturparkmagazin.de\/stechlin\/?s={search_term_string}\"},\"query-input\":\"required name=search_term_string\"}],\"inLanguage\":\"de\"},{\"@type\":\"Person\",\"@id\":\"https:\/\/www.naturparkmagazin.de\/stechlin\/#\/schema\/person\/3f0d93203df21c806dd63c76d9bb28bc\",\"name\":\"marioschrumpf\",\"url\":\"https:\/\/www.naturparkmagazin.de\/stechlin\/author\/marioschrumpf\/\"}]}<\/script>\n<!-- \/ Yoast SEO plugin. -->","yoast_head_json":{"title":"Mit allen Sinnen genie\u00dfen \u2013 \u00d6l und Essig selbst gemacht - Naturpark Stechlin-Ruppiner Land","robots":{"index":"index","follow":"follow","max-snippet":"max-snippet:-1","max-image-preview":"max-image-preview:large","max-video-preview":"max-video-preview:-1"},"canonical":"https:\/\/www.naturparkmagazin.de\/stechlin\/mit-allen-sinnen-geniessen-oel-und-essig-selbst-gemacht\/","og_locale":"de_DE","og_type":"article","og_title":"Mit allen Sinnen genie\u00dfen \u2013 \u00d6l und Essig selbst gemacht - Naturpark Stechlin-Ruppiner Land","og_description":"Gemeinsam bereiten wir Kr\u00e4uter\u00f6l und Essig mit frischen Kr\u00e4utern aus dem Sinnesgarten am NaturParkHaus zu.","og_url":"https:\/\/www.naturparkmagazin.de\/stechlin\/mit-allen-sinnen-geniessen-oel-und-essig-selbst-gemacht\/","og_site_name":"Naturpark Stechlin-Ruppiner Land","article_published_time":"2018-06-16T18:30:37+00:00","article_modified_time":"2018-06-26T08:18:05+00:00","og_image":[{"width":200,"height":200,"url":"https:\/\/www.naturparkmagazin.de\/stechlin\/wp-content\/uploads\/sites\/38\/Essig-Oel1.jpg","type":"image\/jpeg"}],"author":"marioschrumpf","twitter_misc":{"Verfasst von":"marioschrumpf"},"schema":{"@context":"https:\/\/schema.org","@graph":[{"@type":"WebPage","@id":"https:\/\/www.naturparkmagazin.de\/stechlin\/mit-allen-sinnen-geniessen-oel-und-essig-selbst-gemacht\/","url":"https:\/\/www.naturparkmagazin.de\/stechlin\/mit-allen-sinnen-geniessen-oel-und-essig-selbst-gemacht\/","name":"Mit allen Sinnen genie\u00dfen \u2013 \u00d6l und Essig selbst gemacht - Naturpark Stechlin-Ruppiner Land","isPartOf":{"@id":"https:\/\/www.naturparkmagazin.de\/stechlin\/#website"},"datePublished":"2018-06-16T18:30:37+00:00","dateModified":"2018-06-26T08:18:05+00:00","author":{"@id":"https:\/\/www.naturparkmagazin.de\/stechlin\/#\/schema\/person\/3f0d93203df21c806dd63c76d9bb28bc"},"breadcrumb":{"@id":"https:\/\/www.naturparkmagazin.de\/stechlin\/mit-allen-sinnen-geniessen-oel-und-essig-selbst-gemacht\/#breadcrumb"},"inLanguage":"de","potentialAction":[{"@type":"ReadAction","target":["https:\/\/www.naturparkmagazin.de\/stechlin\/mit-allen-sinnen-geniessen-oel-und-essig-selbst-gemacht\/"]}]},{"@type":"BreadcrumbList","@id":"https:\/\/www.naturparkmagazin.de\/stechlin\/mit-allen-sinnen-geniessen-oel-und-essig-selbst-gemacht\/#breadcrumb","itemListElement":[{"@type":"ListItem","position":1,"name":"Home","item":"https:\/\/www.naturparkmagazin.de\/stechlin\/"},{"@type":"ListItem","position":2,"name":"Mit allen Sinnen genie\u00dfen \u2013 \u00d6l und Essig selbst gemacht"}]},{"@type":"WebSite","@id":"https:\/\/www.naturparkmagazin.de\/stechlin\/#website","url":"https:\/\/www.naturparkmagazin.de\/stechlin\/","name":"Naturpark Stechlin-Ruppiner Land","description":"","potentialAction":[{"@type":"SearchAction","target":{"@type":"EntryPoint","urlTemplate":"https:\/\/www.naturparkmagazin.de\/stechlin\/?s={search_term_string}"},"query-input":"required name=search_term_string"}],"inLanguage":"de"},{"@type":"Person","@id":"https:\/\/www.naturparkmagazin.de\/stechlin\/#\/schema\/person\/3f0d93203df21c806dd63c76d9bb28bc","name":"marioschrumpf","url":"https:\/\/www.naturparkmagazin.de\/stechlin\/author\/marioschrumpf\/"}]}},"_links":{"self":[{"href":"https:\/\/www.naturparkmagazin.de\/stechlin\/wp-json\/wp\/v2\/posts\/5821"}],"collection":[{"href":"https:\/\/www.naturparkmagazin.de\/stechlin\/wp-json\/wp\/v2\/posts"}],"about":[{"href":"https:\/\/www.naturparkmagazin.de\/stechlin\/wp-json\/wp\/v2\/types\/post"}],"author":[{"embeddable":true,"href":"https:\/\/www.naturparkmagazin.de\/stechlin\/wp-json\/wp\/v2\/users\/39"}],"replies":[{"embeddable":true,"href":"https:\/\/www.naturparkmagazin.de\/stechlin\/wp-json\/wp\/v2\/comments?post=5821"}],"version-history":[{"count":7,"href":"https:\/\/www.naturparkmagazin.de\/stechlin\/wp-json\/wp\/v2\/posts\/5821\/revisions"}],"predecessor-version":[{"id":7156,"href":"https:\/\/www.naturparkmagazin.de\/stechlin\/wp-json\/wp\/v2\/posts\/5821\/revisions\/7156"}],"wp:featuredmedia":[{"embeddable":true,"href":"https:\/\/www.naturparkmagazin.de\/stechlin\/wp-json\/wp\/v2\/media\/5824"}],"wp:attachment":[{"href":"https:\/\/www.naturparkmagazin.de\/stechlin\/wp-json\/wp\/v2\/media?parent=5821"}],"wp:term":[{"taxonomy":"category","embeddable":true,"href":"https:\/\/www.naturparkmagazin.de\/stechlin\/wp-json\/wp\/v2\/categories?post=5821"},{"taxonomy":"post_tag","embeddable":true,"href":"https:\/\/www.naturparkmagazin.de\/stechlin\/wp-json\/wp\/v2\/tags?post=5821"}],"curies":[{"name":"wp","href":"https:\/\/api.w.org\/{rel}","templated":true}]}}