{"id":5833,"date":"2017-06-19T13:50:54","date_gmt":"2017-06-19T11:50:54","guid":{"rendered":"http:\/\/www.naturparkmagazin.de\/stechlin\/?p=5833"},"modified":"2017-06-27T10:26:05","modified_gmt":"2017-06-27T08:26:05","slug":"menzer-naturforscher-zusammen-mit-ranger-thomas-hahn-auf-orchideensuche","status":"publish","type":"post","link":"https:\/\/www.naturparkmagazin.de\/stechlin\/menzer-naturforscher-zusammen-mit-ranger-thomas-hahn-auf-orchideensuche\/","title":{"rendered":"Menzer Naturforscher zusammen mit Ranger Thomas Hahn auf Orchideensuche"},"content":{"rendered":"<p><a href=\"https:\/\/www.naturparkmagazin.de\/stechlin\/wp-content\/uploads\/sites\/38\/Orchideen-AG-Kinder-2.jpg\"><img decoding=\"async\" loading=\"lazy\" class=\" size-thumbnail wp-image-5835 aligncenter\" src=\"https:\/\/www.naturparkmagazin.de\/stechlin\/wp-content\/uploads\/sites\/38\/Orchideen-AG-Kinder-2-300x180.jpg\" alt=\"NP SRL\/Thomas Hahn\" width=\"300\" height=\"180\" srcset=\"https:\/\/www.naturparkmagazin.de\/stechlin\/wp-content\/uploads\/sites\/38\/Orchideen-AG-Kinder-2-300x180.jpg 300w, https:\/\/www.naturparkmagazin.de\/stechlin\/wp-content\/uploads\/sites\/38\/Orchideen-AG-Kinder-2.jpg 500w, https:\/\/www.naturparkmagazin.de\/stechlin\/wp-content\/uploads\/sites\/38\/Orchideen-AG-Kinder-2-200x120.jpg 200w\" sizes=\"(max-width: 300px) 100vw, 300px\" \/><\/a><\/p>\n<p>Die Kinder der <strong>Arbeitsgemeinschaft \u201eMenzer Naturforscher\u201c<\/strong> und die Direktorin der Naturparkschule Angela Stegemann untersuchten Ende Mai zusammen mit AG-Leiter Thomas Hahn von der Naturwacht \u201e<em>ihre<\/em>\u201c <strong>Orchideenwiese am Roofensee<\/strong> im Naturschutzgebiet Stechlin.<\/p>\n<p>Vor 3 Jahren haben Sie eine Fl\u00e4che von 400 m\u00b2 in ihre Verantwortung \u00fcbernommen, um sich Wissen zum Biotop Feuchtwiese anzueignen, aber auch praktisch bei der Pflege zu helfen. Damit tragen sie nachhaltig zum Schutz des Breitbl\u00e4ttrigen Knabenkrauts und dessen Lebensraum bei.<\/p>\n<p><a href=\"https:\/\/www.naturparkmagazin.de\/stechlin\/wp-content\/uploads\/sites\/38\/Orchideen_AG-Kinder1.jpg\"><img decoding=\"async\" loading=\"lazy\" class=\" size-thumbnail wp-image-5836 aligncenter\" src=\"https:\/\/www.naturparkmagazin.de\/stechlin\/wp-content\/uploads\/sites\/38\/Orchideen_AG-Kinder1-300x180.jpg\" alt=\"NP SRL\/Thomas Hahn\" width=\"300\" height=\"180\" srcset=\"https:\/\/www.naturparkmagazin.de\/stechlin\/wp-content\/uploads\/sites\/38\/Orchideen_AG-Kinder1-300x180.jpg 300w, https:\/\/www.naturparkmagazin.de\/stechlin\/wp-content\/uploads\/sites\/38\/Orchideen_AG-Kinder1.jpg 500w, https:\/\/www.naturparkmagazin.de\/stechlin\/wp-content\/uploads\/sites\/38\/Orchideen_AG-Kinder1-200x120.jpg 200w\" sizes=\"(max-width: 300px) 100vw, 300px\" \/><\/a>Die Orchideen haben sich durch die langj\u00e4hrige Pflege der Schleusenwiese durch die Kollegen der Landesforstverwaltung optimal entwickelt. Ein herzliches Dankesch\u00f6n stellvertretend f\u00fcr die vielen flei\u00dfigen H\u00e4nde an Revierf\u00f6rster J\u00f6rg Spr\u00f6\u00dfig.<\/p>\n<p>Die AG-Mitglieder z\u00e4hlten in diesem Jahr auf ihrer Fl\u00e4che <strong>625 bl\u00fchende Orchideen<\/strong>.<\/p>\n<p><strong>2015<\/strong> wurden<strong> 270<\/strong> und <strong>2016 230 bl\u00fchende Exemplare<\/strong> erfasst.<\/p>\n<div id=\"attachment_5242\" style=\"width: 190px\" class=\"wp-caption aligncenter\"><a href=\"https:\/\/www.naturparkmagazin.de\/stechlin\/wp-content\/uploads\/sites\/38\/Orchideen2.jpg\"><img aria-describedby=\"caption-attachment-5242\" decoding=\"async\" loading=\"lazy\" class=\"size-full wp-image-5242\" src=\"https:\/\/www.naturparkmagazin.de\/stechlin\/wp-content\/uploads\/sites\/38\/Orchideen2.jpg\" alt=\"Die Erfassung aller bl\u00fchenden Exemplare war das Ziel der Z\u00e4hlung.\" width=\"180\" height=\"300\" \/><\/a><p id=\"caption-attachment-5242\" class=\"wp-caption-text\">Die Erfassung aller bl\u00fchenden Exemplare war das Ziel der Z\u00e4hlung.<\/p><\/div>\n<p>&nbsp;<\/p>\n<p>&nbsp;<\/p>\n","protected":false},"excerpt":{"rendered":"<p>Die Kinder der AG \u201eMenzer Naturforscher\u201c untersuchten Ende Mai \u201eihre\u201c Orchideenwiese am Roofensee im Naturschutzgebiet Stechlin.<\/p>\n","protected":false},"author":39,"featured_media":5834,"comment_status":"open","ping_status":"open","sticky":false,"template":"","format":"standard","meta":[],"categories":[7],"tags":[],"yoast_head":"<!-- This site is optimized with the Yoast SEO plugin v19.10 - https:\/\/yoast.com\/wordpress\/plugins\/seo\/ -->\n<title>Menzer Naturforscher zusammen mit Ranger Thomas Hahn auf Orchideensuche - Naturpark Stechlin-Ruppiner Land<\/title>\n<meta name=\"robots\" content=\"index, follow, max-snippet:-1, max-image-preview:large, max-video-preview:-1\" \/>\n<link rel=\"canonical\" href=\"https:\/\/www.naturparkmagazin.de\/stechlin\/menzer-naturforscher-zusammen-mit-ranger-thomas-hahn-auf-orchideensuche\/\" \/>\n<meta property=\"og:locale\" content=\"de_DE\" \/>\n<meta property=\"og:type\" content=\"article\" \/>\n<meta property=\"og:title\" content=\"Menzer Naturforscher zusammen mit Ranger Thomas Hahn auf Orchideensuche - Naturpark Stechlin-Ruppiner Land\" \/>\n<meta property=\"og:description\" content=\"Die Kinder der AG \u201eMenzer Naturforscher\u201c untersuchten Ende Mai \u201eihre\u201c Orchideenwiese am Roofensee im Naturschutzgebiet Stechlin.\" \/>\n<meta property=\"og:url\" content=\"https:\/\/www.naturparkmagazin.de\/stechlin\/menzer-naturforscher-zusammen-mit-ranger-thomas-hahn-auf-orchideensuche\/\" \/>\n<meta property=\"og:site_name\" content=\"Naturpark Stechlin-Ruppiner Land\" \/>\n<meta property=\"article:published_time\" content=\"2017-06-19T11:50:54+00:00\" \/>\n<meta property=\"article:modified_time\" content=\"2017-06-27T08:26:05+00:00\" \/>\n<meta property=\"og:image\" content=\"https:\/\/www.naturparkmagazin.de\/stechlin\/wp-content\/uploads\/sites\/38\/Orchideen_AG-Kinder.jpg\" \/>\n\t<meta property=\"og:image:width\" content=\"200\" \/>\n\t<meta property=\"og:image:height\" content=\"200\" \/>\n\t<meta property=\"og:image:type\" content=\"image\/jpeg\" \/>\n<meta name=\"author\" content=\"marioschrumpf\" \/>\n<meta name=\"twitter:label1\" content=\"Verfasst von\" \/>\n\t<meta name=\"twitter:data1\" content=\"marioschrumpf\" \/>\n\t<meta name=\"twitter:label2\" content=\"Gesch\u00e4tzte Lesezeit\" \/>\n\t<meta name=\"twitter:data2\" content=\"1\u00a0Minute\" \/>\n<script type=\"application\/ld+json\" class=\"yoast-schema-graph\">{\"@context\":\"https:\/\/schema.org\",\"@graph\":[{\"@type\":\"WebPage\",\"@id\":\"https:\/\/www.naturparkmagazin.de\/stechlin\/menzer-naturforscher-zusammen-mit-ranger-thomas-hahn-auf-orchideensuche\/\",\"url\":\"https:\/\/www.naturparkmagazin.de\/stechlin\/menzer-naturforscher-zusammen-mit-ranger-thomas-hahn-auf-orchideensuche\/\",\"name\":\"Menzer Naturforscher zusammen mit Ranger Thomas Hahn auf Orchideensuche - Naturpark Stechlin-Ruppiner Land\",\"isPartOf\":{\"@id\":\"https:\/\/www.naturparkmagazin.de\/stechlin\/#website\"},\"datePublished\":\"2017-06-19T11:50:54+00:00\",\"dateModified\":\"2017-06-27T08:26:05+00:00\",\"author\":{\"@id\":\"https:\/\/www.naturparkmagazin.de\/stechlin\/#\/schema\/person\/3f0d93203df21c806dd63c76d9bb28bc\"},\"breadcrumb\":{\"@id\":\"https:\/\/www.naturparkmagazin.de\/stechlin\/menzer-naturforscher-zusammen-mit-ranger-thomas-hahn-auf-orchideensuche\/#breadcrumb\"},\"inLanguage\":\"de\",\"potentialAction\":[{\"@type\":\"ReadAction\",\"target\":[\"https:\/\/www.naturparkmagazin.de\/stechlin\/menzer-naturforscher-zusammen-mit-ranger-thomas-hahn-auf-orchideensuche\/\"]}]},{\"@type\":\"BreadcrumbList\",\"@id\":\"https:\/\/www.naturparkmagazin.de\/stechlin\/menzer-naturforscher-zusammen-mit-ranger-thomas-hahn-auf-orchideensuche\/#breadcrumb\",\"itemListElement\":[{\"@type\":\"ListItem\",\"position\":1,\"name\":\"Home\",\"item\":\"https:\/\/www.naturparkmagazin.de\/stechlin\/\"},{\"@type\":\"ListItem\",\"position\":2,\"name\":\"Menzer Naturforscher zusammen mit Ranger Thomas Hahn auf Orchideensuche\"}]},{\"@type\":\"WebSite\",\"@id\":\"https:\/\/www.naturparkmagazin.de\/stechlin\/#website\",\"url\":\"https:\/\/www.naturparkmagazin.de\/stechlin\/\",\"name\":\"Naturpark Stechlin-Ruppiner Land\",\"description\":\"\",\"potentialAction\":[{\"@type\":\"SearchAction\",\"target\":{\"@type\":\"EntryPoint\",\"urlTemplate\":\"https:\/\/www.naturparkmagazin.de\/stechlin\/?s={search_term_string}\"},\"query-input\":\"required name=search_term_string\"}],\"inLanguage\":\"de\"},{\"@type\":\"Person\",\"@id\":\"https:\/\/www.naturparkmagazin.de\/stechlin\/#\/schema\/person\/3f0d93203df21c806dd63c76d9bb28bc\",\"name\":\"marioschrumpf\",\"url\":\"https:\/\/www.naturparkmagazin.de\/stechlin\/author\/marioschrumpf\/\"}]}<\/script>\n<!-- \/ Yoast SEO plugin. -->","yoast_head_json":{"title":"Menzer Naturforscher zusammen mit Ranger Thomas Hahn auf Orchideensuche - Naturpark Stechlin-Ruppiner Land","robots":{"index":"index","follow":"follow","max-snippet":"max-snippet:-1","max-image-preview":"max-image-preview:large","max-video-preview":"max-video-preview:-1"},"canonical":"https:\/\/www.naturparkmagazin.de\/stechlin\/menzer-naturforscher-zusammen-mit-ranger-thomas-hahn-auf-orchideensuche\/","og_locale":"de_DE","og_type":"article","og_title":"Menzer Naturforscher zusammen mit Ranger Thomas Hahn auf Orchideensuche - Naturpark Stechlin-Ruppiner Land","og_description":"Die Kinder der AG \u201eMenzer Naturforscher\u201c untersuchten Ende Mai \u201eihre\u201c Orchideenwiese am Roofensee im Naturschutzgebiet Stechlin.","og_url":"https:\/\/www.naturparkmagazin.de\/stechlin\/menzer-naturforscher-zusammen-mit-ranger-thomas-hahn-auf-orchideensuche\/","og_site_name":"Naturpark Stechlin-Ruppiner Land","article_published_time":"2017-06-19T11:50:54+00:00","article_modified_time":"2017-06-27T08:26:05+00:00","og_image":[{"width":200,"height":200,"url":"https:\/\/www.naturparkmagazin.de\/stechlin\/wp-content\/uploads\/sites\/38\/Orchideen_AG-Kinder.jpg","type":"image\/jpeg"}],"author":"marioschrumpf","twitter_misc":{"Verfasst von":"marioschrumpf","Gesch\u00e4tzte Lesezeit":"1\u00a0Minute"},"schema":{"@context":"https:\/\/schema.org","@graph":[{"@type":"WebPage","@id":"https:\/\/www.naturparkmagazin.de\/stechlin\/menzer-naturforscher-zusammen-mit-ranger-thomas-hahn-auf-orchideensuche\/","url":"https:\/\/www.naturparkmagazin.de\/stechlin\/menzer-naturforscher-zusammen-mit-ranger-thomas-hahn-auf-orchideensuche\/","name":"Menzer Naturforscher zusammen mit Ranger Thomas Hahn auf Orchideensuche - Naturpark Stechlin-Ruppiner Land","isPartOf":{"@id":"https:\/\/www.naturparkmagazin.de\/stechlin\/#website"},"datePublished":"2017-06-19T11:50:54+00:00","dateModified":"2017-06-27T08:26:05+00:00","author":{"@id":"https:\/\/www.naturparkmagazin.de\/stechlin\/#\/schema\/person\/3f0d93203df21c806dd63c76d9bb28bc"},"breadcrumb":{"@id":"https:\/\/www.naturparkmagazin.de\/stechlin\/menzer-naturforscher-zusammen-mit-ranger-thomas-hahn-auf-orchideensuche\/#breadcrumb"},"inLanguage":"de","potentialAction":[{"@type":"ReadAction","target":["https:\/\/www.naturparkmagazin.de\/stechlin\/menzer-naturforscher-zusammen-mit-ranger-thomas-hahn-auf-orchideensuche\/"]}]},{"@type":"BreadcrumbList","@id":"https:\/\/www.naturparkmagazin.de\/stechlin\/menzer-naturforscher-zusammen-mit-ranger-thomas-hahn-auf-orchideensuche\/#breadcrumb","itemListElement":[{"@type":"ListItem","position":1,"name":"Home","item":"https:\/\/www.naturparkmagazin.de\/stechlin\/"},{"@type":"ListItem","position":2,"name":"Menzer Naturforscher zusammen mit Ranger Thomas Hahn auf Orchideensuche"}]},{"@type":"WebSite","@id":"https:\/\/www.naturparkmagazin.de\/stechlin\/#website","url":"https:\/\/www.naturparkmagazin.de\/stechlin\/","name":"Naturpark Stechlin-Ruppiner Land","description":"","potentialAction":[{"@type":"SearchAction","target":{"@type":"EntryPoint","urlTemplate":"https:\/\/www.naturparkmagazin.de\/stechlin\/?s={search_term_string}"},"query-input":"required name=search_term_string"}],"inLanguage":"de"},{"@type":"Person","@id":"https:\/\/www.naturparkmagazin.de\/stechlin\/#\/schema\/person\/3f0d93203df21c806dd63c76d9bb28bc","name":"marioschrumpf","url":"https:\/\/www.naturparkmagazin.de\/stechlin\/author\/marioschrumpf\/"}]}},"_links":{"self":[{"href":"https:\/\/www.naturparkmagazin.de\/stechlin\/wp-json\/wp\/v2\/posts\/5833"}],"collection":[{"href":"https:\/\/www.naturparkmagazin.de\/stechlin\/wp-json\/wp\/v2\/posts"}],"about":[{"href":"https:\/\/www.naturparkmagazin.de\/stechlin\/wp-json\/wp\/v2\/types\/post"}],"author":[{"embeddable":true,"href":"https:\/\/www.naturparkmagazin.de\/stechlin\/wp-json\/wp\/v2\/users\/39"}],"replies":[{"embeddable":true,"href":"https:\/\/www.naturparkmagazin.de\/stechlin\/wp-json\/wp\/v2\/comments?post=5833"}],"version-history":[{"count":6,"href":"https:\/\/www.naturparkmagazin.de\/stechlin\/wp-json\/wp\/v2\/posts\/5833\/revisions"}],"predecessor-version":[{"id":5989,"href":"https:\/\/www.naturparkmagazin.de\/stechlin\/wp-json\/wp\/v2\/posts\/5833\/revisions\/5989"}],"wp:featuredmedia":[{"embeddable":true,"href":"https:\/\/www.naturparkmagazin.de\/stechlin\/wp-json\/wp\/v2\/media\/5834"}],"wp:attachment":[{"href":"https:\/\/www.naturparkmagazin.de\/stechlin\/wp-json\/wp\/v2\/media?parent=5833"}],"wp:term":[{"taxonomy":"category","embeddable":true,"href":"https:\/\/www.naturparkmagazin.de\/stechlin\/wp-json\/wp\/v2\/categories?post=5833"},{"taxonomy":"post_tag","embeddable":true,"href":"https:\/\/www.naturparkmagazin.de\/stechlin\/wp-json\/wp\/v2\/tags?post=5833"}],"curies":[{"name":"wp","href":"https:\/\/api.w.org\/{rel}","templated":true}]}}