{"id":5887,"date":"2017-06-19T11:51:37","date_gmt":"2017-06-19T09:51:37","guid":{"rendered":"http:\/\/www.naturparkmagazin.de\/stechlin\/?p=5887"},"modified":"2025-01-24T10:10:33","modified_gmt":"2025-01-24T09:10:33","slug":"menzer-waldfest","status":"publish","type":"post","link":"https:\/\/www.naturparkmagazin.de\/stechlin\/menzer-waldfest\/","title":{"rendered":"Menzer Waldfest &#8211; Er\u00f6ffnung erstmals mit Landrat (2017)"},"content":{"rendered":"<p>\u201eWollen wir heute das Waldfest in Regenwaldfest umbenennen?&#8220;, war die Frage eines Ausstellers nach dem bangen Blick zum Himmel. Leicht tr\u00f6pfelte es den ganzen\u00a0Vormittag vom Himmel. Aber die Aussteller und die Besucher nahmen es gelassen. Gab es doch auch in diesem Jahr wieder eine Menge zu sehen und zu entdecken.<\/p>\n<p>Schon am Freitag wurde das Fest traditionell mit einem Vortrag in der Menzer Kirche er\u00f6ffnet. Die alten Ziegeleien der Gegend und wie diese gearbeitete haben war das Thema. Anschlie\u00dfend ging es zur Badestelle am Roofensee. Mit Musik, Lagerfeuer und Wettrudern. Sechs Boote stellten sich der Herausforderung um bei Wind und Welle, mit den nicht ganz so schnittigen Booten Marke \u201eAnka&#8220;, den halben See zu \u00fcberqueren.<\/p>\n<p><a href=\"https:\/\/www.naturparkmagazin.de\/stechlin\/wp-content\/uploads\/sites\/38\/Waldfest-2017-2.jpg\">\u00a0<\/a><\/p>\n<div id=\"attachment_5980\" style=\"width: 310px\" class=\"wp-caption aligncenter\"><a href=\"https:\/\/www.naturparkmagazin.de\/stechlin\/wp-content\/uploads\/sites\/38\/Waldfest-20171.jpg\"><img aria-describedby=\"caption-attachment-5980\" decoding=\"async\" loading=\"lazy\" class=\"size-thumbnail wp-image-5980\" src=\"https:\/\/www.naturparkmagazin.de\/stechlin\/wp-content\/uploads\/sites\/38\/Waldfest-20171-300x180.jpg\" alt=\"Er\u00f6ffnung des Waldfestes erstmals mit dem Landrat Ludger Westkamp\" width=\"300\" height=\"180\" srcset=\"https:\/\/www.naturparkmagazin.de\/stechlin\/wp-content\/uploads\/sites\/38\/Waldfest-20171-300x180.jpg 300w, https:\/\/www.naturparkmagazin.de\/stechlin\/wp-content\/uploads\/sites\/38\/Waldfest-20171.jpg 500w, https:\/\/www.naturparkmagazin.de\/stechlin\/wp-content\/uploads\/sites\/38\/Waldfest-20171-200x120.jpg 200w\" sizes=\"(max-width: 300px) 100vw, 300px\" \/><\/a><p id=\"caption-attachment-5980\" class=\"wp-caption-text\">Er\u00f6ffnung des Waldfestes erstmals mit dem Landrat aus Oberhavel Ludger Westkamp<\/p><\/div>\n<p>Zum ersten mal er\u00f6ffnete der Landrat des Landkreises Oberhavel das Fest. Ludger Westkamp outete sich auch gleich als kleiner Fan der Veranstaltung, war er doch fr\u00fcher schon bei vergangenem Waldfesten als Besucher dabei. Am Sonnabend wartete dann fast 50 St\u00e4nde mit ihren Angeboten auf die Besucher. Von A wie Ameiseninfo und Aal vom Fischer aus Wesenberg, \u00fcber L wie Lama streicheln bei \u201eAnimal Trekking&#8220; bis zu Z wie zusehen bei altem Handwerk. Die Kinder waren bei den vielen Bastelst\u00e4nden dabei und probierten sich beim Drechseln aus.<\/p>\n<p><a href=\"https:\/\/www.naturparkmagazin.de\/stechlin\/wp-content\/uploads\/sites\/38\/Waldfest-2017-4.jpg\"><img decoding=\"async\" loading=\"lazy\" class=\" size-thumbnail wp-image-5979 aligncenter\" src=\"https:\/\/www.naturparkmagazin.de\/stechlin\/wp-content\/uploads\/sites\/38\/Waldfest-2017-4-300x180.jpg\" alt=\"NP SRL\/Jeanette Lehmann\" width=\"300\" height=\"180\" srcset=\"https:\/\/www.naturparkmagazin.de\/stechlin\/wp-content\/uploads\/sites\/38\/Waldfest-2017-4-300x180.jpg 300w, https:\/\/www.naturparkmagazin.de\/stechlin\/wp-content\/uploads\/sites\/38\/Waldfest-2017-4.jpg 500w, https:\/\/www.naturparkmagazin.de\/stechlin\/wp-content\/uploads\/sites\/38\/Waldfest-2017-4-200x120.jpg 200w\" sizes=\"(max-width: 300px) 100vw, 300px\" \/><\/a><\/p>\n<p><a href=\"https:\/\/www.naturparkmagazin.de\/stechlin\/wp-content\/uploads\/sites\/38\/Waldfest-2017-2.jpg\"><img decoding=\"async\" loading=\"lazy\" class=\" size-thumbnail wp-image-5977 aligncenter\" src=\"https:\/\/www.naturparkmagazin.de\/stechlin\/wp-content\/uploads\/sites\/38\/Waldfest-2017-2-300x180.jpg\" alt=\"NP SRL\/Jeanette Lehmann\" width=\"300\" height=\"180\" srcset=\"https:\/\/www.naturparkmagazin.de\/stechlin\/wp-content\/uploads\/sites\/38\/Waldfest-2017-2-300x180.jpg 300w, https:\/\/www.naturparkmagazin.de\/stechlin\/wp-content\/uploads\/sites\/38\/Waldfest-2017-2.jpg 500w, https:\/\/www.naturparkmagazin.de\/stechlin\/wp-content\/uploads\/sites\/38\/Waldfest-2017-2-200x120.jpg 200w\" sizes=\"(max-width: 300px) 100vw, 300px\" \/><\/a>Zum ersten mal gastierte auch das Puppentheater \u201eKrambambuli&#8220; mit dem St\u00fcck \u201eL\u00f6ffelchen und Fidel der Fuchs&#8220;. Und noch eine Premiere gab es! Damit begann auch das Programm rund um die B\u00fchne. Die Kita-Kinder aus Menz tanzten und sangen, stolze Greifv\u00f6gel erhoben sich in die Luft und durften auch mal von den Besuchern auf die gut gepolsterte Faust genommen werden. Bodenst\u00e4ndiger waren da hingegen die verschiedenen Jagdhunderassen, die fachm\u00e4nnisch vorgestellt wurden. Die Jagdhornbl\u00e4ser aus Oranienburg verbl\u00fcfften nicht nur mit typischen Jagdliedern sondern auch mit Klassik! Und w\u00e4hrend sich die Besucher bei Bier, k\u00f6stlicher Bowle und deftigen Gerichten es sich gut gehen lie\u00dfen, verbrannten die \u201eIron-Menz&#8220;-Teilnehmer massenhaft Kalorien. 200 Meter Schwimmen im Roofensee, danach acht Kilometer Radfahren \u00fcber Stock und Stein und durch den ber\u00fcchtigten Zuckersand der Mark Brandenburg, sowie anschlie\u00dfend noch zwei Kilometer Crosslauf verlangte den \u00fcber f\u00fcnfzig Teilnehmern alles ab. Power und Kondition sowie das technische Geschick bewiesen am Nachmittag auch die Teilnehmer am Baumstammweitwurf und beim Schrots\u00e4gewettbewerb. Nicht nur eine M\u00e4nnerdisziplin, wie sich herausstellte. Fragte man die Besucher, waren sie beeindruckt von den vielf\u00e4ltigen Angeboten. Viele Vereine aus Menz der Umgebung haben bei der Vorbereitung und Durchf\u00fchrung mit geholfen. Ohne diese vielen Helfer und ihren Ideen, w\u00e4re das Menzer Waldfest nicht das Menzer Waldfest.<\/p>\n<p>Ein ruhiger Ausklang erfolgte dann am Sonntag. Nach der Waldandacht auf dem Wallberg, trafen sich Naturliebhaber um mit der Naturwacht per Fu\u00df oder Rad durch die Menzer Umgebung zu streifen. Den musikalischen Abschluss \u00fcbernahmen die \u201eDresdner Blechbl\u00e4ser&#8220;. In der gut gef\u00fcllten Kirche gab es langen Beifall f\u00fcr Klassik und Modernes aus aller Welt.<\/p>\n<p><a href=\"https:\/\/www.naturparkmagazin.de\/stechlin\/wp-content\/uploads\/sites\/38\/Waldfest-2017-3.jpg\"><img decoding=\"async\" loading=\"lazy\" class=\" size-thumbnail wp-image-5978 aligncenter\" src=\"https:\/\/www.naturparkmagazin.de\/stechlin\/wp-content\/uploads\/sites\/38\/Waldfest-2017-3-300x180.jpg\" alt=\"NP SRL\/Jeanette Lehmann\" width=\"300\" height=\"180\" srcset=\"https:\/\/www.naturparkmagazin.de\/stechlin\/wp-content\/uploads\/sites\/38\/Waldfest-2017-3-300x180.jpg 300w, https:\/\/www.naturparkmagazin.de\/stechlin\/wp-content\/uploads\/sites\/38\/Waldfest-2017-3.jpg 500w, https:\/\/www.naturparkmagazin.de\/stechlin\/wp-content\/uploads\/sites\/38\/Waldfest-2017-3-200x120.jpg 200w\" sizes=\"(max-width: 300px) 100vw, 300px\" \/><\/a><\/p>\n","protected":false},"excerpt":{"rendered":"<p>\u201eWollen wir heute das Waldfest in Regenwaldfest umbenennen?&#8220;, war die Frage eines Ausstellers nach dem bangen Blick zum Himmel. Leicht tr\u00f6pfelte es den ganzen Vormittag vom Himmel.<\/p>\n","protected":false},"author":39,"featured_media":5976,"comment_status":"open","ping_status":"open","sticky":false,"template":"","format":"standard","meta":[],"categories":[7],"tags":[],"yoast_head":"<!-- This site is optimized with the Yoast SEO plugin v19.10 - https:\/\/yoast.com\/wordpress\/plugins\/seo\/ -->\n<title>Menzer Waldfest - Er\u00f6ffnung erstmals mit Landrat (2017) - Naturpark Stechlin-Ruppiner Land<\/title>\n<meta name=\"robots\" content=\"index, follow, max-snippet:-1, max-image-preview:large, max-video-preview:-1\" \/>\n<link rel=\"canonical\" href=\"https:\/\/www.naturparkmagazin.de\/stechlin\/menzer-waldfest\/\" \/>\n<meta property=\"og:locale\" content=\"de_DE\" \/>\n<meta property=\"og:type\" content=\"article\" \/>\n<meta property=\"og:title\" content=\"Menzer Waldfest - Er\u00f6ffnung erstmals mit Landrat (2017) - Naturpark Stechlin-Ruppiner Land\" \/>\n<meta property=\"og:description\" content=\"\u201eWollen wir heute das Waldfest in Regenwaldfest umbenennen?&quot;, war die Frage eines Ausstellers nach dem bangen Blick zum Himmel. Leicht tr\u00f6pfelte es den ganzen Vormittag vom Himmel.\" \/>\n<meta property=\"og:url\" content=\"https:\/\/www.naturparkmagazin.de\/stechlin\/menzer-waldfest\/\" \/>\n<meta property=\"og:site_name\" content=\"Naturpark Stechlin-Ruppiner Land\" \/>\n<meta property=\"article:published_time\" content=\"2017-06-19T09:51:37+00:00\" \/>\n<meta property=\"article:modified_time\" content=\"2025-01-24T09:10:33+00:00\" \/>\n<meta property=\"og:image\" content=\"https:\/\/www.naturparkmagazin.de\/stechlin\/wp-content\/uploads\/sites\/38\/Waldfest-2017.jpg\" \/>\n\t<meta property=\"og:image:width\" content=\"200\" \/>\n\t<meta property=\"og:image:height\" content=\"200\" \/>\n\t<meta property=\"og:image:type\" content=\"image\/jpeg\" \/>\n<meta name=\"author\" content=\"marioschrumpf\" \/>\n<meta name=\"twitter:label1\" content=\"Verfasst von\" \/>\n\t<meta name=\"twitter:data1\" content=\"marioschrumpf\" \/>\n\t<meta name=\"twitter:label2\" content=\"Gesch\u00e4tzte Lesezeit\" \/>\n\t<meta name=\"twitter:data2\" content=\"4\u00a0Minuten\" \/>\n<script type=\"application\/ld+json\" class=\"yoast-schema-graph\">{\"@context\":\"https:\/\/schema.org\",\"@graph\":[{\"@type\":\"WebPage\",\"@id\":\"https:\/\/www.naturparkmagazin.de\/stechlin\/menzer-waldfest\/\",\"url\":\"https:\/\/www.naturparkmagazin.de\/stechlin\/menzer-waldfest\/\",\"name\":\"Menzer Waldfest - Er\u00f6ffnung erstmals mit Landrat (2017) - Naturpark Stechlin-Ruppiner Land\",\"isPartOf\":{\"@id\":\"https:\/\/www.naturparkmagazin.de\/stechlin\/#website\"},\"datePublished\":\"2017-06-19T09:51:37+00:00\",\"dateModified\":\"2025-01-24T09:10:33+00:00\",\"author\":{\"@id\":\"https:\/\/www.naturparkmagazin.de\/stechlin\/#\/schema\/person\/3f0d93203df21c806dd63c76d9bb28bc\"},\"breadcrumb\":{\"@id\":\"https:\/\/www.naturparkmagazin.de\/stechlin\/menzer-waldfest\/#breadcrumb\"},\"inLanguage\":\"de\",\"potentialAction\":[{\"@type\":\"ReadAction\",\"target\":[\"https:\/\/www.naturparkmagazin.de\/stechlin\/menzer-waldfest\/\"]}]},{\"@type\":\"BreadcrumbList\",\"@id\":\"https:\/\/www.naturparkmagazin.de\/stechlin\/menzer-waldfest\/#breadcrumb\",\"itemListElement\":[{\"@type\":\"ListItem\",\"position\":1,\"name\":\"Home\",\"item\":\"https:\/\/www.naturparkmagazin.de\/stechlin\/\"},{\"@type\":\"ListItem\",\"position\":2,\"name\":\"Menzer Waldfest &#8211; Er\u00f6ffnung erstmals mit Landrat (2017)\"}]},{\"@type\":\"WebSite\",\"@id\":\"https:\/\/www.naturparkmagazin.de\/stechlin\/#website\",\"url\":\"https:\/\/www.naturparkmagazin.de\/stechlin\/\",\"name\":\"Naturpark Stechlin-Ruppiner Land\",\"description\":\"\",\"potentialAction\":[{\"@type\":\"SearchAction\",\"target\":{\"@type\":\"EntryPoint\",\"urlTemplate\":\"https:\/\/www.naturparkmagazin.de\/stechlin\/?s={search_term_string}\"},\"query-input\":\"required name=search_term_string\"}],\"inLanguage\":\"de\"},{\"@type\":\"Person\",\"@id\":\"https:\/\/www.naturparkmagazin.de\/stechlin\/#\/schema\/person\/3f0d93203df21c806dd63c76d9bb28bc\",\"name\":\"marioschrumpf\",\"url\":\"https:\/\/www.naturparkmagazin.de\/stechlin\/author\/marioschrumpf\/\"}]}<\/script>\n<!-- \/ Yoast SEO plugin. -->","yoast_head_json":{"title":"Menzer Waldfest - Er\u00f6ffnung erstmals mit Landrat (2017) - Naturpark Stechlin-Ruppiner Land","robots":{"index":"index","follow":"follow","max-snippet":"max-snippet:-1","max-image-preview":"max-image-preview:large","max-video-preview":"max-video-preview:-1"},"canonical":"https:\/\/www.naturparkmagazin.de\/stechlin\/menzer-waldfest\/","og_locale":"de_DE","og_type":"article","og_title":"Menzer Waldfest - Er\u00f6ffnung erstmals mit Landrat (2017) - Naturpark Stechlin-Ruppiner Land","og_description":"\u201eWollen wir heute das Waldfest in Regenwaldfest umbenennen?\", war die Frage eines Ausstellers nach dem bangen Blick zum Himmel. Leicht tr\u00f6pfelte es den ganzen Vormittag vom Himmel.","og_url":"https:\/\/www.naturparkmagazin.de\/stechlin\/menzer-waldfest\/","og_site_name":"Naturpark Stechlin-Ruppiner Land","article_published_time":"2017-06-19T09:51:37+00:00","article_modified_time":"2025-01-24T09:10:33+00:00","og_image":[{"width":200,"height":200,"url":"https:\/\/www.naturparkmagazin.de\/stechlin\/wp-content\/uploads\/sites\/38\/Waldfest-2017.jpg","type":"image\/jpeg"}],"author":"marioschrumpf","twitter_misc":{"Verfasst von":"marioschrumpf","Gesch\u00e4tzte Lesezeit":"4\u00a0Minuten"},"schema":{"@context":"https:\/\/schema.org","@graph":[{"@type":"WebPage","@id":"https:\/\/www.naturparkmagazin.de\/stechlin\/menzer-waldfest\/","url":"https:\/\/www.naturparkmagazin.de\/stechlin\/menzer-waldfest\/","name":"Menzer Waldfest - Er\u00f6ffnung erstmals mit Landrat (2017) - Naturpark Stechlin-Ruppiner Land","isPartOf":{"@id":"https:\/\/www.naturparkmagazin.de\/stechlin\/#website"},"datePublished":"2017-06-19T09:51:37+00:00","dateModified":"2025-01-24T09:10:33+00:00","author":{"@id":"https:\/\/www.naturparkmagazin.de\/stechlin\/#\/schema\/person\/3f0d93203df21c806dd63c76d9bb28bc"},"breadcrumb":{"@id":"https:\/\/www.naturparkmagazin.de\/stechlin\/menzer-waldfest\/#breadcrumb"},"inLanguage":"de","potentialAction":[{"@type":"ReadAction","target":["https:\/\/www.naturparkmagazin.de\/stechlin\/menzer-waldfest\/"]}]},{"@type":"BreadcrumbList","@id":"https:\/\/www.naturparkmagazin.de\/stechlin\/menzer-waldfest\/#breadcrumb","itemListElement":[{"@type":"ListItem","position":1,"name":"Home","item":"https:\/\/www.naturparkmagazin.de\/stechlin\/"},{"@type":"ListItem","position":2,"name":"Menzer Waldfest &#8211; Er\u00f6ffnung erstmals mit Landrat (2017)"}]},{"@type":"WebSite","@id":"https:\/\/www.naturparkmagazin.de\/stechlin\/#website","url":"https:\/\/www.naturparkmagazin.de\/stechlin\/","name":"Naturpark Stechlin-Ruppiner Land","description":"","potentialAction":[{"@type":"SearchAction","target":{"@type":"EntryPoint","urlTemplate":"https:\/\/www.naturparkmagazin.de\/stechlin\/?s={search_term_string}"},"query-input":"required name=search_term_string"}],"inLanguage":"de"},{"@type":"Person","@id":"https:\/\/www.naturparkmagazin.de\/stechlin\/#\/schema\/person\/3f0d93203df21c806dd63c76d9bb28bc","name":"marioschrumpf","url":"https:\/\/www.naturparkmagazin.de\/stechlin\/author\/marioschrumpf\/"}]}},"_links":{"self":[{"href":"https:\/\/www.naturparkmagazin.de\/stechlin\/wp-json\/wp\/v2\/posts\/5887"}],"collection":[{"href":"https:\/\/www.naturparkmagazin.de\/stechlin\/wp-json\/wp\/v2\/posts"}],"about":[{"href":"https:\/\/www.naturparkmagazin.de\/stechlin\/wp-json\/wp\/v2\/types\/post"}],"author":[{"embeddable":true,"href":"https:\/\/www.naturparkmagazin.de\/stechlin\/wp-json\/wp\/v2\/users\/39"}],"replies":[{"embeddable":true,"href":"https:\/\/www.naturparkmagazin.de\/stechlin\/wp-json\/wp\/v2\/comments?post=5887"}],"version-history":[{"count":7,"href":"https:\/\/www.naturparkmagazin.de\/stechlin\/wp-json\/wp\/v2\/posts\/5887\/revisions"}],"predecessor-version":[{"id":16591,"href":"https:\/\/www.naturparkmagazin.de\/stechlin\/wp-json\/wp\/v2\/posts\/5887\/revisions\/16591"}],"wp:featuredmedia":[{"embeddable":true,"href":"https:\/\/www.naturparkmagazin.de\/stechlin\/wp-json\/wp\/v2\/media\/5976"}],"wp:attachment":[{"href":"https:\/\/www.naturparkmagazin.de\/stechlin\/wp-json\/wp\/v2\/media?parent=5887"}],"wp:term":[{"taxonomy":"category","embeddable":true,"href":"https:\/\/www.naturparkmagazin.de\/stechlin\/wp-json\/wp\/v2\/categories?post=5887"},{"taxonomy":"post_tag","embeddable":true,"href":"https:\/\/www.naturparkmagazin.de\/stechlin\/wp-json\/wp\/v2\/tags?post=5887"}],"curies":[{"name":"wp","href":"https:\/\/api.w.org\/{rel}","templated":true}]}}