{"id":5892,"date":"2018-08-18T09:30:20","date_gmt":"2018-08-18T07:30:20","guid":{"rendered":"http:\/\/www.naturparkmagazin.de\/stechlin\/?p=5892"},"modified":"2018-08-23T18:05:37","modified_gmt":"2018-08-23T16:05:37","slug":"anmeldung-fuer-aktiv-im-ruppiner-seenland-freigeschaltet","status":"publish","type":"post","link":"https:\/\/www.naturparkmagazin.de\/stechlin\/anmeldung-fuer-aktiv-im-ruppiner-seenland-freigeschaltet\/","title":{"rendered":"Anmeldung f\u00fcr &#8222;Aktiv im Ruppiner Seenland&#8220; freigeschaltet"},"content":{"rendered":"<div id=\"attachment_2832\" style=\"width: 310px\" class=\"wp-caption aligncenter\"><a href=\"https:\/\/www.naturparkmagazin.de\/stechlin\/wp-content\/uploads\/sites\/38\/DSC_0026.jpg\"><img aria-describedby=\"caption-attachment-2832\" decoding=\"async\" loading=\"lazy\" class=\"size-thumbnail wp-image-2832\" src=\"https:\/\/www.naturparkmagazin.de\/stechlin\/wp-content\/uploads\/sites\/38\/DSC_0026-300x201.jpg\" alt=\"Strecke\" width=\"300\" height=\"201\" srcset=\"https:\/\/www.naturparkmagazin.de\/stechlin\/wp-content\/uploads\/sites\/38\/DSC_0026-300x201.jpg 300w, https:\/\/www.naturparkmagazin.de\/stechlin\/wp-content\/uploads\/sites\/38\/DSC_0026-620x415.jpg 620w, https:\/\/www.naturparkmagazin.de\/stechlin\/wp-content\/uploads\/sites\/38\/DSC_0026-200x134.jpg 200w, https:\/\/www.naturparkmagazin.de\/stechlin\/wp-content\/uploads\/sites\/38\/DSC_0026.jpg 640w\" sizes=\"(max-width: 300px) 100vw, 300px\" \/><\/a><p id=\"caption-attachment-2832\" class=\"wp-caption-text\">Die landschaftlich reizvolle Strecke um den Roofensee fand gro\u00dfen Anklang!<\/p><\/div>\n<p>Am <strong>15. September 2018<\/strong>\u00a0findet zum 13. Mal in Menz die integrative Sportveranstaltung statt.<\/p>\n<p><strong>WO?<\/strong> Regionalwerkstatt Stechlin, Friedensplatz 9, 16775 Stechlin OT Menz.<\/p>\n<p>Ab sofort ist im Internet die Anmeldung f\u00fcr folgende Aktivit\u00e4ten freigeschaltet:<\/p>\n<p>&nbsp;<\/p>\n<p><strong>Laufen<\/strong> (0,4\/1,6\/8\/16\/25 km)<\/p>\n<p><strong>Nordic Walking<\/strong> (8 km)<\/p>\n<p>Anmeldung <a href=\"http:\/\/www.laufpark-stechlin.de\">hier<\/a>!<\/p>\n<p>&nbsp;<\/p>\n<p><strong>Wandern<\/strong> (Roofenseewanderung; 8\/16 km auf markierter Strecke)<\/p>\n<p>Anmeldung <a href=\"http:\/\/www.roofensee-wanderung.de\">hier<\/a>!<\/p>\n<p>&nbsp;<\/p>\n<p><strong>Radfahren<\/strong><\/p>\n<p>Kinderrennen &#8222;Fette Reifen&#8220; 3 und 6 km bis 14 Jahre<\/p>\n<p>Anmeldung <a href=\"http:\/\/www.rsv94.de\">hier<\/a>!<\/p>\n<p>&nbsp;<\/p>\n<p><strong>Barrierefrei Paracycling<\/strong><\/p>\n<p>(10 km f\u00fcr Handbikes, Dreir\u00e4der, Rennr\u00e4der)<\/p>\n<p>Anmeldung <a href=\"http:\/\/www.ruppiner-reiseland.de\/aktiv-durch-das-rsl.html\">hier<\/a>!<\/p>\n<p>&nbsp;<\/p>\n<div id=\"attachment_2834\" style=\"width: 310px\" class=\"wp-caption aligncenter\"><a href=\"https:\/\/www.naturparkmagazin.de\/stechlin\/wp-content\/uploads\/sites\/38\/DSC_0139.jpg\"><img aria-describedby=\"caption-attachment-2834\" decoding=\"async\" loading=\"lazy\" class=\"size-thumbnail wp-image-2834\" src=\"https:\/\/www.naturparkmagazin.de\/stechlin\/wp-content\/uploads\/sites\/38\/DSC_0139-300x201.jpg\" alt=\"Sieger\" width=\"300\" height=\"201\" srcset=\"https:\/\/www.naturparkmagazin.de\/stechlin\/wp-content\/uploads\/sites\/38\/DSC_0139-300x201.jpg 300w, https:\/\/www.naturparkmagazin.de\/stechlin\/wp-content\/uploads\/sites\/38\/DSC_0139-620x415.jpg 620w, https:\/\/www.naturparkmagazin.de\/stechlin\/wp-content\/uploads\/sites\/38\/DSC_0139-200x134.jpg 200w, https:\/\/www.naturparkmagazin.de\/stechlin\/wp-content\/uploads\/sites\/38\/DSC_0139.jpg 640w\" sizes=\"(max-width: 300px) 100vw, 300px\" \/><\/a><p id=\"caption-attachment-2834\" class=\"wp-caption-text\">So sehen Sieger aus! Die Gewinner \u00fcber 25 km bei den Damen und Herren in 2016.<\/p><\/div>\n<p>&nbsp;<\/p>\n<div id=\"attachment_2833\" style=\"width: 310px\" class=\"wp-caption aligncenter\"><a href=\"https:\/\/www.naturparkmagazin.de\/stechlin\/wp-content\/uploads\/sites\/38\/DSC_0129.jpg\"><img aria-describedby=\"caption-attachment-2833\" decoding=\"async\" loading=\"lazy\" class=\"size-thumbnail wp-image-2833\" src=\"https:\/\/www.naturparkmagazin.de\/stechlin\/wp-content\/uploads\/sites\/38\/DSC_0129-300x201.jpg\" alt=\"Anklemmbiker\" width=\"300\" height=\"201\" srcset=\"https:\/\/www.naturparkmagazin.de\/stechlin\/wp-content\/uploads\/sites\/38\/DSC_0129-300x201.jpg 300w, https:\/\/www.naturparkmagazin.de\/stechlin\/wp-content\/uploads\/sites\/38\/DSC_0129-620x415.jpg 620w, https:\/\/www.naturparkmagazin.de\/stechlin\/wp-content\/uploads\/sites\/38\/DSC_0129-200x134.jpg 200w, https:\/\/www.naturparkmagazin.de\/stechlin\/wp-content\/uploads\/sites\/38\/DSC_0129.jpg 640w\" sizes=\"(max-width: 300px) 100vw, 300px\" \/><\/a><p id=\"caption-attachment-2833\" class=\"wp-caption-text\">Stolz pr\u00e4sentieren die Anklemmbiker ihre Urkunden.<\/p><\/div>\n","protected":false},"excerpt":{"rendered":"<p>Am 15. September 2018 findet zum 13. Mal in Menz die integrative Sportveranstaltung statt. Ab sofort ist die Anmeldung im Internet freigeschaltet.<\/p>\n","protected":false},"author":39,"featured_media":5893,"comment_status":"open","ping_status":"open","sticky":false,"template":"","format":"standard","meta":[],"categories":[11],"tags":[],"yoast_head":"<!-- This site is optimized with the Yoast SEO plugin v19.10 - https:\/\/yoast.com\/wordpress\/plugins\/seo\/ -->\n<title>Anmeldung f\u00fcr &quot;Aktiv im Ruppiner Seenland&quot; freigeschaltet - Naturpark Stechlin-Ruppiner Land<\/title>\n<meta name=\"robots\" content=\"index, follow, max-snippet:-1, max-image-preview:large, max-video-preview:-1\" \/>\n<link rel=\"canonical\" href=\"https:\/\/www.naturparkmagazin.de\/stechlin\/anmeldung-fuer-aktiv-im-ruppiner-seenland-freigeschaltet\/\" \/>\n<meta property=\"og:locale\" content=\"de_DE\" \/>\n<meta property=\"og:type\" content=\"article\" \/>\n<meta property=\"og:title\" content=\"Anmeldung f\u00fcr &quot;Aktiv im Ruppiner Seenland&quot; freigeschaltet - Naturpark Stechlin-Ruppiner Land\" \/>\n<meta property=\"og:description\" content=\"Am 15. September 2018 findet zum 13. Mal in Menz die integrative Sportveranstaltung statt. Ab sofort ist die Anmeldung im Internet freigeschaltet.\" \/>\n<meta property=\"og:url\" content=\"https:\/\/www.naturparkmagazin.de\/stechlin\/anmeldung-fuer-aktiv-im-ruppiner-seenland-freigeschaltet\/\" \/>\n<meta property=\"og:site_name\" content=\"Naturpark Stechlin-Ruppiner Land\" \/>\n<meta property=\"article:published_time\" content=\"2018-08-18T07:30:20+00:00\" \/>\n<meta property=\"article:modified_time\" content=\"2018-08-23T16:05:37+00:00\" \/>\n<meta property=\"og:image\" content=\"https:\/\/www.naturparkmagazin.de\/stechlin\/wp-content\/uploads\/sites\/38\/Aktiv-im-Ruppiner-SL13.jpg\" \/>\n\t<meta property=\"og:image:width\" content=\"200\" \/>\n\t<meta property=\"og:image:height\" content=\"200\" \/>\n\t<meta property=\"og:image:type\" content=\"image\/jpeg\" \/>\n<meta name=\"author\" content=\"marioschrumpf\" \/>\n<meta name=\"twitter:label1\" content=\"Verfasst von\" \/>\n\t<meta name=\"twitter:data1\" content=\"marioschrumpf\" \/>\n\t<meta name=\"twitter:label2\" content=\"Gesch\u00e4tzte Lesezeit\" \/>\n\t<meta name=\"twitter:data2\" content=\"1\u00a0Minute\" \/>\n<script type=\"application\/ld+json\" class=\"yoast-schema-graph\">{\"@context\":\"https:\/\/schema.org\",\"@graph\":[{\"@type\":\"WebPage\",\"@id\":\"https:\/\/www.naturparkmagazin.de\/stechlin\/anmeldung-fuer-aktiv-im-ruppiner-seenland-freigeschaltet\/\",\"url\":\"https:\/\/www.naturparkmagazin.de\/stechlin\/anmeldung-fuer-aktiv-im-ruppiner-seenland-freigeschaltet\/\",\"name\":\"Anmeldung f\u00fcr \\\"Aktiv im Ruppiner Seenland\\\" freigeschaltet - Naturpark Stechlin-Ruppiner Land\",\"isPartOf\":{\"@id\":\"https:\/\/www.naturparkmagazin.de\/stechlin\/#website\"},\"datePublished\":\"2018-08-18T07:30:20+00:00\",\"dateModified\":\"2018-08-23T16:05:37+00:00\",\"author\":{\"@id\":\"https:\/\/www.naturparkmagazin.de\/stechlin\/#\/schema\/person\/3f0d93203df21c806dd63c76d9bb28bc\"},\"breadcrumb\":{\"@id\":\"https:\/\/www.naturparkmagazin.de\/stechlin\/anmeldung-fuer-aktiv-im-ruppiner-seenland-freigeschaltet\/#breadcrumb\"},\"inLanguage\":\"de\",\"potentialAction\":[{\"@type\":\"ReadAction\",\"target\":[\"https:\/\/www.naturparkmagazin.de\/stechlin\/anmeldung-fuer-aktiv-im-ruppiner-seenland-freigeschaltet\/\"]}]},{\"@type\":\"BreadcrumbList\",\"@id\":\"https:\/\/www.naturparkmagazin.de\/stechlin\/anmeldung-fuer-aktiv-im-ruppiner-seenland-freigeschaltet\/#breadcrumb\",\"itemListElement\":[{\"@type\":\"ListItem\",\"position\":1,\"name\":\"Home\",\"item\":\"https:\/\/www.naturparkmagazin.de\/stechlin\/\"},{\"@type\":\"ListItem\",\"position\":2,\"name\":\"Anmeldung f\u00fcr &#8222;Aktiv im Ruppiner Seenland&#8220; freigeschaltet\"}]},{\"@type\":\"WebSite\",\"@id\":\"https:\/\/www.naturparkmagazin.de\/stechlin\/#website\",\"url\":\"https:\/\/www.naturparkmagazin.de\/stechlin\/\",\"name\":\"Naturpark Stechlin-Ruppiner Land\",\"description\":\"\",\"potentialAction\":[{\"@type\":\"SearchAction\",\"target\":{\"@type\":\"EntryPoint\",\"urlTemplate\":\"https:\/\/www.naturparkmagazin.de\/stechlin\/?s={search_term_string}\"},\"query-input\":\"required name=search_term_string\"}],\"inLanguage\":\"de\"},{\"@type\":\"Person\",\"@id\":\"https:\/\/www.naturparkmagazin.de\/stechlin\/#\/schema\/person\/3f0d93203df21c806dd63c76d9bb28bc\",\"name\":\"marioschrumpf\",\"url\":\"https:\/\/www.naturparkmagazin.de\/stechlin\/author\/marioschrumpf\/\"}]}<\/script>\n<!-- \/ Yoast SEO plugin. -->","yoast_head_json":{"title":"Anmeldung f\u00fcr \"Aktiv im Ruppiner Seenland\" freigeschaltet - Naturpark Stechlin-Ruppiner Land","robots":{"index":"index","follow":"follow","max-snippet":"max-snippet:-1","max-image-preview":"max-image-preview:large","max-video-preview":"max-video-preview:-1"},"canonical":"https:\/\/www.naturparkmagazin.de\/stechlin\/anmeldung-fuer-aktiv-im-ruppiner-seenland-freigeschaltet\/","og_locale":"de_DE","og_type":"article","og_title":"Anmeldung f\u00fcr \"Aktiv im Ruppiner Seenland\" freigeschaltet - Naturpark Stechlin-Ruppiner Land","og_description":"Am 15. September 2018 findet zum 13. Mal in Menz die integrative Sportveranstaltung statt. Ab sofort ist die Anmeldung im Internet freigeschaltet.","og_url":"https:\/\/www.naturparkmagazin.de\/stechlin\/anmeldung-fuer-aktiv-im-ruppiner-seenland-freigeschaltet\/","og_site_name":"Naturpark Stechlin-Ruppiner Land","article_published_time":"2018-08-18T07:30:20+00:00","article_modified_time":"2018-08-23T16:05:37+00:00","og_image":[{"width":200,"height":200,"url":"https:\/\/www.naturparkmagazin.de\/stechlin\/wp-content\/uploads\/sites\/38\/Aktiv-im-Ruppiner-SL13.jpg","type":"image\/jpeg"}],"author":"marioschrumpf","twitter_misc":{"Verfasst von":"marioschrumpf","Gesch\u00e4tzte Lesezeit":"1\u00a0Minute"},"schema":{"@context":"https:\/\/schema.org","@graph":[{"@type":"WebPage","@id":"https:\/\/www.naturparkmagazin.de\/stechlin\/anmeldung-fuer-aktiv-im-ruppiner-seenland-freigeschaltet\/","url":"https:\/\/www.naturparkmagazin.de\/stechlin\/anmeldung-fuer-aktiv-im-ruppiner-seenland-freigeschaltet\/","name":"Anmeldung f\u00fcr \"Aktiv im Ruppiner Seenland\" freigeschaltet - Naturpark Stechlin-Ruppiner Land","isPartOf":{"@id":"https:\/\/www.naturparkmagazin.de\/stechlin\/#website"},"datePublished":"2018-08-18T07:30:20+00:00","dateModified":"2018-08-23T16:05:37+00:00","author":{"@id":"https:\/\/www.naturparkmagazin.de\/stechlin\/#\/schema\/person\/3f0d93203df21c806dd63c76d9bb28bc"},"breadcrumb":{"@id":"https:\/\/www.naturparkmagazin.de\/stechlin\/anmeldung-fuer-aktiv-im-ruppiner-seenland-freigeschaltet\/#breadcrumb"},"inLanguage":"de","potentialAction":[{"@type":"ReadAction","target":["https:\/\/www.naturparkmagazin.de\/stechlin\/anmeldung-fuer-aktiv-im-ruppiner-seenland-freigeschaltet\/"]}]},{"@type":"BreadcrumbList","@id":"https:\/\/www.naturparkmagazin.de\/stechlin\/anmeldung-fuer-aktiv-im-ruppiner-seenland-freigeschaltet\/#breadcrumb","itemListElement":[{"@type":"ListItem","position":1,"name":"Home","item":"https:\/\/www.naturparkmagazin.de\/stechlin\/"},{"@type":"ListItem","position":2,"name":"Anmeldung f\u00fcr &#8222;Aktiv im Ruppiner Seenland&#8220; freigeschaltet"}]},{"@type":"WebSite","@id":"https:\/\/www.naturparkmagazin.de\/stechlin\/#website","url":"https:\/\/www.naturparkmagazin.de\/stechlin\/","name":"Naturpark Stechlin-Ruppiner Land","description":"","potentialAction":[{"@type":"SearchAction","target":{"@type":"EntryPoint","urlTemplate":"https:\/\/www.naturparkmagazin.de\/stechlin\/?s={search_term_string}"},"query-input":"required name=search_term_string"}],"inLanguage":"de"},{"@type":"Person","@id":"https:\/\/www.naturparkmagazin.de\/stechlin\/#\/schema\/person\/3f0d93203df21c806dd63c76d9bb28bc","name":"marioschrumpf","url":"https:\/\/www.naturparkmagazin.de\/stechlin\/author\/marioschrumpf\/"}]}},"_links":{"self":[{"href":"https:\/\/www.naturparkmagazin.de\/stechlin\/wp-json\/wp\/v2\/posts\/5892"}],"collection":[{"href":"https:\/\/www.naturparkmagazin.de\/stechlin\/wp-json\/wp\/v2\/posts"}],"about":[{"href":"https:\/\/www.naturparkmagazin.de\/stechlin\/wp-json\/wp\/v2\/types\/post"}],"author":[{"embeddable":true,"href":"https:\/\/www.naturparkmagazin.de\/stechlin\/wp-json\/wp\/v2\/users\/39"}],"replies":[{"embeddable":true,"href":"https:\/\/www.naturparkmagazin.de\/stechlin\/wp-json\/wp\/v2\/comments?post=5892"}],"version-history":[{"count":6,"href":"https:\/\/www.naturparkmagazin.de\/stechlin\/wp-json\/wp\/v2\/posts\/5892\/revisions"}],"predecessor-version":[{"id":5914,"href":"https:\/\/www.naturparkmagazin.de\/stechlin\/wp-json\/wp\/v2\/posts\/5892\/revisions\/5914"}],"wp:featuredmedia":[{"embeddable":true,"href":"https:\/\/www.naturparkmagazin.de\/stechlin\/wp-json\/wp\/v2\/media\/5893"}],"wp:attachment":[{"href":"https:\/\/www.naturparkmagazin.de\/stechlin\/wp-json\/wp\/v2\/media?parent=5892"}],"wp:term":[{"taxonomy":"category","embeddable":true,"href":"https:\/\/www.naturparkmagazin.de\/stechlin\/wp-json\/wp\/v2\/categories?post=5892"},{"taxonomy":"post_tag","embeddable":true,"href":"https:\/\/www.naturparkmagazin.de\/stechlin\/wp-json\/wp\/v2\/tags?post=5892"}],"curies":[{"name":"wp","href":"https:\/\/api.w.org\/{rel}","templated":true}]}}