{"id":5904,"date":"2017-06-19T14:46:32","date_gmt":"2017-06-19T12:46:32","guid":{"rendered":"http:\/\/www.naturparkmagazin.de\/stechlin\/?p=5904"},"modified":"2017-06-20T08:22:24","modified_gmt":"2017-06-20T06:22:24","slug":"dr-wolfgang-pagel","status":"publish","type":"post","link":"https:\/\/www.naturparkmagazin.de\/stechlin\/dr-wolfgang-pagel\/","title":{"rendered":"Dr. Wolfgang Pagel &#8211; Wanderer aus Leidenschaft"},"content":{"rendered":"<p><a href=\"https:\/\/www.naturparkmagazin.de\/stechlin\/wp-content\/uploads\/sites\/38\/Wandertag.jpg\"><img decoding=\"async\" loading=\"lazy\" class=\" size-full wp-image-5451 aligncenter\" src=\"https:\/\/www.naturparkmagazin.de\/stechlin\/wp-content\/uploads\/sites\/38\/Wandertag.jpg\" alt=\"NP SRL\/Wolfgang Pagel\" width=\"200\" height=\"200\" srcset=\"https:\/\/www.naturparkmagazin.de\/stechlin\/wp-content\/uploads\/sites\/38\/Wandertag.jpg 200w, https:\/\/www.naturparkmagazin.de\/stechlin\/wp-content\/uploads\/sites\/38\/Wandertag-30x30.jpg 30w\" sizes=\"(max-width: 200px) 100vw, 200px\" \/><\/a><\/p>\n<p>Der promovierte Mathematiker ist Pr\u00e4sident des Berliner Wanderverbandes e.V. und engagiert sich seit vielen Jahren in den Brandenburgisches Nationalen Naturlandschaften. So ist er Erfinder des Naturpark Barnim-\u00c4quators, einer Langstrecken-Wanderung von der Ost- zur Westgrenze des Naturparks. Als Dankesch\u00f6n f\u00fcr die Unterst\u00fctzung diverser Wanderungen durch die Naturparkverwaltung und Naturwacht treffen sich die Berliner Wanderer seit mehr als 20 Jahren allj\u00e4hrlich im Sommer zu einem Arbeitseinsatz im Naturschutzgebiet Biesenthaler Becken zur Pflege von Orchideenwiesen.<\/p>\n<div id=\"attachment_5711\" style=\"width: 310px\" class=\"wp-caption aligncenter\"><a href=\"https:\/\/www.naturparkmagazin.de\/stechlin\/wp-content\/uploads\/sites\/38\/Pagel194.jpg\"><img aria-describedby=\"caption-attachment-5711\" decoding=\"async\" loading=\"lazy\" class=\"size-thumbnail wp-image-5711\" src=\"https:\/\/www.naturparkmagazin.de\/stechlin\/wp-content\/uploads\/sites\/38\/Pagel194-300x180.jpg\" alt=\"&quot;Ankunft in Rheinsberg&quot;\" width=\"300\" height=\"180\" srcset=\"https:\/\/www.naturparkmagazin.de\/stechlin\/wp-content\/uploads\/sites\/38\/Pagel194-300x180.jpg 300w, https:\/\/www.naturparkmagazin.de\/stechlin\/wp-content\/uploads\/sites\/38\/Pagel194.jpg 500w, https:\/\/www.naturparkmagazin.de\/stechlin\/wp-content\/uploads\/sites\/38\/Pagel194-200x120.jpg 200w\" sizes=\"(max-width: 300px) 100vw, 300px\" \/><\/a><p id=\"caption-attachment-5711\" class=\"wp-caption-text\">Ankunft in Rheinsberg zum Bundesweiten Naturpark-Wandertag<\/p><\/div>\n<p>Im Rahmen der in diesem Jahr bereits zum 12. Mal stattfindenden integrativen Sportveranstaltung &#8222;Aktiv im Ruppiner Seenland&#8220; zeichnet Wolfgang Pagel seit Anbeginn\u00a0f\u00fcr den Part Wandern verantwortlich. Neben der Mitarbeit im Orga-Team l\u00e4sst er es sich nicht nehmen, die Wanderer auf der angebotenen Wandermarathon-Strecke in unserem Naturpark selbst zu f\u00fchren.<\/p>\n<div id=\"attachment_5945\" style=\"width: 310px\" class=\"wp-caption aligncenter\"><a href=\"https:\/\/www.naturparkmagazin.de\/stechlin\/wp-content\/uploads\/sites\/38\/Braunsberger-Kirche198.jpg\"><img aria-describedby=\"caption-attachment-5945\" decoding=\"async\" loading=\"lazy\" class=\"size-thumbnail wp-image-5945\" src=\"https:\/\/www.naturparkmagazin.de\/stechlin\/wp-content\/uploads\/sites\/38\/Braunsberger-Kirche198-300x180.jpg\" alt=\"Infos aus erster Hand zur Braunsberger Dorfkirche\" width=\"300\" height=\"180\" srcset=\"https:\/\/www.naturparkmagazin.de\/stechlin\/wp-content\/uploads\/sites\/38\/Braunsberger-Kirche198-300x180.jpg 300w, https:\/\/www.naturparkmagazin.de\/stechlin\/wp-content\/uploads\/sites\/38\/Braunsberger-Kirche198.jpg 500w, https:\/\/www.naturparkmagazin.de\/stechlin\/wp-content\/uploads\/sites\/38\/Braunsberger-Kirche198-200x120.jpg 200w\" sizes=\"(max-width: 300px) 100vw, 300px\" \/><\/a><p id=\"caption-attachment-5945\" class=\"wp-caption-text\">Infos aus erster Hand zur Braunsberger Dorfkirche<\/p><\/div>\n<p>Dar\u00fcberhinaus ist Pagel Herausgeber des j\u00e4hrlich erscheinenden Berlin-Brandenburger Wanderplans, einem Printprodukt mit mehreren Hundert Wanderungen, die der Berliner Wanderverband seinen Mitgliedern und G\u00e4sten anbietet. Konsequenterweise ist die An- und Abreise zu\u00a0allen Wanderungen mit \u00f6ffentlichen Verkehrsmitteln m\u00f6glich. Angesichts von mehr als 40 % Berliner Haushalte ohne eigenes Auto eine nicht nur umweltpolitisch richtige Entscheidung.<\/p>\n<p>Schon fast zur Tradition geworden ist allj\u00e4hrlich im Mai sein Tourenangebot zum Bundesweiten Naturpark-Wandertag. In diesem Jahr f\u00fchrte er 15 Wanderer von Rheinsberg durch die Ruppiner Schweiz \u00fcber den neu er\u00f6ffneten Heidewanderweg durch die Kyritz-Ruppiner Heide nach Fretzdorf.<\/p>\n<div id=\"attachment_5944\" style=\"width: 310px\" class=\"wp-caption aligncenter\"><a href=\"https:\/\/www.naturparkmagazin.de\/stechlin\/wp-content\/uploads\/sites\/38\/Theodor-Fontane-und-Pr\u00e4sident243.jpg\"><img aria-describedby=\"caption-attachment-5944\" decoding=\"async\" loading=\"lazy\" class=\"size-thumbnail wp-image-5944\" src=\"https:\/\/www.naturparkmagazin.de\/stechlin\/wp-content\/uploads\/sites\/38\/Theodor-Fontane-und-Pr\u00e4sident243-300x180.jpg\" alt=\"Theodor Fontane und der Pr\u00e4sident\" width=\"300\" height=\"180\" srcset=\"https:\/\/www.naturparkmagazin.de\/stechlin\/wp-content\/uploads\/sites\/38\/Theodor-Fontane-und-Pr\u00e4sident243-300x180.jpg 300w, https:\/\/www.naturparkmagazin.de\/stechlin\/wp-content\/uploads\/sites\/38\/Theodor-Fontane-und-Pr\u00e4sident243.jpg 500w, https:\/\/www.naturparkmagazin.de\/stechlin\/wp-content\/uploads\/sites\/38\/Theodor-Fontane-und-Pr\u00e4sident243-200x120.jpg 200w\" sizes=\"(max-width: 300px) 100vw, 300px\" \/><\/a><p id=\"caption-attachment-5944\" class=\"wp-caption-text\">Theodor Fontane und der Pr\u00e4sident<\/p><\/div>\n","protected":false},"excerpt":{"rendered":"<p>Der promovierte Mathematiker ist Pr\u00e4sident des Berliner Wanderverbandes e.V. und engagiert sich seit vielen Jahren in den Brandenburgisches Nationalen Naturlandschaften.<\/p>\n","protected":false},"author":39,"featured_media":5946,"comment_status":"open","ping_status":"open","sticky":false,"template":"","format":"standard","meta":[],"categories":[8],"tags":[],"yoast_head":"<!-- This site is optimized with the Yoast SEO plugin v19.10 - https:\/\/yoast.com\/wordpress\/plugins\/seo\/ -->\n<title>Dr. Wolfgang Pagel - Wanderer aus Leidenschaft - Naturpark Stechlin-Ruppiner Land<\/title>\n<meta name=\"robots\" content=\"index, follow, max-snippet:-1, max-image-preview:large, max-video-preview:-1\" \/>\n<link rel=\"canonical\" href=\"https:\/\/www.naturparkmagazin.de\/stechlin\/dr-wolfgang-pagel\/\" \/>\n<meta property=\"og:locale\" content=\"de_DE\" \/>\n<meta property=\"og:type\" content=\"article\" \/>\n<meta property=\"og:title\" content=\"Dr. Wolfgang Pagel - Wanderer aus Leidenschaft - Naturpark Stechlin-Ruppiner Land\" \/>\n<meta property=\"og:description\" content=\"Der promovierte Mathematiker ist Pr\u00e4sident des Berliner Wanderverbandes e.V. und engagiert sich seit vielen Jahren in den Brandenburgisches Nationalen Naturlandschaften.\" \/>\n<meta property=\"og:url\" content=\"https:\/\/www.naturparkmagazin.de\/stechlin\/dr-wolfgang-pagel\/\" \/>\n<meta property=\"og:site_name\" content=\"Naturpark Stechlin-Ruppiner Land\" \/>\n<meta property=\"article:published_time\" content=\"2017-06-19T12:46:32+00:00\" \/>\n<meta property=\"article:modified_time\" content=\"2017-06-20T06:22:24+00:00\" \/>\n<meta property=\"og:image\" content=\"https:\/\/www.naturparkmagazin.de\/stechlin\/wp-content\/uploads\/sites\/38\/Wolfgang-Pagel.jpg\" \/>\n\t<meta property=\"og:image:width\" content=\"200\" \/>\n\t<meta property=\"og:image:height\" content=\"200\" \/>\n\t<meta property=\"og:image:type\" content=\"image\/jpeg\" \/>\n<meta name=\"author\" content=\"marioschrumpf\" \/>\n<meta name=\"twitter:label1\" content=\"Verfasst von\" \/>\n\t<meta name=\"twitter:data1\" content=\"marioschrumpf\" \/>\n\t<meta name=\"twitter:label2\" content=\"Gesch\u00e4tzte Lesezeit\" \/>\n\t<meta name=\"twitter:data2\" content=\"1\u00a0Minute\" \/>\n<script type=\"application\/ld+json\" class=\"yoast-schema-graph\">{\"@context\":\"https:\/\/schema.org\",\"@graph\":[{\"@type\":\"WebPage\",\"@id\":\"https:\/\/www.naturparkmagazin.de\/stechlin\/dr-wolfgang-pagel\/\",\"url\":\"https:\/\/www.naturparkmagazin.de\/stechlin\/dr-wolfgang-pagel\/\",\"name\":\"Dr. Wolfgang Pagel - Wanderer aus Leidenschaft - Naturpark Stechlin-Ruppiner Land\",\"isPartOf\":{\"@id\":\"https:\/\/www.naturparkmagazin.de\/stechlin\/#website\"},\"datePublished\":\"2017-06-19T12:46:32+00:00\",\"dateModified\":\"2017-06-20T06:22:24+00:00\",\"author\":{\"@id\":\"https:\/\/www.naturparkmagazin.de\/stechlin\/#\/schema\/person\/3f0d93203df21c806dd63c76d9bb28bc\"},\"breadcrumb\":{\"@id\":\"https:\/\/www.naturparkmagazin.de\/stechlin\/dr-wolfgang-pagel\/#breadcrumb\"},\"inLanguage\":\"de\",\"potentialAction\":[{\"@type\":\"ReadAction\",\"target\":[\"https:\/\/www.naturparkmagazin.de\/stechlin\/dr-wolfgang-pagel\/\"]}]},{\"@type\":\"BreadcrumbList\",\"@id\":\"https:\/\/www.naturparkmagazin.de\/stechlin\/dr-wolfgang-pagel\/#breadcrumb\",\"itemListElement\":[{\"@type\":\"ListItem\",\"position\":1,\"name\":\"Home\",\"item\":\"https:\/\/www.naturparkmagazin.de\/stechlin\/\"},{\"@type\":\"ListItem\",\"position\":2,\"name\":\"Dr. Wolfgang Pagel &#8211; Wanderer aus Leidenschaft\"}]},{\"@type\":\"WebSite\",\"@id\":\"https:\/\/www.naturparkmagazin.de\/stechlin\/#website\",\"url\":\"https:\/\/www.naturparkmagazin.de\/stechlin\/\",\"name\":\"Naturpark Stechlin-Ruppiner Land\",\"description\":\"\",\"potentialAction\":[{\"@type\":\"SearchAction\",\"target\":{\"@type\":\"EntryPoint\",\"urlTemplate\":\"https:\/\/www.naturparkmagazin.de\/stechlin\/?s={search_term_string}\"},\"query-input\":\"required name=search_term_string\"}],\"inLanguage\":\"de\"},{\"@type\":\"Person\",\"@id\":\"https:\/\/www.naturparkmagazin.de\/stechlin\/#\/schema\/person\/3f0d93203df21c806dd63c76d9bb28bc\",\"name\":\"marioschrumpf\",\"url\":\"https:\/\/www.naturparkmagazin.de\/stechlin\/author\/marioschrumpf\/\"}]}<\/script>\n<!-- \/ Yoast SEO plugin. -->","yoast_head_json":{"title":"Dr. Wolfgang Pagel - Wanderer aus Leidenschaft - Naturpark Stechlin-Ruppiner Land","robots":{"index":"index","follow":"follow","max-snippet":"max-snippet:-1","max-image-preview":"max-image-preview:large","max-video-preview":"max-video-preview:-1"},"canonical":"https:\/\/www.naturparkmagazin.de\/stechlin\/dr-wolfgang-pagel\/","og_locale":"de_DE","og_type":"article","og_title":"Dr. Wolfgang Pagel - Wanderer aus Leidenschaft - Naturpark Stechlin-Ruppiner Land","og_description":"Der promovierte Mathematiker ist Pr\u00e4sident des Berliner Wanderverbandes e.V. und engagiert sich seit vielen Jahren in den Brandenburgisches Nationalen Naturlandschaften.","og_url":"https:\/\/www.naturparkmagazin.de\/stechlin\/dr-wolfgang-pagel\/","og_site_name":"Naturpark Stechlin-Ruppiner Land","article_published_time":"2017-06-19T12:46:32+00:00","article_modified_time":"2017-06-20T06:22:24+00:00","og_image":[{"width":200,"height":200,"url":"https:\/\/www.naturparkmagazin.de\/stechlin\/wp-content\/uploads\/sites\/38\/Wolfgang-Pagel.jpg","type":"image\/jpeg"}],"author":"marioschrumpf","twitter_misc":{"Verfasst von":"marioschrumpf","Gesch\u00e4tzte Lesezeit":"1\u00a0Minute"},"schema":{"@context":"https:\/\/schema.org","@graph":[{"@type":"WebPage","@id":"https:\/\/www.naturparkmagazin.de\/stechlin\/dr-wolfgang-pagel\/","url":"https:\/\/www.naturparkmagazin.de\/stechlin\/dr-wolfgang-pagel\/","name":"Dr. Wolfgang Pagel - Wanderer aus Leidenschaft - Naturpark Stechlin-Ruppiner Land","isPartOf":{"@id":"https:\/\/www.naturparkmagazin.de\/stechlin\/#website"},"datePublished":"2017-06-19T12:46:32+00:00","dateModified":"2017-06-20T06:22:24+00:00","author":{"@id":"https:\/\/www.naturparkmagazin.de\/stechlin\/#\/schema\/person\/3f0d93203df21c806dd63c76d9bb28bc"},"breadcrumb":{"@id":"https:\/\/www.naturparkmagazin.de\/stechlin\/dr-wolfgang-pagel\/#breadcrumb"},"inLanguage":"de","potentialAction":[{"@type":"ReadAction","target":["https:\/\/www.naturparkmagazin.de\/stechlin\/dr-wolfgang-pagel\/"]}]},{"@type":"BreadcrumbList","@id":"https:\/\/www.naturparkmagazin.de\/stechlin\/dr-wolfgang-pagel\/#breadcrumb","itemListElement":[{"@type":"ListItem","position":1,"name":"Home","item":"https:\/\/www.naturparkmagazin.de\/stechlin\/"},{"@type":"ListItem","position":2,"name":"Dr. Wolfgang Pagel &#8211; Wanderer aus Leidenschaft"}]},{"@type":"WebSite","@id":"https:\/\/www.naturparkmagazin.de\/stechlin\/#website","url":"https:\/\/www.naturparkmagazin.de\/stechlin\/","name":"Naturpark Stechlin-Ruppiner Land","description":"","potentialAction":[{"@type":"SearchAction","target":{"@type":"EntryPoint","urlTemplate":"https:\/\/www.naturparkmagazin.de\/stechlin\/?s={search_term_string}"},"query-input":"required name=search_term_string"}],"inLanguage":"de"},{"@type":"Person","@id":"https:\/\/www.naturparkmagazin.de\/stechlin\/#\/schema\/person\/3f0d93203df21c806dd63c76d9bb28bc","name":"marioschrumpf","url":"https:\/\/www.naturparkmagazin.de\/stechlin\/author\/marioschrumpf\/"}]}},"_links":{"self":[{"href":"https:\/\/www.naturparkmagazin.de\/stechlin\/wp-json\/wp\/v2\/posts\/5904"}],"collection":[{"href":"https:\/\/www.naturparkmagazin.de\/stechlin\/wp-json\/wp\/v2\/posts"}],"about":[{"href":"https:\/\/www.naturparkmagazin.de\/stechlin\/wp-json\/wp\/v2\/types\/post"}],"author":[{"embeddable":true,"href":"https:\/\/www.naturparkmagazin.de\/stechlin\/wp-json\/wp\/v2\/users\/39"}],"replies":[{"embeddable":true,"href":"https:\/\/www.naturparkmagazin.de\/stechlin\/wp-json\/wp\/v2\/comments?post=5904"}],"version-history":[{"count":5,"href":"https:\/\/www.naturparkmagazin.de\/stechlin\/wp-json\/wp\/v2\/posts\/5904\/revisions"}],"predecessor-version":[{"id":5906,"href":"https:\/\/www.naturparkmagazin.de\/stechlin\/wp-json\/wp\/v2\/posts\/5904\/revisions\/5906"}],"wp:featuredmedia":[{"embeddable":true,"href":"https:\/\/www.naturparkmagazin.de\/stechlin\/wp-json\/wp\/v2\/media\/5946"}],"wp:attachment":[{"href":"https:\/\/www.naturparkmagazin.de\/stechlin\/wp-json\/wp\/v2\/media?parent=5904"}],"wp:term":[{"taxonomy":"category","embeddable":true,"href":"https:\/\/www.naturparkmagazin.de\/stechlin\/wp-json\/wp\/v2\/categories?post=5904"},{"taxonomy":"post_tag","embeddable":true,"href":"https:\/\/www.naturparkmagazin.de\/stechlin\/wp-json\/wp\/v2\/tags?post=5904"}],"curies":[{"name":"wp","href":"https:\/\/api.w.org\/{rel}","templated":true}]}}