{"id":5996,"date":"2017-07-17T18:52:40","date_gmt":"2017-07-17T16:52:40","guid":{"rendered":"http:\/\/www.naturparkmagazin.de\/stechlin\/?p=5996"},"modified":"2025-01-24T10:20:47","modified_gmt":"2025-01-24T09:20:47","slug":"landschaftspflegeverband-auf-exkursion","status":"publish","type":"post","link":"https:\/\/www.naturparkmagazin.de\/stechlin\/landschaftspflegeverband-auf-exkursion\/","title":{"rendered":"Landschaftspflegeverband auf Exkursion (2017)"},"content":{"rendered":"<p>Ende Juni besuchten die Mitglieder des im Fr\u00fchjahr neu gegr\u00fcndeten Landschaftspflegeverbandes Prignitz-Oberhavel unseren Naturpark.<\/p>\n<p>Auch wenn es Petrus mit Dauerregen nicht gut meinte, konnte das die gute Laune der Teilnehmer nicht verderben.<\/p>\n<div id=\"attachment_6001\" style=\"width: 310px\" class=\"wp-caption aligncenter\"><a href=\"https:\/\/www.naturparkmagazin.de\/stechlin\/wp-content\/uploads\/sites\/38\/Exkursion-LPV01.jpg\"><img aria-describedby=\"caption-attachment-6001\" decoding=\"async\" loading=\"lazy\" class=\"size-thumbnail wp-image-6001\" src=\"https:\/\/www.naturparkmagazin.de\/stechlin\/wp-content\/uploads\/sites\/38\/Exkursion-LPV01-300x180.jpg\" alt=\"Die vierbeinigen Landschaftspfleger.\" width=\"300\" height=\"180\" srcset=\"https:\/\/www.naturparkmagazin.de\/stechlin\/wp-content\/uploads\/sites\/38\/Exkursion-LPV01-300x180.jpg 300w, https:\/\/www.naturparkmagazin.de\/stechlin\/wp-content\/uploads\/sites\/38\/Exkursion-LPV01.jpg 500w, https:\/\/www.naturparkmagazin.de\/stechlin\/wp-content\/uploads\/sites\/38\/Exkursion-LPV01-200x120.jpg 200w\" sizes=\"(max-width: 300px) 100vw, 300px\" \/><\/a><p id=\"caption-attachment-6001\" class=\"wp-caption-text\">Die vierbeinigen Landschaftspfleger.<\/p><\/div>\n<p>Erste Station war das Menzer Possluch im NSG Stechlin. Hier beweidet Reinhardt Brehe mit seinen Ziegen und Schafen im Auftrag der Naturparkverwaltung eine Feuchtwiese und den angrenzenden Halbtrockenrasen. Die vierbeinigen Landschaftspfleger sorgen daf\u00fcr, dass die Fl\u00e4chen nicht verbuschen und die vielf\u00e4ltige Vegetation erhalten bleibt. Diese Leistungen werden im Rahmen des Vertragsnaturschutzes vom Land Brandenburg verg\u00fctet.<\/p>\n<div id=\"attachment_6003\" style=\"width: 310px\" class=\"wp-caption aligncenter\"><a href=\"https:\/\/www.naturparkmagazin.de\/stechlin\/wp-content\/uploads\/sites\/38\/Exkursion-LPV03.jpg\"><img aria-describedby=\"caption-attachment-6003\" decoding=\"async\" loading=\"lazy\" class=\"size-thumbnail wp-image-6003\" src=\"https:\/\/www.naturparkmagazin.de\/stechlin\/wp-content\/uploads\/sites\/38\/Exkursion-LPV03-300x180.jpg\" alt=\"Feldbegehung auf dem KEPOS-Hof Altglobsow.\" width=\"300\" height=\"180\" srcset=\"https:\/\/www.naturparkmagazin.de\/stechlin\/wp-content\/uploads\/sites\/38\/Exkursion-LPV03-300x180.jpg 300w, https:\/\/www.naturparkmagazin.de\/stechlin\/wp-content\/uploads\/sites\/38\/Exkursion-LPV03.jpg 500w, https:\/\/www.naturparkmagazin.de\/stechlin\/wp-content\/uploads\/sites\/38\/Exkursion-LPV03-200x120.jpg 200w\" sizes=\"(max-width: 300px) 100vw, 300px\" \/><\/a><p id=\"caption-attachment-6003\" class=\"wp-caption-text\">Feldbegehung auf dem KEPOS-Hof Altglobsow.<\/p><\/div>\n<p>Nach einer Kaffeepause im Trockenen war der KEPOS-Hof Altglobsow die zweite Station. Der Inhaber des Demeter-Betriebes Frank Rumpe zeigte stolz die mit F\u00f6rderung des NaturSchutzFonds Brandenburg 2015 gepflanzte Streuobstwiese. Das Konzept der Selbstbedienungsg\u00e4rtnerei mit Kasse des Vertrauens beeindruckte die Teilnehmer. Ein Blick in die neugebauten Ferienwohnungen und den Hofladen mit gl\u00e4serner Marmeladenmanufaktur rundeten das Besuchsprogramm ab.<\/p>\n<div id=\"attachment_6002\" style=\"width: 310px\" class=\"wp-caption aligncenter\"><a href=\"https:\/\/www.naturparkmagazin.de\/stechlin\/wp-content\/uploads\/sites\/38\/Exkursion-LPV02.jpg\"><img aria-describedby=\"caption-attachment-6002\" decoding=\"async\" loading=\"lazy\" class=\"size-thumbnail wp-image-6002\" src=\"https:\/\/www.naturparkmagazin.de\/stechlin\/wp-content\/uploads\/sites\/38\/Exkursion-LPV02-300x180.jpg\" alt=\"Die Oma lieferte vor einigen Jahren die Gesch\u00e4ftsidee f\u00fcr die Firma &quot;Drei Jahreszeiten&quot;.\" width=\"300\" height=\"180\" srcset=\"https:\/\/www.naturparkmagazin.de\/stechlin\/wp-content\/uploads\/sites\/38\/Exkursion-LPV02-300x180.jpg 300w, https:\/\/www.naturparkmagazin.de\/stechlin\/wp-content\/uploads\/sites\/38\/Exkursion-LPV02.jpg 500w, https:\/\/www.naturparkmagazin.de\/stechlin\/wp-content\/uploads\/sites\/38\/Exkursion-LPV02-200x120.jpg 200w\" sizes=\"(max-width: 300px) 100vw, 300px\" \/><\/a><p id=\"caption-attachment-6002\" class=\"wp-caption-text\">Die Oma lieferte vor einigen Jahren die Gesch\u00e4ftsidee f\u00fcr die Firma &#8222;Drei Jahreszeiten&#8220;.<\/p><\/div>\n<p>Stolz pr\u00e4sentierten Leo Tiede und Susanne Ludwig von der Firma &#8222;Drei Jahreszeiten&#8220; ihre Oma, die vor Jahren die jungen Leute animierte f\u00fcrs Menzer Waldfest selbst Marmelade zu kochen und damit das Taschengeld aufzubessern. Aus der einmaligen Aktion ist eine dauerhafte Gesch\u00e4ftsidee f\u00fcr drei junge Leute geworden.<\/p>\n<p>&nbsp;<\/p>\n","protected":false},"excerpt":{"rendered":"<p>Ende Juni besuchten die Mitglieder des im Fr\u00fchjahr neu gegr\u00fcndeten Landschaftspflegeverbandes Prignitz-Oberhavel unseren Naturpark.<\/p>\n","protected":false},"author":39,"featured_media":6000,"comment_status":"open","ping_status":"open","sticky":false,"template":"","format":"standard","meta":[],"categories":[7],"tags":[],"yoast_head":"<!-- This site is optimized with the Yoast SEO plugin v19.10 - https:\/\/yoast.com\/wordpress\/plugins\/seo\/ -->\n<title>Landschaftspflegeverband auf Exkursion (2017) - Naturpark Stechlin-Ruppiner Land<\/title>\n<meta name=\"robots\" content=\"index, follow, max-snippet:-1, max-image-preview:large, max-video-preview:-1\" \/>\n<link rel=\"canonical\" href=\"https:\/\/www.naturparkmagazin.de\/stechlin\/landschaftspflegeverband-auf-exkursion\/\" \/>\n<meta property=\"og:locale\" content=\"de_DE\" \/>\n<meta property=\"og:type\" content=\"article\" \/>\n<meta property=\"og:title\" content=\"Landschaftspflegeverband auf Exkursion (2017) - Naturpark Stechlin-Ruppiner Land\" \/>\n<meta property=\"og:description\" content=\"Ende Juni besuchten die Mitglieder des im Fr\u00fchjahr neu gegr\u00fcndeten Landschaftspflegeverbandes Prignitz-Oberhavel unseren Naturpark.\" \/>\n<meta property=\"og:url\" content=\"https:\/\/www.naturparkmagazin.de\/stechlin\/landschaftspflegeverband-auf-exkursion\/\" \/>\n<meta property=\"og:site_name\" content=\"Naturpark Stechlin-Ruppiner Land\" \/>\n<meta property=\"article:published_time\" content=\"2017-07-17T16:52:40+00:00\" \/>\n<meta property=\"article:modified_time\" content=\"2025-01-24T09:20:47+00:00\" \/>\n<meta property=\"og:image\" content=\"https:\/\/www.naturparkmagazin.de\/stechlin\/wp-content\/uploads\/sites\/38\/Exkursion-LPV.jpg\" \/>\n\t<meta property=\"og:image:width\" content=\"200\" \/>\n\t<meta property=\"og:image:height\" content=\"200\" \/>\n\t<meta property=\"og:image:type\" content=\"image\/jpeg\" \/>\n<meta name=\"author\" content=\"marioschrumpf\" \/>\n<meta name=\"twitter:label1\" content=\"Verfasst von\" \/>\n\t<meta name=\"twitter:data1\" content=\"marioschrumpf\" \/>\n\t<meta name=\"twitter:label2\" content=\"Gesch\u00e4tzte Lesezeit\" \/>\n\t<meta name=\"twitter:data2\" content=\"2\u00a0Minuten\" \/>\n<script type=\"application\/ld+json\" class=\"yoast-schema-graph\">{\"@context\":\"https:\/\/schema.org\",\"@graph\":[{\"@type\":\"WebPage\",\"@id\":\"https:\/\/www.naturparkmagazin.de\/stechlin\/landschaftspflegeverband-auf-exkursion\/\",\"url\":\"https:\/\/www.naturparkmagazin.de\/stechlin\/landschaftspflegeverband-auf-exkursion\/\",\"name\":\"Landschaftspflegeverband auf Exkursion (2017) - Naturpark Stechlin-Ruppiner Land\",\"isPartOf\":{\"@id\":\"https:\/\/www.naturparkmagazin.de\/stechlin\/#website\"},\"datePublished\":\"2017-07-17T16:52:40+00:00\",\"dateModified\":\"2025-01-24T09:20:47+00:00\",\"author\":{\"@id\":\"https:\/\/www.naturparkmagazin.de\/stechlin\/#\/schema\/person\/3f0d93203df21c806dd63c76d9bb28bc\"},\"breadcrumb\":{\"@id\":\"https:\/\/www.naturparkmagazin.de\/stechlin\/landschaftspflegeverband-auf-exkursion\/#breadcrumb\"},\"inLanguage\":\"de\",\"potentialAction\":[{\"@type\":\"ReadAction\",\"target\":[\"https:\/\/www.naturparkmagazin.de\/stechlin\/landschaftspflegeverband-auf-exkursion\/\"]}]},{\"@type\":\"BreadcrumbList\",\"@id\":\"https:\/\/www.naturparkmagazin.de\/stechlin\/landschaftspflegeverband-auf-exkursion\/#breadcrumb\",\"itemListElement\":[{\"@type\":\"ListItem\",\"position\":1,\"name\":\"Home\",\"item\":\"https:\/\/www.naturparkmagazin.de\/stechlin\/\"},{\"@type\":\"ListItem\",\"position\":2,\"name\":\"Landschaftspflegeverband auf Exkursion (2017)\"}]},{\"@type\":\"WebSite\",\"@id\":\"https:\/\/www.naturparkmagazin.de\/stechlin\/#website\",\"url\":\"https:\/\/www.naturparkmagazin.de\/stechlin\/\",\"name\":\"Naturpark Stechlin-Ruppiner Land\",\"description\":\"\",\"potentialAction\":[{\"@type\":\"SearchAction\",\"target\":{\"@type\":\"EntryPoint\",\"urlTemplate\":\"https:\/\/www.naturparkmagazin.de\/stechlin\/?s={search_term_string}\"},\"query-input\":\"required name=search_term_string\"}],\"inLanguage\":\"de\"},{\"@type\":\"Person\",\"@id\":\"https:\/\/www.naturparkmagazin.de\/stechlin\/#\/schema\/person\/3f0d93203df21c806dd63c76d9bb28bc\",\"name\":\"marioschrumpf\",\"url\":\"https:\/\/www.naturparkmagazin.de\/stechlin\/author\/marioschrumpf\/\"}]}<\/script>\n<!-- \/ Yoast SEO plugin. -->","yoast_head_json":{"title":"Landschaftspflegeverband auf Exkursion (2017) - Naturpark Stechlin-Ruppiner Land","robots":{"index":"index","follow":"follow","max-snippet":"max-snippet:-1","max-image-preview":"max-image-preview:large","max-video-preview":"max-video-preview:-1"},"canonical":"https:\/\/www.naturparkmagazin.de\/stechlin\/landschaftspflegeverband-auf-exkursion\/","og_locale":"de_DE","og_type":"article","og_title":"Landschaftspflegeverband auf Exkursion (2017) - Naturpark Stechlin-Ruppiner Land","og_description":"Ende Juni besuchten die Mitglieder des im Fr\u00fchjahr neu gegr\u00fcndeten Landschaftspflegeverbandes Prignitz-Oberhavel unseren Naturpark.","og_url":"https:\/\/www.naturparkmagazin.de\/stechlin\/landschaftspflegeverband-auf-exkursion\/","og_site_name":"Naturpark Stechlin-Ruppiner Land","article_published_time":"2017-07-17T16:52:40+00:00","article_modified_time":"2025-01-24T09:20:47+00:00","og_image":[{"width":200,"height":200,"url":"https:\/\/www.naturparkmagazin.de\/stechlin\/wp-content\/uploads\/sites\/38\/Exkursion-LPV.jpg","type":"image\/jpeg"}],"author":"marioschrumpf","twitter_misc":{"Verfasst von":"marioschrumpf","Gesch\u00e4tzte Lesezeit":"2\u00a0Minuten"},"schema":{"@context":"https:\/\/schema.org","@graph":[{"@type":"WebPage","@id":"https:\/\/www.naturparkmagazin.de\/stechlin\/landschaftspflegeverband-auf-exkursion\/","url":"https:\/\/www.naturparkmagazin.de\/stechlin\/landschaftspflegeverband-auf-exkursion\/","name":"Landschaftspflegeverband auf Exkursion (2017) - Naturpark Stechlin-Ruppiner Land","isPartOf":{"@id":"https:\/\/www.naturparkmagazin.de\/stechlin\/#website"},"datePublished":"2017-07-17T16:52:40+00:00","dateModified":"2025-01-24T09:20:47+00:00","author":{"@id":"https:\/\/www.naturparkmagazin.de\/stechlin\/#\/schema\/person\/3f0d93203df21c806dd63c76d9bb28bc"},"breadcrumb":{"@id":"https:\/\/www.naturparkmagazin.de\/stechlin\/landschaftspflegeverband-auf-exkursion\/#breadcrumb"},"inLanguage":"de","potentialAction":[{"@type":"ReadAction","target":["https:\/\/www.naturparkmagazin.de\/stechlin\/landschaftspflegeverband-auf-exkursion\/"]}]},{"@type":"BreadcrumbList","@id":"https:\/\/www.naturparkmagazin.de\/stechlin\/landschaftspflegeverband-auf-exkursion\/#breadcrumb","itemListElement":[{"@type":"ListItem","position":1,"name":"Home","item":"https:\/\/www.naturparkmagazin.de\/stechlin\/"},{"@type":"ListItem","position":2,"name":"Landschaftspflegeverband auf Exkursion (2017)"}]},{"@type":"WebSite","@id":"https:\/\/www.naturparkmagazin.de\/stechlin\/#website","url":"https:\/\/www.naturparkmagazin.de\/stechlin\/","name":"Naturpark Stechlin-Ruppiner Land","description":"","potentialAction":[{"@type":"SearchAction","target":{"@type":"EntryPoint","urlTemplate":"https:\/\/www.naturparkmagazin.de\/stechlin\/?s={search_term_string}"},"query-input":"required name=search_term_string"}],"inLanguage":"de"},{"@type":"Person","@id":"https:\/\/www.naturparkmagazin.de\/stechlin\/#\/schema\/person\/3f0d93203df21c806dd63c76d9bb28bc","name":"marioschrumpf","url":"https:\/\/www.naturparkmagazin.de\/stechlin\/author\/marioschrumpf\/"}]}},"_links":{"self":[{"href":"https:\/\/www.naturparkmagazin.de\/stechlin\/wp-json\/wp\/v2\/posts\/5996"}],"collection":[{"href":"https:\/\/www.naturparkmagazin.de\/stechlin\/wp-json\/wp\/v2\/posts"}],"about":[{"href":"https:\/\/www.naturparkmagazin.de\/stechlin\/wp-json\/wp\/v2\/types\/post"}],"author":[{"embeddable":true,"href":"https:\/\/www.naturparkmagazin.de\/stechlin\/wp-json\/wp\/v2\/users\/39"}],"replies":[{"embeddable":true,"href":"https:\/\/www.naturparkmagazin.de\/stechlin\/wp-json\/wp\/v2\/comments?post=5996"}],"version-history":[{"count":5,"href":"https:\/\/www.naturparkmagazin.de\/stechlin\/wp-json\/wp\/v2\/posts\/5996\/revisions"}],"predecessor-version":[{"id":16604,"href":"https:\/\/www.naturparkmagazin.de\/stechlin\/wp-json\/wp\/v2\/posts\/5996\/revisions\/16604"}],"wp:featuredmedia":[{"embeddable":true,"href":"https:\/\/www.naturparkmagazin.de\/stechlin\/wp-json\/wp\/v2\/media\/6000"}],"wp:attachment":[{"href":"https:\/\/www.naturparkmagazin.de\/stechlin\/wp-json\/wp\/v2\/media?parent=5996"}],"wp:term":[{"taxonomy":"category","embeddable":true,"href":"https:\/\/www.naturparkmagazin.de\/stechlin\/wp-json\/wp\/v2\/categories?post=5996"},{"taxonomy":"post_tag","embeddable":true,"href":"https:\/\/www.naturparkmagazin.de\/stechlin\/wp-json\/wp\/v2\/tags?post=5996"}],"curies":[{"name":"wp","href":"https:\/\/api.w.org\/{rel}","templated":true}]}}