{"id":6025,"date":"2017-07-17T11:17:01","date_gmt":"2017-07-17T09:17:01","guid":{"rendered":"http:\/\/www.naturparkmagazin.de\/stechlin\/?p=6025"},"modified":"2017-07-24T13:16:27","modified_gmt":"2017-07-24T11:16:27","slug":"heidefest-in-pfalzheim","status":"publish","type":"post","link":"https:\/\/www.naturparkmagazin.de\/stechlin\/heidefest-in-pfalzheim\/","title":{"rendered":"Heidefest in Pfalzheim"},"content":{"rendered":"<p align=\"LEFT\"><strong>TRADITIONELLES HEIDEFEST IN DER KYRITZ-RUPPINER HEIDE am 19. August 2017<\/strong><\/p>\n<p align=\"LEFT\">P\u00fcnktlich zur Heidebl\u00fcte im August und September findet in Pfalzheim das allj\u00e4hrliche Heidefest statt.<\/p>\n<p align=\"LEFT\">Erleben Sie die in zartes Lila getauchte Bl\u00fctenpracht in der Kyritz-Ruppiner Heide \u2013 zu Fu\u00df oder mit dem Pferdekremser. Neben regionalen Produkten wird<\/p>\n<p>Ihnen ein buntes Unterhaltungsprogramm geboten.<\/p>\n<p align=\"LEFT\"><strong>VERANSTALTUNGSANGEBOTE ZUM HEIDEFEST <\/strong><\/p>\n<p align=\"LEFT\"><strong>F\u00fcr Jung &amp; Alt<\/strong><\/p>\n<div id=\"attachment_3746\" style=\"width: 310px\" class=\"wp-caption aligncenter\"><a href=\"https:\/\/www.naturparkmagazin.de\/stechlin\/wp-content\/uploads\/sites\/38\/Sielmann-1.jpg\"><img aria-describedby=\"caption-attachment-3746\" decoding=\"async\" loading=\"lazy\" class=\"size-thumbnail wp-image-3746\" src=\"https:\/\/www.naturparkmagazin.de\/stechlin\/wp-content\/uploads\/sites\/38\/Sielmann-1-300x180.jpg\" alt=\"Das Areal ist mit dem Kremser erlebbar.\" width=\"300\" height=\"180\" srcset=\"https:\/\/www.naturparkmagazin.de\/stechlin\/wp-content\/uploads\/sites\/38\/Sielmann-1-300x180.jpg 300w, https:\/\/www.naturparkmagazin.de\/stechlin\/wp-content\/uploads\/sites\/38\/Sielmann-1.jpg 500w, https:\/\/www.naturparkmagazin.de\/stechlin\/wp-content\/uploads\/sites\/38\/Sielmann-1-200x120.jpg 200w\" sizes=\"(max-width: 300px) 100vw, 300px\" \/><\/a><p id=\"caption-attachment-3746\" class=\"wp-caption-text\">Das Areal ist mit dem Kremser erlebbar.<\/p><\/div>\n<p align=\"LEFT\">Kremserfahrten in die Heide, gef\u00fchrte Wanderungen in die Heide, Markt- und Infost\u00e4nde aus der Region, Ausstellung von Forst- und Gartenger\u00e4ten<\/p>\n<p align=\"LEFT\">und vieles mehr&#8230;<\/p>\n<p align=\"LEFT\"><strong>F\u00fcr unsere Kleinsten<\/strong><\/p>\n<p align=\"LEFT\">Kinderschminken, Erz\u00e4hlungen der M\u00e4rchentante, Wandern mit dem F\u00f6rster f\u00fcr Kinder, Wildnisp\u00e4dagogik mit Querbeetz, H\u00fcpfburg<\/p>\n<p>&nbsp;<\/p>\n<p align=\"LEFT\"><strong>EINTRITT<\/strong><\/p>\n<p align=\"LEFT\">f\u00fcr Erwachsene: 2 \u20ac<\/p>\n<p>f\u00fcr Kinder: frei<\/p>\n<p>11:00 Uhr Er\u00f6ffnung durch B\u00fcrgermeister Johannes Oblaski und Amtsdirektorin Susanne Dorn<\/p>\n<p>11:15 Uhr Jagdhornbl\u00e4ser<\/p>\n<p align=\"LEFT\">14:00 Uhr M\u00f6hring-Chor Alt Ruppin<\/p>\n<p align=\"LEFT\">17:30 Uhr Auslosung der Tombola<\/p>\n<p align=\"LEFT\">18:00 Uhr Wahl der Heidefestk\u00f6nigin<\/p>\n<p align=\"LEFT\">18:30 Uhr Linedance-Gruppe aus Storbeck<\/p>\n<p align=\"LEFT\">19:00 Uhr Heidetanz mit Liveband &amp; DJ<\/p>\n<p align=\"LEFT\"><strong>EINTRITT<\/strong><\/p>\n<p align=\"LEFT\">f\u00fcr Erwachsene: 2 \u20ac<\/p>\n<p>f\u00fcr Kinder: frei<\/p>\n<p><strong>KONTAKT<\/strong><\/p>\n<p align=\"LEFT\">Amt Temnitz<\/p>\n<p align=\"LEFT\">Bergstra\u00dfe 2, 16818 Walsleben<\/p>\n<p align=\"LEFT\">Tel.: 033920 \/675-0<\/p>\n<p align=\"LEFT\">Fax: 033920 \/675-16<\/p>\n<p align=\"LEFT\">E-Mail: info@amt-temnitz.de<\/p>\n<p>www.amt-temnitz.de<\/p>\n","protected":false},"excerpt":{"rendered":"<p>P\u00fcnktlich zur Heidebl\u00fcte im August und September findet in Pfalzheim das allj\u00e4hrliche Heidefest statt.<\/p>\n","protected":false},"author":39,"featured_media":4167,"comment_status":"open","ping_status":"open","sticky":false,"template":"","format":"standard","meta":[],"categories":[11],"tags":[],"yoast_head":"<!-- This site is optimized with the Yoast SEO plugin v19.10 - https:\/\/yoast.com\/wordpress\/plugins\/seo\/ -->\n<title>Heidefest in Pfalzheim - Naturpark Stechlin-Ruppiner Land<\/title>\n<meta name=\"robots\" content=\"index, follow, max-snippet:-1, max-image-preview:large, max-video-preview:-1\" \/>\n<link rel=\"canonical\" href=\"https:\/\/www.naturparkmagazin.de\/stechlin\/heidefest-in-pfalzheim\/\" \/>\n<meta property=\"og:locale\" content=\"de_DE\" \/>\n<meta property=\"og:type\" content=\"article\" \/>\n<meta property=\"og:title\" content=\"Heidefest in Pfalzheim - Naturpark Stechlin-Ruppiner Land\" \/>\n<meta property=\"og:description\" content=\"P\u00fcnktlich zur Heidebl\u00fcte im August und September findet in Pfalzheim das allj\u00e4hrliche Heidefest statt.\" \/>\n<meta property=\"og:url\" content=\"https:\/\/www.naturparkmagazin.de\/stechlin\/heidefest-in-pfalzheim\/\" \/>\n<meta property=\"og:site_name\" content=\"Naturpark Stechlin-Ruppiner Land\" \/>\n<meta property=\"article:published_time\" content=\"2017-07-17T09:17:01+00:00\" \/>\n<meta property=\"article:modified_time\" content=\"2017-07-24T11:16:27+00:00\" \/>\n<meta property=\"og:image\" content=\"https:\/\/www.naturparkmagazin.de\/stechlin\/wp-content\/uploads\/sites\/38\/Heide.jpg\" \/>\n\t<meta property=\"og:image:width\" content=\"200\" \/>\n\t<meta property=\"og:image:height\" content=\"200\" \/>\n\t<meta property=\"og:image:type\" content=\"image\/jpeg\" \/>\n<meta name=\"author\" content=\"marioschrumpf\" \/>\n<meta name=\"twitter:label1\" content=\"Verfasst von\" \/>\n\t<meta name=\"twitter:data1\" content=\"marioschrumpf\" \/>\n\t<meta name=\"twitter:label2\" content=\"Gesch\u00e4tzte Lesezeit\" \/>\n\t<meta name=\"twitter:data2\" content=\"1\u00a0Minute\" \/>\n<script type=\"application\/ld+json\" class=\"yoast-schema-graph\">{\"@context\":\"https:\/\/schema.org\",\"@graph\":[{\"@type\":\"WebPage\",\"@id\":\"https:\/\/www.naturparkmagazin.de\/stechlin\/heidefest-in-pfalzheim\/\",\"url\":\"https:\/\/www.naturparkmagazin.de\/stechlin\/heidefest-in-pfalzheim\/\",\"name\":\"Heidefest in Pfalzheim - Naturpark Stechlin-Ruppiner Land\",\"isPartOf\":{\"@id\":\"https:\/\/www.naturparkmagazin.de\/stechlin\/#website\"},\"datePublished\":\"2017-07-17T09:17:01+00:00\",\"dateModified\":\"2017-07-24T11:16:27+00:00\",\"author\":{\"@id\":\"https:\/\/www.naturparkmagazin.de\/stechlin\/#\/schema\/person\/3f0d93203df21c806dd63c76d9bb28bc\"},\"breadcrumb\":{\"@id\":\"https:\/\/www.naturparkmagazin.de\/stechlin\/heidefest-in-pfalzheim\/#breadcrumb\"},\"inLanguage\":\"de\",\"potentialAction\":[{\"@type\":\"ReadAction\",\"target\":[\"https:\/\/www.naturparkmagazin.de\/stechlin\/heidefest-in-pfalzheim\/\"]}]},{\"@type\":\"BreadcrumbList\",\"@id\":\"https:\/\/www.naturparkmagazin.de\/stechlin\/heidefest-in-pfalzheim\/#breadcrumb\",\"itemListElement\":[{\"@type\":\"ListItem\",\"position\":1,\"name\":\"Home\",\"item\":\"https:\/\/www.naturparkmagazin.de\/stechlin\/\"},{\"@type\":\"ListItem\",\"position\":2,\"name\":\"Heidefest in Pfalzheim\"}]},{\"@type\":\"WebSite\",\"@id\":\"https:\/\/www.naturparkmagazin.de\/stechlin\/#website\",\"url\":\"https:\/\/www.naturparkmagazin.de\/stechlin\/\",\"name\":\"Naturpark Stechlin-Ruppiner Land\",\"description\":\"\",\"potentialAction\":[{\"@type\":\"SearchAction\",\"target\":{\"@type\":\"EntryPoint\",\"urlTemplate\":\"https:\/\/www.naturparkmagazin.de\/stechlin\/?s={search_term_string}\"},\"query-input\":\"required name=search_term_string\"}],\"inLanguage\":\"de\"},{\"@type\":\"Person\",\"@id\":\"https:\/\/www.naturparkmagazin.de\/stechlin\/#\/schema\/person\/3f0d93203df21c806dd63c76d9bb28bc\",\"name\":\"marioschrumpf\",\"url\":\"https:\/\/www.naturparkmagazin.de\/stechlin\/author\/marioschrumpf\/\"}]}<\/script>\n<!-- \/ Yoast SEO plugin. -->","yoast_head_json":{"title":"Heidefest in Pfalzheim - Naturpark Stechlin-Ruppiner Land","robots":{"index":"index","follow":"follow","max-snippet":"max-snippet:-1","max-image-preview":"max-image-preview:large","max-video-preview":"max-video-preview:-1"},"canonical":"https:\/\/www.naturparkmagazin.de\/stechlin\/heidefest-in-pfalzheim\/","og_locale":"de_DE","og_type":"article","og_title":"Heidefest in Pfalzheim - Naturpark Stechlin-Ruppiner Land","og_description":"P\u00fcnktlich zur Heidebl\u00fcte im August und September findet in Pfalzheim das allj\u00e4hrliche Heidefest statt.","og_url":"https:\/\/www.naturparkmagazin.de\/stechlin\/heidefest-in-pfalzheim\/","og_site_name":"Naturpark Stechlin-Ruppiner Land","article_published_time":"2017-07-17T09:17:01+00:00","article_modified_time":"2017-07-24T11:16:27+00:00","og_image":[{"width":200,"height":200,"url":"https:\/\/www.naturparkmagazin.de\/stechlin\/wp-content\/uploads\/sites\/38\/Heide.jpg","type":"image\/jpeg"}],"author":"marioschrumpf","twitter_misc":{"Verfasst von":"marioschrumpf","Gesch\u00e4tzte Lesezeit":"1\u00a0Minute"},"schema":{"@context":"https:\/\/schema.org","@graph":[{"@type":"WebPage","@id":"https:\/\/www.naturparkmagazin.de\/stechlin\/heidefest-in-pfalzheim\/","url":"https:\/\/www.naturparkmagazin.de\/stechlin\/heidefest-in-pfalzheim\/","name":"Heidefest in Pfalzheim - Naturpark Stechlin-Ruppiner Land","isPartOf":{"@id":"https:\/\/www.naturparkmagazin.de\/stechlin\/#website"},"datePublished":"2017-07-17T09:17:01+00:00","dateModified":"2017-07-24T11:16:27+00:00","author":{"@id":"https:\/\/www.naturparkmagazin.de\/stechlin\/#\/schema\/person\/3f0d93203df21c806dd63c76d9bb28bc"},"breadcrumb":{"@id":"https:\/\/www.naturparkmagazin.de\/stechlin\/heidefest-in-pfalzheim\/#breadcrumb"},"inLanguage":"de","potentialAction":[{"@type":"ReadAction","target":["https:\/\/www.naturparkmagazin.de\/stechlin\/heidefest-in-pfalzheim\/"]}]},{"@type":"BreadcrumbList","@id":"https:\/\/www.naturparkmagazin.de\/stechlin\/heidefest-in-pfalzheim\/#breadcrumb","itemListElement":[{"@type":"ListItem","position":1,"name":"Home","item":"https:\/\/www.naturparkmagazin.de\/stechlin\/"},{"@type":"ListItem","position":2,"name":"Heidefest in Pfalzheim"}]},{"@type":"WebSite","@id":"https:\/\/www.naturparkmagazin.de\/stechlin\/#website","url":"https:\/\/www.naturparkmagazin.de\/stechlin\/","name":"Naturpark Stechlin-Ruppiner Land","description":"","potentialAction":[{"@type":"SearchAction","target":{"@type":"EntryPoint","urlTemplate":"https:\/\/www.naturparkmagazin.de\/stechlin\/?s={search_term_string}"},"query-input":"required name=search_term_string"}],"inLanguage":"de"},{"@type":"Person","@id":"https:\/\/www.naturparkmagazin.de\/stechlin\/#\/schema\/person\/3f0d93203df21c806dd63c76d9bb28bc","name":"marioschrumpf","url":"https:\/\/www.naturparkmagazin.de\/stechlin\/author\/marioschrumpf\/"}]}},"_links":{"self":[{"href":"https:\/\/www.naturparkmagazin.de\/stechlin\/wp-json\/wp\/v2\/posts\/6025"}],"collection":[{"href":"https:\/\/www.naturparkmagazin.de\/stechlin\/wp-json\/wp\/v2\/posts"}],"about":[{"href":"https:\/\/www.naturparkmagazin.de\/stechlin\/wp-json\/wp\/v2\/types\/post"}],"author":[{"embeddable":true,"href":"https:\/\/www.naturparkmagazin.de\/stechlin\/wp-json\/wp\/v2\/users\/39"}],"replies":[{"embeddable":true,"href":"https:\/\/www.naturparkmagazin.de\/stechlin\/wp-json\/wp\/v2\/comments?post=6025"}],"version-history":[{"count":4,"href":"https:\/\/www.naturparkmagazin.de\/stechlin\/wp-json\/wp\/v2\/posts\/6025\/revisions"}],"predecessor-version":[{"id":6040,"href":"https:\/\/www.naturparkmagazin.de\/stechlin\/wp-json\/wp\/v2\/posts\/6025\/revisions\/6040"}],"wp:featuredmedia":[{"embeddable":true,"href":"https:\/\/www.naturparkmagazin.de\/stechlin\/wp-json\/wp\/v2\/media\/4167"}],"wp:attachment":[{"href":"https:\/\/www.naturparkmagazin.de\/stechlin\/wp-json\/wp\/v2\/media?parent=6025"}],"wp:term":[{"taxonomy":"category","embeddable":true,"href":"https:\/\/www.naturparkmagazin.de\/stechlin\/wp-json\/wp\/v2\/categories?post=6025"},{"taxonomy":"post_tag","embeddable":true,"href":"https:\/\/www.naturparkmagazin.de\/stechlin\/wp-json\/wp\/v2\/tags?post=6025"}],"curies":[{"name":"wp","href":"https:\/\/api.w.org\/{rel}","templated":true}]}}