{"id":6053,"date":"2022-08-14T10:38:23","date_gmt":"2022-08-14T08:38:23","guid":{"rendered":"http:\/\/www.naturparkmagazin.de\/stechlin\/?p=6053"},"modified":"2022-09-08T12:36:51","modified_gmt":"2022-09-08T10:36:51","slug":"gut-be-hutet-oder-wer-kommt-in-den-korb-4","status":"publish","type":"post","link":"https:\/\/www.naturparkmagazin.de\/stechlin\/gut-be-hutet-oder-wer-kommt-in-den-korb-4\/","title":{"rendered":"Gut be-Hutet oder wer kommt in den Korb? entf\u00e4llt!"},"content":{"rendered":"<div id=\"attachment_1349\" style=\"width: 310px\" class=\"wp-caption aligncenter\"><a href=\"https:\/\/www.naturparkmagazin.de\/stechlin\/wp-content\/uploads\/sites\/38\/k-DSC_0044-e1502786695197.jpg\"><img aria-describedby=\"caption-attachment-1349\" decoding=\"async\" loading=\"lazy\" class=\"size-thumbnail wp-image-1349\" src=\"https:\/\/www.naturparkmagazin.de\/stechlin\/wp-content\/uploads\/sites\/38\/k-DSC_0044-300x201.jpg\" alt=\"Nach der Pilzwanderung werden die gefundenen Pilze ausgestellt.\" width=\"300\" height=\"201\" \/><\/a><p id=\"caption-attachment-1349\" class=\"wp-caption-text\">Nach der Pilzwanderung werden die gefundenen Pilze ausgestellt und gemeinsam besprochen.<\/p><\/div>\n<p>Pilzwanderung durch die W\u00e4lder des Naturparks Stechlin-Ruppiner Land mit Bestimmung, Beratung und anschlie\u00dfender Ausstellung der gefundenen Exemplare. <strong>Diese Veranstaltung findet nur bei Pilzwachstum statt!<\/strong><\/p>\n<p><span style=\"color: #ff0000\">Leider m\u00fcssen die Pilzwanderungen 10. und 24.09. krankheitsbedingt entfallen !<\/span><\/p>\n<p><strong>Treff: <\/strong>10. und 24. September, 9.00 Uhr, NaturParkHaus Stechlin in Menz<\/p>\n<p><strong>Dauer: <\/strong>ca. 2,5 Stunden<\/p>\n<p><strong>Pilzausstellung: <\/strong>bis 15.00 Uhr, NaturParkHaus Stechlin<\/p>\n<p><strong>Leitung: <\/strong>Johanna Dalchow<\/p>\n<p><strong>Anmeldung:<\/strong> bis 9. September, NaturParkHaus Stechlin, Tel. 033082\/ 51210<\/p>\n<p><strong>Kosten:<\/strong> um eine Spende wird herzlich gebeten!<\/p>\n<p><strong>\u00a0<\/strong><\/p>\n<div id=\"attachment_229\" style=\"width: 310px\" class=\"wp-caption aligncenter\"><a href=\"https:\/\/www.naturparkmagazin.de\/stechlin\/wp-content\/uploads\/sites\/38\/k-Pilzwanderung-e1502786827858.jpg\"><img aria-describedby=\"caption-attachment-229\" decoding=\"async\" loading=\"lazy\" class=\"size-thumbnail wp-image-229\" src=\"https:\/\/www.naturparkmagazin.de\/stechlin\/wp-content\/uploads\/sites\/38\/k-Pilzwanderung-300x225.jpg\" alt=\"Auswertung der gesammelten Werke\" width=\"300\" height=\"225\" \/><\/a><p id=\"caption-attachment-229\" class=\"wp-caption-text\">Gemeinsame Besprechung der gesammelten Funde<\/p><\/div>\n","protected":false},"excerpt":{"rendered":"<p>Pilzwanderung durch die W\u00e4lder des Naturparks Stechlin-Ruppiner Land mit Bestimmung, Beratung und anschlie\u00dfender Ausstellung der gefundenen Exemplare.<\/p>\n","protected":false},"author":39,"featured_media":6188,"comment_status":"open","ping_status":"open","sticky":false,"template":"","format":"standard","meta":[],"categories":[11],"tags":[],"yoast_head":"<!-- This site is optimized with the Yoast SEO plugin v19.10 - https:\/\/yoast.com\/wordpress\/plugins\/seo\/ -->\n<title>Gut be-Hutet oder wer kommt in den Korb? entf\u00e4llt! - Naturpark Stechlin-Ruppiner Land<\/title>\n<meta name=\"robots\" content=\"index, follow, max-snippet:-1, max-image-preview:large, max-video-preview:-1\" \/>\n<link rel=\"canonical\" href=\"https:\/\/www.naturparkmagazin.de\/stechlin\/gut-be-hutet-oder-wer-kommt-in-den-korb-4\/\" \/>\n<meta property=\"og:locale\" content=\"de_DE\" \/>\n<meta property=\"og:type\" content=\"article\" \/>\n<meta property=\"og:title\" content=\"Gut be-Hutet oder wer kommt in den Korb? entf\u00e4llt! - Naturpark Stechlin-Ruppiner Land\" \/>\n<meta property=\"og:description\" content=\"Pilzwanderung durch die W\u00e4lder des Naturparks Stechlin-Ruppiner Land mit Bestimmung, Beratung und anschlie\u00dfender Ausstellung der gefundenen Exemplare.\" \/>\n<meta property=\"og:url\" content=\"https:\/\/www.naturparkmagazin.de\/stechlin\/gut-be-hutet-oder-wer-kommt-in-den-korb-4\/\" \/>\n<meta property=\"og:site_name\" content=\"Naturpark Stechlin-Ruppiner Land\" \/>\n<meta property=\"article:published_time\" content=\"2022-08-14T08:38:23+00:00\" \/>\n<meta property=\"article:modified_time\" content=\"2022-09-08T10:36:51+00:00\" \/>\n<meta property=\"og:image\" content=\"https:\/\/www.naturparkmagazin.de\/stechlin\/wp-content\/uploads\/sites\/38\/Pilzkorb.jpg\" \/>\n\t<meta property=\"og:image:width\" content=\"200\" \/>\n\t<meta property=\"og:image:height\" content=\"200\" \/>\n\t<meta property=\"og:image:type\" content=\"image\/jpeg\" \/>\n<meta name=\"author\" content=\"marioschrumpf\" \/>\n<meta name=\"twitter:label1\" content=\"Verfasst von\" \/>\n\t<meta name=\"twitter:data1\" content=\"marioschrumpf\" \/>\n<script type=\"application\/ld+json\" class=\"yoast-schema-graph\">{\"@context\":\"https:\/\/schema.org\",\"@graph\":[{\"@type\":\"WebPage\",\"@id\":\"https:\/\/www.naturparkmagazin.de\/stechlin\/gut-be-hutet-oder-wer-kommt-in-den-korb-4\/\",\"url\":\"https:\/\/www.naturparkmagazin.de\/stechlin\/gut-be-hutet-oder-wer-kommt-in-den-korb-4\/\",\"name\":\"Gut be-Hutet oder wer kommt in den Korb? entf\u00e4llt! - Naturpark Stechlin-Ruppiner Land\",\"isPartOf\":{\"@id\":\"https:\/\/www.naturparkmagazin.de\/stechlin\/#website\"},\"datePublished\":\"2022-08-14T08:38:23+00:00\",\"dateModified\":\"2022-09-08T10:36:51+00:00\",\"author\":{\"@id\":\"https:\/\/www.naturparkmagazin.de\/stechlin\/#\/schema\/person\/3f0d93203df21c806dd63c76d9bb28bc\"},\"breadcrumb\":{\"@id\":\"https:\/\/www.naturparkmagazin.de\/stechlin\/gut-be-hutet-oder-wer-kommt-in-den-korb-4\/#breadcrumb\"},\"inLanguage\":\"de\",\"potentialAction\":[{\"@type\":\"ReadAction\",\"target\":[\"https:\/\/www.naturparkmagazin.de\/stechlin\/gut-be-hutet-oder-wer-kommt-in-den-korb-4\/\"]}]},{\"@type\":\"BreadcrumbList\",\"@id\":\"https:\/\/www.naturparkmagazin.de\/stechlin\/gut-be-hutet-oder-wer-kommt-in-den-korb-4\/#breadcrumb\",\"itemListElement\":[{\"@type\":\"ListItem\",\"position\":1,\"name\":\"Home\",\"item\":\"https:\/\/www.naturparkmagazin.de\/stechlin\/\"},{\"@type\":\"ListItem\",\"position\":2,\"name\":\"Gut be-Hutet oder wer kommt in den Korb? entf\u00e4llt!\"}]},{\"@type\":\"WebSite\",\"@id\":\"https:\/\/www.naturparkmagazin.de\/stechlin\/#website\",\"url\":\"https:\/\/www.naturparkmagazin.de\/stechlin\/\",\"name\":\"Naturpark Stechlin-Ruppiner Land\",\"description\":\"\",\"potentialAction\":[{\"@type\":\"SearchAction\",\"target\":{\"@type\":\"EntryPoint\",\"urlTemplate\":\"https:\/\/www.naturparkmagazin.de\/stechlin\/?s={search_term_string}\"},\"query-input\":\"required name=search_term_string\"}],\"inLanguage\":\"de\"},{\"@type\":\"Person\",\"@id\":\"https:\/\/www.naturparkmagazin.de\/stechlin\/#\/schema\/person\/3f0d93203df21c806dd63c76d9bb28bc\",\"name\":\"marioschrumpf\",\"url\":\"https:\/\/www.naturparkmagazin.de\/stechlin\/author\/marioschrumpf\/\"}]}<\/script>\n<!-- \/ Yoast SEO plugin. -->","yoast_head_json":{"title":"Gut be-Hutet oder wer kommt in den Korb? entf\u00e4llt! - Naturpark Stechlin-Ruppiner Land","robots":{"index":"index","follow":"follow","max-snippet":"max-snippet:-1","max-image-preview":"max-image-preview:large","max-video-preview":"max-video-preview:-1"},"canonical":"https:\/\/www.naturparkmagazin.de\/stechlin\/gut-be-hutet-oder-wer-kommt-in-den-korb-4\/","og_locale":"de_DE","og_type":"article","og_title":"Gut be-Hutet oder wer kommt in den Korb? entf\u00e4llt! - Naturpark Stechlin-Ruppiner Land","og_description":"Pilzwanderung durch die W\u00e4lder des Naturparks Stechlin-Ruppiner Land mit Bestimmung, Beratung und anschlie\u00dfender Ausstellung der gefundenen Exemplare.","og_url":"https:\/\/www.naturparkmagazin.de\/stechlin\/gut-be-hutet-oder-wer-kommt-in-den-korb-4\/","og_site_name":"Naturpark Stechlin-Ruppiner Land","article_published_time":"2022-08-14T08:38:23+00:00","article_modified_time":"2022-09-08T10:36:51+00:00","og_image":[{"width":200,"height":200,"url":"https:\/\/www.naturparkmagazin.de\/stechlin\/wp-content\/uploads\/sites\/38\/Pilzkorb.jpg","type":"image\/jpeg"}],"author":"marioschrumpf","twitter_misc":{"Verfasst von":"marioschrumpf"},"schema":{"@context":"https:\/\/schema.org","@graph":[{"@type":"WebPage","@id":"https:\/\/www.naturparkmagazin.de\/stechlin\/gut-be-hutet-oder-wer-kommt-in-den-korb-4\/","url":"https:\/\/www.naturparkmagazin.de\/stechlin\/gut-be-hutet-oder-wer-kommt-in-den-korb-4\/","name":"Gut be-Hutet oder wer kommt in den Korb? entf\u00e4llt! - Naturpark Stechlin-Ruppiner Land","isPartOf":{"@id":"https:\/\/www.naturparkmagazin.de\/stechlin\/#website"},"datePublished":"2022-08-14T08:38:23+00:00","dateModified":"2022-09-08T10:36:51+00:00","author":{"@id":"https:\/\/www.naturparkmagazin.de\/stechlin\/#\/schema\/person\/3f0d93203df21c806dd63c76d9bb28bc"},"breadcrumb":{"@id":"https:\/\/www.naturparkmagazin.de\/stechlin\/gut-be-hutet-oder-wer-kommt-in-den-korb-4\/#breadcrumb"},"inLanguage":"de","potentialAction":[{"@type":"ReadAction","target":["https:\/\/www.naturparkmagazin.de\/stechlin\/gut-be-hutet-oder-wer-kommt-in-den-korb-4\/"]}]},{"@type":"BreadcrumbList","@id":"https:\/\/www.naturparkmagazin.de\/stechlin\/gut-be-hutet-oder-wer-kommt-in-den-korb-4\/#breadcrumb","itemListElement":[{"@type":"ListItem","position":1,"name":"Home","item":"https:\/\/www.naturparkmagazin.de\/stechlin\/"},{"@type":"ListItem","position":2,"name":"Gut be-Hutet oder wer kommt in den Korb? entf\u00e4llt!"}]},{"@type":"WebSite","@id":"https:\/\/www.naturparkmagazin.de\/stechlin\/#website","url":"https:\/\/www.naturparkmagazin.de\/stechlin\/","name":"Naturpark Stechlin-Ruppiner Land","description":"","potentialAction":[{"@type":"SearchAction","target":{"@type":"EntryPoint","urlTemplate":"https:\/\/www.naturparkmagazin.de\/stechlin\/?s={search_term_string}"},"query-input":"required name=search_term_string"}],"inLanguage":"de"},{"@type":"Person","@id":"https:\/\/www.naturparkmagazin.de\/stechlin\/#\/schema\/person\/3f0d93203df21c806dd63c76d9bb28bc","name":"marioschrumpf","url":"https:\/\/www.naturparkmagazin.de\/stechlin\/author\/marioschrumpf\/"}]}},"_links":{"self":[{"href":"https:\/\/www.naturparkmagazin.de\/stechlin\/wp-json\/wp\/v2\/posts\/6053"}],"collection":[{"href":"https:\/\/www.naturparkmagazin.de\/stechlin\/wp-json\/wp\/v2\/posts"}],"about":[{"href":"https:\/\/www.naturparkmagazin.de\/stechlin\/wp-json\/wp\/v2\/types\/post"}],"author":[{"embeddable":true,"href":"https:\/\/www.naturparkmagazin.de\/stechlin\/wp-json\/wp\/v2\/users\/39"}],"replies":[{"embeddable":true,"href":"https:\/\/www.naturparkmagazin.de\/stechlin\/wp-json\/wp\/v2\/comments?post=6053"}],"version-history":[{"count":10,"href":"https:\/\/www.naturparkmagazin.de\/stechlin\/wp-json\/wp\/v2\/posts\/6053\/revisions"}],"predecessor-version":[{"id":14305,"href":"https:\/\/www.naturparkmagazin.de\/stechlin\/wp-json\/wp\/v2\/posts\/6053\/revisions\/14305"}],"wp:featuredmedia":[{"embeddable":true,"href":"https:\/\/www.naturparkmagazin.de\/stechlin\/wp-json\/wp\/v2\/media\/6188"}],"wp:attachment":[{"href":"https:\/\/www.naturparkmagazin.de\/stechlin\/wp-json\/wp\/v2\/media?parent=6053"}],"wp:term":[{"taxonomy":"category","embeddable":true,"href":"https:\/\/www.naturparkmagazin.de\/stechlin\/wp-json\/wp\/v2\/categories?post=6053"},{"taxonomy":"post_tag","embeddable":true,"href":"https:\/\/www.naturparkmagazin.de\/stechlin\/wp-json\/wp\/v2\/tags?post=6053"}],"curies":[{"name":"wp","href":"https:\/\/api.w.org\/{rel}","templated":true}]}}