{"id":6061,"date":"2017-08-21T11:10:21","date_gmt":"2017-08-21T09:10:21","guid":{"rendered":"http:\/\/www.naturparkmagazin.de\/stechlin\/?p=6061"},"modified":"2017-08-18T16:17:18","modified_gmt":"2017-08-18T14:17:18","slug":"aktiv-durch-das-ruppiner-seenland-barrierefrei-wandern-laufen-radfahren-2","status":"publish","type":"post","link":"https:\/\/www.naturparkmagazin.de\/stechlin\/aktiv-durch-das-ruppiner-seenland-barrierefrei-wandern-laufen-radfahren-2\/","title":{"rendered":"Aktiv durch das Ruppiner Seenland &#8211; Barrierefrei Wandern, Laufen, Radfahren"},"content":{"rendered":"<p><strong>\u00a0<\/strong><\/p>\n<div id=\"attachment_1275\" style=\"width: 310px\" class=\"wp-caption aligncenter\"><a href=\"https:\/\/www.naturparkmagazin.de\/stechlin\/wp-content\/uploads\/sites\/38\/k-DSC_00281.jpg\"><img aria-describedby=\"caption-attachment-1275\" decoding=\"async\" loading=\"lazy\" class=\"size-thumbnail wp-image-1275\" src=\"https:\/\/www.naturparkmagazin.de\/stechlin\/wp-content\/uploads\/sites\/38\/k-DSC_00281-300x225.jpg\" alt=\"Start der Anklemmbiker\" width=\"300\" height=\"225\" srcset=\"https:\/\/www.naturparkmagazin.de\/stechlin\/wp-content\/uploads\/sites\/38\/k-DSC_00281-300x225.jpg 300w, https:\/\/www.naturparkmagazin.de\/stechlin\/wp-content\/uploads\/sites\/38\/k-DSC_00281-180x135.jpg 180w, https:\/\/www.naturparkmagazin.de\/stechlin\/wp-content\/uploads\/sites\/38\/k-DSC_00281-95x71.jpg 95w, https:\/\/www.naturparkmagazin.de\/stechlin\/wp-content\/uploads\/sites\/38\/k-DSC_00281-200x150.jpg 200w, https:\/\/www.naturparkmagazin.de\/stechlin\/wp-content\/uploads\/sites\/38\/k-DSC_00281.jpg 320w\" sizes=\"(max-width: 300px) 100vw, 300px\" \/><\/a><p id=\"caption-attachment-1275\" class=\"wp-caption-text\">Start der Anklemmbiker<\/p><\/div>\n<p><strong>\u00a0\u00a0\u00a0\u00a0\u00a0\u00a0\u00a0\u00a0\u00a0\u00a0\u00a0\u00a0\u00a0\u00a0\u00a0\u00a0\u00a0 <\/strong><\/p>\n<p>Bereits zum 12. Mal findet am 16. September die integrative Sportveranstaltung f\u00fcr L\u00e4ufer, Rennbiker, Anklemmbiker, Rennrollstuhlfahrer, Walker, Nordic Walker, Radfahrer und Wanderer in Menz statt.<\/p>\n<p>Ab 10:00 Uhr geht es \u2013 je nach sportlicher Aktivit\u00e4t als Wettkampf oder gef\u00fchrte Erlebnistour \u2013 25 km auf asphaltierter Strecke durch attraktive Landschaften, entlang von Seen, Wiesen und W\u00e4ldern. Parallel dazu findet f\u00fcr L\u00e4ufer, Walker und Nordic Walker ein 7,5 km-Lauf statt und ein Bambini-Lauf \u00fcber 1,5 km.<\/p>\n<div id=\"attachment_398\" style=\"width: 310px\" class=\"wp-caption aligncenter\"><a href=\"https:\/\/www.naturparkmagazin.de\/stechlin\/wp-content\/uploads\/sites\/38\/k-DSC_0036-e1502789004366.jpg\"><img aria-describedby=\"caption-attachment-398\" decoding=\"async\" loading=\"lazy\" class=\"size-thumbnail wp-image-398\" src=\"https:\/\/www.naturparkmagazin.de\/stechlin\/wp-content\/uploads\/sites\/38\/k-DSC_0036-300x201.jpg\" alt=\"Jeder Teilnehmer erh\u00e4lt eine Medaille\" width=\"300\" height=\"201\" \/><\/a><p id=\"caption-attachment-398\" class=\"wp-caption-text\">Jeder Teilnehmer erh\u00e4lt eine Medaille<\/p><\/div>\n<p><strong>Start und Ziel:<\/strong> Theodor-Fontane-Schule Menz<\/p>\n<p><strong>Veranstalter bzw. Anmeldung\/Buchung:<\/strong> Laufpark Stechlin e.V., Tel.: 033082 51245, <a href=\"mailto:kontakt@laufpark-stechlin.de\">kontakt@laufpark-stechlin.de<\/a>, <a href=\"http:\/\/www.laufpark-stechlin.de\/\">www.laufpark-stechlin.de<\/a><\/p>\n<p>&nbsp;<\/p>\n","protected":false},"excerpt":{"rendered":"<p>Bereits zum 12. Mal findet am 16. September die integrative Sportveranstaltung f\u00fcr L\u00e4ufer, Rennbiker, Anklemmbiker, Rennrollstuhlfahrer, Walker, Nordic Walker, Radfahrer und Wanderer in Menz statt.<\/p>\n","protected":false},"author":39,"featured_media":1273,"comment_status":"open","ping_status":"open","sticky":false,"template":"","format":"standard","meta":[],"categories":[11],"tags":[],"yoast_head":"<!-- This site is optimized with the Yoast SEO plugin v19.10 - https:\/\/yoast.com\/wordpress\/plugins\/seo\/ -->\n<title>Aktiv durch das Ruppiner Seenland - Barrierefrei Wandern, Laufen, Radfahren - Naturpark Stechlin-Ruppiner Land<\/title>\n<meta name=\"robots\" content=\"index, follow, max-snippet:-1, max-image-preview:large, max-video-preview:-1\" \/>\n<link rel=\"canonical\" href=\"https:\/\/www.naturparkmagazin.de\/stechlin\/aktiv-durch-das-ruppiner-seenland-barrierefrei-wandern-laufen-radfahren-2\/\" \/>\n<meta property=\"og:locale\" content=\"de_DE\" \/>\n<meta property=\"og:type\" content=\"article\" \/>\n<meta property=\"og:title\" content=\"Aktiv durch das Ruppiner Seenland - Barrierefrei Wandern, Laufen, Radfahren - Naturpark Stechlin-Ruppiner Land\" \/>\n<meta property=\"og:description\" content=\"Bereits zum 12. Mal findet am 16. September die integrative Sportveranstaltung f\u00fcr L\u00e4ufer, Rennbiker, Anklemmbiker, Rennrollstuhlfahrer, Walker, Nordic Walker, Radfahrer und Wanderer in Menz statt.\" \/>\n<meta property=\"og:url\" content=\"https:\/\/www.naturparkmagazin.de\/stechlin\/aktiv-durch-das-ruppiner-seenland-barrierefrei-wandern-laufen-radfahren-2\/\" \/>\n<meta property=\"og:site_name\" content=\"Naturpark Stechlin-Ruppiner Land\" \/>\n<meta property=\"article:published_time\" content=\"2017-08-21T09:10:21+00:00\" \/>\n<meta property=\"article:modified_time\" content=\"2017-08-18T14:17:18+00:00\" \/>\n<meta property=\"og:image\" content=\"https:\/\/www.naturparkmagazin.de\/stechlin\/wp-content\/uploads\/sites\/38\/k-DSC_0021-e1502788621150.jpg\" \/>\n\t<meta property=\"og:image:width\" content=\"200\" \/>\n\t<meta property=\"og:image:height\" content=\"150\" \/>\n\t<meta property=\"og:image:type\" content=\"image\/jpeg\" \/>\n<meta name=\"author\" content=\"marioschrumpf\" \/>\n<meta name=\"twitter:label1\" content=\"Verfasst von\" \/>\n\t<meta name=\"twitter:data1\" content=\"marioschrumpf\" \/>\n\t<meta name=\"twitter:label2\" content=\"Gesch\u00e4tzte Lesezeit\" \/>\n\t<meta name=\"twitter:data2\" content=\"1\u00a0Minute\" \/>\n<script type=\"application\/ld+json\" class=\"yoast-schema-graph\">{\"@context\":\"https:\/\/schema.org\",\"@graph\":[{\"@type\":\"WebPage\",\"@id\":\"https:\/\/www.naturparkmagazin.de\/stechlin\/aktiv-durch-das-ruppiner-seenland-barrierefrei-wandern-laufen-radfahren-2\/\",\"url\":\"https:\/\/www.naturparkmagazin.de\/stechlin\/aktiv-durch-das-ruppiner-seenland-barrierefrei-wandern-laufen-radfahren-2\/\",\"name\":\"Aktiv durch das Ruppiner Seenland - Barrierefrei Wandern, Laufen, Radfahren - Naturpark Stechlin-Ruppiner Land\",\"isPartOf\":{\"@id\":\"https:\/\/www.naturparkmagazin.de\/stechlin\/#website\"},\"datePublished\":\"2017-08-21T09:10:21+00:00\",\"dateModified\":\"2017-08-18T14:17:18+00:00\",\"author\":{\"@id\":\"https:\/\/www.naturparkmagazin.de\/stechlin\/#\/schema\/person\/3f0d93203df21c806dd63c76d9bb28bc\"},\"breadcrumb\":{\"@id\":\"https:\/\/www.naturparkmagazin.de\/stechlin\/aktiv-durch-das-ruppiner-seenland-barrierefrei-wandern-laufen-radfahren-2\/#breadcrumb\"},\"inLanguage\":\"de\",\"potentialAction\":[{\"@type\":\"ReadAction\",\"target\":[\"https:\/\/www.naturparkmagazin.de\/stechlin\/aktiv-durch-das-ruppiner-seenland-barrierefrei-wandern-laufen-radfahren-2\/\"]}]},{\"@type\":\"BreadcrumbList\",\"@id\":\"https:\/\/www.naturparkmagazin.de\/stechlin\/aktiv-durch-das-ruppiner-seenland-barrierefrei-wandern-laufen-radfahren-2\/#breadcrumb\",\"itemListElement\":[{\"@type\":\"ListItem\",\"position\":1,\"name\":\"Home\",\"item\":\"https:\/\/www.naturparkmagazin.de\/stechlin\/\"},{\"@type\":\"ListItem\",\"position\":2,\"name\":\"Aktiv durch das Ruppiner Seenland &#8211; Barrierefrei Wandern, Laufen, Radfahren\"}]},{\"@type\":\"WebSite\",\"@id\":\"https:\/\/www.naturparkmagazin.de\/stechlin\/#website\",\"url\":\"https:\/\/www.naturparkmagazin.de\/stechlin\/\",\"name\":\"Naturpark Stechlin-Ruppiner Land\",\"description\":\"\",\"potentialAction\":[{\"@type\":\"SearchAction\",\"target\":{\"@type\":\"EntryPoint\",\"urlTemplate\":\"https:\/\/www.naturparkmagazin.de\/stechlin\/?s={search_term_string}\"},\"query-input\":\"required name=search_term_string\"}],\"inLanguage\":\"de\"},{\"@type\":\"Person\",\"@id\":\"https:\/\/www.naturparkmagazin.de\/stechlin\/#\/schema\/person\/3f0d93203df21c806dd63c76d9bb28bc\",\"name\":\"marioschrumpf\",\"url\":\"https:\/\/www.naturparkmagazin.de\/stechlin\/author\/marioschrumpf\/\"}]}<\/script>\n<!-- \/ Yoast SEO plugin. -->","yoast_head_json":{"title":"Aktiv durch das Ruppiner Seenland - Barrierefrei Wandern, Laufen, Radfahren - Naturpark Stechlin-Ruppiner Land","robots":{"index":"index","follow":"follow","max-snippet":"max-snippet:-1","max-image-preview":"max-image-preview:large","max-video-preview":"max-video-preview:-1"},"canonical":"https:\/\/www.naturparkmagazin.de\/stechlin\/aktiv-durch-das-ruppiner-seenland-barrierefrei-wandern-laufen-radfahren-2\/","og_locale":"de_DE","og_type":"article","og_title":"Aktiv durch das Ruppiner Seenland - Barrierefrei Wandern, Laufen, Radfahren - Naturpark Stechlin-Ruppiner Land","og_description":"Bereits zum 12. Mal findet am 16. September die integrative Sportveranstaltung f\u00fcr L\u00e4ufer, Rennbiker, Anklemmbiker, Rennrollstuhlfahrer, Walker, Nordic Walker, Radfahrer und Wanderer in Menz statt.","og_url":"https:\/\/www.naturparkmagazin.de\/stechlin\/aktiv-durch-das-ruppiner-seenland-barrierefrei-wandern-laufen-radfahren-2\/","og_site_name":"Naturpark Stechlin-Ruppiner Land","article_published_time":"2017-08-21T09:10:21+00:00","article_modified_time":"2017-08-18T14:17:18+00:00","og_image":[{"width":200,"height":150,"url":"https:\/\/www.naturparkmagazin.de\/stechlin\/wp-content\/uploads\/sites\/38\/k-DSC_0021-e1502788621150.jpg","type":"image\/jpeg"}],"author":"marioschrumpf","twitter_misc":{"Verfasst von":"marioschrumpf","Gesch\u00e4tzte Lesezeit":"1\u00a0Minute"},"schema":{"@context":"https:\/\/schema.org","@graph":[{"@type":"WebPage","@id":"https:\/\/www.naturparkmagazin.de\/stechlin\/aktiv-durch-das-ruppiner-seenland-barrierefrei-wandern-laufen-radfahren-2\/","url":"https:\/\/www.naturparkmagazin.de\/stechlin\/aktiv-durch-das-ruppiner-seenland-barrierefrei-wandern-laufen-radfahren-2\/","name":"Aktiv durch das Ruppiner Seenland - Barrierefrei Wandern, Laufen, Radfahren - Naturpark Stechlin-Ruppiner Land","isPartOf":{"@id":"https:\/\/www.naturparkmagazin.de\/stechlin\/#website"},"datePublished":"2017-08-21T09:10:21+00:00","dateModified":"2017-08-18T14:17:18+00:00","author":{"@id":"https:\/\/www.naturparkmagazin.de\/stechlin\/#\/schema\/person\/3f0d93203df21c806dd63c76d9bb28bc"},"breadcrumb":{"@id":"https:\/\/www.naturparkmagazin.de\/stechlin\/aktiv-durch-das-ruppiner-seenland-barrierefrei-wandern-laufen-radfahren-2\/#breadcrumb"},"inLanguage":"de","potentialAction":[{"@type":"ReadAction","target":["https:\/\/www.naturparkmagazin.de\/stechlin\/aktiv-durch-das-ruppiner-seenland-barrierefrei-wandern-laufen-radfahren-2\/"]}]},{"@type":"BreadcrumbList","@id":"https:\/\/www.naturparkmagazin.de\/stechlin\/aktiv-durch-das-ruppiner-seenland-barrierefrei-wandern-laufen-radfahren-2\/#breadcrumb","itemListElement":[{"@type":"ListItem","position":1,"name":"Home","item":"https:\/\/www.naturparkmagazin.de\/stechlin\/"},{"@type":"ListItem","position":2,"name":"Aktiv durch das Ruppiner Seenland &#8211; Barrierefrei Wandern, Laufen, Radfahren"}]},{"@type":"WebSite","@id":"https:\/\/www.naturparkmagazin.de\/stechlin\/#website","url":"https:\/\/www.naturparkmagazin.de\/stechlin\/","name":"Naturpark Stechlin-Ruppiner Land","description":"","potentialAction":[{"@type":"SearchAction","target":{"@type":"EntryPoint","urlTemplate":"https:\/\/www.naturparkmagazin.de\/stechlin\/?s={search_term_string}"},"query-input":"required name=search_term_string"}],"inLanguage":"de"},{"@type":"Person","@id":"https:\/\/www.naturparkmagazin.de\/stechlin\/#\/schema\/person\/3f0d93203df21c806dd63c76d9bb28bc","name":"marioschrumpf","url":"https:\/\/www.naturparkmagazin.de\/stechlin\/author\/marioschrumpf\/"}]}},"_links":{"self":[{"href":"https:\/\/www.naturparkmagazin.de\/stechlin\/wp-json\/wp\/v2\/posts\/6061"}],"collection":[{"href":"https:\/\/www.naturparkmagazin.de\/stechlin\/wp-json\/wp\/v2\/posts"}],"about":[{"href":"https:\/\/www.naturparkmagazin.de\/stechlin\/wp-json\/wp\/v2\/types\/post"}],"author":[{"embeddable":true,"href":"https:\/\/www.naturparkmagazin.de\/stechlin\/wp-json\/wp\/v2\/users\/39"}],"replies":[{"embeddable":true,"href":"https:\/\/www.naturparkmagazin.de\/stechlin\/wp-json\/wp\/v2\/comments?post=6061"}],"version-history":[{"count":3,"href":"https:\/\/www.naturparkmagazin.de\/stechlin\/wp-json\/wp\/v2\/posts\/6061\/revisions"}],"predecessor-version":[{"id":6133,"href":"https:\/\/www.naturparkmagazin.de\/stechlin\/wp-json\/wp\/v2\/posts\/6061\/revisions\/6133"}],"wp:featuredmedia":[{"embeddable":true,"href":"https:\/\/www.naturparkmagazin.de\/stechlin\/wp-json\/wp\/v2\/media\/1273"}],"wp:attachment":[{"href":"https:\/\/www.naturparkmagazin.de\/stechlin\/wp-json\/wp\/v2\/media?parent=6061"}],"wp:term":[{"taxonomy":"category","embeddable":true,"href":"https:\/\/www.naturparkmagazin.de\/stechlin\/wp-json\/wp\/v2\/categories?post=6061"},{"taxonomy":"post_tag","embeddable":true,"href":"https:\/\/www.naturparkmagazin.de\/stechlin\/wp-json\/wp\/v2\/tags?post=6061"}],"curies":[{"name":"wp","href":"https:\/\/api.w.org\/{rel}","templated":true}]}}