{"id":6073,"date":"2017-08-21T11:46:40","date_gmt":"2017-08-21T09:46:40","guid":{"rendered":"http:\/\/www.naturparkmagazin.de\/stechlin\/?p=6073"},"modified":"2017-08-18T16:08:35","modified_gmt":"2017-08-18T14:08:35","slug":"tag-des-offenen-denkmals-2","status":"publish","type":"post","link":"https:\/\/www.naturparkmagazin.de\/stechlin\/tag-des-offenen-denkmals-2\/","title":{"rendered":"Zum Tag des offenen Denkmals nach K\u00f6pernitz"},"content":{"rendered":"<p><strong>&#8222;Macht &amp; Pracht&#8220; &#8211; Malerei von Margit Kossahl<\/strong><\/p>\n<div id=\"attachment_6076\" style=\"width: 310px\" class=\"wp-caption aligncenter\"><a href=\"https:\/\/www.naturparkmagazin.de\/stechlin\/wp-content\/uploads\/sites\/38\/September_Gutshaus-Protzen1.jpg\"><img aria-describedby=\"caption-attachment-6076\" decoding=\"async\" loading=\"lazy\" class=\"size-thumbnail wp-image-6076\" src=\"https:\/\/www.naturparkmagazin.de\/stechlin\/wp-content\/uploads\/sites\/38\/September_Gutshaus-Protzen1-300x180.jpg\" alt=\"Gutshaus Protzen\" width=\"300\" height=\"180\" srcset=\"https:\/\/www.naturparkmagazin.de\/stechlin\/wp-content\/uploads\/sites\/38\/September_Gutshaus-Protzen1-300x180.jpg 300w, https:\/\/www.naturparkmagazin.de\/stechlin\/wp-content\/uploads\/sites\/38\/September_Gutshaus-Protzen1.jpg 500w, https:\/\/www.naturparkmagazin.de\/stechlin\/wp-content\/uploads\/sites\/38\/September_Gutshaus-Protzen1-200x120.jpg 200w\" sizes=\"(max-width: 300px) 100vw, 300px\" \/><\/a><p id=\"caption-attachment-6076\" class=\"wp-caption-text\">Gutshaus Protzen<\/p><\/div>\n<p>Zum Tag des offenen Denkmals l\u00e4dt der KulturGutshaus K\u00f6pernitz e.V. zu F\u00fchrungen zur Baugeschichte des Hauses und auf den neuen K\u00f6pernitzer Rundwanderweg ein. Im Saal wird die neue Ausstellung er\u00f6ffnet.<\/p>\n<p><strong>Termin:<\/strong> 10. September, ab 13 Uhr im KulturGutshaus K\u00f6pernitz<\/p>\n<p><strong>Ausstellungser\u00f6ffnung:<\/strong> 14:30 Uhr<\/p>\n","protected":false},"excerpt":{"rendered":"<p>Der KulturGutshaus K\u00f6pernitz e.V. l\u00e4dt ein zu F\u00fchrungen zur Baugeschichte des Hauses und auf den neuen K\u00f6pernitzer Rundwanderweg. <\/p>\n","protected":false},"author":39,"featured_media":6074,"comment_status":"open","ping_status":"open","sticky":false,"template":"","format":"standard","meta":[],"categories":[11],"tags":[],"yoast_head":"<!-- This site is optimized with the Yoast SEO plugin v19.10 - https:\/\/yoast.com\/wordpress\/plugins\/seo\/ -->\n<title>Zum Tag des offenen Denkmals nach K\u00f6pernitz - Naturpark Stechlin-Ruppiner Land<\/title>\n<meta name=\"robots\" content=\"index, follow, max-snippet:-1, max-image-preview:large, max-video-preview:-1\" \/>\n<link rel=\"canonical\" href=\"https:\/\/www.naturparkmagazin.de\/stechlin\/tag-des-offenen-denkmals-2\/\" \/>\n<meta property=\"og:locale\" content=\"de_DE\" \/>\n<meta property=\"og:type\" content=\"article\" \/>\n<meta property=\"og:title\" content=\"Zum Tag des offenen Denkmals nach K\u00f6pernitz - Naturpark Stechlin-Ruppiner Land\" \/>\n<meta property=\"og:description\" content=\"Der KulturGutshaus K\u00f6pernitz e.V. l\u00e4dt ein zu F\u00fchrungen zur Baugeschichte des Hauses und auf den neuen K\u00f6pernitzer Rundwanderweg.\" \/>\n<meta property=\"og:url\" content=\"https:\/\/www.naturparkmagazin.de\/stechlin\/tag-des-offenen-denkmals-2\/\" \/>\n<meta property=\"og:site_name\" content=\"Naturpark Stechlin-Ruppiner Land\" \/>\n<meta property=\"article:published_time\" content=\"2017-08-21T09:46:40+00:00\" \/>\n<meta property=\"article:modified_time\" content=\"2017-08-18T14:08:35+00:00\" \/>\n<meta property=\"og:image\" content=\"https:\/\/www.naturparkmagazin.de\/stechlin\/wp-content\/uploads\/sites\/38\/September_Gutshaus-Protzen.jpg\" \/>\n\t<meta property=\"og:image:width\" content=\"200\" \/>\n\t<meta property=\"og:image:height\" content=\"200\" \/>\n\t<meta property=\"og:image:type\" content=\"image\/jpeg\" \/>\n<meta name=\"author\" content=\"marioschrumpf\" \/>\n<meta name=\"twitter:label1\" content=\"Verfasst von\" \/>\n\t<meta name=\"twitter:data1\" content=\"marioschrumpf\" \/>\n<script type=\"application\/ld+json\" class=\"yoast-schema-graph\">{\"@context\":\"https:\/\/schema.org\",\"@graph\":[{\"@type\":\"WebPage\",\"@id\":\"https:\/\/www.naturparkmagazin.de\/stechlin\/tag-des-offenen-denkmals-2\/\",\"url\":\"https:\/\/www.naturparkmagazin.de\/stechlin\/tag-des-offenen-denkmals-2\/\",\"name\":\"Zum Tag des offenen Denkmals nach K\u00f6pernitz - Naturpark Stechlin-Ruppiner Land\",\"isPartOf\":{\"@id\":\"https:\/\/www.naturparkmagazin.de\/stechlin\/#website\"},\"datePublished\":\"2017-08-21T09:46:40+00:00\",\"dateModified\":\"2017-08-18T14:08:35+00:00\",\"author\":{\"@id\":\"https:\/\/www.naturparkmagazin.de\/stechlin\/#\/schema\/person\/3f0d93203df21c806dd63c76d9bb28bc\"},\"breadcrumb\":{\"@id\":\"https:\/\/www.naturparkmagazin.de\/stechlin\/tag-des-offenen-denkmals-2\/#breadcrumb\"},\"inLanguage\":\"de\",\"potentialAction\":[{\"@type\":\"ReadAction\",\"target\":[\"https:\/\/www.naturparkmagazin.de\/stechlin\/tag-des-offenen-denkmals-2\/\"]}]},{\"@type\":\"BreadcrumbList\",\"@id\":\"https:\/\/www.naturparkmagazin.de\/stechlin\/tag-des-offenen-denkmals-2\/#breadcrumb\",\"itemListElement\":[{\"@type\":\"ListItem\",\"position\":1,\"name\":\"Home\",\"item\":\"https:\/\/www.naturparkmagazin.de\/stechlin\/\"},{\"@type\":\"ListItem\",\"position\":2,\"name\":\"Zum Tag des offenen Denkmals nach K\u00f6pernitz\"}]},{\"@type\":\"WebSite\",\"@id\":\"https:\/\/www.naturparkmagazin.de\/stechlin\/#website\",\"url\":\"https:\/\/www.naturparkmagazin.de\/stechlin\/\",\"name\":\"Naturpark Stechlin-Ruppiner Land\",\"description\":\"\",\"potentialAction\":[{\"@type\":\"SearchAction\",\"target\":{\"@type\":\"EntryPoint\",\"urlTemplate\":\"https:\/\/www.naturparkmagazin.de\/stechlin\/?s={search_term_string}\"},\"query-input\":\"required name=search_term_string\"}],\"inLanguage\":\"de\"},{\"@type\":\"Person\",\"@id\":\"https:\/\/www.naturparkmagazin.de\/stechlin\/#\/schema\/person\/3f0d93203df21c806dd63c76d9bb28bc\",\"name\":\"marioschrumpf\",\"url\":\"https:\/\/www.naturparkmagazin.de\/stechlin\/author\/marioschrumpf\/\"}]}<\/script>\n<!-- \/ Yoast SEO plugin. -->","yoast_head_json":{"title":"Zum Tag des offenen Denkmals nach K\u00f6pernitz - Naturpark Stechlin-Ruppiner Land","robots":{"index":"index","follow":"follow","max-snippet":"max-snippet:-1","max-image-preview":"max-image-preview:large","max-video-preview":"max-video-preview:-1"},"canonical":"https:\/\/www.naturparkmagazin.de\/stechlin\/tag-des-offenen-denkmals-2\/","og_locale":"de_DE","og_type":"article","og_title":"Zum Tag des offenen Denkmals nach K\u00f6pernitz - Naturpark Stechlin-Ruppiner Land","og_description":"Der KulturGutshaus K\u00f6pernitz e.V. l\u00e4dt ein zu F\u00fchrungen zur Baugeschichte des Hauses und auf den neuen K\u00f6pernitzer Rundwanderweg.","og_url":"https:\/\/www.naturparkmagazin.de\/stechlin\/tag-des-offenen-denkmals-2\/","og_site_name":"Naturpark Stechlin-Ruppiner Land","article_published_time":"2017-08-21T09:46:40+00:00","article_modified_time":"2017-08-18T14:08:35+00:00","og_image":[{"width":200,"height":200,"url":"https:\/\/www.naturparkmagazin.de\/stechlin\/wp-content\/uploads\/sites\/38\/September_Gutshaus-Protzen.jpg","type":"image\/jpeg"}],"author":"marioschrumpf","twitter_misc":{"Verfasst von":"marioschrumpf"},"schema":{"@context":"https:\/\/schema.org","@graph":[{"@type":"WebPage","@id":"https:\/\/www.naturparkmagazin.de\/stechlin\/tag-des-offenen-denkmals-2\/","url":"https:\/\/www.naturparkmagazin.de\/stechlin\/tag-des-offenen-denkmals-2\/","name":"Zum Tag des offenen Denkmals nach K\u00f6pernitz - Naturpark Stechlin-Ruppiner Land","isPartOf":{"@id":"https:\/\/www.naturparkmagazin.de\/stechlin\/#website"},"datePublished":"2017-08-21T09:46:40+00:00","dateModified":"2017-08-18T14:08:35+00:00","author":{"@id":"https:\/\/www.naturparkmagazin.de\/stechlin\/#\/schema\/person\/3f0d93203df21c806dd63c76d9bb28bc"},"breadcrumb":{"@id":"https:\/\/www.naturparkmagazin.de\/stechlin\/tag-des-offenen-denkmals-2\/#breadcrumb"},"inLanguage":"de","potentialAction":[{"@type":"ReadAction","target":["https:\/\/www.naturparkmagazin.de\/stechlin\/tag-des-offenen-denkmals-2\/"]}]},{"@type":"BreadcrumbList","@id":"https:\/\/www.naturparkmagazin.de\/stechlin\/tag-des-offenen-denkmals-2\/#breadcrumb","itemListElement":[{"@type":"ListItem","position":1,"name":"Home","item":"https:\/\/www.naturparkmagazin.de\/stechlin\/"},{"@type":"ListItem","position":2,"name":"Zum Tag des offenen Denkmals nach K\u00f6pernitz"}]},{"@type":"WebSite","@id":"https:\/\/www.naturparkmagazin.de\/stechlin\/#website","url":"https:\/\/www.naturparkmagazin.de\/stechlin\/","name":"Naturpark Stechlin-Ruppiner Land","description":"","potentialAction":[{"@type":"SearchAction","target":{"@type":"EntryPoint","urlTemplate":"https:\/\/www.naturparkmagazin.de\/stechlin\/?s={search_term_string}"},"query-input":"required name=search_term_string"}],"inLanguage":"de"},{"@type":"Person","@id":"https:\/\/www.naturparkmagazin.de\/stechlin\/#\/schema\/person\/3f0d93203df21c806dd63c76d9bb28bc","name":"marioschrumpf","url":"https:\/\/www.naturparkmagazin.de\/stechlin\/author\/marioschrumpf\/"}]}},"_links":{"self":[{"href":"https:\/\/www.naturparkmagazin.de\/stechlin\/wp-json\/wp\/v2\/posts\/6073"}],"collection":[{"href":"https:\/\/www.naturparkmagazin.de\/stechlin\/wp-json\/wp\/v2\/posts"}],"about":[{"href":"https:\/\/www.naturparkmagazin.de\/stechlin\/wp-json\/wp\/v2\/types\/post"}],"author":[{"embeddable":true,"href":"https:\/\/www.naturparkmagazin.de\/stechlin\/wp-json\/wp\/v2\/users\/39"}],"replies":[{"embeddable":true,"href":"https:\/\/www.naturparkmagazin.de\/stechlin\/wp-json\/wp\/v2\/comments?post=6073"}],"version-history":[{"count":4,"href":"https:\/\/www.naturparkmagazin.de\/stechlin\/wp-json\/wp\/v2\/posts\/6073\/revisions"}],"predecessor-version":[{"id":6130,"href":"https:\/\/www.naturparkmagazin.de\/stechlin\/wp-json\/wp\/v2\/posts\/6073\/revisions\/6130"}],"wp:featuredmedia":[{"embeddable":true,"href":"https:\/\/www.naturparkmagazin.de\/stechlin\/wp-json\/wp\/v2\/media\/6074"}],"wp:attachment":[{"href":"https:\/\/www.naturparkmagazin.de\/stechlin\/wp-json\/wp\/v2\/media?parent=6073"}],"wp:term":[{"taxonomy":"category","embeddable":true,"href":"https:\/\/www.naturparkmagazin.de\/stechlin\/wp-json\/wp\/v2\/categories?post=6073"},{"taxonomy":"post_tag","embeddable":true,"href":"https:\/\/www.naturparkmagazin.de\/stechlin\/wp-json\/wp\/v2\/tags?post=6073"}],"curies":[{"name":"wp","href":"https:\/\/api.w.org\/{rel}","templated":true}]}}