{"id":6086,"date":"2017-08-21T10:09:46","date_gmt":"2017-08-21T08:09:46","guid":{"rendered":"http:\/\/www.naturparkmagazin.de\/stechlin\/?p=6086"},"modified":"2017-08-23T14:41:00","modified_gmt":"2017-08-23T12:41:00","slug":"foerdermittelbescheid-fuer-naturerlebnisturm-in-der-kyritz-ruppiner-heide","status":"publish","type":"post","link":"https:\/\/www.naturparkmagazin.de\/stechlin\/foerdermittelbescheid-fuer-naturerlebnisturm-in-der-kyritz-ruppiner-heide\/","title":{"rendered":"F\u00f6rdermittelbescheid f\u00fcr Naturerlebnisturm in der Kyritz-Ruppiner Heide"},"content":{"rendered":"<div id=\"attachment_6092\" style=\"width: 310px\" class=\"wp-caption aligncenter\"><a href=\"https:\/\/www.naturparkmagazin.de\/stechlin\/wp-content\/uploads\/sites\/38\/KRH-F\u00f6rdermittel-58.jpg\"><img aria-describedby=\"caption-attachment-6092\" decoding=\"async\" loading=\"lazy\" class=\"size-thumbnail wp-image-6092\" src=\"https:\/\/www.naturparkmagazin.de\/stechlin\/wp-content\/uploads\/sites\/38\/KRH-F\u00f6rdermittel-58-300x180.jpg\" alt=\"Stolz pr\u00e4sentiert Landrat Ralf Reinhardt den F\u00f6rdermittelbescheid\" width=\"300\" height=\"180\" srcset=\"https:\/\/www.naturparkmagazin.de\/stechlin\/wp-content\/uploads\/sites\/38\/KRH-F\u00f6rdermittel-58-300x180.jpg 300w, https:\/\/www.naturparkmagazin.de\/stechlin\/wp-content\/uploads\/sites\/38\/KRH-F\u00f6rdermittel-58.jpg 500w, https:\/\/www.naturparkmagazin.de\/stechlin\/wp-content\/uploads\/sites\/38\/KRH-F\u00f6rdermittel-58-200x120.jpg 200w\" sizes=\"(max-width: 300px) 100vw, 300px\" \/><\/a><p id=\"caption-attachment-6092\" class=\"wp-caption-text\">Stolz pr\u00e4sentiert Landrat Ralf Reinhardt den F\u00f6rdermittelbescheid<\/p><\/div>\n<p>Der Landrat Ostprignitz-Ruppin\u00a0Ralf Reinhardt hat aus den H\u00e4nden vom Umweltminister J\u00f6rg Vogels\u00e4nger einen Bescheid \u00fcber 135 T\u20ac erhalten. Mit dem Geld aus dem europ\u00e4ischen F\u00f6rderprogramm LEADER soll auf dem Sielmann-H\u00fcgel ein Naturerlebnisturm errichtet werden. Die Gesamtkosten betragen ca. 181 T\u20ac.<\/p>\n<p>Der Turm soll bis zum Beginn der Tourismussaison 2018 fertiggestellt werden. Dann k\u00f6nnen die Besucher aus ca. 20 m H\u00f6he die Weite und Unzerschnittenheit des ca. 12.000 ha gro\u00dfen Gesamtareals noch besser erleben.<\/p>\n<p>Der Naturerlebnisturm wird direkt am Heidewanderweg im S\u00fcden des ehemaligen Truppen\u00fcbungsplatzes entstehen, der \u00fcber Neuglinicke, Pfalzheim und Rossow f\u00fcr Wanderer, Radfahrer und Kutschfahrten \u00f6ffentlich zug\u00e4nglich ist.<\/p>\n<div id=\"attachment_6089\" style=\"width: 310px\" class=\"wp-caption aligncenter\"><a href=\"https:\/\/www.naturparkmagazin.de\/stechlin\/wp-content\/uploads\/sites\/38\/KRH-F\u00f6rdermittel-13.jpg\"><img aria-describedby=\"caption-attachment-6089\" decoding=\"async\" loading=\"lazy\" class=\"size-thumbnail wp-image-6089\" src=\"https:\/\/www.naturparkmagazin.de\/stechlin\/wp-content\/uploads\/sites\/38\/KRH-F\u00f6rdermittel-13-300x180.jpg\" alt=\"Die \u00dcbergabe fand inmitten der Heide statt.\" width=\"300\" height=\"180\" srcset=\"https:\/\/www.naturparkmagazin.de\/stechlin\/wp-content\/uploads\/sites\/38\/KRH-F\u00f6rdermittel-13-300x180.jpg 300w, https:\/\/www.naturparkmagazin.de\/stechlin\/wp-content\/uploads\/sites\/38\/KRH-F\u00f6rdermittel-13.jpg 500w, https:\/\/www.naturparkmagazin.de\/stechlin\/wp-content\/uploads\/sites\/38\/KRH-F\u00f6rdermittel-13-200x120.jpg 200w\" sizes=\"(max-width: 300px) 100vw, 300px\" \/><\/a><p id=\"caption-attachment-6089\" class=\"wp-caption-text\">Die \u00dcbergabe fand inmitten der Heide statt.<\/p><\/div>\n<div id=\"attachment_6090\" style=\"width: 310px\" class=\"wp-caption aligncenter\"><a href=\"https:\/\/www.naturparkmagazin.de\/stechlin\/wp-content\/uploads\/sites\/38\/KRH-F\u00f6rdermittel-22.jpg\"><img aria-describedby=\"caption-attachment-6090\" decoding=\"async\" loading=\"lazy\" class=\"size-thumbnail wp-image-6090\" src=\"https:\/\/www.naturparkmagazin.de\/stechlin\/wp-content\/uploads\/sites\/38\/KRH-F\u00f6rdermittel-22-300x180.jpg\" alt=\"Minister J\u00f6rg Vogels\u00e4nger w\u00fcrdigt das Engagement der Kommunalen Arbeitsgruppe f\u00fcr die zivile Nutzung.\" width=\"300\" height=\"180\" srcset=\"https:\/\/www.naturparkmagazin.de\/stechlin\/wp-content\/uploads\/sites\/38\/KRH-F\u00f6rdermittel-22-300x180.jpg 300w, https:\/\/www.naturparkmagazin.de\/stechlin\/wp-content\/uploads\/sites\/38\/KRH-F\u00f6rdermittel-22.jpg 500w, https:\/\/www.naturparkmagazin.de\/stechlin\/wp-content\/uploads\/sites\/38\/KRH-F\u00f6rdermittel-22-200x120.jpg 200w\" sizes=\"(max-width: 300px) 100vw, 300px\" \/><\/a><p id=\"caption-attachment-6090\" class=\"wp-caption-text\">Minister J\u00f6rg Vogels\u00e4nger w\u00fcrdigt das Engagement der Kommunalen Arbeitsgruppe f\u00fcr die zivile Nutzung.<\/p><\/div>\n<p>&nbsp;<\/p>\n","protected":false},"excerpt":{"rendered":"<p>Der Landrat Ostprignitz-Ruppin Ralf Reinhardt hat aus den H\u00e4nden vom Umweltminister J\u00f6rg Vogels\u00e4nger einen Bescheid \u00fcber 135 T\u20ac erhalten.<\/p>\n","protected":false},"author":39,"featured_media":6088,"comment_status":"open","ping_status":"open","sticky":false,"template":"","format":"standard","meta":[],"categories":[7],"tags":[],"yoast_head":"<!-- This site is optimized with the Yoast SEO plugin v19.10 - https:\/\/yoast.com\/wordpress\/plugins\/seo\/ -->\n<title>F\u00f6rdermittelbescheid f\u00fcr Naturerlebnisturm in der Kyritz-Ruppiner Heide - Naturpark Stechlin-Ruppiner Land<\/title>\n<meta name=\"robots\" content=\"index, follow, max-snippet:-1, max-image-preview:large, max-video-preview:-1\" \/>\n<link rel=\"canonical\" href=\"https:\/\/www.naturparkmagazin.de\/stechlin\/foerdermittelbescheid-fuer-naturerlebnisturm-in-der-kyritz-ruppiner-heide\/\" \/>\n<meta property=\"og:locale\" content=\"de_DE\" \/>\n<meta property=\"og:type\" content=\"article\" \/>\n<meta property=\"og:title\" content=\"F\u00f6rdermittelbescheid f\u00fcr Naturerlebnisturm in der Kyritz-Ruppiner Heide - Naturpark Stechlin-Ruppiner Land\" \/>\n<meta property=\"og:description\" content=\"Der Landrat Ostprignitz-Ruppin Ralf Reinhardt hat aus den H\u00e4nden vom Umweltminister J\u00f6rg Vogels\u00e4nger einen Bescheid \u00fcber 135 T\u20ac erhalten.\" \/>\n<meta property=\"og:url\" content=\"https:\/\/www.naturparkmagazin.de\/stechlin\/foerdermittelbescheid-fuer-naturerlebnisturm-in-der-kyritz-ruppiner-heide\/\" \/>\n<meta property=\"og:site_name\" content=\"Naturpark Stechlin-Ruppiner Land\" \/>\n<meta property=\"article:published_time\" content=\"2017-08-21T08:09:46+00:00\" \/>\n<meta property=\"article:modified_time\" content=\"2017-08-23T12:41:00+00:00\" \/>\n<meta property=\"og:image\" content=\"https:\/\/www.naturparkmagazin.de\/stechlin\/wp-content\/uploads\/sites\/38\/KRH_\u00dcbergabe-F\u00f6rdermittelbescheid-51.jpg\" \/>\n\t<meta property=\"og:image:width\" content=\"200\" \/>\n\t<meta property=\"og:image:height\" content=\"200\" \/>\n\t<meta property=\"og:image:type\" content=\"image\/jpeg\" \/>\n<meta name=\"author\" content=\"marioschrumpf\" \/>\n<meta name=\"twitter:label1\" content=\"Verfasst von\" \/>\n\t<meta name=\"twitter:data1\" content=\"marioschrumpf\" \/>\n\t<meta name=\"twitter:label2\" content=\"Gesch\u00e4tzte Lesezeit\" \/>\n\t<meta name=\"twitter:data2\" content=\"1\u00a0Minute\" \/>\n<script type=\"application\/ld+json\" class=\"yoast-schema-graph\">{\"@context\":\"https:\/\/schema.org\",\"@graph\":[{\"@type\":\"WebPage\",\"@id\":\"https:\/\/www.naturparkmagazin.de\/stechlin\/foerdermittelbescheid-fuer-naturerlebnisturm-in-der-kyritz-ruppiner-heide\/\",\"url\":\"https:\/\/www.naturparkmagazin.de\/stechlin\/foerdermittelbescheid-fuer-naturerlebnisturm-in-der-kyritz-ruppiner-heide\/\",\"name\":\"F\u00f6rdermittelbescheid f\u00fcr Naturerlebnisturm in der Kyritz-Ruppiner Heide - Naturpark Stechlin-Ruppiner Land\",\"isPartOf\":{\"@id\":\"https:\/\/www.naturparkmagazin.de\/stechlin\/#website\"},\"datePublished\":\"2017-08-21T08:09:46+00:00\",\"dateModified\":\"2017-08-23T12:41:00+00:00\",\"author\":{\"@id\":\"https:\/\/www.naturparkmagazin.de\/stechlin\/#\/schema\/person\/3f0d93203df21c806dd63c76d9bb28bc\"},\"breadcrumb\":{\"@id\":\"https:\/\/www.naturparkmagazin.de\/stechlin\/foerdermittelbescheid-fuer-naturerlebnisturm-in-der-kyritz-ruppiner-heide\/#breadcrumb\"},\"inLanguage\":\"de\",\"potentialAction\":[{\"@type\":\"ReadAction\",\"target\":[\"https:\/\/www.naturparkmagazin.de\/stechlin\/foerdermittelbescheid-fuer-naturerlebnisturm-in-der-kyritz-ruppiner-heide\/\"]}]},{\"@type\":\"BreadcrumbList\",\"@id\":\"https:\/\/www.naturparkmagazin.de\/stechlin\/foerdermittelbescheid-fuer-naturerlebnisturm-in-der-kyritz-ruppiner-heide\/#breadcrumb\",\"itemListElement\":[{\"@type\":\"ListItem\",\"position\":1,\"name\":\"Home\",\"item\":\"https:\/\/www.naturparkmagazin.de\/stechlin\/\"},{\"@type\":\"ListItem\",\"position\":2,\"name\":\"F\u00f6rdermittelbescheid f\u00fcr Naturerlebnisturm in der Kyritz-Ruppiner Heide\"}]},{\"@type\":\"WebSite\",\"@id\":\"https:\/\/www.naturparkmagazin.de\/stechlin\/#website\",\"url\":\"https:\/\/www.naturparkmagazin.de\/stechlin\/\",\"name\":\"Naturpark Stechlin-Ruppiner Land\",\"description\":\"\",\"potentialAction\":[{\"@type\":\"SearchAction\",\"target\":{\"@type\":\"EntryPoint\",\"urlTemplate\":\"https:\/\/www.naturparkmagazin.de\/stechlin\/?s={search_term_string}\"},\"query-input\":\"required name=search_term_string\"}],\"inLanguage\":\"de\"},{\"@type\":\"Person\",\"@id\":\"https:\/\/www.naturparkmagazin.de\/stechlin\/#\/schema\/person\/3f0d93203df21c806dd63c76d9bb28bc\",\"name\":\"marioschrumpf\",\"url\":\"https:\/\/www.naturparkmagazin.de\/stechlin\/author\/marioschrumpf\/\"}]}<\/script>\n<!-- \/ Yoast SEO plugin. -->","yoast_head_json":{"title":"F\u00f6rdermittelbescheid f\u00fcr Naturerlebnisturm in der Kyritz-Ruppiner Heide - Naturpark Stechlin-Ruppiner Land","robots":{"index":"index","follow":"follow","max-snippet":"max-snippet:-1","max-image-preview":"max-image-preview:large","max-video-preview":"max-video-preview:-1"},"canonical":"https:\/\/www.naturparkmagazin.de\/stechlin\/foerdermittelbescheid-fuer-naturerlebnisturm-in-der-kyritz-ruppiner-heide\/","og_locale":"de_DE","og_type":"article","og_title":"F\u00f6rdermittelbescheid f\u00fcr Naturerlebnisturm in der Kyritz-Ruppiner Heide - Naturpark Stechlin-Ruppiner Land","og_description":"Der Landrat Ostprignitz-Ruppin Ralf Reinhardt hat aus den H\u00e4nden vom Umweltminister J\u00f6rg Vogels\u00e4nger einen Bescheid \u00fcber 135 T\u20ac erhalten.","og_url":"https:\/\/www.naturparkmagazin.de\/stechlin\/foerdermittelbescheid-fuer-naturerlebnisturm-in-der-kyritz-ruppiner-heide\/","og_site_name":"Naturpark Stechlin-Ruppiner Land","article_published_time":"2017-08-21T08:09:46+00:00","article_modified_time":"2017-08-23T12:41:00+00:00","og_image":[{"width":200,"height":200,"url":"https:\/\/www.naturparkmagazin.de\/stechlin\/wp-content\/uploads\/sites\/38\/KRH_\u00dcbergabe-F\u00f6rdermittelbescheid-51.jpg","type":"image\/jpeg"}],"author":"marioschrumpf","twitter_misc":{"Verfasst von":"marioschrumpf","Gesch\u00e4tzte Lesezeit":"1\u00a0Minute"},"schema":{"@context":"https:\/\/schema.org","@graph":[{"@type":"WebPage","@id":"https:\/\/www.naturparkmagazin.de\/stechlin\/foerdermittelbescheid-fuer-naturerlebnisturm-in-der-kyritz-ruppiner-heide\/","url":"https:\/\/www.naturparkmagazin.de\/stechlin\/foerdermittelbescheid-fuer-naturerlebnisturm-in-der-kyritz-ruppiner-heide\/","name":"F\u00f6rdermittelbescheid f\u00fcr Naturerlebnisturm in der Kyritz-Ruppiner Heide - Naturpark Stechlin-Ruppiner Land","isPartOf":{"@id":"https:\/\/www.naturparkmagazin.de\/stechlin\/#website"},"datePublished":"2017-08-21T08:09:46+00:00","dateModified":"2017-08-23T12:41:00+00:00","author":{"@id":"https:\/\/www.naturparkmagazin.de\/stechlin\/#\/schema\/person\/3f0d93203df21c806dd63c76d9bb28bc"},"breadcrumb":{"@id":"https:\/\/www.naturparkmagazin.de\/stechlin\/foerdermittelbescheid-fuer-naturerlebnisturm-in-der-kyritz-ruppiner-heide\/#breadcrumb"},"inLanguage":"de","potentialAction":[{"@type":"ReadAction","target":["https:\/\/www.naturparkmagazin.de\/stechlin\/foerdermittelbescheid-fuer-naturerlebnisturm-in-der-kyritz-ruppiner-heide\/"]}]},{"@type":"BreadcrumbList","@id":"https:\/\/www.naturparkmagazin.de\/stechlin\/foerdermittelbescheid-fuer-naturerlebnisturm-in-der-kyritz-ruppiner-heide\/#breadcrumb","itemListElement":[{"@type":"ListItem","position":1,"name":"Home","item":"https:\/\/www.naturparkmagazin.de\/stechlin\/"},{"@type":"ListItem","position":2,"name":"F\u00f6rdermittelbescheid f\u00fcr Naturerlebnisturm in der Kyritz-Ruppiner Heide"}]},{"@type":"WebSite","@id":"https:\/\/www.naturparkmagazin.de\/stechlin\/#website","url":"https:\/\/www.naturparkmagazin.de\/stechlin\/","name":"Naturpark Stechlin-Ruppiner Land","description":"","potentialAction":[{"@type":"SearchAction","target":{"@type":"EntryPoint","urlTemplate":"https:\/\/www.naturparkmagazin.de\/stechlin\/?s={search_term_string}"},"query-input":"required name=search_term_string"}],"inLanguage":"de"},{"@type":"Person","@id":"https:\/\/www.naturparkmagazin.de\/stechlin\/#\/schema\/person\/3f0d93203df21c806dd63c76d9bb28bc","name":"marioschrumpf","url":"https:\/\/www.naturparkmagazin.de\/stechlin\/author\/marioschrumpf\/"}]}},"_links":{"self":[{"href":"https:\/\/www.naturparkmagazin.de\/stechlin\/wp-json\/wp\/v2\/posts\/6086"}],"collection":[{"href":"https:\/\/www.naturparkmagazin.de\/stechlin\/wp-json\/wp\/v2\/posts"}],"about":[{"href":"https:\/\/www.naturparkmagazin.de\/stechlin\/wp-json\/wp\/v2\/types\/post"}],"author":[{"embeddable":true,"href":"https:\/\/www.naturparkmagazin.de\/stechlin\/wp-json\/wp\/v2\/users\/39"}],"replies":[{"embeddable":true,"href":"https:\/\/www.naturparkmagazin.de\/stechlin\/wp-json\/wp\/v2\/comments?post=6086"}],"version-history":[{"count":3,"href":"https:\/\/www.naturparkmagazin.de\/stechlin\/wp-json\/wp\/v2\/posts\/6086\/revisions"}],"predecessor-version":[{"id":6175,"href":"https:\/\/www.naturparkmagazin.de\/stechlin\/wp-json\/wp\/v2\/posts\/6086\/revisions\/6175"}],"wp:featuredmedia":[{"embeddable":true,"href":"https:\/\/www.naturparkmagazin.de\/stechlin\/wp-json\/wp\/v2\/media\/6088"}],"wp:attachment":[{"href":"https:\/\/www.naturparkmagazin.de\/stechlin\/wp-json\/wp\/v2\/media?parent=6086"}],"wp:term":[{"taxonomy":"category","embeddable":true,"href":"https:\/\/www.naturparkmagazin.de\/stechlin\/wp-json\/wp\/v2\/categories?post=6086"},{"taxonomy":"post_tag","embeddable":true,"href":"https:\/\/www.naturparkmagazin.de\/stechlin\/wp-json\/wp\/v2\/tags?post=6086"}],"curies":[{"name":"wp","href":"https:\/\/api.w.org\/{rel}","templated":true}]}}