{"id":6096,"date":"2017-08-21T11:08:28","date_gmt":"2017-08-21T09:08:28","guid":{"rendered":"http:\/\/www.naturparkmagazin.de\/stechlin\/?p=6096"},"modified":"2017-08-18T15:46:04","modified_gmt":"2017-08-18T13:46:04","slug":"bundesforst-fuer-engagement-in-der-heidepflege-ausgezeichnet","status":"publish","type":"post","link":"https:\/\/www.naturparkmagazin.de\/stechlin\/bundesforst-fuer-engagement-in-der-heidepflege-ausgezeichnet\/","title":{"rendered":"Bundesforst f\u00fcr Engagement in der Heidepflege ausgezeichnet"},"content":{"rendered":"<p>Der Bundesforstbetrieb Westbrandenburg der Bundesanstalt f\u00fcr Immobilienaufgaben (BIMA) wurde von der UN-Dekade f\u00fcr sein Engagement f\u00fcr die Biologische Vielfalt auf der Kyritz-Ruppiner Heide geehrt. Die \u00dcbergabe der Auszeichnung erfolgte am 17. August durch Brandenburgs Umweltminister J\u00f6rg Vogels\u00e4nger auf dem ehemaligen Truppen\u00fcbungsplatz Wittstock\/Dosse.<\/p>\n<div id=\"attachment_6091\" style=\"width: 310px\" class=\"wp-caption aligncenter\"><a href=\"https:\/\/www.naturparkmagazin.de\/stechlin\/wp-content\/uploads\/sites\/38\/KRH-F\u00f6rdermittel-46.jpg\"><img aria-describedby=\"caption-attachment-6091\" decoding=\"async\" loading=\"lazy\" class=\"size-thumbnail wp-image-6091\" src=\"https:\/\/www.naturparkmagazin.de\/stechlin\/wp-content\/uploads\/sites\/38\/KRH-F\u00f6rdermittel-46-300x180.jpg\" alt=\"Minister J\u00f6rg Vogels\u00e4nger, Landrat Ralf Reinhardt und die \u00f6rtlichen Bundestagsabgeordneten\" width=\"300\" height=\"180\" srcset=\"https:\/\/www.naturparkmagazin.de\/stechlin\/wp-content\/uploads\/sites\/38\/KRH-F\u00f6rdermittel-46-300x180.jpg 300w, https:\/\/www.naturparkmagazin.de\/stechlin\/wp-content\/uploads\/sites\/38\/KRH-F\u00f6rdermittel-46.jpg 500w, https:\/\/www.naturparkmagazin.de\/stechlin\/wp-content\/uploads\/sites\/38\/KRH-F\u00f6rdermittel-46-200x120.jpg 200w\" sizes=\"(max-width: 300px) 100vw, 300px\" \/><\/a><p id=\"caption-attachment-6091\" class=\"wp-caption-text\">Minister J\u00f6rg Vogels\u00e4nger, Landrat Ralf Reinhardt und die \u00f6rtlichen Bundestagsabgeordneten<\/p><\/div>\n<p>Das Projekt &#8222;<em>Erh\u00f6hung der biologischen Vielfalt durch aktive Heidepflege<\/em>&#8220; der Bundesanstalt f\u00fcr Immobilienaufgaben &#8211; Bundesforstbetrieb Westbrandenburg wurde in der 4. Dekade 2017 als offizielles Projekt &#8222;<em>UN-Dekade Biologische Vielfalt<\/em>&#8220; ausgezeichnet.<\/p>\n<p>Mit dieser Auszeichnung wird das Engagement der Bundesanstalt f\u00fcr Immobilienaufgaben gew\u00fcrdigt.<\/p>\n<div id=\"attachment_6093\" style=\"width: 190px\" class=\"wp-caption aligncenter\"><a href=\"https:\/\/www.naturparkmagazin.de\/stechlin\/wp-content\/uploads\/sites\/38\/KRH-F\u00f6rdermittel-61.jpg\"><img aria-describedby=\"caption-attachment-6093\" decoding=\"async\" loading=\"lazy\" class=\"size-full wp-image-6093\" src=\"https:\/\/www.naturparkmagazin.de\/stechlin\/wp-content\/uploads\/sites\/38\/KRH-F\u00f6rdermittel-61.jpg\" alt=\"Die \u00fcberreichte Auszeichnung.\" width=\"180\" height=\"200\" \/><\/a><p id=\"caption-attachment-6093\" class=\"wp-caption-text\">Die \u00fcberreichte Auszeichnung.<\/p><\/div>\n<p>Die Erhaltung der Heidelandschaft in ihrem biologischen, \u00e4sthetischen, kulturhistorischen und touristischen Wert erfordert zunehmende Aufwendungen. Ohne gezielte Pflegema\u00dfnahmen, wie das &#8222;kalte Brennen&#8220; und die Heidemahd w\u00e4re es nur eine Frage der Zeit, bis der Wald \u00fcber die Sukzession die letzten Heidefl\u00e4chen zur\u00fcckerobert.<\/p>\n<p>Dar\u00fcberhinaus sind diese Pflegema\u00dfnahmen der Garant f\u00fcr den Erhalt und die Erh\u00f6hung der extrem guten Naturausstattung in diesem FFH-Gebiet &#8222;Wittstock-Ruppiner Heide&#8220;.<\/p>\n<p>Der Bundesforstbetrieb Westbrandenburg hat mit seinen engagierten Mitarbeitern ein effizientes und bezahlbares System zur notwendigen Heidepflege mit teilweiser Munitionsbelastung gefunden.<\/p>\n<p>Die Kyritz-Ruppiner Heide ist mit einer Fl\u00e4che von ca. 12.000 ha das zweitgr\u00f6\u00dfte Heidegebiet Deutschlands. Davon liegen aktuell ca. 3.000 ha im Naturpark. Der Landkreis Ostprignitz-Ruppin hat die Erweiterung des Naturparks auf die gesamte Heide beantragt.<\/p>\n<div id=\"attachment_6094\" style=\"width: 190px\" class=\"wp-caption aligncenter\"><a href=\"https:\/\/www.naturparkmagazin.de\/stechlin\/wp-content\/uploads\/sites\/38\/KRH-F\u00f6rdermittel-69.jpg\"><img aria-describedby=\"caption-attachment-6094\" decoding=\"async\" loading=\"lazy\" class=\"size-full wp-image-6094\" src=\"https:\/\/www.naturparkmagazin.de\/stechlin\/wp-content\/uploads\/sites\/38\/KRH-F\u00f6rdermittel-69.jpg\" alt=\"Minister und Landrat im Gespr\u00e4ch mit einem Heideimker.\" width=\"180\" height=\"250\" \/><\/a><p id=\"caption-attachment-6094\" class=\"wp-caption-text\">Minister und Landrat im Gespr\u00e4ch mit einem Heideimker.<\/p><\/div>\n<p>&nbsp;<\/p>\n","protected":false},"excerpt":{"rendered":"<p>Das Projekt &#8222;Erh\u00f6hung der biologischen Vielfalt durch aktive Heidepflege&#8220; wurde in der 4. Dekade 2017 als offizielles Projekt &#8222;UN-Dekade Biologische Vielfalt&#8220; ausgezeichnet.<\/p>\n","protected":false},"author":39,"featured_media":6087,"comment_status":"open","ping_status":"open","sticky":false,"template":"","format":"standard","meta":[],"categories":[7],"tags":[],"yoast_head":"<!-- This site is optimized with the Yoast SEO plugin v19.10 - https:\/\/yoast.com\/wordpress\/plugins\/seo\/ -->\n<title>Bundesforst f\u00fcr Engagement in der Heidepflege ausgezeichnet - Naturpark Stechlin-Ruppiner Land<\/title>\n<meta name=\"robots\" content=\"index, follow, max-snippet:-1, max-image-preview:large, max-video-preview:-1\" \/>\n<link rel=\"canonical\" href=\"https:\/\/www.naturparkmagazin.de\/stechlin\/bundesforst-fuer-engagement-in-der-heidepflege-ausgezeichnet\/\" \/>\n<meta property=\"og:locale\" content=\"de_DE\" \/>\n<meta property=\"og:type\" content=\"article\" \/>\n<meta property=\"og:title\" content=\"Bundesforst f\u00fcr Engagement in der Heidepflege ausgezeichnet - Naturpark Stechlin-Ruppiner Land\" \/>\n<meta property=\"og:description\" content=\"Das Projekt &quot;Erh\u00f6hung der biologischen Vielfalt durch aktive Heidepflege&quot; wurde in der 4. Dekade 2017 als offizielles Projekt &quot;UN-Dekade Biologische Vielfalt&quot; ausgezeichnet.\" \/>\n<meta property=\"og:url\" content=\"https:\/\/www.naturparkmagazin.de\/stechlin\/bundesforst-fuer-engagement-in-der-heidepflege-ausgezeichnet\/\" \/>\n<meta property=\"og:site_name\" content=\"Naturpark Stechlin-Ruppiner Land\" \/>\n<meta property=\"article:published_time\" content=\"2017-08-21T09:08:28+00:00\" \/>\n<meta property=\"article:modified_time\" content=\"2017-08-18T13:46:04+00:00\" \/>\n<meta property=\"og:image\" content=\"https:\/\/www.naturparkmagazin.de\/stechlin\/wp-content\/uploads\/sites\/38\/KRH-F\u00f6rdermittel-42.jpg\" \/>\n\t<meta property=\"og:image:width\" content=\"200\" \/>\n\t<meta property=\"og:image:height\" content=\"200\" \/>\n\t<meta property=\"og:image:type\" content=\"image\/jpeg\" \/>\n<meta name=\"author\" content=\"marioschrumpf\" \/>\n<meta name=\"twitter:label1\" content=\"Verfasst von\" \/>\n\t<meta name=\"twitter:data1\" content=\"marioschrumpf\" \/>\n\t<meta name=\"twitter:label2\" content=\"Gesch\u00e4tzte Lesezeit\" \/>\n\t<meta name=\"twitter:data2\" content=\"1\u00a0Minute\" \/>\n<script type=\"application\/ld+json\" class=\"yoast-schema-graph\">{\"@context\":\"https:\/\/schema.org\",\"@graph\":[{\"@type\":\"WebPage\",\"@id\":\"https:\/\/www.naturparkmagazin.de\/stechlin\/bundesforst-fuer-engagement-in-der-heidepflege-ausgezeichnet\/\",\"url\":\"https:\/\/www.naturparkmagazin.de\/stechlin\/bundesforst-fuer-engagement-in-der-heidepflege-ausgezeichnet\/\",\"name\":\"Bundesforst f\u00fcr Engagement in der Heidepflege ausgezeichnet - Naturpark Stechlin-Ruppiner Land\",\"isPartOf\":{\"@id\":\"https:\/\/www.naturparkmagazin.de\/stechlin\/#website\"},\"datePublished\":\"2017-08-21T09:08:28+00:00\",\"dateModified\":\"2017-08-18T13:46:04+00:00\",\"author\":{\"@id\":\"https:\/\/www.naturparkmagazin.de\/stechlin\/#\/schema\/person\/3f0d93203df21c806dd63c76d9bb28bc\"},\"breadcrumb\":{\"@id\":\"https:\/\/www.naturparkmagazin.de\/stechlin\/bundesforst-fuer-engagement-in-der-heidepflege-ausgezeichnet\/#breadcrumb\"},\"inLanguage\":\"de\",\"potentialAction\":[{\"@type\":\"ReadAction\",\"target\":[\"https:\/\/www.naturparkmagazin.de\/stechlin\/bundesforst-fuer-engagement-in-der-heidepflege-ausgezeichnet\/\"]}]},{\"@type\":\"BreadcrumbList\",\"@id\":\"https:\/\/www.naturparkmagazin.de\/stechlin\/bundesforst-fuer-engagement-in-der-heidepflege-ausgezeichnet\/#breadcrumb\",\"itemListElement\":[{\"@type\":\"ListItem\",\"position\":1,\"name\":\"Home\",\"item\":\"https:\/\/www.naturparkmagazin.de\/stechlin\/\"},{\"@type\":\"ListItem\",\"position\":2,\"name\":\"Bundesforst f\u00fcr Engagement in der Heidepflege ausgezeichnet\"}]},{\"@type\":\"WebSite\",\"@id\":\"https:\/\/www.naturparkmagazin.de\/stechlin\/#website\",\"url\":\"https:\/\/www.naturparkmagazin.de\/stechlin\/\",\"name\":\"Naturpark Stechlin-Ruppiner Land\",\"description\":\"\",\"potentialAction\":[{\"@type\":\"SearchAction\",\"target\":{\"@type\":\"EntryPoint\",\"urlTemplate\":\"https:\/\/www.naturparkmagazin.de\/stechlin\/?s={search_term_string}\"},\"query-input\":\"required name=search_term_string\"}],\"inLanguage\":\"de\"},{\"@type\":\"Person\",\"@id\":\"https:\/\/www.naturparkmagazin.de\/stechlin\/#\/schema\/person\/3f0d93203df21c806dd63c76d9bb28bc\",\"name\":\"marioschrumpf\",\"url\":\"https:\/\/www.naturparkmagazin.de\/stechlin\/author\/marioschrumpf\/\"}]}<\/script>\n<!-- \/ Yoast SEO plugin. -->","yoast_head_json":{"title":"Bundesforst f\u00fcr Engagement in der Heidepflege ausgezeichnet - Naturpark Stechlin-Ruppiner Land","robots":{"index":"index","follow":"follow","max-snippet":"max-snippet:-1","max-image-preview":"max-image-preview:large","max-video-preview":"max-video-preview:-1"},"canonical":"https:\/\/www.naturparkmagazin.de\/stechlin\/bundesforst-fuer-engagement-in-der-heidepflege-ausgezeichnet\/","og_locale":"de_DE","og_type":"article","og_title":"Bundesforst f\u00fcr Engagement in der Heidepflege ausgezeichnet - Naturpark Stechlin-Ruppiner Land","og_description":"Das Projekt \"Erh\u00f6hung der biologischen Vielfalt durch aktive Heidepflege\" wurde in der 4. Dekade 2017 als offizielles Projekt \"UN-Dekade Biologische Vielfalt\" ausgezeichnet.","og_url":"https:\/\/www.naturparkmagazin.de\/stechlin\/bundesforst-fuer-engagement-in-der-heidepflege-ausgezeichnet\/","og_site_name":"Naturpark Stechlin-Ruppiner Land","article_published_time":"2017-08-21T09:08:28+00:00","article_modified_time":"2017-08-18T13:46:04+00:00","og_image":[{"width":200,"height":200,"url":"https:\/\/www.naturparkmagazin.de\/stechlin\/wp-content\/uploads\/sites\/38\/KRH-F\u00f6rdermittel-42.jpg","type":"image\/jpeg"}],"author":"marioschrumpf","twitter_misc":{"Verfasst von":"marioschrumpf","Gesch\u00e4tzte Lesezeit":"1\u00a0Minute"},"schema":{"@context":"https:\/\/schema.org","@graph":[{"@type":"WebPage","@id":"https:\/\/www.naturparkmagazin.de\/stechlin\/bundesforst-fuer-engagement-in-der-heidepflege-ausgezeichnet\/","url":"https:\/\/www.naturparkmagazin.de\/stechlin\/bundesforst-fuer-engagement-in-der-heidepflege-ausgezeichnet\/","name":"Bundesforst f\u00fcr Engagement in der Heidepflege ausgezeichnet - Naturpark Stechlin-Ruppiner Land","isPartOf":{"@id":"https:\/\/www.naturparkmagazin.de\/stechlin\/#website"},"datePublished":"2017-08-21T09:08:28+00:00","dateModified":"2017-08-18T13:46:04+00:00","author":{"@id":"https:\/\/www.naturparkmagazin.de\/stechlin\/#\/schema\/person\/3f0d93203df21c806dd63c76d9bb28bc"},"breadcrumb":{"@id":"https:\/\/www.naturparkmagazin.de\/stechlin\/bundesforst-fuer-engagement-in-der-heidepflege-ausgezeichnet\/#breadcrumb"},"inLanguage":"de","potentialAction":[{"@type":"ReadAction","target":["https:\/\/www.naturparkmagazin.de\/stechlin\/bundesforst-fuer-engagement-in-der-heidepflege-ausgezeichnet\/"]}]},{"@type":"BreadcrumbList","@id":"https:\/\/www.naturparkmagazin.de\/stechlin\/bundesforst-fuer-engagement-in-der-heidepflege-ausgezeichnet\/#breadcrumb","itemListElement":[{"@type":"ListItem","position":1,"name":"Home","item":"https:\/\/www.naturparkmagazin.de\/stechlin\/"},{"@type":"ListItem","position":2,"name":"Bundesforst f\u00fcr Engagement in der Heidepflege ausgezeichnet"}]},{"@type":"WebSite","@id":"https:\/\/www.naturparkmagazin.de\/stechlin\/#website","url":"https:\/\/www.naturparkmagazin.de\/stechlin\/","name":"Naturpark Stechlin-Ruppiner Land","description":"","potentialAction":[{"@type":"SearchAction","target":{"@type":"EntryPoint","urlTemplate":"https:\/\/www.naturparkmagazin.de\/stechlin\/?s={search_term_string}"},"query-input":"required name=search_term_string"}],"inLanguage":"de"},{"@type":"Person","@id":"https:\/\/www.naturparkmagazin.de\/stechlin\/#\/schema\/person\/3f0d93203df21c806dd63c76d9bb28bc","name":"marioschrumpf","url":"https:\/\/www.naturparkmagazin.de\/stechlin\/author\/marioschrumpf\/"}]}},"_links":{"self":[{"href":"https:\/\/www.naturparkmagazin.de\/stechlin\/wp-json\/wp\/v2\/posts\/6096"}],"collection":[{"href":"https:\/\/www.naturparkmagazin.de\/stechlin\/wp-json\/wp\/v2\/posts"}],"about":[{"href":"https:\/\/www.naturparkmagazin.de\/stechlin\/wp-json\/wp\/v2\/types\/post"}],"author":[{"embeddable":true,"href":"https:\/\/www.naturparkmagazin.de\/stechlin\/wp-json\/wp\/v2\/users\/39"}],"replies":[{"embeddable":true,"href":"https:\/\/www.naturparkmagazin.de\/stechlin\/wp-json\/wp\/v2\/comments?post=6096"}],"version-history":[{"count":3,"href":"https:\/\/www.naturparkmagazin.de\/stechlin\/wp-json\/wp\/v2\/posts\/6096\/revisions"}],"predecessor-version":[{"id":6123,"href":"https:\/\/www.naturparkmagazin.de\/stechlin\/wp-json\/wp\/v2\/posts\/6096\/revisions\/6123"}],"wp:featuredmedia":[{"embeddable":true,"href":"https:\/\/www.naturparkmagazin.de\/stechlin\/wp-json\/wp\/v2\/media\/6087"}],"wp:attachment":[{"href":"https:\/\/www.naturparkmagazin.de\/stechlin\/wp-json\/wp\/v2\/media?parent=6096"}],"wp:term":[{"taxonomy":"category","embeddable":true,"href":"https:\/\/www.naturparkmagazin.de\/stechlin\/wp-json\/wp\/v2\/categories?post=6096"},{"taxonomy":"post_tag","embeddable":true,"href":"https:\/\/www.naturparkmagazin.de\/stechlin\/wp-json\/wp\/v2\/tags?post=6096"}],"curies":[{"name":"wp","href":"https:\/\/api.w.org\/{rel}","templated":true}]}}