{"id":6098,"date":"2017-08-21T11:27:26","date_gmt":"2017-08-21T09:27:26","guid":{"rendered":"http:\/\/www.naturparkmagazin.de\/stechlin\/?p=6098"},"modified":"2017-08-21T13:25:40","modified_gmt":"2017-08-21T11:25:40","slug":"fuerstenberger-heckenprojekt-als-projekt-des-monats-durch-naturschutzfonds-geehrt","status":"publish","type":"post","link":"https:\/\/www.naturparkmagazin.de\/stechlin\/fuerstenberger-heckenprojekt-als-projekt-des-monats-durch-naturschutzfonds-geehrt\/","title":{"rendered":"F\u00fcrstenberger Heckenprojekt als &#8222;Projekt des Monats&#8220; durch NaturSchutzFonds geehrt"},"content":{"rendered":"<div id=\"attachment_6099\" style=\"width: 310px\" class=\"wp-caption aligncenter\"><a href=\"https:\/\/www.naturparkmagazin.de\/stechlin\/wp-content\/uploads\/sites\/38\/Heckenpflanzung-1_09.jpg\"><img aria-describedby=\"caption-attachment-6099\" decoding=\"async\" loading=\"lazy\" class=\"size-thumbnail wp-image-6099\" src=\"https:\/\/www.naturparkmagazin.de\/stechlin\/wp-content\/uploads\/sites\/38\/Heckenpflanzung-1_09-300x180.jpg\" alt=\"Diese Fl\u00e4che soll durch die Hecke geteilt werden.\" width=\"300\" height=\"180\" srcset=\"https:\/\/www.naturparkmagazin.de\/stechlin\/wp-content\/uploads\/sites\/38\/Heckenpflanzung-1_09-300x180.jpg 300w, https:\/\/www.naturparkmagazin.de\/stechlin\/wp-content\/uploads\/sites\/38\/Heckenpflanzung-1_09.jpg 500w, https:\/\/www.naturparkmagazin.de\/stechlin\/wp-content\/uploads\/sites\/38\/Heckenpflanzung-1_09-200x120.jpg 200w\" sizes=\"(max-width: 300px) 100vw, 300px\" \/><\/a><p id=\"caption-attachment-6099\" class=\"wp-caption-text\">Diese Fl\u00e4che soll durch die Hecke geteilt werden.<\/p><\/div>\n<p>Am Rande der Wasserstadt F\u00fcrstenberg\/Havel wird in diesem Herbst eine 600 m lange Hecke gepflanzt.<\/p>\n<p>Die Finanzierung des von der Naturparkverwaltung initiierten Projektes erfolgt durch den NaturSchutzFonds. Brandenburgs Umweltstiftung hat dem Tr\u00e4ger Wasser- und Bodenverband Uckermark-Havel daf\u00fcr einen F\u00f6rdermittelbescheid in H\u00f6he von 45 T\u20ac \u00fcberreicht.<\/p>\n<p>Die Planung erfolgte durch das B\u00fcro f\u00fcr Agrar- und Umweltplanung Hermann Wiesing aus Radewege. Frank Rumpe vom KEPOS-Hof Altglobsow stellt dankenswerterweise daf\u00fcr seine Fl\u00e4chen zur Verf\u00fcgung.<\/p>\n<p>Die Idee gefiel den Mitarbeitern des NaturSchutzFonds so gut, dass sie kurzerhand zum &#8222;Projekt des Monats August&#8220; erkl\u00e4rt wurde.<\/p>\n<p>Weitere Infos unter: <a href=\"http:\/\/www.naturschutzfonds.de\/natur-schuetzen\/foerdermanagement\/projektarchiv\/juli-2017\/\">http:\/\/www.naturschutzfonds.de\/natur-schuetzen\/foerdermanagement\/projektarchiv\/juli-2017\/<\/a><\/p>\n<div id=\"attachment_6100\" style=\"width: 310px\" class=\"wp-caption aligncenter\"><a href=\"https:\/\/www.naturparkmagazin.de\/stechlin\/wp-content\/uploads\/sites\/38\/Heckenprojekt-2_17.jpg\"><img aria-describedby=\"caption-attachment-6100\" decoding=\"async\" loading=\"lazy\" class=\"size-thumbnail wp-image-6100\" src=\"https:\/\/www.naturparkmagazin.de\/stechlin\/wp-content\/uploads\/sites\/38\/Heckenprojekt-2_17-300x180.jpg\" alt=\"Bereits im letzten Herbst wurde im Auftrag des Naturparks dieses Kleingew\u00e4sser revitalisiert.\" width=\"300\" height=\"180\" srcset=\"https:\/\/www.naturparkmagazin.de\/stechlin\/wp-content\/uploads\/sites\/38\/Heckenprojekt-2_17-300x180.jpg 300w, https:\/\/www.naturparkmagazin.de\/stechlin\/wp-content\/uploads\/sites\/38\/Heckenprojekt-2_17.jpg 500w, https:\/\/www.naturparkmagazin.de\/stechlin\/wp-content\/uploads\/sites\/38\/Heckenprojekt-2_17-200x120.jpg 200w\" sizes=\"(max-width: 300px) 100vw, 300px\" \/><\/a><p id=\"caption-attachment-6100\" class=\"wp-caption-text\">Bereits im letzten Herbst wurde im Auftrag des Naturparks dieses Kleingew\u00e4sser im Projektgebiet\u00a0revitalisiert.<\/p><\/div>\n","protected":false},"excerpt":{"rendered":"<p>Am Rande der Wasserstadt F\u00fcrstenberg\/Havel wird in diesem Herbst eine 600 m lange Hecke gepflanzt.<\/p>\n","protected":false},"author":39,"featured_media":6101,"comment_status":"open","ping_status":"open","sticky":false,"template":"","format":"standard","meta":[],"categories":[7],"tags":[],"yoast_head":"<!-- This site is optimized with the Yoast SEO plugin v19.10 - https:\/\/yoast.com\/wordpress\/plugins\/seo\/ -->\n<title>F\u00fcrstenberger Heckenprojekt als &quot;Projekt des Monats&quot; durch NaturSchutzFonds geehrt - Naturpark Stechlin-Ruppiner Land<\/title>\n<meta name=\"robots\" content=\"index, follow, max-snippet:-1, max-image-preview:large, max-video-preview:-1\" \/>\n<link rel=\"canonical\" href=\"https:\/\/www.naturparkmagazin.de\/stechlin\/fuerstenberger-heckenprojekt-als-projekt-des-monats-durch-naturschutzfonds-geehrt\/\" \/>\n<meta property=\"og:locale\" content=\"de_DE\" \/>\n<meta property=\"og:type\" content=\"article\" \/>\n<meta property=\"og:title\" content=\"F\u00fcrstenberger Heckenprojekt als &quot;Projekt des Monats&quot; durch NaturSchutzFonds geehrt - Naturpark Stechlin-Ruppiner Land\" \/>\n<meta property=\"og:description\" content=\"Am Rande der Wasserstadt F\u00fcrstenberg\/Havel wird in diesem Herbst eine 600 m lange Hecke gepflanzt.\" \/>\n<meta property=\"og:url\" content=\"https:\/\/www.naturparkmagazin.de\/stechlin\/fuerstenberger-heckenprojekt-als-projekt-des-monats-durch-naturschutzfonds-geehrt\/\" \/>\n<meta property=\"og:site_name\" content=\"Naturpark Stechlin-Ruppiner Land\" \/>\n<meta property=\"article:published_time\" content=\"2017-08-21T09:27:26+00:00\" \/>\n<meta property=\"article:modified_time\" content=\"2017-08-21T11:25:40+00:00\" \/>\n<meta property=\"og:image\" content=\"https:\/\/www.naturparkmagazin.de\/stechlin\/wp-content\/uploads\/sites\/38\/Wiesing_Heckenpflanzung.jpg\" \/>\n\t<meta property=\"og:image:width\" content=\"200\" \/>\n\t<meta property=\"og:image:height\" content=\"200\" \/>\n\t<meta property=\"og:image:type\" content=\"image\/jpeg\" \/>\n<meta name=\"author\" content=\"marioschrumpf\" \/>\n<meta name=\"twitter:label1\" content=\"Verfasst von\" \/>\n\t<meta name=\"twitter:data1\" content=\"marioschrumpf\" \/>\n\t<meta name=\"twitter:label2\" content=\"Gesch\u00e4tzte Lesezeit\" \/>\n\t<meta name=\"twitter:data2\" content=\"1\u00a0Minute\" \/>\n<script type=\"application\/ld+json\" class=\"yoast-schema-graph\">{\"@context\":\"https:\/\/schema.org\",\"@graph\":[{\"@type\":\"WebPage\",\"@id\":\"https:\/\/www.naturparkmagazin.de\/stechlin\/fuerstenberger-heckenprojekt-als-projekt-des-monats-durch-naturschutzfonds-geehrt\/\",\"url\":\"https:\/\/www.naturparkmagazin.de\/stechlin\/fuerstenberger-heckenprojekt-als-projekt-des-monats-durch-naturschutzfonds-geehrt\/\",\"name\":\"F\u00fcrstenberger Heckenprojekt als \\\"Projekt des Monats\\\" durch NaturSchutzFonds geehrt - Naturpark Stechlin-Ruppiner Land\",\"isPartOf\":{\"@id\":\"https:\/\/www.naturparkmagazin.de\/stechlin\/#website\"},\"datePublished\":\"2017-08-21T09:27:26+00:00\",\"dateModified\":\"2017-08-21T11:25:40+00:00\",\"author\":{\"@id\":\"https:\/\/www.naturparkmagazin.de\/stechlin\/#\/schema\/person\/3f0d93203df21c806dd63c76d9bb28bc\"},\"breadcrumb\":{\"@id\":\"https:\/\/www.naturparkmagazin.de\/stechlin\/fuerstenberger-heckenprojekt-als-projekt-des-monats-durch-naturschutzfonds-geehrt\/#breadcrumb\"},\"inLanguage\":\"de\",\"potentialAction\":[{\"@type\":\"ReadAction\",\"target\":[\"https:\/\/www.naturparkmagazin.de\/stechlin\/fuerstenberger-heckenprojekt-als-projekt-des-monats-durch-naturschutzfonds-geehrt\/\"]}]},{\"@type\":\"BreadcrumbList\",\"@id\":\"https:\/\/www.naturparkmagazin.de\/stechlin\/fuerstenberger-heckenprojekt-als-projekt-des-monats-durch-naturschutzfonds-geehrt\/#breadcrumb\",\"itemListElement\":[{\"@type\":\"ListItem\",\"position\":1,\"name\":\"Home\",\"item\":\"https:\/\/www.naturparkmagazin.de\/stechlin\/\"},{\"@type\":\"ListItem\",\"position\":2,\"name\":\"F\u00fcrstenberger Heckenprojekt als &#8222;Projekt des Monats&#8220; durch NaturSchutzFonds geehrt\"}]},{\"@type\":\"WebSite\",\"@id\":\"https:\/\/www.naturparkmagazin.de\/stechlin\/#website\",\"url\":\"https:\/\/www.naturparkmagazin.de\/stechlin\/\",\"name\":\"Naturpark Stechlin-Ruppiner Land\",\"description\":\"\",\"potentialAction\":[{\"@type\":\"SearchAction\",\"target\":{\"@type\":\"EntryPoint\",\"urlTemplate\":\"https:\/\/www.naturparkmagazin.de\/stechlin\/?s={search_term_string}\"},\"query-input\":\"required name=search_term_string\"}],\"inLanguage\":\"de\"},{\"@type\":\"Person\",\"@id\":\"https:\/\/www.naturparkmagazin.de\/stechlin\/#\/schema\/person\/3f0d93203df21c806dd63c76d9bb28bc\",\"name\":\"marioschrumpf\",\"url\":\"https:\/\/www.naturparkmagazin.de\/stechlin\/author\/marioschrumpf\/\"}]}<\/script>\n<!-- \/ Yoast SEO plugin. -->","yoast_head_json":{"title":"F\u00fcrstenberger Heckenprojekt als \"Projekt des Monats\" durch NaturSchutzFonds geehrt - Naturpark Stechlin-Ruppiner Land","robots":{"index":"index","follow":"follow","max-snippet":"max-snippet:-1","max-image-preview":"max-image-preview:large","max-video-preview":"max-video-preview:-1"},"canonical":"https:\/\/www.naturparkmagazin.de\/stechlin\/fuerstenberger-heckenprojekt-als-projekt-des-monats-durch-naturschutzfonds-geehrt\/","og_locale":"de_DE","og_type":"article","og_title":"F\u00fcrstenberger Heckenprojekt als \"Projekt des Monats\" durch NaturSchutzFonds geehrt - Naturpark Stechlin-Ruppiner Land","og_description":"Am Rande der Wasserstadt F\u00fcrstenberg\/Havel wird in diesem Herbst eine 600 m lange Hecke gepflanzt.","og_url":"https:\/\/www.naturparkmagazin.de\/stechlin\/fuerstenberger-heckenprojekt-als-projekt-des-monats-durch-naturschutzfonds-geehrt\/","og_site_name":"Naturpark Stechlin-Ruppiner Land","article_published_time":"2017-08-21T09:27:26+00:00","article_modified_time":"2017-08-21T11:25:40+00:00","og_image":[{"width":200,"height":200,"url":"https:\/\/www.naturparkmagazin.de\/stechlin\/wp-content\/uploads\/sites\/38\/Wiesing_Heckenpflanzung.jpg","type":"image\/jpeg"}],"author":"marioschrumpf","twitter_misc":{"Verfasst von":"marioschrumpf","Gesch\u00e4tzte Lesezeit":"1\u00a0Minute"},"schema":{"@context":"https:\/\/schema.org","@graph":[{"@type":"WebPage","@id":"https:\/\/www.naturparkmagazin.de\/stechlin\/fuerstenberger-heckenprojekt-als-projekt-des-monats-durch-naturschutzfonds-geehrt\/","url":"https:\/\/www.naturparkmagazin.de\/stechlin\/fuerstenberger-heckenprojekt-als-projekt-des-monats-durch-naturschutzfonds-geehrt\/","name":"F\u00fcrstenberger Heckenprojekt als \"Projekt des Monats\" durch NaturSchutzFonds geehrt - Naturpark Stechlin-Ruppiner Land","isPartOf":{"@id":"https:\/\/www.naturparkmagazin.de\/stechlin\/#website"},"datePublished":"2017-08-21T09:27:26+00:00","dateModified":"2017-08-21T11:25:40+00:00","author":{"@id":"https:\/\/www.naturparkmagazin.de\/stechlin\/#\/schema\/person\/3f0d93203df21c806dd63c76d9bb28bc"},"breadcrumb":{"@id":"https:\/\/www.naturparkmagazin.de\/stechlin\/fuerstenberger-heckenprojekt-als-projekt-des-monats-durch-naturschutzfonds-geehrt\/#breadcrumb"},"inLanguage":"de","potentialAction":[{"@type":"ReadAction","target":["https:\/\/www.naturparkmagazin.de\/stechlin\/fuerstenberger-heckenprojekt-als-projekt-des-monats-durch-naturschutzfonds-geehrt\/"]}]},{"@type":"BreadcrumbList","@id":"https:\/\/www.naturparkmagazin.de\/stechlin\/fuerstenberger-heckenprojekt-als-projekt-des-monats-durch-naturschutzfonds-geehrt\/#breadcrumb","itemListElement":[{"@type":"ListItem","position":1,"name":"Home","item":"https:\/\/www.naturparkmagazin.de\/stechlin\/"},{"@type":"ListItem","position":2,"name":"F\u00fcrstenberger Heckenprojekt als &#8222;Projekt des Monats&#8220; durch NaturSchutzFonds geehrt"}]},{"@type":"WebSite","@id":"https:\/\/www.naturparkmagazin.de\/stechlin\/#website","url":"https:\/\/www.naturparkmagazin.de\/stechlin\/","name":"Naturpark Stechlin-Ruppiner Land","description":"","potentialAction":[{"@type":"SearchAction","target":{"@type":"EntryPoint","urlTemplate":"https:\/\/www.naturparkmagazin.de\/stechlin\/?s={search_term_string}"},"query-input":"required name=search_term_string"}],"inLanguage":"de"},{"@type":"Person","@id":"https:\/\/www.naturparkmagazin.de\/stechlin\/#\/schema\/person\/3f0d93203df21c806dd63c76d9bb28bc","name":"marioschrumpf","url":"https:\/\/www.naturparkmagazin.de\/stechlin\/author\/marioschrumpf\/"}]}},"_links":{"self":[{"href":"https:\/\/www.naturparkmagazin.de\/stechlin\/wp-json\/wp\/v2\/posts\/6098"}],"collection":[{"href":"https:\/\/www.naturparkmagazin.de\/stechlin\/wp-json\/wp\/v2\/posts"}],"about":[{"href":"https:\/\/www.naturparkmagazin.de\/stechlin\/wp-json\/wp\/v2\/types\/post"}],"author":[{"embeddable":true,"href":"https:\/\/www.naturparkmagazin.de\/stechlin\/wp-json\/wp\/v2\/users\/39"}],"replies":[{"embeddable":true,"href":"https:\/\/www.naturparkmagazin.de\/stechlin\/wp-json\/wp\/v2\/comments?post=6098"}],"version-history":[{"count":4,"href":"https:\/\/www.naturparkmagazin.de\/stechlin\/wp-json\/wp\/v2\/posts\/6098\/revisions"}],"predecessor-version":[{"id":6162,"href":"https:\/\/www.naturparkmagazin.de\/stechlin\/wp-json\/wp\/v2\/posts\/6098\/revisions\/6162"}],"wp:featuredmedia":[{"embeddable":true,"href":"https:\/\/www.naturparkmagazin.de\/stechlin\/wp-json\/wp\/v2\/media\/6101"}],"wp:attachment":[{"href":"https:\/\/www.naturparkmagazin.de\/stechlin\/wp-json\/wp\/v2\/media?parent=6098"}],"wp:term":[{"taxonomy":"category","embeddable":true,"href":"https:\/\/www.naturparkmagazin.de\/stechlin\/wp-json\/wp\/v2\/categories?post=6098"},{"taxonomy":"post_tag","embeddable":true,"href":"https:\/\/www.naturparkmagazin.de\/stechlin\/wp-json\/wp\/v2\/tags?post=6098"}],"curies":[{"name":"wp","href":"https:\/\/api.w.org\/{rel}","templated":true}]}}