{"id":6110,"date":"2017-08-21T14:19:50","date_gmt":"2017-08-21T12:19:50","guid":{"rendered":"http:\/\/www.naturparkmagazin.de\/stechlin\/?p=6110"},"modified":"2025-01-24T10:32:03","modified_gmt":"2025-01-24T09:32:03","slug":"aepfel-von-baeumen-aus-dem-genressourcenprojekt-streuobst-gesucht","status":"publish","type":"post","link":"https:\/\/www.naturparkmagazin.de\/stechlin\/aepfel-von-baeumen-aus-dem-genressourcenprojekt-streuobst-gesucht\/","title":{"rendered":"\u00c4pfel von B\u00e4umen aus dem Genressourcenprojekt Streuobst gesucht (2017)"},"content":{"rendered":"<p><a href=\"https:\/\/www.naturparkmagazin.de\/stechlin\/wp-content\/uploads\/sites\/38\/streuobstwiese_klein.jpg\"><img decoding=\"async\" loading=\"lazy\" class=\" size-thumbnail wp-image-3227 aligncenter\" src=\"https:\/\/www.naturparkmagazin.de\/stechlin\/wp-content\/uploads\/sites\/38\/streuobstwiese_klein-300x225.jpg\" alt=\"NP SRL\/Dr. Mario Schrumpf\" width=\"300\" height=\"225\" srcset=\"https:\/\/www.naturparkmagazin.de\/stechlin\/wp-content\/uploads\/sites\/38\/streuobstwiese_klein.jpg 300w, https:\/\/www.naturparkmagazin.de\/stechlin\/wp-content\/uploads\/sites\/38\/streuobstwiese_klein-180x135.jpg 180w, https:\/\/www.naturparkmagazin.de\/stechlin\/wp-content\/uploads\/sites\/38\/streuobstwiese_klein-95x71.jpg 95w, https:\/\/www.naturparkmagazin.de\/stechlin\/wp-content\/uploads\/sites\/38\/streuobstwiese_klein-200x150.jpg 200w\" sizes=\"(max-width: 300px) 100vw, 300px\" \/><\/a><\/p>\n<p>&nbsp;<\/p>\n<p><span style=\"color: #000000\">Seit nunmehr 14 Jahren werden im Rahmen des Genressourcenprojektes Streuobst B\u00e4ume alter Apfelsorten zum Menzer Apfeltag gegen Vereinbarung abgegeben.<\/span><\/p>\n<p><span style=\"color: #000000\">Mehr als 2.000 Apfelhochst\u00e4mme haben so seit 2003 den Weg in G\u00e4rten und Streuobstwiesen im Naturpark gefunden.<\/span><\/p>\n<p><span style=\"color: #000000\">Der Naturpark m\u00f6chte in diesem Jahr zum 14. Menzer Apfeltag am 14. Oktober eine Ausstellung mit \u00c4pfeln von diesen B\u00e4umen gestalten. Alle Apfelbaumempf\u00e4nger sind daher aufgerufen, ab sofort Apfelproben im Naturpark abzugeben. <\/span><\/p>\n<p><span style=\"color: #000000\">Ansprechpartner sind Frau Quietzsch (Tel.: 033082\/407-0) und Herr Hahn (Tel.: 033082\/50214).<\/span><\/p>\n<p><span style=\"color: #000000\">Mit den \u00c4pfeln sollten m\u00f6glichst folgende Angaben eingereicht werden:<\/span><\/p>\n<p><em><span style=\"color: #000000\">Name, Wohnort, Standort der B\u00e4ume, Sorte, Baumnummer<\/span><\/em><\/p>\n<p><span style=\"color: #000000\">Aus den anonymisierten Daten soll eine Karte f\u00fcr die Ausstellung erstellt werden, die die Verteilung der Apfelb\u00e4ume im Naturparkgebiet zeigt.<\/span><\/p>\n<p>&nbsp;<\/p>\n<p>&nbsp;<\/p>\n<p>&nbsp;<\/p>\n","protected":false},"excerpt":{"rendered":"<p>Seit nunmehr 14 Jahren werden im Rahmen des Genressourcenprojektes Streuobst B\u00e4ume alter Apfelsorten zum Menzer Apfeltag gegen Vereinbarung abgegeben.<\/p>\n","protected":false},"author":39,"featured_media":6111,"comment_status":"open","ping_status":"open","sticky":false,"template":"","format":"standard","meta":[],"categories":[7],"tags":[],"yoast_head":"<!-- This site is optimized with the Yoast SEO plugin v19.10 - https:\/\/yoast.com\/wordpress\/plugins\/seo\/ -->\n<title>\u00c4pfel von B\u00e4umen aus dem Genressourcenprojekt Streuobst gesucht (2017) - Naturpark Stechlin-Ruppiner Land<\/title>\n<meta name=\"robots\" content=\"index, follow, max-snippet:-1, max-image-preview:large, max-video-preview:-1\" \/>\n<link rel=\"canonical\" href=\"https:\/\/www.naturparkmagazin.de\/stechlin\/aepfel-von-baeumen-aus-dem-genressourcenprojekt-streuobst-gesucht\/\" \/>\n<meta property=\"og:locale\" content=\"de_DE\" \/>\n<meta property=\"og:type\" content=\"article\" \/>\n<meta property=\"og:title\" content=\"\u00c4pfel von B\u00e4umen aus dem Genressourcenprojekt Streuobst gesucht (2017) - Naturpark Stechlin-Ruppiner Land\" \/>\n<meta property=\"og:description\" content=\"Seit nunmehr 14 Jahren werden im Rahmen des Genressourcenprojektes Streuobst B\u00e4ume alter Apfelsorten zum Menzer Apfeltag gegen Vereinbarung abgegeben.\" \/>\n<meta property=\"og:url\" content=\"https:\/\/www.naturparkmagazin.de\/stechlin\/aepfel-von-baeumen-aus-dem-genressourcenprojekt-streuobst-gesucht\/\" \/>\n<meta property=\"og:site_name\" content=\"Naturpark Stechlin-Ruppiner Land\" \/>\n<meta property=\"article:published_time\" content=\"2017-08-21T12:19:50+00:00\" \/>\n<meta property=\"article:modified_time\" content=\"2025-01-24T09:32:03+00:00\" \/>\n<meta property=\"og:image\" content=\"https:\/\/www.naturparkmagazin.de\/stechlin\/wp-content\/uploads\/sites\/38\/Streuobstwiese.jpg\" \/>\n\t<meta property=\"og:image:width\" content=\"200\" \/>\n\t<meta property=\"og:image:height\" content=\"200\" \/>\n\t<meta property=\"og:image:type\" content=\"image\/jpeg\" \/>\n<meta name=\"author\" content=\"marioschrumpf\" \/>\n<meta name=\"twitter:label1\" content=\"Verfasst von\" \/>\n\t<meta name=\"twitter:data1\" content=\"marioschrumpf\" \/>\n\t<meta name=\"twitter:label2\" content=\"Gesch\u00e4tzte Lesezeit\" \/>\n\t<meta name=\"twitter:data2\" content=\"1\u00a0Minute\" \/>\n<script type=\"application\/ld+json\" class=\"yoast-schema-graph\">{\"@context\":\"https:\/\/schema.org\",\"@graph\":[{\"@type\":\"WebPage\",\"@id\":\"https:\/\/www.naturparkmagazin.de\/stechlin\/aepfel-von-baeumen-aus-dem-genressourcenprojekt-streuobst-gesucht\/\",\"url\":\"https:\/\/www.naturparkmagazin.de\/stechlin\/aepfel-von-baeumen-aus-dem-genressourcenprojekt-streuobst-gesucht\/\",\"name\":\"\u00c4pfel von B\u00e4umen aus dem Genressourcenprojekt Streuobst gesucht (2017) - Naturpark Stechlin-Ruppiner Land\",\"isPartOf\":{\"@id\":\"https:\/\/www.naturparkmagazin.de\/stechlin\/#website\"},\"datePublished\":\"2017-08-21T12:19:50+00:00\",\"dateModified\":\"2025-01-24T09:32:03+00:00\",\"author\":{\"@id\":\"https:\/\/www.naturparkmagazin.de\/stechlin\/#\/schema\/person\/3f0d93203df21c806dd63c76d9bb28bc\"},\"breadcrumb\":{\"@id\":\"https:\/\/www.naturparkmagazin.de\/stechlin\/aepfel-von-baeumen-aus-dem-genressourcenprojekt-streuobst-gesucht\/#breadcrumb\"},\"inLanguage\":\"de\",\"potentialAction\":[{\"@type\":\"ReadAction\",\"target\":[\"https:\/\/www.naturparkmagazin.de\/stechlin\/aepfel-von-baeumen-aus-dem-genressourcenprojekt-streuobst-gesucht\/\"]}]},{\"@type\":\"BreadcrumbList\",\"@id\":\"https:\/\/www.naturparkmagazin.de\/stechlin\/aepfel-von-baeumen-aus-dem-genressourcenprojekt-streuobst-gesucht\/#breadcrumb\",\"itemListElement\":[{\"@type\":\"ListItem\",\"position\":1,\"name\":\"Home\",\"item\":\"https:\/\/www.naturparkmagazin.de\/stechlin\/\"},{\"@type\":\"ListItem\",\"position\":2,\"name\":\"\u00c4pfel von B\u00e4umen aus dem Genressourcenprojekt Streuobst gesucht (2017)\"}]},{\"@type\":\"WebSite\",\"@id\":\"https:\/\/www.naturparkmagazin.de\/stechlin\/#website\",\"url\":\"https:\/\/www.naturparkmagazin.de\/stechlin\/\",\"name\":\"Naturpark Stechlin-Ruppiner Land\",\"description\":\"\",\"potentialAction\":[{\"@type\":\"SearchAction\",\"target\":{\"@type\":\"EntryPoint\",\"urlTemplate\":\"https:\/\/www.naturparkmagazin.de\/stechlin\/?s={search_term_string}\"},\"query-input\":\"required name=search_term_string\"}],\"inLanguage\":\"de\"},{\"@type\":\"Person\",\"@id\":\"https:\/\/www.naturparkmagazin.de\/stechlin\/#\/schema\/person\/3f0d93203df21c806dd63c76d9bb28bc\",\"name\":\"marioschrumpf\",\"url\":\"https:\/\/www.naturparkmagazin.de\/stechlin\/author\/marioschrumpf\/\"}]}<\/script>\n<!-- \/ Yoast SEO plugin. -->","yoast_head_json":{"title":"\u00c4pfel von B\u00e4umen aus dem Genressourcenprojekt Streuobst gesucht (2017) - Naturpark Stechlin-Ruppiner Land","robots":{"index":"index","follow":"follow","max-snippet":"max-snippet:-1","max-image-preview":"max-image-preview:large","max-video-preview":"max-video-preview:-1"},"canonical":"https:\/\/www.naturparkmagazin.de\/stechlin\/aepfel-von-baeumen-aus-dem-genressourcenprojekt-streuobst-gesucht\/","og_locale":"de_DE","og_type":"article","og_title":"\u00c4pfel von B\u00e4umen aus dem Genressourcenprojekt Streuobst gesucht (2017) - Naturpark Stechlin-Ruppiner Land","og_description":"Seit nunmehr 14 Jahren werden im Rahmen des Genressourcenprojektes Streuobst B\u00e4ume alter Apfelsorten zum Menzer Apfeltag gegen Vereinbarung abgegeben.","og_url":"https:\/\/www.naturparkmagazin.de\/stechlin\/aepfel-von-baeumen-aus-dem-genressourcenprojekt-streuobst-gesucht\/","og_site_name":"Naturpark Stechlin-Ruppiner Land","article_published_time":"2017-08-21T12:19:50+00:00","article_modified_time":"2025-01-24T09:32:03+00:00","og_image":[{"width":200,"height":200,"url":"https:\/\/www.naturparkmagazin.de\/stechlin\/wp-content\/uploads\/sites\/38\/Streuobstwiese.jpg","type":"image\/jpeg"}],"author":"marioschrumpf","twitter_misc":{"Verfasst von":"marioschrumpf","Gesch\u00e4tzte Lesezeit":"1\u00a0Minute"},"schema":{"@context":"https:\/\/schema.org","@graph":[{"@type":"WebPage","@id":"https:\/\/www.naturparkmagazin.de\/stechlin\/aepfel-von-baeumen-aus-dem-genressourcenprojekt-streuobst-gesucht\/","url":"https:\/\/www.naturparkmagazin.de\/stechlin\/aepfel-von-baeumen-aus-dem-genressourcenprojekt-streuobst-gesucht\/","name":"\u00c4pfel von B\u00e4umen aus dem Genressourcenprojekt Streuobst gesucht (2017) - Naturpark Stechlin-Ruppiner Land","isPartOf":{"@id":"https:\/\/www.naturparkmagazin.de\/stechlin\/#website"},"datePublished":"2017-08-21T12:19:50+00:00","dateModified":"2025-01-24T09:32:03+00:00","author":{"@id":"https:\/\/www.naturparkmagazin.de\/stechlin\/#\/schema\/person\/3f0d93203df21c806dd63c76d9bb28bc"},"breadcrumb":{"@id":"https:\/\/www.naturparkmagazin.de\/stechlin\/aepfel-von-baeumen-aus-dem-genressourcenprojekt-streuobst-gesucht\/#breadcrumb"},"inLanguage":"de","potentialAction":[{"@type":"ReadAction","target":["https:\/\/www.naturparkmagazin.de\/stechlin\/aepfel-von-baeumen-aus-dem-genressourcenprojekt-streuobst-gesucht\/"]}]},{"@type":"BreadcrumbList","@id":"https:\/\/www.naturparkmagazin.de\/stechlin\/aepfel-von-baeumen-aus-dem-genressourcenprojekt-streuobst-gesucht\/#breadcrumb","itemListElement":[{"@type":"ListItem","position":1,"name":"Home","item":"https:\/\/www.naturparkmagazin.de\/stechlin\/"},{"@type":"ListItem","position":2,"name":"\u00c4pfel von B\u00e4umen aus dem Genressourcenprojekt Streuobst gesucht (2017)"}]},{"@type":"WebSite","@id":"https:\/\/www.naturparkmagazin.de\/stechlin\/#website","url":"https:\/\/www.naturparkmagazin.de\/stechlin\/","name":"Naturpark Stechlin-Ruppiner Land","description":"","potentialAction":[{"@type":"SearchAction","target":{"@type":"EntryPoint","urlTemplate":"https:\/\/www.naturparkmagazin.de\/stechlin\/?s={search_term_string}"},"query-input":"required name=search_term_string"}],"inLanguage":"de"},{"@type":"Person","@id":"https:\/\/www.naturparkmagazin.de\/stechlin\/#\/schema\/person\/3f0d93203df21c806dd63c76d9bb28bc","name":"marioschrumpf","url":"https:\/\/www.naturparkmagazin.de\/stechlin\/author\/marioschrumpf\/"}]}},"_links":{"self":[{"href":"https:\/\/www.naturparkmagazin.de\/stechlin\/wp-json\/wp\/v2\/posts\/6110"}],"collection":[{"href":"https:\/\/www.naturparkmagazin.de\/stechlin\/wp-json\/wp\/v2\/posts"}],"about":[{"href":"https:\/\/www.naturparkmagazin.de\/stechlin\/wp-json\/wp\/v2\/types\/post"}],"author":[{"embeddable":true,"href":"https:\/\/www.naturparkmagazin.de\/stechlin\/wp-json\/wp\/v2\/users\/39"}],"replies":[{"embeddable":true,"href":"https:\/\/www.naturparkmagazin.de\/stechlin\/wp-json\/wp\/v2\/comments?post=6110"}],"version-history":[{"count":5,"href":"https:\/\/www.naturparkmagazin.de\/stechlin\/wp-json\/wp\/v2\/posts\/6110\/revisions"}],"predecessor-version":[{"id":16621,"href":"https:\/\/www.naturparkmagazin.de\/stechlin\/wp-json\/wp\/v2\/posts\/6110\/revisions\/16621"}],"wp:featuredmedia":[{"embeddable":true,"href":"https:\/\/www.naturparkmagazin.de\/stechlin\/wp-json\/wp\/v2\/media\/6111"}],"wp:attachment":[{"href":"https:\/\/www.naturparkmagazin.de\/stechlin\/wp-json\/wp\/v2\/media?parent=6110"}],"wp:term":[{"taxonomy":"category","embeddable":true,"href":"https:\/\/www.naturparkmagazin.de\/stechlin\/wp-json\/wp\/v2\/categories?post=6110"},{"taxonomy":"post_tag","embeddable":true,"href":"https:\/\/www.naturparkmagazin.de\/stechlin\/wp-json\/wp\/v2\/tags?post=6110"}],"curies":[{"name":"wp","href":"https:\/\/api.w.org\/{rel}","templated":true}]}}