{"id":613,"date":"2014-01-21T15:33:22","date_gmt":"2014-01-21T13:33:22","guid":{"rendered":"http:\/\/www.naturparkmagazin.de\/stechlin\/?p=613"},"modified":"2014-02-26T14:32:35","modified_gmt":"2014-02-26T13:32:35","slug":"kraeftige-farben-gegen-graue-wintertristes","status":"publish","type":"post","link":"https:\/\/www.naturparkmagazin.de\/stechlin\/kraeftige-farben-gegen-graue-wintertristes\/","title":{"rendered":"Kr\u00e4ftige Farben gegen graue Wintertristes"},"content":{"rendered":"<div id=\"attachment_616\" style=\"width: 530px\" class=\"wp-caption alignnone\"><a href=\"https:\/\/www.naturparkmagazin.de\/stechlin\/wp-content\/uploads\/sites\/38\/k-DSC_0026.jpg\"><img aria-describedby=\"caption-attachment-616\" decoding=\"async\" loading=\"lazy\" class=\" wp-image-616   \" title=\"Das neue Galeriebeleuchtungssystem setzt die Bilder ins rechte Licht\" alt=\"Das neue Galeriebeleuchtungssystem setzt die Bilder ins rechte Licht\" src=\"https:\/\/www.naturparkmagazin.de\/stechlin\/wp-content\/uploads\/sites\/38\/k-DSC_0026.jpg\" width=\"520\" height=\"440\" \/><\/a><p id=\"caption-attachment-616\" class=\"wp-caption-text\">Das neue Galeriebeleuchtungssystem setzt die Bilder ins rechte Licht<\/p><\/div>\n<p>Mehr als 30 Besucher kamen am 10. Januar zur ersten Ausstellungser\u00f6ffnung im neuen Jahr in die Regionalwerkstatt Stechlin in Menz. <strong>Christel St\u00fcwe<\/strong> aus Gransee stellte Malerei in \u00d6l uns Acryl unter dem Motto &#8222;Die vier Jahreszeiten&#8220; aus. F\u00fcr die Hobbymalerin war es bereits die 2. Ausstellung in Menz. Noch allzugut erinnerte sie sich an ihre erste Ausstellung zusammen mit 5 weiteren Malerinnen vor 4 Jahren. Sage und schreibe 15 von 22 ausgestellten Bildern hatte sie damals auf Anhieb verkauft.<\/p>\n<p>Eine Wohltat f\u00fcr das Auge waren ihre in kr\u00e4ftigen Farben gehaltenen Blumen, Landschaften und Stillleben. Knallige Rott\u00f6ne als Kampfansage an die graue Wintertristes vor der Haust\u00fcr.<\/p>\n<p>Das neue Galeriebeleuchtungssystem setzte die Arbeiten ins rechte Licht. Mehr als 5.000 \u20ac hat sich die Naturparkverwaltung dies kosten lassen. Ein Quantensprung in der Geschichte der Ausstellungsr\u00e4ume, so die einhellige Meinung der Besucher.<\/p>\n<p>Die Ausstellung ist noch <strong>bis 28. Februar<\/strong> zu sehen, <strong>t\u00e4glich von 10-16 Uhr<\/strong>. Bitte im benachbarten NaturParkHaus melden&#8220; Der Eintritt ist frei!<\/p>\n<p>\u00dcbrigens, alle Bilder sind verk\u00e4uflich! Eine Preisliste h\u00e4ngt in der Ausstellung. Zwei Arbeiten haben schon zur Ausstellungser\u00f6ffnung neue Besitzer gefunden.<\/p>\n<p>&nbsp;<\/p>\n","protected":false},"excerpt":{"rendered":"<p>Mehr als 30 Besucher kamen am 10. Januar zur ersten Ausstellungser\u00f6ffnung im neuen Jahr in die Regionalwerkstatt Stechlin in Menz. <\/p>\n","protected":false},"author":39,"featured_media":615,"comment_status":"open","ping_status":"open","sticky":false,"template":"","format":"standard","meta":[],"categories":[7],"tags":[],"yoast_head":"<!-- This site is optimized with the Yoast SEO plugin v19.10 - https:\/\/yoast.com\/wordpress\/plugins\/seo\/ -->\n<title>Kr\u00e4ftige Farben gegen graue Wintertristes - Naturpark Stechlin-Ruppiner Land<\/title>\n<meta name=\"robots\" content=\"index, follow, max-snippet:-1, max-image-preview:large, max-video-preview:-1\" \/>\n<link rel=\"canonical\" href=\"https:\/\/www.naturparkmagazin.de\/stechlin\/kraeftige-farben-gegen-graue-wintertristes\/\" \/>\n<meta property=\"og:locale\" content=\"de_DE\" \/>\n<meta property=\"og:type\" content=\"article\" \/>\n<meta property=\"og:title\" content=\"Kr\u00e4ftige Farben gegen graue Wintertristes - Naturpark Stechlin-Ruppiner Land\" \/>\n<meta property=\"og:description\" content=\"Mehr als 30 Besucher kamen am 10. Januar zur ersten Ausstellungser\u00f6ffnung im neuen Jahr in die Regionalwerkstatt Stechlin in Menz.\" \/>\n<meta property=\"og:url\" content=\"https:\/\/www.naturparkmagazin.de\/stechlin\/kraeftige-farben-gegen-graue-wintertristes\/\" \/>\n<meta property=\"og:site_name\" content=\"Naturpark Stechlin-Ruppiner Land\" \/>\n<meta property=\"article:published_time\" content=\"2014-01-21T13:33:22+00:00\" \/>\n<meta property=\"article:modified_time\" content=\"2014-02-26T13:32:35+00:00\" \/>\n<meta property=\"og:image\" content=\"https:\/\/www.naturparkmagazin.de\/stechlin\/wp-content\/uploads\/sites\/38\/k-DSC_00221.jpg\" \/>\n\t<meta property=\"og:image:width\" content=\"320\" \/>\n\t<meta property=\"og:image:height\" content=\"240\" \/>\n\t<meta property=\"og:image:type\" content=\"image\/jpeg\" \/>\n<meta name=\"author\" content=\"marioschrumpf\" \/>\n<meta name=\"twitter:label1\" content=\"Verfasst von\" \/>\n\t<meta name=\"twitter:data1\" content=\"marioschrumpf\" \/>\n\t<meta name=\"twitter:label2\" content=\"Gesch\u00e4tzte Lesezeit\" \/>\n\t<meta name=\"twitter:data2\" content=\"1\u00a0Minute\" \/>\n<script type=\"application\/ld+json\" class=\"yoast-schema-graph\">{\"@context\":\"https:\/\/schema.org\",\"@graph\":[{\"@type\":\"WebPage\",\"@id\":\"https:\/\/www.naturparkmagazin.de\/stechlin\/kraeftige-farben-gegen-graue-wintertristes\/\",\"url\":\"https:\/\/www.naturparkmagazin.de\/stechlin\/kraeftige-farben-gegen-graue-wintertristes\/\",\"name\":\"Kr\u00e4ftige Farben gegen graue Wintertristes - Naturpark Stechlin-Ruppiner Land\",\"isPartOf\":{\"@id\":\"https:\/\/www.naturparkmagazin.de\/stechlin\/#website\"},\"datePublished\":\"2014-01-21T13:33:22+00:00\",\"dateModified\":\"2014-02-26T13:32:35+00:00\",\"author\":{\"@id\":\"https:\/\/www.naturparkmagazin.de\/stechlin\/#\/schema\/person\/3f0d93203df21c806dd63c76d9bb28bc\"},\"breadcrumb\":{\"@id\":\"https:\/\/www.naturparkmagazin.de\/stechlin\/kraeftige-farben-gegen-graue-wintertristes\/#breadcrumb\"},\"inLanguage\":\"de\",\"potentialAction\":[{\"@type\":\"ReadAction\",\"target\":[\"https:\/\/www.naturparkmagazin.de\/stechlin\/kraeftige-farben-gegen-graue-wintertristes\/\"]}]},{\"@type\":\"BreadcrumbList\",\"@id\":\"https:\/\/www.naturparkmagazin.de\/stechlin\/kraeftige-farben-gegen-graue-wintertristes\/#breadcrumb\",\"itemListElement\":[{\"@type\":\"ListItem\",\"position\":1,\"name\":\"Home\",\"item\":\"https:\/\/www.naturparkmagazin.de\/stechlin\/\"},{\"@type\":\"ListItem\",\"position\":2,\"name\":\"Kr\u00e4ftige Farben gegen graue Wintertristes\"}]},{\"@type\":\"WebSite\",\"@id\":\"https:\/\/www.naturparkmagazin.de\/stechlin\/#website\",\"url\":\"https:\/\/www.naturparkmagazin.de\/stechlin\/\",\"name\":\"Naturpark Stechlin-Ruppiner Land\",\"description\":\"\",\"potentialAction\":[{\"@type\":\"SearchAction\",\"target\":{\"@type\":\"EntryPoint\",\"urlTemplate\":\"https:\/\/www.naturparkmagazin.de\/stechlin\/?s={search_term_string}\"},\"query-input\":\"required name=search_term_string\"}],\"inLanguage\":\"de\"},{\"@type\":\"Person\",\"@id\":\"https:\/\/www.naturparkmagazin.de\/stechlin\/#\/schema\/person\/3f0d93203df21c806dd63c76d9bb28bc\",\"name\":\"marioschrumpf\",\"url\":\"https:\/\/www.naturparkmagazin.de\/stechlin\/author\/marioschrumpf\/\"}]}<\/script>\n<!-- \/ Yoast SEO plugin. -->","yoast_head_json":{"title":"Kr\u00e4ftige Farben gegen graue Wintertristes - Naturpark Stechlin-Ruppiner Land","robots":{"index":"index","follow":"follow","max-snippet":"max-snippet:-1","max-image-preview":"max-image-preview:large","max-video-preview":"max-video-preview:-1"},"canonical":"https:\/\/www.naturparkmagazin.de\/stechlin\/kraeftige-farben-gegen-graue-wintertristes\/","og_locale":"de_DE","og_type":"article","og_title":"Kr\u00e4ftige Farben gegen graue Wintertristes - Naturpark Stechlin-Ruppiner Land","og_description":"Mehr als 30 Besucher kamen am 10. Januar zur ersten Ausstellungser\u00f6ffnung im neuen Jahr in die Regionalwerkstatt Stechlin in Menz.","og_url":"https:\/\/www.naturparkmagazin.de\/stechlin\/kraeftige-farben-gegen-graue-wintertristes\/","og_site_name":"Naturpark Stechlin-Ruppiner Land","article_published_time":"2014-01-21T13:33:22+00:00","article_modified_time":"2014-02-26T13:32:35+00:00","og_image":[{"width":320,"height":240,"url":"https:\/\/www.naturparkmagazin.de\/stechlin\/wp-content\/uploads\/sites\/38\/k-DSC_00221.jpg","type":"image\/jpeg"}],"author":"marioschrumpf","twitter_misc":{"Verfasst von":"marioschrumpf","Gesch\u00e4tzte Lesezeit":"1\u00a0Minute"},"schema":{"@context":"https:\/\/schema.org","@graph":[{"@type":"WebPage","@id":"https:\/\/www.naturparkmagazin.de\/stechlin\/kraeftige-farben-gegen-graue-wintertristes\/","url":"https:\/\/www.naturparkmagazin.de\/stechlin\/kraeftige-farben-gegen-graue-wintertristes\/","name":"Kr\u00e4ftige Farben gegen graue Wintertristes - Naturpark Stechlin-Ruppiner Land","isPartOf":{"@id":"https:\/\/www.naturparkmagazin.de\/stechlin\/#website"},"datePublished":"2014-01-21T13:33:22+00:00","dateModified":"2014-02-26T13:32:35+00:00","author":{"@id":"https:\/\/www.naturparkmagazin.de\/stechlin\/#\/schema\/person\/3f0d93203df21c806dd63c76d9bb28bc"},"breadcrumb":{"@id":"https:\/\/www.naturparkmagazin.de\/stechlin\/kraeftige-farben-gegen-graue-wintertristes\/#breadcrumb"},"inLanguage":"de","potentialAction":[{"@type":"ReadAction","target":["https:\/\/www.naturparkmagazin.de\/stechlin\/kraeftige-farben-gegen-graue-wintertristes\/"]}]},{"@type":"BreadcrumbList","@id":"https:\/\/www.naturparkmagazin.de\/stechlin\/kraeftige-farben-gegen-graue-wintertristes\/#breadcrumb","itemListElement":[{"@type":"ListItem","position":1,"name":"Home","item":"https:\/\/www.naturparkmagazin.de\/stechlin\/"},{"@type":"ListItem","position":2,"name":"Kr\u00e4ftige Farben gegen graue Wintertristes"}]},{"@type":"WebSite","@id":"https:\/\/www.naturparkmagazin.de\/stechlin\/#website","url":"https:\/\/www.naturparkmagazin.de\/stechlin\/","name":"Naturpark Stechlin-Ruppiner Land","description":"","potentialAction":[{"@type":"SearchAction","target":{"@type":"EntryPoint","urlTemplate":"https:\/\/www.naturparkmagazin.de\/stechlin\/?s={search_term_string}"},"query-input":"required name=search_term_string"}],"inLanguage":"de"},{"@type":"Person","@id":"https:\/\/www.naturparkmagazin.de\/stechlin\/#\/schema\/person\/3f0d93203df21c806dd63c76d9bb28bc","name":"marioschrumpf","url":"https:\/\/www.naturparkmagazin.de\/stechlin\/author\/marioschrumpf\/"}]}},"_links":{"self":[{"href":"https:\/\/www.naturparkmagazin.de\/stechlin\/wp-json\/wp\/v2\/posts\/613"}],"collection":[{"href":"https:\/\/www.naturparkmagazin.de\/stechlin\/wp-json\/wp\/v2\/posts"}],"about":[{"href":"https:\/\/www.naturparkmagazin.de\/stechlin\/wp-json\/wp\/v2\/types\/post"}],"author":[{"embeddable":true,"href":"https:\/\/www.naturparkmagazin.de\/stechlin\/wp-json\/wp\/v2\/users\/39"}],"replies":[{"embeddable":true,"href":"https:\/\/www.naturparkmagazin.de\/stechlin\/wp-json\/wp\/v2\/comments?post=613"}],"version-history":[{"count":6,"href":"https:\/\/www.naturparkmagazin.de\/stechlin\/wp-json\/wp\/v2\/posts\/613\/revisions"}],"predecessor-version":[{"id":774,"href":"https:\/\/www.naturparkmagazin.de\/stechlin\/wp-json\/wp\/v2\/posts\/613\/revisions\/774"}],"wp:featuredmedia":[{"embeddable":true,"href":"https:\/\/www.naturparkmagazin.de\/stechlin\/wp-json\/wp\/v2\/media\/615"}],"wp:attachment":[{"href":"https:\/\/www.naturparkmagazin.de\/stechlin\/wp-json\/wp\/v2\/media?parent=613"}],"wp:term":[{"taxonomy":"category","embeddable":true,"href":"https:\/\/www.naturparkmagazin.de\/stechlin\/wp-json\/wp\/v2\/categories?post=613"},{"taxonomy":"post_tag","embeddable":true,"href":"https:\/\/www.naturparkmagazin.de\/stechlin\/wp-json\/wp\/v2\/tags?post=613"}],"curies":[{"name":"wp","href":"https:\/\/api.w.org\/{rel}","templated":true}]}}