{"id":6141,"date":"2017-08-21T08:51:27","date_gmt":"2017-08-21T06:51:27","guid":{"rendered":"http:\/\/www.naturparkmagazin.de\/stechlin\/?p=6141"},"modified":"2017-08-23T14:59:35","modified_gmt":"2017-08-23T12:59:35","slug":"nachruf-fuer-torsten-stelly","status":"publish","type":"post","link":"https:\/\/www.naturparkmagazin.de\/stechlin\/nachruf-fuer-torsten-stelly\/","title":{"rendered":"Nachruf f\u00fcr Torsten Stelly"},"content":{"rendered":"<p><a href=\"https:\/\/www.naturparkmagazin.de\/stechlin\/wp-content\/uploads\/sites\/38\/Torsten-Stelly-87.jpg\"><img decoding=\"async\" loading=\"lazy\" class=\" size-full wp-image-6142 aligncenter\" src=\"https:\/\/www.naturparkmagazin.de\/stechlin\/wp-content\/uploads\/sites\/38\/Torsten-Stelly-87.jpg\" alt=\"NP SRL\/Mario Schrumpf\" width=\"180\" height=\"250\" \/><\/a>Wir haben die traurige Nachricht erhalten, dass unser Natur- und Landschaftsf\u00fchrer Torsten Stelly pl\u00f6tzlich und unerwartet am 4. August im Alter von 55 Jahren verstorben ist.<\/p>\n<p>Torsten Stelly absolvierte im Fr\u00fchjahr 2016 eine Ausbildung zum zertifizierten Natur- und Landschaftsf\u00fchrer. Als in Storbeck ans\u00e4ssiger Kutschunternehmer brachte er vor allem mit Trekkingtouren in die Kyritz-Ruppiner Heide seine naturschutzfachliche Kompetenz und seine regionalen Erfahrungen in das Netzwerk der G\u00e4stef\u00fchrer ein. Mit seinen Ideen, wie dem Heidebier\u00a0oder seiner Mitarbeit im Projekt Heidepicknick hat er die Arbeit dieses Verbundes bereichert.\u00a0Torsten war immer da, wenn es galt bei einer Veranstaltung in der Heide mit anzupacken oder den Naturpark und die Arbeit der G\u00e4stef\u00fchrer auf Veranstaltungen im Ruppiner Seenland, in Potsdam\u00a0oder in Berlin zu pr\u00e4sentieren.<\/p>\n<p>Wir werden ihn mit seiner humorvollen Art und seiner positiven Lebenseinstellung vermissen. Unser tief empfundenes Mitgef\u00fchl geh\u00f6rt seinen Angeh\u00f6rigen.<\/p>\n<p>&nbsp;<\/p>\n<p>Dr. Mario Schrumpf<\/p>\n<p>Leiter des Naturparks<\/p>\n<p>Stechlin-Ruppiner Land<\/p>\n<p>&nbsp;<\/p>\n<p>J\u00fcrgen Paul<\/p>\n<p>im Namen der<\/p>\n<p>Natur- und Landschaftsf\u00fchrer<\/p>\n<p>des Naturparks Stechlin-Ruppiner Land<\/p>\n","protected":false},"excerpt":{"rendered":"<p>Wir haben die traurige Nachricht erhalten, dass unser Natur- und Landschaftsf\u00fchrer Torsten Stelly pl\u00f6tzlich und unerwartet am 4. August im Alter von 55 Jahren verstorben ist.<\/p>\n","protected":false},"author":39,"featured_media":6178,"comment_status":"open","ping_status":"open","sticky":false,"template":"","format":"standard","meta":[],"categories":[7],"tags":[],"yoast_head":"<!-- This site is optimized with the Yoast SEO plugin v19.10 - https:\/\/yoast.com\/wordpress\/plugins\/seo\/ -->\n<title>Nachruf f\u00fcr Torsten Stelly - Naturpark Stechlin-Ruppiner Land<\/title>\n<meta name=\"robots\" content=\"index, follow, max-snippet:-1, max-image-preview:large, max-video-preview:-1\" \/>\n<link rel=\"canonical\" href=\"https:\/\/www.naturparkmagazin.de\/stechlin\/nachruf-fuer-torsten-stelly\/\" \/>\n<meta property=\"og:locale\" content=\"de_DE\" \/>\n<meta property=\"og:type\" content=\"article\" \/>\n<meta property=\"og:title\" content=\"Nachruf f\u00fcr Torsten Stelly - Naturpark Stechlin-Ruppiner Land\" \/>\n<meta property=\"og:description\" content=\"Wir haben die traurige Nachricht erhalten, dass unser Natur- und Landschaftsf\u00fchrer Torsten Stelly pl\u00f6tzlich und unerwartet am 4. August im Alter von 55 Jahren verstorben ist.\" \/>\n<meta property=\"og:url\" content=\"https:\/\/www.naturparkmagazin.de\/stechlin\/nachruf-fuer-torsten-stelly\/\" \/>\n<meta property=\"og:site_name\" content=\"Naturpark Stechlin-Ruppiner Land\" \/>\n<meta property=\"article:published_time\" content=\"2017-08-21T06:51:27+00:00\" \/>\n<meta property=\"article:modified_time\" content=\"2017-08-23T12:59:35+00:00\" \/>\n<meta property=\"og:image\" content=\"https:\/\/www.naturparkmagazin.de\/stechlin\/wp-content\/uploads\/sites\/38\/Kreuz2.jpg\" \/>\n\t<meta property=\"og:image:width\" content=\"200\" \/>\n\t<meta property=\"og:image:height\" content=\"200\" \/>\n\t<meta property=\"og:image:type\" content=\"image\/jpeg\" \/>\n<meta name=\"author\" content=\"marioschrumpf\" \/>\n<meta name=\"twitter:label1\" content=\"Verfasst von\" \/>\n\t<meta name=\"twitter:data1\" content=\"marioschrumpf\" \/>\n\t<meta name=\"twitter:label2\" content=\"Gesch\u00e4tzte Lesezeit\" \/>\n\t<meta name=\"twitter:data2\" content=\"1\u00a0Minute\" \/>\n<script type=\"application\/ld+json\" class=\"yoast-schema-graph\">{\"@context\":\"https:\/\/schema.org\",\"@graph\":[{\"@type\":\"WebPage\",\"@id\":\"https:\/\/www.naturparkmagazin.de\/stechlin\/nachruf-fuer-torsten-stelly\/\",\"url\":\"https:\/\/www.naturparkmagazin.de\/stechlin\/nachruf-fuer-torsten-stelly\/\",\"name\":\"Nachruf f\u00fcr Torsten Stelly - Naturpark Stechlin-Ruppiner Land\",\"isPartOf\":{\"@id\":\"https:\/\/www.naturparkmagazin.de\/stechlin\/#website\"},\"datePublished\":\"2017-08-21T06:51:27+00:00\",\"dateModified\":\"2017-08-23T12:59:35+00:00\",\"author\":{\"@id\":\"https:\/\/www.naturparkmagazin.de\/stechlin\/#\/schema\/person\/3f0d93203df21c806dd63c76d9bb28bc\"},\"breadcrumb\":{\"@id\":\"https:\/\/www.naturparkmagazin.de\/stechlin\/nachruf-fuer-torsten-stelly\/#breadcrumb\"},\"inLanguage\":\"de\",\"potentialAction\":[{\"@type\":\"ReadAction\",\"target\":[\"https:\/\/www.naturparkmagazin.de\/stechlin\/nachruf-fuer-torsten-stelly\/\"]}]},{\"@type\":\"BreadcrumbList\",\"@id\":\"https:\/\/www.naturparkmagazin.de\/stechlin\/nachruf-fuer-torsten-stelly\/#breadcrumb\",\"itemListElement\":[{\"@type\":\"ListItem\",\"position\":1,\"name\":\"Home\",\"item\":\"https:\/\/www.naturparkmagazin.de\/stechlin\/\"},{\"@type\":\"ListItem\",\"position\":2,\"name\":\"Nachruf f\u00fcr Torsten Stelly\"}]},{\"@type\":\"WebSite\",\"@id\":\"https:\/\/www.naturparkmagazin.de\/stechlin\/#website\",\"url\":\"https:\/\/www.naturparkmagazin.de\/stechlin\/\",\"name\":\"Naturpark Stechlin-Ruppiner Land\",\"description\":\"\",\"potentialAction\":[{\"@type\":\"SearchAction\",\"target\":{\"@type\":\"EntryPoint\",\"urlTemplate\":\"https:\/\/www.naturparkmagazin.de\/stechlin\/?s={search_term_string}\"},\"query-input\":\"required name=search_term_string\"}],\"inLanguage\":\"de\"},{\"@type\":\"Person\",\"@id\":\"https:\/\/www.naturparkmagazin.de\/stechlin\/#\/schema\/person\/3f0d93203df21c806dd63c76d9bb28bc\",\"name\":\"marioschrumpf\",\"url\":\"https:\/\/www.naturparkmagazin.de\/stechlin\/author\/marioschrumpf\/\"}]}<\/script>\n<!-- \/ Yoast SEO plugin. -->","yoast_head_json":{"title":"Nachruf f\u00fcr Torsten Stelly - Naturpark Stechlin-Ruppiner Land","robots":{"index":"index","follow":"follow","max-snippet":"max-snippet:-1","max-image-preview":"max-image-preview:large","max-video-preview":"max-video-preview:-1"},"canonical":"https:\/\/www.naturparkmagazin.de\/stechlin\/nachruf-fuer-torsten-stelly\/","og_locale":"de_DE","og_type":"article","og_title":"Nachruf f\u00fcr Torsten Stelly - Naturpark Stechlin-Ruppiner Land","og_description":"Wir haben die traurige Nachricht erhalten, dass unser Natur- und Landschaftsf\u00fchrer Torsten Stelly pl\u00f6tzlich und unerwartet am 4. August im Alter von 55 Jahren verstorben ist.","og_url":"https:\/\/www.naturparkmagazin.de\/stechlin\/nachruf-fuer-torsten-stelly\/","og_site_name":"Naturpark Stechlin-Ruppiner Land","article_published_time":"2017-08-21T06:51:27+00:00","article_modified_time":"2017-08-23T12:59:35+00:00","og_image":[{"width":200,"height":200,"url":"https:\/\/www.naturparkmagazin.de\/stechlin\/wp-content\/uploads\/sites\/38\/Kreuz2.jpg","type":"image\/jpeg"}],"author":"marioschrumpf","twitter_misc":{"Verfasst von":"marioschrumpf","Gesch\u00e4tzte Lesezeit":"1\u00a0Minute"},"schema":{"@context":"https:\/\/schema.org","@graph":[{"@type":"WebPage","@id":"https:\/\/www.naturparkmagazin.de\/stechlin\/nachruf-fuer-torsten-stelly\/","url":"https:\/\/www.naturparkmagazin.de\/stechlin\/nachruf-fuer-torsten-stelly\/","name":"Nachruf f\u00fcr Torsten Stelly - Naturpark Stechlin-Ruppiner Land","isPartOf":{"@id":"https:\/\/www.naturparkmagazin.de\/stechlin\/#website"},"datePublished":"2017-08-21T06:51:27+00:00","dateModified":"2017-08-23T12:59:35+00:00","author":{"@id":"https:\/\/www.naturparkmagazin.de\/stechlin\/#\/schema\/person\/3f0d93203df21c806dd63c76d9bb28bc"},"breadcrumb":{"@id":"https:\/\/www.naturparkmagazin.de\/stechlin\/nachruf-fuer-torsten-stelly\/#breadcrumb"},"inLanguage":"de","potentialAction":[{"@type":"ReadAction","target":["https:\/\/www.naturparkmagazin.de\/stechlin\/nachruf-fuer-torsten-stelly\/"]}]},{"@type":"BreadcrumbList","@id":"https:\/\/www.naturparkmagazin.de\/stechlin\/nachruf-fuer-torsten-stelly\/#breadcrumb","itemListElement":[{"@type":"ListItem","position":1,"name":"Home","item":"https:\/\/www.naturparkmagazin.de\/stechlin\/"},{"@type":"ListItem","position":2,"name":"Nachruf f\u00fcr Torsten Stelly"}]},{"@type":"WebSite","@id":"https:\/\/www.naturparkmagazin.de\/stechlin\/#website","url":"https:\/\/www.naturparkmagazin.de\/stechlin\/","name":"Naturpark Stechlin-Ruppiner Land","description":"","potentialAction":[{"@type":"SearchAction","target":{"@type":"EntryPoint","urlTemplate":"https:\/\/www.naturparkmagazin.de\/stechlin\/?s={search_term_string}"},"query-input":"required name=search_term_string"}],"inLanguage":"de"},{"@type":"Person","@id":"https:\/\/www.naturparkmagazin.de\/stechlin\/#\/schema\/person\/3f0d93203df21c806dd63c76d9bb28bc","name":"marioschrumpf","url":"https:\/\/www.naturparkmagazin.de\/stechlin\/author\/marioschrumpf\/"}]}},"_links":{"self":[{"href":"https:\/\/www.naturparkmagazin.de\/stechlin\/wp-json\/wp\/v2\/posts\/6141"}],"collection":[{"href":"https:\/\/www.naturparkmagazin.de\/stechlin\/wp-json\/wp\/v2\/posts"}],"about":[{"href":"https:\/\/www.naturparkmagazin.de\/stechlin\/wp-json\/wp\/v2\/types\/post"}],"author":[{"embeddable":true,"href":"https:\/\/www.naturparkmagazin.de\/stechlin\/wp-json\/wp\/v2\/users\/39"}],"replies":[{"embeddable":true,"href":"https:\/\/www.naturparkmagazin.de\/stechlin\/wp-json\/wp\/v2\/comments?post=6141"}],"version-history":[{"count":3,"href":"https:\/\/www.naturparkmagazin.de\/stechlin\/wp-json\/wp\/v2\/posts\/6141\/revisions"}],"predecessor-version":[{"id":6179,"href":"https:\/\/www.naturparkmagazin.de\/stechlin\/wp-json\/wp\/v2\/posts\/6141\/revisions\/6179"}],"wp:featuredmedia":[{"embeddable":true,"href":"https:\/\/www.naturparkmagazin.de\/stechlin\/wp-json\/wp\/v2\/media\/6178"}],"wp:attachment":[{"href":"https:\/\/www.naturparkmagazin.de\/stechlin\/wp-json\/wp\/v2\/media?parent=6141"}],"wp:term":[{"taxonomy":"category","embeddable":true,"href":"https:\/\/www.naturparkmagazin.de\/stechlin\/wp-json\/wp\/v2\/categories?post=6141"},{"taxonomy":"post_tag","embeddable":true,"href":"https:\/\/www.naturparkmagazin.de\/stechlin\/wp-json\/wp\/v2\/tags?post=6141"}],"curies":[{"name":"wp","href":"https:\/\/api.w.org\/{rel}","templated":true}]}}