{"id":6153,"date":"2017-08-21T13:12:04","date_gmt":"2017-08-21T11:12:04","guid":{"rendered":"http:\/\/www.naturparkmagazin.de\/stechlin\/?p=6153"},"modified":"2017-08-23T15:35:04","modified_gmt":"2017-08-23T13:35:04","slug":"nachhaltigkeitstag-auf-dem-gelaende-der-preussenquelle","status":"publish","type":"post","link":"https:\/\/www.naturparkmagazin.de\/stechlin\/nachhaltigkeitstag-auf-dem-gelaende-der-preussenquelle\/","title":{"rendered":"Nachhaltigkeitstag auf dem Gel\u00e4nde der Preussenquelle"},"content":{"rendered":"<div id=\"attachment_3931\" style=\"width: 310px\" class=\"wp-caption aligncenter\"><a href=\"https:\/\/www.naturparkmagazin.de\/stechlin\/wp-content\/uploads\/sites\/38\/Preussenquelle28.jpg\"><img aria-describedby=\"caption-attachment-3931\" decoding=\"async\" loading=\"lazy\" class=\"size-thumbnail wp-image-3931\" src=\"https:\/\/www.naturparkmagazin.de\/stechlin\/wp-content\/uploads\/sites\/38\/Preussenquelle28-300x180.jpg\" alt=\"Etikettiermaschine\" width=\"300\" height=\"180\" srcset=\"https:\/\/www.naturparkmagazin.de\/stechlin\/wp-content\/uploads\/sites\/38\/Preussenquelle28-300x180.jpg 300w, https:\/\/www.naturparkmagazin.de\/stechlin\/wp-content\/uploads\/sites\/38\/Preussenquelle28.jpg 500w, https:\/\/www.naturparkmagazin.de\/stechlin\/wp-content\/uploads\/sites\/38\/Preussenquelle28-200x120.jpg 200w\" sizes=\"(max-width: 300px) 100vw, 300px\" \/><\/a><p id=\"caption-attachment-3931\" class=\"wp-caption-text\">Etikettiermaschine<\/p><\/div>\n<p><span style=\"color: #000000\">Zum 2. Mal pr\u00e4sentiert die Rheinsberger PreussenQuelle einen Nachhaltigkeitstag. Lernen Sie unser bestes Wasser aus der Region kennen und erleben Sie, wie wir uns mit anderen Gleichgesinnten f\u00fcr eine zukunftsf\u00e4hige Welt einsetzen.<\/span><\/p>\n<p><span style=\"color: #000000\">Erfahren Sie auf dem zweiten Nachhaltigkeitstag der Rheinsberger Preussenquelle, wie sich ein Bio-Mineralwasser von einem herk\u00f6mmlichen Mineralwasser unterscheidet. Entdecken Sie die Rheinsberger Preussenquelle und unser bestes Wasser f\u00fcr die Region, das aus dieser unverf\u00e4lscht reinen Quelle entspringt.<\/span><\/p>\n<p><span style=\"color: #000000\">Finden Sie heraus, was die Rheinsberger Preussenquelle mit Freunden und Partnern aktiv f\u00fcr eine gesunde Umwelt tut und wie sie sich bewusst f\u00fcr sie einsetzen. Lassen Sie sich auch dar\u00fcber informieren, an welchen \u00d6kologie- und Umweltprojekten die Rheinsberger Preussenquelle als Partner des Naturparks Stechlin-Ruppiner Land teilnimmt und wie sie diese Projekte f\u00f6rdert.<\/span><\/p>\n<p><span style=\"color: #000000\">Auf dem zweiten Nachhaltigkeitstag der Rheinsberger Preussenquelle m\u00f6chte diese Ihnen zeigen, wie sie Nachhaltigkeit versteht, lebt und vorantreibt. Erleben Sie vor Ort, wie sich Partner und Freunde aus zahlreichen Bereichen regional und nachhaltig engagieren. Unternehmen, Institutionen, Vereine und Dienstleister hei\u00dfen Sie an Themen- und Verkaufsst\u00e4nden herzlich willkommen und kl\u00e4ren gerne \u00fcber das eigene regionale und \u00f6kologische Engagement auf.<\/span><\/p>\n<p><a href=\"https:\/\/www.naturparkmagazin.de\/stechlin\/wp-content\/uploads\/sites\/38\/Nachhaltigkeitstag_4.jpg\"><img decoding=\"async\" loading=\"lazy\" class=\" size-thumbnail wp-image-6159 aligncenter\" src=\"https:\/\/www.naturparkmagazin.de\/stechlin\/wp-content\/uploads\/sites\/38\/Nachhaltigkeitstag_4-300x180.jpg\" alt=\"NP SRL\/Heiko Strobel\" width=\"300\" height=\"180\" srcset=\"https:\/\/www.naturparkmagazin.de\/stechlin\/wp-content\/uploads\/sites\/38\/Nachhaltigkeitstag_4-300x180.jpg 300w, https:\/\/www.naturparkmagazin.de\/stechlin\/wp-content\/uploads\/sites\/38\/Nachhaltigkeitstag_4.jpg 500w, https:\/\/www.naturparkmagazin.de\/stechlin\/wp-content\/uploads\/sites\/38\/Nachhaltigkeitstag_4-200x120.jpg 200w\" sizes=\"(max-width: 300px) 100vw, 300px\" \/><\/a><\/p>\n<p><span style=\"color: #000000\">\u00a0<\/span><\/p>\n<p><span style=\"color: #000000\">H\u00f6hepunkte 2017:<\/span><\/p>\n<p><span style=\"color: #000000\">Musikalischer Wettbewerb<\/span><\/p>\n<p><span style=\"color: #000000\">Kinder-Flohmarkt<\/span><\/p>\n<p><span style=\"color: #000000\">Nachhaltigkeitsmarkt mit Infost\u00e4nden \u2013 und Kinderaktionen<\/span><\/p>\n<p><span style=\"color: #000000\">F\u00fchrungen durch die Produktion<\/span><\/p>\n<p><span style=\"color: #000000\">Mitmachaktionen f\u00fcr Gro\u00df und Klein<\/span><\/p>\n<p>&nbsp;<\/p>\n","protected":false},"excerpt":{"rendered":"<p>Zum 2. Mal l\u00e4dt die Rheinsberger Preussenquelle am 23. September 2017 zum Nachhaltigkeitstag an ihren Betriebsstandort ein.<\/p>\n","protected":false},"author":39,"featured_media":6154,"comment_status":"open","ping_status":"open","sticky":false,"template":"","format":"standard","meta":[],"categories":[11],"tags":[],"yoast_head":"<!-- This site is optimized with the Yoast SEO plugin v19.10 - https:\/\/yoast.com\/wordpress\/plugins\/seo\/ -->\n<title>Nachhaltigkeitstag auf dem Gel\u00e4nde der Preussenquelle - Naturpark Stechlin-Ruppiner Land<\/title>\n<meta name=\"robots\" content=\"index, follow, max-snippet:-1, max-image-preview:large, max-video-preview:-1\" \/>\n<link rel=\"canonical\" href=\"https:\/\/www.naturparkmagazin.de\/stechlin\/nachhaltigkeitstag-auf-dem-gelaende-der-preussenquelle\/\" \/>\n<meta property=\"og:locale\" content=\"de_DE\" \/>\n<meta property=\"og:type\" content=\"article\" \/>\n<meta property=\"og:title\" content=\"Nachhaltigkeitstag auf dem Gel\u00e4nde der Preussenquelle - Naturpark Stechlin-Ruppiner Land\" \/>\n<meta property=\"og:description\" content=\"Zum 2. Mal l\u00e4dt die Rheinsberger Preussenquelle am 23. September 2017 zum Nachhaltigkeitstag an ihren Betriebsstandort ein.\" \/>\n<meta property=\"og:url\" content=\"https:\/\/www.naturparkmagazin.de\/stechlin\/nachhaltigkeitstag-auf-dem-gelaende-der-preussenquelle\/\" \/>\n<meta property=\"og:site_name\" content=\"Naturpark Stechlin-Ruppiner Land\" \/>\n<meta property=\"article:published_time\" content=\"2017-08-21T11:12:04+00:00\" \/>\n<meta property=\"article:modified_time\" content=\"2017-08-23T13:35:04+00:00\" \/>\n<meta property=\"og:image\" content=\"https:\/\/www.naturparkmagazin.de\/stechlin\/wp-content\/uploads\/sites\/38\/\u00f6ko-nah-klar-2017.jpg\" \/>\n\t<meta property=\"og:image:width\" content=\"200\" \/>\n\t<meta property=\"og:image:height\" content=\"200\" \/>\n\t<meta property=\"og:image:type\" content=\"image\/jpeg\" \/>\n<meta name=\"author\" content=\"marioschrumpf\" \/>\n<meta name=\"twitter:label1\" content=\"Verfasst von\" \/>\n\t<meta name=\"twitter:data1\" content=\"marioschrumpf\" \/>\n\t<meta name=\"twitter:label2\" content=\"Gesch\u00e4tzte Lesezeit\" \/>\n\t<meta name=\"twitter:data2\" content=\"1\u00a0Minute\" \/>\n<script type=\"application\/ld+json\" class=\"yoast-schema-graph\">{\"@context\":\"https:\/\/schema.org\",\"@graph\":[{\"@type\":\"WebPage\",\"@id\":\"https:\/\/www.naturparkmagazin.de\/stechlin\/nachhaltigkeitstag-auf-dem-gelaende-der-preussenquelle\/\",\"url\":\"https:\/\/www.naturparkmagazin.de\/stechlin\/nachhaltigkeitstag-auf-dem-gelaende-der-preussenquelle\/\",\"name\":\"Nachhaltigkeitstag auf dem Gel\u00e4nde der Preussenquelle - Naturpark Stechlin-Ruppiner Land\",\"isPartOf\":{\"@id\":\"https:\/\/www.naturparkmagazin.de\/stechlin\/#website\"},\"datePublished\":\"2017-08-21T11:12:04+00:00\",\"dateModified\":\"2017-08-23T13:35:04+00:00\",\"author\":{\"@id\":\"https:\/\/www.naturparkmagazin.de\/stechlin\/#\/schema\/person\/3f0d93203df21c806dd63c76d9bb28bc\"},\"breadcrumb\":{\"@id\":\"https:\/\/www.naturparkmagazin.de\/stechlin\/nachhaltigkeitstag-auf-dem-gelaende-der-preussenquelle\/#breadcrumb\"},\"inLanguage\":\"de\",\"potentialAction\":[{\"@type\":\"ReadAction\",\"target\":[\"https:\/\/www.naturparkmagazin.de\/stechlin\/nachhaltigkeitstag-auf-dem-gelaende-der-preussenquelle\/\"]}]},{\"@type\":\"BreadcrumbList\",\"@id\":\"https:\/\/www.naturparkmagazin.de\/stechlin\/nachhaltigkeitstag-auf-dem-gelaende-der-preussenquelle\/#breadcrumb\",\"itemListElement\":[{\"@type\":\"ListItem\",\"position\":1,\"name\":\"Home\",\"item\":\"https:\/\/www.naturparkmagazin.de\/stechlin\/\"},{\"@type\":\"ListItem\",\"position\":2,\"name\":\"Nachhaltigkeitstag auf dem Gel\u00e4nde der Preussenquelle\"}]},{\"@type\":\"WebSite\",\"@id\":\"https:\/\/www.naturparkmagazin.de\/stechlin\/#website\",\"url\":\"https:\/\/www.naturparkmagazin.de\/stechlin\/\",\"name\":\"Naturpark Stechlin-Ruppiner Land\",\"description\":\"\",\"potentialAction\":[{\"@type\":\"SearchAction\",\"target\":{\"@type\":\"EntryPoint\",\"urlTemplate\":\"https:\/\/www.naturparkmagazin.de\/stechlin\/?s={search_term_string}\"},\"query-input\":\"required name=search_term_string\"}],\"inLanguage\":\"de\"},{\"@type\":\"Person\",\"@id\":\"https:\/\/www.naturparkmagazin.de\/stechlin\/#\/schema\/person\/3f0d93203df21c806dd63c76d9bb28bc\",\"name\":\"marioschrumpf\",\"url\":\"https:\/\/www.naturparkmagazin.de\/stechlin\/author\/marioschrumpf\/\"}]}<\/script>\n<!-- \/ Yoast SEO plugin. -->","yoast_head_json":{"title":"Nachhaltigkeitstag auf dem Gel\u00e4nde der Preussenquelle - Naturpark Stechlin-Ruppiner Land","robots":{"index":"index","follow":"follow","max-snippet":"max-snippet:-1","max-image-preview":"max-image-preview:large","max-video-preview":"max-video-preview:-1"},"canonical":"https:\/\/www.naturparkmagazin.de\/stechlin\/nachhaltigkeitstag-auf-dem-gelaende-der-preussenquelle\/","og_locale":"de_DE","og_type":"article","og_title":"Nachhaltigkeitstag auf dem Gel\u00e4nde der Preussenquelle - Naturpark Stechlin-Ruppiner Land","og_description":"Zum 2. Mal l\u00e4dt die Rheinsberger Preussenquelle am 23. September 2017 zum Nachhaltigkeitstag an ihren Betriebsstandort ein.","og_url":"https:\/\/www.naturparkmagazin.de\/stechlin\/nachhaltigkeitstag-auf-dem-gelaende-der-preussenquelle\/","og_site_name":"Naturpark Stechlin-Ruppiner Land","article_published_time":"2017-08-21T11:12:04+00:00","article_modified_time":"2017-08-23T13:35:04+00:00","og_image":[{"width":200,"height":200,"url":"https:\/\/www.naturparkmagazin.de\/stechlin\/wp-content\/uploads\/sites\/38\/\u00f6ko-nah-klar-2017.jpg","type":"image\/jpeg"}],"author":"marioschrumpf","twitter_misc":{"Verfasst von":"marioschrumpf","Gesch\u00e4tzte Lesezeit":"1\u00a0Minute"},"schema":{"@context":"https:\/\/schema.org","@graph":[{"@type":"WebPage","@id":"https:\/\/www.naturparkmagazin.de\/stechlin\/nachhaltigkeitstag-auf-dem-gelaende-der-preussenquelle\/","url":"https:\/\/www.naturparkmagazin.de\/stechlin\/nachhaltigkeitstag-auf-dem-gelaende-der-preussenquelle\/","name":"Nachhaltigkeitstag auf dem Gel\u00e4nde der Preussenquelle - Naturpark Stechlin-Ruppiner Land","isPartOf":{"@id":"https:\/\/www.naturparkmagazin.de\/stechlin\/#website"},"datePublished":"2017-08-21T11:12:04+00:00","dateModified":"2017-08-23T13:35:04+00:00","author":{"@id":"https:\/\/www.naturparkmagazin.de\/stechlin\/#\/schema\/person\/3f0d93203df21c806dd63c76d9bb28bc"},"breadcrumb":{"@id":"https:\/\/www.naturparkmagazin.de\/stechlin\/nachhaltigkeitstag-auf-dem-gelaende-der-preussenquelle\/#breadcrumb"},"inLanguage":"de","potentialAction":[{"@type":"ReadAction","target":["https:\/\/www.naturparkmagazin.de\/stechlin\/nachhaltigkeitstag-auf-dem-gelaende-der-preussenquelle\/"]}]},{"@type":"BreadcrumbList","@id":"https:\/\/www.naturparkmagazin.de\/stechlin\/nachhaltigkeitstag-auf-dem-gelaende-der-preussenquelle\/#breadcrumb","itemListElement":[{"@type":"ListItem","position":1,"name":"Home","item":"https:\/\/www.naturparkmagazin.de\/stechlin\/"},{"@type":"ListItem","position":2,"name":"Nachhaltigkeitstag auf dem Gel\u00e4nde der Preussenquelle"}]},{"@type":"WebSite","@id":"https:\/\/www.naturparkmagazin.de\/stechlin\/#website","url":"https:\/\/www.naturparkmagazin.de\/stechlin\/","name":"Naturpark Stechlin-Ruppiner Land","description":"","potentialAction":[{"@type":"SearchAction","target":{"@type":"EntryPoint","urlTemplate":"https:\/\/www.naturparkmagazin.de\/stechlin\/?s={search_term_string}"},"query-input":"required name=search_term_string"}],"inLanguage":"de"},{"@type":"Person","@id":"https:\/\/www.naturparkmagazin.de\/stechlin\/#\/schema\/person\/3f0d93203df21c806dd63c76d9bb28bc","name":"marioschrumpf","url":"https:\/\/www.naturparkmagazin.de\/stechlin\/author\/marioschrumpf\/"}]}},"_links":{"self":[{"href":"https:\/\/www.naturparkmagazin.de\/stechlin\/wp-json\/wp\/v2\/posts\/6153"}],"collection":[{"href":"https:\/\/www.naturparkmagazin.de\/stechlin\/wp-json\/wp\/v2\/posts"}],"about":[{"href":"https:\/\/www.naturparkmagazin.de\/stechlin\/wp-json\/wp\/v2\/types\/post"}],"author":[{"embeddable":true,"href":"https:\/\/www.naturparkmagazin.de\/stechlin\/wp-json\/wp\/v2\/users\/39"}],"replies":[{"embeddable":true,"href":"https:\/\/www.naturparkmagazin.de\/stechlin\/wp-json\/wp\/v2\/comments?post=6153"}],"version-history":[{"count":5,"href":"https:\/\/www.naturparkmagazin.de\/stechlin\/wp-json\/wp\/v2\/posts\/6153\/revisions"}],"predecessor-version":[{"id":6184,"href":"https:\/\/www.naturparkmagazin.de\/stechlin\/wp-json\/wp\/v2\/posts\/6153\/revisions\/6184"}],"wp:featuredmedia":[{"embeddable":true,"href":"https:\/\/www.naturparkmagazin.de\/stechlin\/wp-json\/wp\/v2\/media\/6154"}],"wp:attachment":[{"href":"https:\/\/www.naturparkmagazin.de\/stechlin\/wp-json\/wp\/v2\/media?parent=6153"}],"wp:term":[{"taxonomy":"category","embeddable":true,"href":"https:\/\/www.naturparkmagazin.de\/stechlin\/wp-json\/wp\/v2\/categories?post=6153"},{"taxonomy":"post_tag","embeddable":true,"href":"https:\/\/www.naturparkmagazin.de\/stechlin\/wp-json\/wp\/v2\/tags?post=6153"}],"curies":[{"name":"wp","href":"https:\/\/api.w.org\/{rel}","templated":true}]}}