{"id":6167,"date":"2017-08-22T14:36:38","date_gmt":"2017-08-22T12:36:38","guid":{"rendered":"http:\/\/www.naturparkmagazin.de\/stechlin\/?p=6167"},"modified":"2017-09-04T13:25:01","modified_gmt":"2017-09-04T11:25:01","slug":"joerg-tuemmel-wegbereiter-fuer-grenzenlosen-erlebnisurlaub","status":"publish","type":"post","link":"https:\/\/www.naturparkmagazin.de\/stechlin\/joerg-tuemmel-wegbereiter-fuer-grenzenlosen-erlebnisurlaub\/","title":{"rendered":"J\u00f6rg T\u00fcmmel \u2013 Wegbereiter f\u00fcr grenzenlosen Erlebnisurlaub"},"content":{"rendered":"<div id=\"attachment_6169\" style=\"width: 310px\" class=\"wp-caption aligncenter\"><a href=\"https:\/\/www.naturparkmagazin.de\/stechlin\/wp-content\/uploads\/sites\/38\/T\u00fcmmel-01.jpg\"><img aria-describedby=\"caption-attachment-6169\" decoding=\"async\" loading=\"lazy\" class=\"size-thumbnail wp-image-6169\" src=\"https:\/\/www.naturparkmagazin.de\/stechlin\/wp-content\/uploads\/sites\/38\/T\u00fcmmel-01-300x180.jpg\" alt=\"NP SRL\/Siegurd Seifert\" width=\"300\" height=\"180\" srcset=\"https:\/\/www.naturparkmagazin.de\/stechlin\/wp-content\/uploads\/sites\/38\/T\u00fcmmel-01-300x180.jpg 300w, https:\/\/www.naturparkmagazin.de\/stechlin\/wp-content\/uploads\/sites\/38\/T\u00fcmmel-01.jpg 500w, https:\/\/www.naturparkmagazin.de\/stechlin\/wp-content\/uploads\/sites\/38\/T\u00fcmmel-01-200x120.jpg 200w\" sizes=\"(max-width: 300px) 100vw, 300px\" \/><\/a><p id=\"caption-attachment-6169\" class=\"wp-caption-text\">(Foto: Siegurd Seifert)<\/p><\/div>\n<p>Ein Fehltritt ver\u00e4ndert J\u00f6rg T\u00fcmmels Leben f\u00fcr immer. Bei einem Betriebsausflug 1992 verfehlt der heute 55-J\u00e4hrige den Einstieg zum Sessellift, tritt daneben und st\u00fcrzt fast 15 Meter in die Tiefe. J\u00f6rg T\u00fcmmel erleidet eine Querschnittsl\u00e4hmung. Auch wenn er nun auf einen Rollstuhl angewiesen ist, der Naturliebhaber gibt nicht auf. \u00dcber den Tod denkt er nicht nach, das Leben ist f\u00fcr ihn l\u00e4ngst nicht zu Ende. J\u00f6rg T\u00fcmmel beginnt es neu zu entdecken und gelangt dabei in den Norden Brandenburgs. Mit seinem Rollstuhlsportverein besucht er das Ruppiner Seenland mit Rheinsberg, Lindow, F\u00fcrstenberg. J\u00f6rg T\u00fcmmel verliebt sich sofort in die Sch\u00f6nheit der Landschaft und die Vielfalt der M\u00f6glichkeiten, auch f\u00fcr Rollstuhlfahrer. Hier gibt es alles: Wald, Wasser, Radwege.<\/p>\n<p>Immer wieder zieht ihn die Energie, die er hier besonders sp\u00fcrt, zur\u00fcck ins Brandenburgische. Dabei lebt J\u00f6rg T\u00fcmmel in Bielefeld, wo er Haus und Firma hat. Im Ruppiner Seenland tankt er Kraft f\u00fcr kommende Herausforderungen. Diesen stellt sich J\u00f6rg T\u00fcmmel immer wieder gern. Er will etwas voranbringen, Mut machen und mit Projekten zeigen, dass man sich etwas trauen kann, auch als Rollstuhlfahrer. Und J\u00f6rg T\u00fcmmel traut sich: Mit seiner Lebenspartnerin Simone Schomborg stolpert er bei einem Besuch in Rheinsberg \u00fcber ein Anwesen in Sch\u00f6nbirken. Es ist Liebe auf den ersten Blick. St\u00fcck f\u00fcr St\u00fcck setzen beide ihre Idee vom Erlebnisurlaub um und bauen den heruntergekommenen Landwirtschaftsbetrieb auf dem zwei Hektar gro\u00dfen Grundst\u00fcck zu einer Wohl-F\u00fchl-Oase mit au\u00dfergew\u00f6hnlichen Sportangeboten um, nat\u00fcrlich barrierefrei.<\/p>\n<div id=\"attachment_6170\" style=\"width: 260px\" class=\"wp-caption aligncenter\"><a href=\"https:\/\/www.naturparkmagazin.de\/stechlin\/wp-content\/uploads\/sites\/38\/T\u00fcmmel-2.jpg\"><img aria-describedby=\"caption-attachment-6170\" decoding=\"async\" loading=\"lazy\" class=\"size-full wp-image-6170\" src=\"https:\/\/www.naturparkmagazin.de\/stechlin\/wp-content\/uploads\/sites\/38\/T\u00fcmmel-2.jpg\" alt=\"NP SRL\/Siegurd Seifert\" width=\"250\" height=\"300\" srcset=\"https:\/\/www.naturparkmagazin.de\/stechlin\/wp-content\/uploads\/sites\/38\/T\u00fcmmel-2.jpg 250w, https:\/\/www.naturparkmagazin.de\/stechlin\/wp-content\/uploads\/sites\/38\/T\u00fcmmel-2-200x240.jpg 200w\" sizes=\"(max-width: 250px) 100vw, 250px\" \/><\/a><p id=\"caption-attachment-6170\" class=\"wp-caption-text\">J\u00f6rg T\u00fcmmel und Lebenspartnerin Simone Schomborg (Foto: Siegurd Seifert)<\/p><\/div>\n<p>J\u00f6rg T\u00fcmmel zeigt dabei selbst, was alles m\u00f6glich ist. Ob mit Quad, Buggy, Kanu, Quadrix, im Scooter oder am Steg mit der Angel, ob motorisiert oder mit Akku, ob sportlich oder gem\u00fctlich, f\u00fcr den aktiven Unternehmer gibt es keine Grenzen. Er probiert alles aus, schraubt als Reha-Techniker selbst an Rollst\u00fchlen und Gef\u00e4hrten. Und J\u00f6rg T\u00fcmmel bewegt. In Lindow setzt er sich f\u00fcr die Entwicklung des Tourismus ein, f\u00fcr Inklusion, schafft Angebote f\u00fcr Menschen mit Handicap wie barrierefreie Badestellen. Er ruft ein Rollhockeyturnier ins Leben, bei dem Fu\u00dfg\u00e4nger und Rolli-Fahrer gleicherma\u00dfen in einem Wettkampf um die Pl\u00e4tze k\u00e4mpfen. Das Turnier im August hat in Lindow l\u00e4ngst Kultstatus, ist bekannt weit \u00fcber die Drei-Seen-Stadt hinaus. Auch an der integrativen Laufveranstaltung \u201eAktiv durch das Ruppiner Seenland\u201c, die wieder am 16. September in Menz stattfindet, nimmt er beim Rolli-Rennen regelm\u00e4\u00dfig teil. Dem Projekt hat er vor 12 Jahren mit den Weg bereitet. \u00a0Ans Rasten denkt J\u00f6rg T\u00fcmmel noch lange nicht. Man kann sich \u00fcberraschen lassen, welche Ideen er demn\u00e4chst in die Tat umsetzen wird.<\/p>\n<p>Kontakt: Erlebnisurlaub Sch\u00f6nbirken, Weg nach Sch\u00f6nbirken 3 a, 16835 Vielitzsee, Tel. 033933\/79530, Internet: <a href=\"http:\/\/www.erlebnisurlaub-schoenbirken.de\/\">www.erlebnisurlaub-schoenbirken.de<\/a><\/p>\n<p>&nbsp;<\/p>\n","protected":false},"excerpt":{"rendered":"<p>Ein Fehltritt ver\u00e4ndert J\u00f6rg T\u00fcmmels Leben f\u00fcr immer. Bei einem Betriebsausflug 1992 verfehlt der heute 55-J\u00e4hrige den Einstieg zum Sessellift, tritt daneben und st\u00fcrzt fast 15 Meter in die Tiefe. J\u00f6rg T\u00fcmmel erleidet eine Querschnittsl\u00e4hmung. Auch wenn er nun auf einen Rollstuhl angewiesen ist, der Naturliebhaber gibt nicht auf. \u00dcber den Tod denkt er nicht<\/p>\n","protected":false},"author":39,"featured_media":6168,"comment_status":"open","ping_status":"open","sticky":false,"template":"","format":"standard","meta":[],"categories":[8],"tags":[],"yoast_head":"<!-- This site is optimized with the Yoast SEO plugin v19.10 - https:\/\/yoast.com\/wordpress\/plugins\/seo\/ -->\n<title>J\u00f6rg T\u00fcmmel \u2013 Wegbereiter f\u00fcr grenzenlosen Erlebnisurlaub - Naturpark Stechlin-Ruppiner Land<\/title>\n<meta name=\"robots\" content=\"index, follow, max-snippet:-1, max-image-preview:large, max-video-preview:-1\" \/>\n<link rel=\"canonical\" href=\"https:\/\/www.naturparkmagazin.de\/stechlin\/joerg-tuemmel-wegbereiter-fuer-grenzenlosen-erlebnisurlaub\/\" \/>\n<meta property=\"og:locale\" content=\"de_DE\" \/>\n<meta property=\"og:type\" content=\"article\" \/>\n<meta property=\"og:title\" content=\"J\u00f6rg T\u00fcmmel \u2013 Wegbereiter f\u00fcr grenzenlosen Erlebnisurlaub - Naturpark Stechlin-Ruppiner Land\" \/>\n<meta property=\"og:description\" content=\"Ein Fehltritt ver\u00e4ndert J\u00f6rg T\u00fcmmels Leben f\u00fcr immer. Bei einem Betriebsausflug 1992 verfehlt der heute 55-J\u00e4hrige den Einstieg zum Sessellift, tritt daneben und st\u00fcrzt fast 15 Meter in die Tiefe. J\u00f6rg T\u00fcmmel erleidet eine Querschnittsl\u00e4hmung. Auch wenn er nun auf einen Rollstuhl angewiesen ist, der Naturliebhaber gibt nicht auf. \u00dcber den Tod denkt er nicht\" \/>\n<meta property=\"og:url\" content=\"https:\/\/www.naturparkmagazin.de\/stechlin\/joerg-tuemmel-wegbereiter-fuer-grenzenlosen-erlebnisurlaub\/\" \/>\n<meta property=\"og:site_name\" content=\"Naturpark Stechlin-Ruppiner Land\" \/>\n<meta property=\"article:published_time\" content=\"2017-08-22T12:36:38+00:00\" \/>\n<meta property=\"article:modified_time\" content=\"2017-09-04T11:25:01+00:00\" \/>\n<meta property=\"og:image\" content=\"https:\/\/www.naturparkmagazin.de\/stechlin\/wp-content\/uploads\/sites\/38\/J\u00f6rg-T\u00fcmmel.jpg\" \/>\n\t<meta property=\"og:image:width\" content=\"200\" \/>\n\t<meta property=\"og:image:height\" content=\"200\" \/>\n\t<meta property=\"og:image:type\" content=\"image\/jpeg\" \/>\n<meta name=\"author\" content=\"marioschrumpf\" \/>\n<meta name=\"twitter:label1\" content=\"Verfasst von\" \/>\n\t<meta name=\"twitter:data1\" content=\"marioschrumpf\" \/>\n\t<meta name=\"twitter:label2\" content=\"Gesch\u00e4tzte Lesezeit\" \/>\n\t<meta name=\"twitter:data2\" content=\"3\u00a0Minuten\" \/>\n<script type=\"application\/ld+json\" class=\"yoast-schema-graph\">{\"@context\":\"https:\/\/schema.org\",\"@graph\":[{\"@type\":\"WebPage\",\"@id\":\"https:\/\/www.naturparkmagazin.de\/stechlin\/joerg-tuemmel-wegbereiter-fuer-grenzenlosen-erlebnisurlaub\/\",\"url\":\"https:\/\/www.naturparkmagazin.de\/stechlin\/joerg-tuemmel-wegbereiter-fuer-grenzenlosen-erlebnisurlaub\/\",\"name\":\"J\u00f6rg T\u00fcmmel \u2013 Wegbereiter f\u00fcr grenzenlosen Erlebnisurlaub - Naturpark Stechlin-Ruppiner Land\",\"isPartOf\":{\"@id\":\"https:\/\/www.naturparkmagazin.de\/stechlin\/#website\"},\"datePublished\":\"2017-08-22T12:36:38+00:00\",\"dateModified\":\"2017-09-04T11:25:01+00:00\",\"author\":{\"@id\":\"https:\/\/www.naturparkmagazin.de\/stechlin\/#\/schema\/person\/3f0d93203df21c806dd63c76d9bb28bc\"},\"breadcrumb\":{\"@id\":\"https:\/\/www.naturparkmagazin.de\/stechlin\/joerg-tuemmel-wegbereiter-fuer-grenzenlosen-erlebnisurlaub\/#breadcrumb\"},\"inLanguage\":\"de\",\"potentialAction\":[{\"@type\":\"ReadAction\",\"target\":[\"https:\/\/www.naturparkmagazin.de\/stechlin\/joerg-tuemmel-wegbereiter-fuer-grenzenlosen-erlebnisurlaub\/\"]}]},{\"@type\":\"BreadcrumbList\",\"@id\":\"https:\/\/www.naturparkmagazin.de\/stechlin\/joerg-tuemmel-wegbereiter-fuer-grenzenlosen-erlebnisurlaub\/#breadcrumb\",\"itemListElement\":[{\"@type\":\"ListItem\",\"position\":1,\"name\":\"Home\",\"item\":\"https:\/\/www.naturparkmagazin.de\/stechlin\/\"},{\"@type\":\"ListItem\",\"position\":2,\"name\":\"J\u00f6rg T\u00fcmmel \u2013 Wegbereiter f\u00fcr grenzenlosen Erlebnisurlaub\"}]},{\"@type\":\"WebSite\",\"@id\":\"https:\/\/www.naturparkmagazin.de\/stechlin\/#website\",\"url\":\"https:\/\/www.naturparkmagazin.de\/stechlin\/\",\"name\":\"Naturpark Stechlin-Ruppiner Land\",\"description\":\"\",\"potentialAction\":[{\"@type\":\"SearchAction\",\"target\":{\"@type\":\"EntryPoint\",\"urlTemplate\":\"https:\/\/www.naturparkmagazin.de\/stechlin\/?s={search_term_string}\"},\"query-input\":\"required name=search_term_string\"}],\"inLanguage\":\"de\"},{\"@type\":\"Person\",\"@id\":\"https:\/\/www.naturparkmagazin.de\/stechlin\/#\/schema\/person\/3f0d93203df21c806dd63c76d9bb28bc\",\"name\":\"marioschrumpf\",\"url\":\"https:\/\/www.naturparkmagazin.de\/stechlin\/author\/marioschrumpf\/\"}]}<\/script>\n<!-- \/ Yoast SEO plugin. -->","yoast_head_json":{"title":"J\u00f6rg T\u00fcmmel \u2013 Wegbereiter f\u00fcr grenzenlosen Erlebnisurlaub - Naturpark Stechlin-Ruppiner Land","robots":{"index":"index","follow":"follow","max-snippet":"max-snippet:-1","max-image-preview":"max-image-preview:large","max-video-preview":"max-video-preview:-1"},"canonical":"https:\/\/www.naturparkmagazin.de\/stechlin\/joerg-tuemmel-wegbereiter-fuer-grenzenlosen-erlebnisurlaub\/","og_locale":"de_DE","og_type":"article","og_title":"J\u00f6rg T\u00fcmmel \u2013 Wegbereiter f\u00fcr grenzenlosen Erlebnisurlaub - Naturpark Stechlin-Ruppiner Land","og_description":"Ein Fehltritt ver\u00e4ndert J\u00f6rg T\u00fcmmels Leben f\u00fcr immer. Bei einem Betriebsausflug 1992 verfehlt der heute 55-J\u00e4hrige den Einstieg zum Sessellift, tritt daneben und st\u00fcrzt fast 15 Meter in die Tiefe. J\u00f6rg T\u00fcmmel erleidet eine Querschnittsl\u00e4hmung. Auch wenn er nun auf einen Rollstuhl angewiesen ist, der Naturliebhaber gibt nicht auf. \u00dcber den Tod denkt er nicht","og_url":"https:\/\/www.naturparkmagazin.de\/stechlin\/joerg-tuemmel-wegbereiter-fuer-grenzenlosen-erlebnisurlaub\/","og_site_name":"Naturpark Stechlin-Ruppiner Land","article_published_time":"2017-08-22T12:36:38+00:00","article_modified_time":"2017-09-04T11:25:01+00:00","og_image":[{"width":200,"height":200,"url":"https:\/\/www.naturparkmagazin.de\/stechlin\/wp-content\/uploads\/sites\/38\/J\u00f6rg-T\u00fcmmel.jpg","type":"image\/jpeg"}],"author":"marioschrumpf","twitter_misc":{"Verfasst von":"marioschrumpf","Gesch\u00e4tzte Lesezeit":"3\u00a0Minuten"},"schema":{"@context":"https:\/\/schema.org","@graph":[{"@type":"WebPage","@id":"https:\/\/www.naturparkmagazin.de\/stechlin\/joerg-tuemmel-wegbereiter-fuer-grenzenlosen-erlebnisurlaub\/","url":"https:\/\/www.naturparkmagazin.de\/stechlin\/joerg-tuemmel-wegbereiter-fuer-grenzenlosen-erlebnisurlaub\/","name":"J\u00f6rg T\u00fcmmel \u2013 Wegbereiter f\u00fcr grenzenlosen Erlebnisurlaub - Naturpark Stechlin-Ruppiner Land","isPartOf":{"@id":"https:\/\/www.naturparkmagazin.de\/stechlin\/#website"},"datePublished":"2017-08-22T12:36:38+00:00","dateModified":"2017-09-04T11:25:01+00:00","author":{"@id":"https:\/\/www.naturparkmagazin.de\/stechlin\/#\/schema\/person\/3f0d93203df21c806dd63c76d9bb28bc"},"breadcrumb":{"@id":"https:\/\/www.naturparkmagazin.de\/stechlin\/joerg-tuemmel-wegbereiter-fuer-grenzenlosen-erlebnisurlaub\/#breadcrumb"},"inLanguage":"de","potentialAction":[{"@type":"ReadAction","target":["https:\/\/www.naturparkmagazin.de\/stechlin\/joerg-tuemmel-wegbereiter-fuer-grenzenlosen-erlebnisurlaub\/"]}]},{"@type":"BreadcrumbList","@id":"https:\/\/www.naturparkmagazin.de\/stechlin\/joerg-tuemmel-wegbereiter-fuer-grenzenlosen-erlebnisurlaub\/#breadcrumb","itemListElement":[{"@type":"ListItem","position":1,"name":"Home","item":"https:\/\/www.naturparkmagazin.de\/stechlin\/"},{"@type":"ListItem","position":2,"name":"J\u00f6rg T\u00fcmmel \u2013 Wegbereiter f\u00fcr grenzenlosen Erlebnisurlaub"}]},{"@type":"WebSite","@id":"https:\/\/www.naturparkmagazin.de\/stechlin\/#website","url":"https:\/\/www.naturparkmagazin.de\/stechlin\/","name":"Naturpark Stechlin-Ruppiner Land","description":"","potentialAction":[{"@type":"SearchAction","target":{"@type":"EntryPoint","urlTemplate":"https:\/\/www.naturparkmagazin.de\/stechlin\/?s={search_term_string}"},"query-input":"required name=search_term_string"}],"inLanguage":"de"},{"@type":"Person","@id":"https:\/\/www.naturparkmagazin.de\/stechlin\/#\/schema\/person\/3f0d93203df21c806dd63c76d9bb28bc","name":"marioschrumpf","url":"https:\/\/www.naturparkmagazin.de\/stechlin\/author\/marioschrumpf\/"}]}},"_links":{"self":[{"href":"https:\/\/www.naturparkmagazin.de\/stechlin\/wp-json\/wp\/v2\/posts\/6167"}],"collection":[{"href":"https:\/\/www.naturparkmagazin.de\/stechlin\/wp-json\/wp\/v2\/posts"}],"about":[{"href":"https:\/\/www.naturparkmagazin.de\/stechlin\/wp-json\/wp\/v2\/types\/post"}],"author":[{"embeddable":true,"href":"https:\/\/www.naturparkmagazin.de\/stechlin\/wp-json\/wp\/v2\/users\/39"}],"replies":[{"embeddable":true,"href":"https:\/\/www.naturparkmagazin.de\/stechlin\/wp-json\/wp\/v2\/comments?post=6167"}],"version-history":[{"count":5,"href":"https:\/\/www.naturparkmagazin.de\/stechlin\/wp-json\/wp\/v2\/posts\/6167\/revisions"}],"predecessor-version":[{"id":6195,"href":"https:\/\/www.naturparkmagazin.de\/stechlin\/wp-json\/wp\/v2\/posts\/6167\/revisions\/6195"}],"wp:featuredmedia":[{"embeddable":true,"href":"https:\/\/www.naturparkmagazin.de\/stechlin\/wp-json\/wp\/v2\/media\/6168"}],"wp:attachment":[{"href":"https:\/\/www.naturparkmagazin.de\/stechlin\/wp-json\/wp\/v2\/media?parent=6167"}],"wp:term":[{"taxonomy":"category","embeddable":true,"href":"https:\/\/www.naturparkmagazin.de\/stechlin\/wp-json\/wp\/v2\/categories?post=6167"},{"taxonomy":"post_tag","embeddable":true,"href":"https:\/\/www.naturparkmagazin.de\/stechlin\/wp-json\/wp\/v2\/tags?post=6167"}],"curies":[{"name":"wp","href":"https:\/\/api.w.org\/{rel}","templated":true}]}}