{"id":618,"date":"2014-01-21T15:30:01","date_gmt":"2014-01-21T13:30:01","guid":{"rendered":"http:\/\/www.naturparkmagazin.de\/stechlin\/?p=618"},"modified":"2014-01-27T15:13:57","modified_gmt":"2014-01-27T13:13:57","slug":"die-region-stechlin-ruppiner-land-soll-gentechnikfrei-bleiben","status":"publish","type":"post","link":"https:\/\/www.naturparkmagazin.de\/stechlin\/die-region-stechlin-ruppiner-land-soll-gentechnikfrei-bleiben\/","title":{"rendered":"Die Region Stechlin-Ruppiner Land soll gentechnikfrei bleiben!"},"content":{"rendered":"<p><a href=\"https:\/\/www.naturparkmagazin.de\/stechlin\/wp-content\/uploads\/sites\/38\/k-DSC_00022.jpg\"><img decoding=\"async\" loading=\"lazy\" class=\"size-full wp-image-620 alignleft\" title=\"Kathrin Petersen referiert \u00fcber die Verarbeitung der blauen S\u00fc\u00dflupine.\" alt=\"Kathrin Petersen referiert \u00fcber die Verarbeitung der blauen S\u00fc\u00dflupine.\" src=\"https:\/\/www.naturparkmagazin.de\/stechlin\/wp-content\/uploads\/sites\/38\/k-DSC_00022.jpg\" width=\"320\" height=\"240\" srcset=\"https:\/\/www.naturparkmagazin.de\/stechlin\/wp-content\/uploads\/sites\/38\/k-DSC_00022.jpg 320w, https:\/\/www.naturparkmagazin.de\/stechlin\/wp-content\/uploads\/sites\/38\/k-DSC_00022-300x225.jpg 300w, https:\/\/www.naturparkmagazin.de\/stechlin\/wp-content\/uploads\/sites\/38\/k-DSC_00022-180x135.jpg 180w, https:\/\/www.naturparkmagazin.de\/stechlin\/wp-content\/uploads\/sites\/38\/k-DSC_00022-95x71.jpg 95w, https:\/\/www.naturparkmagazin.de\/stechlin\/wp-content\/uploads\/sites\/38\/k-DSC_00022-200x150.jpg 200w\" sizes=\"(max-width: 320px) 100vw, 320px\" \/><\/a><\/p>\n<p>Ca. 30 Landwirte, Regionalvertreter und Natursch\u00fctzer trafen sich zur 2. Tagung der gentechnikanbaufreien Region Stechlin-Ruppiner Land am 10. Januar in der Regionalwerkstatt Stechlin in Menz.<\/p>\n<p>2006 gr\u00fcndeten 22 Landwirte, ein Fischer und zwei Kirchenvertreter die gentechnikanbaufreie Region zw. der B96, der B167, der A24 und der Mecklenburgischen Landesgrenze. Sie repr\u00e4sentieren eine Fl\u00e4che von ca. 38.000 ha. Wie <strong>Naturparkleiter Dr. Mario Schrumpf<\/strong> stolz betonte, sind alle bis zum heutigen Tage dabei geblieben. Bis auf eine Ausnahme ist die gesamte Region gentechnik-anbaufrei geblieben. Nur ein Betrieb hat 2007 auf einer Fl\u00e4che von unter 5 ha die gentechnisch ver\u00e4nderte Maissorte Mon 810 &#8222;ausprobiert&#8220;.<\/p>\n<p>&nbsp;<\/p>\n<p>Interessiert h\u00f6rten die Teilnehmer den eingeladenen Referenten zu:<\/p>\n<p><strong>Christof Potthof<\/strong>, Mitarbeiter des Gen-ethischen Netzwerks, setzte sich kritisch mit dem Thema Gentechnik in der Landwirtschaft auseinander. Er informierte \u00fcber den aktuellen Stand der politischen und wissenschaftlichen Entwicklungen im Bereich Agro-Gentechnik.<\/p>\n<p><strong>Dr. agr. Matthias Dietze<\/strong>, Mitarbeiter der Landesforschungsanstalt f\u00fcr Fischerei und Landwirtschaft Mecklenburg-Vorpommern, stellte die Eiwei\u00dfstrategie des Bundes sowie ein geplantes Demonstrationsnetzwerk zum Lupinenanbau vor.<\/p>\n<p><strong>Dipl.-Ing. agr. Kathrin Petersen<\/strong>, Gesch\u00e4ftsf\u00fchrerin der Prolupin GmbH aus Mecklenburg Vorpommern stellte Vermarktungs-, Verwertungs- und Absatzm\u00f6glichkeiten der Blauen S\u00fc\u00dflupine als Alternative zur Eiwei\u00dfversorgung mit gentechnisch ver\u00e4ndertem Soja vor.<\/p>\n<p>Am Ende waren sich alle Teilnehmer einig, auch zuk\u00fcnftig gemeinsam daf\u00fcr zu sorgen, dass die Region gentechnikanbaufrei bleibt. Einmal j\u00e4hrlich wollen sich die Akteure dazu treffen, fachlich austauschen und ihre Aktivit\u00e4ten koordinieren.<\/p>\n<p>&nbsp;<\/p>\n","protected":false},"excerpt":{"rendered":"<p>Ca. 30 Landwirte, Regionalvertreter und Natursch\u00fctzer trafen sich zur 2. Tagung der gentechnikanbaufreien Region Stechlin-Ruppiner Land am 10. Januar in der Regionalwerkstatt Stechlin in Menz.<\/p>\n","protected":false},"author":39,"featured_media":619,"comment_status":"open","ping_status":"open","sticky":false,"template":"","format":"standard","meta":[],"categories":[7],"tags":[],"yoast_head":"<!-- This site is optimized with the Yoast SEO plugin v19.10 - https:\/\/yoast.com\/wordpress\/plugins\/seo\/ -->\n<title>Die Region Stechlin-Ruppiner Land soll gentechnikfrei bleiben! - Naturpark Stechlin-Ruppiner Land<\/title>\n<meta name=\"robots\" content=\"index, follow, max-snippet:-1, max-image-preview:large, max-video-preview:-1\" \/>\n<link rel=\"canonical\" href=\"https:\/\/www.naturparkmagazin.de\/stechlin\/die-region-stechlin-ruppiner-land-soll-gentechnikfrei-bleiben\/\" \/>\n<meta property=\"og:locale\" content=\"de_DE\" \/>\n<meta property=\"og:type\" content=\"article\" \/>\n<meta property=\"og:title\" content=\"Die Region Stechlin-Ruppiner Land soll gentechnikfrei bleiben! - Naturpark Stechlin-Ruppiner Land\" \/>\n<meta property=\"og:description\" content=\"Ca. 30 Landwirte, Regionalvertreter und Natursch\u00fctzer trafen sich zur 2. Tagung der gentechnikanbaufreien Region Stechlin-Ruppiner Land am 10. Januar in der Regionalwerkstatt Stechlin in Menz.\" \/>\n<meta property=\"og:url\" content=\"https:\/\/www.naturparkmagazin.de\/stechlin\/die-region-stechlin-ruppiner-land-soll-gentechnikfrei-bleiben\/\" \/>\n<meta property=\"og:site_name\" content=\"Naturpark Stechlin-Ruppiner Land\" \/>\n<meta property=\"article:published_time\" content=\"2014-01-21T13:30:01+00:00\" \/>\n<meta property=\"article:modified_time\" content=\"2014-01-27T13:13:57+00:00\" \/>\n<meta property=\"og:image\" content=\"https:\/\/www.naturparkmagazin.de\/stechlin\/wp-content\/uploads\/sites\/38\/k-DSC_0014.jpg\" \/>\n\t<meta property=\"og:image:width\" content=\"320\" \/>\n\t<meta property=\"og:image:height\" content=\"240\" \/>\n\t<meta property=\"og:image:type\" content=\"image\/jpeg\" \/>\n<meta name=\"author\" content=\"marioschrumpf\" \/>\n<meta name=\"twitter:label1\" content=\"Verfasst von\" \/>\n\t<meta name=\"twitter:data1\" content=\"marioschrumpf\" \/>\n\t<meta name=\"twitter:label2\" content=\"Gesch\u00e4tzte Lesezeit\" \/>\n\t<meta name=\"twitter:data2\" content=\"1\u00a0Minute\" \/>\n<script type=\"application\/ld+json\" class=\"yoast-schema-graph\">{\"@context\":\"https:\/\/schema.org\",\"@graph\":[{\"@type\":\"WebPage\",\"@id\":\"https:\/\/www.naturparkmagazin.de\/stechlin\/die-region-stechlin-ruppiner-land-soll-gentechnikfrei-bleiben\/\",\"url\":\"https:\/\/www.naturparkmagazin.de\/stechlin\/die-region-stechlin-ruppiner-land-soll-gentechnikfrei-bleiben\/\",\"name\":\"Die Region Stechlin-Ruppiner Land soll gentechnikfrei bleiben! - Naturpark Stechlin-Ruppiner Land\",\"isPartOf\":{\"@id\":\"https:\/\/www.naturparkmagazin.de\/stechlin\/#website\"},\"datePublished\":\"2014-01-21T13:30:01+00:00\",\"dateModified\":\"2014-01-27T13:13:57+00:00\",\"author\":{\"@id\":\"https:\/\/www.naturparkmagazin.de\/stechlin\/#\/schema\/person\/3f0d93203df21c806dd63c76d9bb28bc\"},\"breadcrumb\":{\"@id\":\"https:\/\/www.naturparkmagazin.de\/stechlin\/die-region-stechlin-ruppiner-land-soll-gentechnikfrei-bleiben\/#breadcrumb\"},\"inLanguage\":\"de\",\"potentialAction\":[{\"@type\":\"ReadAction\",\"target\":[\"https:\/\/www.naturparkmagazin.de\/stechlin\/die-region-stechlin-ruppiner-land-soll-gentechnikfrei-bleiben\/\"]}]},{\"@type\":\"BreadcrumbList\",\"@id\":\"https:\/\/www.naturparkmagazin.de\/stechlin\/die-region-stechlin-ruppiner-land-soll-gentechnikfrei-bleiben\/#breadcrumb\",\"itemListElement\":[{\"@type\":\"ListItem\",\"position\":1,\"name\":\"Home\",\"item\":\"https:\/\/www.naturparkmagazin.de\/stechlin\/\"},{\"@type\":\"ListItem\",\"position\":2,\"name\":\"Die Region Stechlin-Ruppiner Land soll gentechnikfrei bleiben!\"}]},{\"@type\":\"WebSite\",\"@id\":\"https:\/\/www.naturparkmagazin.de\/stechlin\/#website\",\"url\":\"https:\/\/www.naturparkmagazin.de\/stechlin\/\",\"name\":\"Naturpark Stechlin-Ruppiner Land\",\"description\":\"\",\"potentialAction\":[{\"@type\":\"SearchAction\",\"target\":{\"@type\":\"EntryPoint\",\"urlTemplate\":\"https:\/\/www.naturparkmagazin.de\/stechlin\/?s={search_term_string}\"},\"query-input\":\"required name=search_term_string\"}],\"inLanguage\":\"de\"},{\"@type\":\"Person\",\"@id\":\"https:\/\/www.naturparkmagazin.de\/stechlin\/#\/schema\/person\/3f0d93203df21c806dd63c76d9bb28bc\",\"name\":\"marioschrumpf\",\"url\":\"https:\/\/www.naturparkmagazin.de\/stechlin\/author\/marioschrumpf\/\"}]}<\/script>\n<!-- \/ Yoast SEO plugin. -->","yoast_head_json":{"title":"Die Region Stechlin-Ruppiner Land soll gentechnikfrei bleiben! - Naturpark Stechlin-Ruppiner Land","robots":{"index":"index","follow":"follow","max-snippet":"max-snippet:-1","max-image-preview":"max-image-preview:large","max-video-preview":"max-video-preview:-1"},"canonical":"https:\/\/www.naturparkmagazin.de\/stechlin\/die-region-stechlin-ruppiner-land-soll-gentechnikfrei-bleiben\/","og_locale":"de_DE","og_type":"article","og_title":"Die Region Stechlin-Ruppiner Land soll gentechnikfrei bleiben! - Naturpark Stechlin-Ruppiner Land","og_description":"Ca. 30 Landwirte, Regionalvertreter und Natursch\u00fctzer trafen sich zur 2. Tagung der gentechnikanbaufreien Region Stechlin-Ruppiner Land am 10. Januar in der Regionalwerkstatt Stechlin in Menz.","og_url":"https:\/\/www.naturparkmagazin.de\/stechlin\/die-region-stechlin-ruppiner-land-soll-gentechnikfrei-bleiben\/","og_site_name":"Naturpark Stechlin-Ruppiner Land","article_published_time":"2014-01-21T13:30:01+00:00","article_modified_time":"2014-01-27T13:13:57+00:00","og_image":[{"width":320,"height":240,"url":"https:\/\/www.naturparkmagazin.de\/stechlin\/wp-content\/uploads\/sites\/38\/k-DSC_0014.jpg","type":"image\/jpeg"}],"author":"marioschrumpf","twitter_misc":{"Verfasst von":"marioschrumpf","Gesch\u00e4tzte Lesezeit":"1\u00a0Minute"},"schema":{"@context":"https:\/\/schema.org","@graph":[{"@type":"WebPage","@id":"https:\/\/www.naturparkmagazin.de\/stechlin\/die-region-stechlin-ruppiner-land-soll-gentechnikfrei-bleiben\/","url":"https:\/\/www.naturparkmagazin.de\/stechlin\/die-region-stechlin-ruppiner-land-soll-gentechnikfrei-bleiben\/","name":"Die Region Stechlin-Ruppiner Land soll gentechnikfrei bleiben! - Naturpark Stechlin-Ruppiner Land","isPartOf":{"@id":"https:\/\/www.naturparkmagazin.de\/stechlin\/#website"},"datePublished":"2014-01-21T13:30:01+00:00","dateModified":"2014-01-27T13:13:57+00:00","author":{"@id":"https:\/\/www.naturparkmagazin.de\/stechlin\/#\/schema\/person\/3f0d93203df21c806dd63c76d9bb28bc"},"breadcrumb":{"@id":"https:\/\/www.naturparkmagazin.de\/stechlin\/die-region-stechlin-ruppiner-land-soll-gentechnikfrei-bleiben\/#breadcrumb"},"inLanguage":"de","potentialAction":[{"@type":"ReadAction","target":["https:\/\/www.naturparkmagazin.de\/stechlin\/die-region-stechlin-ruppiner-land-soll-gentechnikfrei-bleiben\/"]}]},{"@type":"BreadcrumbList","@id":"https:\/\/www.naturparkmagazin.de\/stechlin\/die-region-stechlin-ruppiner-land-soll-gentechnikfrei-bleiben\/#breadcrumb","itemListElement":[{"@type":"ListItem","position":1,"name":"Home","item":"https:\/\/www.naturparkmagazin.de\/stechlin\/"},{"@type":"ListItem","position":2,"name":"Die Region Stechlin-Ruppiner Land soll gentechnikfrei bleiben!"}]},{"@type":"WebSite","@id":"https:\/\/www.naturparkmagazin.de\/stechlin\/#website","url":"https:\/\/www.naturparkmagazin.de\/stechlin\/","name":"Naturpark Stechlin-Ruppiner Land","description":"","potentialAction":[{"@type":"SearchAction","target":{"@type":"EntryPoint","urlTemplate":"https:\/\/www.naturparkmagazin.de\/stechlin\/?s={search_term_string}"},"query-input":"required name=search_term_string"}],"inLanguage":"de"},{"@type":"Person","@id":"https:\/\/www.naturparkmagazin.de\/stechlin\/#\/schema\/person\/3f0d93203df21c806dd63c76d9bb28bc","name":"marioschrumpf","url":"https:\/\/www.naturparkmagazin.de\/stechlin\/author\/marioschrumpf\/"}]}},"_links":{"self":[{"href":"https:\/\/www.naturparkmagazin.de\/stechlin\/wp-json\/wp\/v2\/posts\/618"}],"collection":[{"href":"https:\/\/www.naturparkmagazin.de\/stechlin\/wp-json\/wp\/v2\/posts"}],"about":[{"href":"https:\/\/www.naturparkmagazin.de\/stechlin\/wp-json\/wp\/v2\/types\/post"}],"author":[{"embeddable":true,"href":"https:\/\/www.naturparkmagazin.de\/stechlin\/wp-json\/wp\/v2\/users\/39"}],"replies":[{"embeddable":true,"href":"https:\/\/www.naturparkmagazin.de\/stechlin\/wp-json\/wp\/v2\/comments?post=618"}],"version-history":[{"count":5,"href":"https:\/\/www.naturparkmagazin.de\/stechlin\/wp-json\/wp\/v2\/posts\/618\/revisions"}],"predecessor-version":[{"id":644,"href":"https:\/\/www.naturparkmagazin.de\/stechlin\/wp-json\/wp\/v2\/posts\/618\/revisions\/644"}],"wp:featuredmedia":[{"embeddable":true,"href":"https:\/\/www.naturparkmagazin.de\/stechlin\/wp-json\/wp\/v2\/media\/619"}],"wp:attachment":[{"href":"https:\/\/www.naturparkmagazin.de\/stechlin\/wp-json\/wp\/v2\/media?parent=618"}],"wp:term":[{"taxonomy":"category","embeddable":true,"href":"https:\/\/www.naturparkmagazin.de\/stechlin\/wp-json\/wp\/v2\/categories?post=618"},{"taxonomy":"post_tag","embeddable":true,"href":"https:\/\/www.naturparkmagazin.de\/stechlin\/wp-json\/wp\/v2\/tags?post=618"}],"curies":[{"name":"wp","href":"https:\/\/api.w.org\/{rel}","templated":true}]}}