{"id":6196,"date":"2017-09-18T09:12:46","date_gmt":"2017-09-18T07:12:46","guid":{"rendered":"http:\/\/www.naturparkmagazin.de\/stechlin\/?p=6196"},"modified":"2017-09-20T17:44:50","modified_gmt":"2017-09-20T15:44:50","slug":"pressereise-der-tourismus-marketing-brandenburg-tmb","status":"publish","type":"post","link":"https:\/\/www.naturparkmagazin.de\/stechlin\/pressereise-der-tourismus-marketing-brandenburg-tmb\/","title":{"rendered":"Pressereise der Tourismus Marketing Brandenburg (TMB)"},"content":{"rendered":"<div id=\"attachment_6198\" style=\"width: 310px\" class=\"wp-caption aligncenter\"><a href=\"https:\/\/www.naturparkmagazin.de\/stechlin\/wp-content\/uploads\/sites\/38\/TMB-2017_1_51.jpg\"><img aria-describedby=\"caption-attachment-6198\" decoding=\"async\" loading=\"lazy\" class=\"size-thumbnail wp-image-6198\" src=\"https:\/\/www.naturparkmagazin.de\/stechlin\/wp-content\/uploads\/sites\/38\/TMB-2017_1_51-300x180.jpg\" alt=\"Revierf\u00f6rster J\u00f6rg Spr\u00f6\u00dfig zeigt den Wegeverlauf\" width=\"300\" height=\"180\" srcset=\"https:\/\/www.naturparkmagazin.de\/stechlin\/wp-content\/uploads\/sites\/38\/TMB-2017_1_51-300x180.jpg 300w, https:\/\/www.naturparkmagazin.de\/stechlin\/wp-content\/uploads\/sites\/38\/TMB-2017_1_51.jpg 500w, https:\/\/www.naturparkmagazin.de\/stechlin\/wp-content\/uploads\/sites\/38\/TMB-2017_1_51-200x120.jpg 200w\" sizes=\"(max-width: 300px) 100vw, 300px\" \/><\/a><p id=\"caption-attachment-6198\" class=\"wp-caption-text\">Revierf\u00f6rster J\u00f6rg Spr\u00f6\u00dfig zeigt den Wegeverlauf<\/p><\/div>\n<p>Zum Sommerausklang besuchten sieben Journalisteninnen im Rahmen einer Aktivpressereise durch das Ruppiner Seenland unseren Naturpark.<\/p>\n<p>Exkursionsziele waren u. a. der Stechlin, die Menzer Forst, die Wasserstadt F\u00fcrstenberg\/Havel und Menz. Nach einem Besuch im NaturParkHaus Stechlin, dem Besucherzentrum des Naturparks, wurde gewandert. Ziel war der Naturerlebnispfad &#8222;<em>Von Moor zu Moor<\/em>&#8220; mit Start und Ziel am NaturParkHaus.<\/p>\n<div id=\"attachment_6199\" style=\"width: 310px\" class=\"wp-caption aligncenter\"><a href=\"https:\/\/www.naturparkmagazin.de\/stechlin\/wp-content\/uploads\/sites\/38\/TMB_2_57.jpg\"><img aria-describedby=\"caption-attachment-6199\" decoding=\"async\" loading=\"lazy\" class=\"size-thumbnail wp-image-6199\" src=\"https:\/\/www.naturparkmagazin.de\/stechlin\/wp-content\/uploads\/sites\/38\/TMB_2_57-300x180.jpg\" alt=\"Auf dem Moorsteg an der Station &quot;Grubitzwisch&quot;\" width=\"300\" height=\"180\" srcset=\"https:\/\/www.naturparkmagazin.de\/stechlin\/wp-content\/uploads\/sites\/38\/TMB_2_57-300x180.jpg 300w, https:\/\/www.naturparkmagazin.de\/stechlin\/wp-content\/uploads\/sites\/38\/TMB_2_57.jpg 500w, https:\/\/www.naturparkmagazin.de\/stechlin\/wp-content\/uploads\/sites\/38\/TMB_2_57-200x120.jpg 200w\" sizes=\"(max-width: 300px) 100vw, 300px\" \/><\/a><p id=\"caption-attachment-6199\" class=\"wp-caption-text\">Auf dem Moorsteg an der Station &#8222;Grubitzwisch&#8220;<\/p><\/div>\n<p>Der 12 km lange Weg ist der einzige Moorerlebnispfad im Land Brandenburg. Der Initiator des Projektes, Revierf\u00f6rster J\u00f6rg Spr\u00f6\u00dfig, informierte zusammen mit Naturparkleiter Mario Schrumpf \u00fcber das Umweltbildungsprojekt. An f\u00fcnf Stationen k\u00f6nnen Besucher verschiedener Moortypen mit unterschiedlichen Nutzungsformen erleben. So z.B. die Schleusenwiese am Ende des Roofensees, eine Feuchtwiese mit Orchideen. Aufgrund der langj\u00e4hrigen gute Pflege durch den Landesbetrieb Forst Brandenburg hat sich hier der Bestand bl\u00fchender Orchideen von einst 75 auf ca. 10.000 im Mai 2017 erh\u00f6ht. Eine Teilfl\u00e4che wird regelm\u00e4\u00dfig durch die Arbeitsgemeinschaft Junge Naturforscher an der Naturpark-Schule Menz unter Leitung von Ranger Thomas Hahn gepflegt und kartiert.<\/p>\n<div id=\"attachment_6200\" style=\"width: 310px\" class=\"wp-caption aligncenter\"><a href=\"https:\/\/www.naturparkmagazin.de\/stechlin\/wp-content\/uploads\/sites\/38\/TMB_3_61.jpg\"><img aria-describedby=\"caption-attachment-6200\" decoding=\"async\" loading=\"lazy\" class=\"size-thumbnail wp-image-6200\" src=\"https:\/\/www.naturparkmagazin.de\/stechlin\/wp-content\/uploads\/sites\/38\/TMB_3_61-300x180.jpg\" alt=\"Wiedervern\u00e4sstes Moor am Polzowkanal mit Krebsschere\" width=\"300\" height=\"180\" srcset=\"https:\/\/www.naturparkmagazin.de\/stechlin\/wp-content\/uploads\/sites\/38\/TMB_3_61-300x180.jpg 300w, https:\/\/www.naturparkmagazin.de\/stechlin\/wp-content\/uploads\/sites\/38\/TMB_3_61.jpg 500w, https:\/\/www.naturparkmagazin.de\/stechlin\/wp-content\/uploads\/sites\/38\/TMB_3_61-200x120.jpg 200w\" sizes=\"(max-width: 300px) 100vw, 300px\" \/><\/a><p id=\"caption-attachment-6200\" class=\"wp-caption-text\">Wiedervern\u00e4sstes Moor am Polzowkanal mit Krebsschere<\/p><\/div>\n<p>&nbsp;<\/p>\n<p>&nbsp;<\/p>\n","protected":false},"excerpt":{"rendered":"<p>Zum Sommerausklang besuchten sieben Journalisteninnen im Rahmen einer Aktivpressereise durch das Ruppiner Seenland unseren Naturpark.<\/p>\n","protected":false},"author":39,"featured_media":6197,"comment_status":"open","ping_status":"open","sticky":false,"template":"","format":"standard","meta":[],"categories":[7],"tags":[],"yoast_head":"<!-- This site is optimized with the Yoast SEO plugin v19.10 - https:\/\/yoast.com\/wordpress\/plugins\/seo\/ -->\n<title>Pressereise der Tourismus Marketing Brandenburg (TMB) - Naturpark Stechlin-Ruppiner Land<\/title>\n<meta name=\"robots\" content=\"index, follow, max-snippet:-1, max-image-preview:large, max-video-preview:-1\" \/>\n<link rel=\"canonical\" href=\"https:\/\/www.naturparkmagazin.de\/stechlin\/pressereise-der-tourismus-marketing-brandenburg-tmb\/\" \/>\n<meta property=\"og:locale\" content=\"de_DE\" \/>\n<meta property=\"og:type\" content=\"article\" \/>\n<meta property=\"og:title\" content=\"Pressereise der Tourismus Marketing Brandenburg (TMB) - Naturpark Stechlin-Ruppiner Land\" \/>\n<meta property=\"og:description\" content=\"Zum Sommerausklang besuchten sieben Journalisteninnen im Rahmen einer Aktivpressereise durch das Ruppiner Seenland unseren Naturpark.\" \/>\n<meta property=\"og:url\" content=\"https:\/\/www.naturparkmagazin.de\/stechlin\/pressereise-der-tourismus-marketing-brandenburg-tmb\/\" \/>\n<meta property=\"og:site_name\" content=\"Naturpark Stechlin-Ruppiner Land\" \/>\n<meta property=\"article:published_time\" content=\"2017-09-18T07:12:46+00:00\" \/>\n<meta property=\"article:modified_time\" content=\"2017-09-20T15:44:50+00:00\" \/>\n<meta property=\"og:image\" content=\"https:\/\/www.naturparkmagazin.de\/stechlin\/wp-content\/uploads\/sites\/38\/TMB-2017_54.jpg\" \/>\n\t<meta property=\"og:image:width\" content=\"200\" \/>\n\t<meta property=\"og:image:height\" content=\"200\" \/>\n\t<meta property=\"og:image:type\" content=\"image\/jpeg\" \/>\n<meta name=\"author\" content=\"marioschrumpf\" \/>\n<meta name=\"twitter:label1\" content=\"Verfasst von\" \/>\n\t<meta name=\"twitter:data1\" content=\"marioschrumpf\" \/>\n\t<meta name=\"twitter:label2\" content=\"Gesch\u00e4tzte Lesezeit\" \/>\n\t<meta name=\"twitter:data2\" content=\"1\u00a0Minute\" \/>\n<script type=\"application\/ld+json\" class=\"yoast-schema-graph\">{\"@context\":\"https:\/\/schema.org\",\"@graph\":[{\"@type\":\"WebPage\",\"@id\":\"https:\/\/www.naturparkmagazin.de\/stechlin\/pressereise-der-tourismus-marketing-brandenburg-tmb\/\",\"url\":\"https:\/\/www.naturparkmagazin.de\/stechlin\/pressereise-der-tourismus-marketing-brandenburg-tmb\/\",\"name\":\"Pressereise der Tourismus Marketing Brandenburg (TMB) - Naturpark Stechlin-Ruppiner Land\",\"isPartOf\":{\"@id\":\"https:\/\/www.naturparkmagazin.de\/stechlin\/#website\"},\"datePublished\":\"2017-09-18T07:12:46+00:00\",\"dateModified\":\"2017-09-20T15:44:50+00:00\",\"author\":{\"@id\":\"https:\/\/www.naturparkmagazin.de\/stechlin\/#\/schema\/person\/3f0d93203df21c806dd63c76d9bb28bc\"},\"breadcrumb\":{\"@id\":\"https:\/\/www.naturparkmagazin.de\/stechlin\/pressereise-der-tourismus-marketing-brandenburg-tmb\/#breadcrumb\"},\"inLanguage\":\"de\",\"potentialAction\":[{\"@type\":\"ReadAction\",\"target\":[\"https:\/\/www.naturparkmagazin.de\/stechlin\/pressereise-der-tourismus-marketing-brandenburg-tmb\/\"]}]},{\"@type\":\"BreadcrumbList\",\"@id\":\"https:\/\/www.naturparkmagazin.de\/stechlin\/pressereise-der-tourismus-marketing-brandenburg-tmb\/#breadcrumb\",\"itemListElement\":[{\"@type\":\"ListItem\",\"position\":1,\"name\":\"Home\",\"item\":\"https:\/\/www.naturparkmagazin.de\/stechlin\/\"},{\"@type\":\"ListItem\",\"position\":2,\"name\":\"Pressereise der Tourismus Marketing Brandenburg (TMB)\"}]},{\"@type\":\"WebSite\",\"@id\":\"https:\/\/www.naturparkmagazin.de\/stechlin\/#website\",\"url\":\"https:\/\/www.naturparkmagazin.de\/stechlin\/\",\"name\":\"Naturpark Stechlin-Ruppiner Land\",\"description\":\"\",\"potentialAction\":[{\"@type\":\"SearchAction\",\"target\":{\"@type\":\"EntryPoint\",\"urlTemplate\":\"https:\/\/www.naturparkmagazin.de\/stechlin\/?s={search_term_string}\"},\"query-input\":\"required name=search_term_string\"}],\"inLanguage\":\"de\"},{\"@type\":\"Person\",\"@id\":\"https:\/\/www.naturparkmagazin.de\/stechlin\/#\/schema\/person\/3f0d93203df21c806dd63c76d9bb28bc\",\"name\":\"marioschrumpf\",\"url\":\"https:\/\/www.naturparkmagazin.de\/stechlin\/author\/marioschrumpf\/\"}]}<\/script>\n<!-- \/ Yoast SEO plugin. -->","yoast_head_json":{"title":"Pressereise der Tourismus Marketing Brandenburg (TMB) - Naturpark Stechlin-Ruppiner Land","robots":{"index":"index","follow":"follow","max-snippet":"max-snippet:-1","max-image-preview":"max-image-preview:large","max-video-preview":"max-video-preview:-1"},"canonical":"https:\/\/www.naturparkmagazin.de\/stechlin\/pressereise-der-tourismus-marketing-brandenburg-tmb\/","og_locale":"de_DE","og_type":"article","og_title":"Pressereise der Tourismus Marketing Brandenburg (TMB) - Naturpark Stechlin-Ruppiner Land","og_description":"Zum Sommerausklang besuchten sieben Journalisteninnen im Rahmen einer Aktivpressereise durch das Ruppiner Seenland unseren Naturpark.","og_url":"https:\/\/www.naturparkmagazin.de\/stechlin\/pressereise-der-tourismus-marketing-brandenburg-tmb\/","og_site_name":"Naturpark Stechlin-Ruppiner Land","article_published_time":"2017-09-18T07:12:46+00:00","article_modified_time":"2017-09-20T15:44:50+00:00","og_image":[{"width":200,"height":200,"url":"https:\/\/www.naturparkmagazin.de\/stechlin\/wp-content\/uploads\/sites\/38\/TMB-2017_54.jpg","type":"image\/jpeg"}],"author":"marioschrumpf","twitter_misc":{"Verfasst von":"marioschrumpf","Gesch\u00e4tzte Lesezeit":"1\u00a0Minute"},"schema":{"@context":"https:\/\/schema.org","@graph":[{"@type":"WebPage","@id":"https:\/\/www.naturparkmagazin.de\/stechlin\/pressereise-der-tourismus-marketing-brandenburg-tmb\/","url":"https:\/\/www.naturparkmagazin.de\/stechlin\/pressereise-der-tourismus-marketing-brandenburg-tmb\/","name":"Pressereise der Tourismus Marketing Brandenburg (TMB) - Naturpark Stechlin-Ruppiner Land","isPartOf":{"@id":"https:\/\/www.naturparkmagazin.de\/stechlin\/#website"},"datePublished":"2017-09-18T07:12:46+00:00","dateModified":"2017-09-20T15:44:50+00:00","author":{"@id":"https:\/\/www.naturparkmagazin.de\/stechlin\/#\/schema\/person\/3f0d93203df21c806dd63c76d9bb28bc"},"breadcrumb":{"@id":"https:\/\/www.naturparkmagazin.de\/stechlin\/pressereise-der-tourismus-marketing-brandenburg-tmb\/#breadcrumb"},"inLanguage":"de","potentialAction":[{"@type":"ReadAction","target":["https:\/\/www.naturparkmagazin.de\/stechlin\/pressereise-der-tourismus-marketing-brandenburg-tmb\/"]}]},{"@type":"BreadcrumbList","@id":"https:\/\/www.naturparkmagazin.de\/stechlin\/pressereise-der-tourismus-marketing-brandenburg-tmb\/#breadcrumb","itemListElement":[{"@type":"ListItem","position":1,"name":"Home","item":"https:\/\/www.naturparkmagazin.de\/stechlin\/"},{"@type":"ListItem","position":2,"name":"Pressereise der Tourismus Marketing Brandenburg (TMB)"}]},{"@type":"WebSite","@id":"https:\/\/www.naturparkmagazin.de\/stechlin\/#website","url":"https:\/\/www.naturparkmagazin.de\/stechlin\/","name":"Naturpark Stechlin-Ruppiner Land","description":"","potentialAction":[{"@type":"SearchAction","target":{"@type":"EntryPoint","urlTemplate":"https:\/\/www.naturparkmagazin.de\/stechlin\/?s={search_term_string}"},"query-input":"required name=search_term_string"}],"inLanguage":"de"},{"@type":"Person","@id":"https:\/\/www.naturparkmagazin.de\/stechlin\/#\/schema\/person\/3f0d93203df21c806dd63c76d9bb28bc","name":"marioschrumpf","url":"https:\/\/www.naturparkmagazin.de\/stechlin\/author\/marioschrumpf\/"}]}},"_links":{"self":[{"href":"https:\/\/www.naturparkmagazin.de\/stechlin\/wp-json\/wp\/v2\/posts\/6196"}],"collection":[{"href":"https:\/\/www.naturparkmagazin.de\/stechlin\/wp-json\/wp\/v2\/posts"}],"about":[{"href":"https:\/\/www.naturparkmagazin.de\/stechlin\/wp-json\/wp\/v2\/types\/post"}],"author":[{"embeddable":true,"href":"https:\/\/www.naturparkmagazin.de\/stechlin\/wp-json\/wp\/v2\/users\/39"}],"replies":[{"embeddable":true,"href":"https:\/\/www.naturparkmagazin.de\/stechlin\/wp-json\/wp\/v2\/comments?post=6196"}],"version-history":[{"count":3,"href":"https:\/\/www.naturparkmagazin.de\/stechlin\/wp-json\/wp\/v2\/posts\/6196\/revisions"}],"predecessor-version":[{"id":6301,"href":"https:\/\/www.naturparkmagazin.de\/stechlin\/wp-json\/wp\/v2\/posts\/6196\/revisions\/6301"}],"wp:featuredmedia":[{"embeddable":true,"href":"https:\/\/www.naturparkmagazin.de\/stechlin\/wp-json\/wp\/v2\/media\/6197"}],"wp:attachment":[{"href":"https:\/\/www.naturparkmagazin.de\/stechlin\/wp-json\/wp\/v2\/media?parent=6196"}],"wp:term":[{"taxonomy":"category","embeddable":true,"href":"https:\/\/www.naturparkmagazin.de\/stechlin\/wp-json\/wp\/v2\/categories?post=6196"},{"taxonomy":"post_tag","embeddable":true,"href":"https:\/\/www.naturparkmagazin.de\/stechlin\/wp-json\/wp\/v2\/tags?post=6196"}],"curies":[{"name":"wp","href":"https:\/\/api.w.org\/{rel}","templated":true}]}}