{"id":6209,"date":"2017-09-18T10:40:05","date_gmt":"2017-09-18T08:40:05","guid":{"rendered":"http:\/\/www.naturparkmagazin.de\/stechlin\/?p=6209"},"modified":"2017-10-20T10:16:14","modified_gmt":"2017-10-20T08:16:14","slug":"bratnigt-in-altfriesack","status":"publish","type":"post","link":"https:\/\/www.naturparkmagazin.de\/stechlin\/bratnigt-in-altfriesack\/","title":{"rendered":"&#8222;Bat-Night&#8220; in Altfriesack"},"content":{"rendered":"<p>Allj\u00e4hrlich zum Sommerausklang wird seit 1997 am letzten August-Wochenende zur Europ\u00e4ischen Fledermausnacht eingeladen.<\/p>\n<div id=\"attachment_6211\" style=\"width: 310px\" class=\"wp-caption aligncenter\"><a href=\"https:\/\/www.naturparkmagazin.de\/stechlin\/wp-content\/uploads\/sites\/38\/Fledermaus_1_08.jpg\"><img aria-describedby=\"caption-attachment-6211\" decoding=\"async\" loading=\"lazy\" class=\"size-thumbnail wp-image-6211\" src=\"https:\/\/www.naturparkmagazin.de\/stechlin\/wp-content\/uploads\/sites\/38\/Fledermaus_1_08-300x180.jpg\" alt=\"&quot;Kerstin&quot; eine handzahme, flugunf\u00e4hige Fledermaus war der Star des Abends\" width=\"300\" height=\"180\" srcset=\"https:\/\/www.naturparkmagazin.de\/stechlin\/wp-content\/uploads\/sites\/38\/Fledermaus_1_08-300x180.jpg 300w, https:\/\/www.naturparkmagazin.de\/stechlin\/wp-content\/uploads\/sites\/38\/Fledermaus_1_08.jpg 500w, https:\/\/www.naturparkmagazin.de\/stechlin\/wp-content\/uploads\/sites\/38\/Fledermaus_1_08-200x120.jpg 200w\" sizes=\"(max-width: 300px) 100vw, 300px\" \/><\/a><p id=\"caption-attachment-6211\" class=\"wp-caption-text\">&#8222;Kerstin&#8220; eine handzahme, flugunf\u00e4hige Fledermaus war der Star des Abends<\/p><\/div>\n<p>Auch das Landesamt f\u00fcr Umwelt beteiligte sich in diesem Jahr. Die Naturschutzstation Zippelsf\u00f6rde hatte nach Karwe (Altfriesack) an die Teichanlage der Fischerei Pfefferkorn eingeladen.<\/p>\n<p>Zu Beginn wurde ein \u00dcberblick \u00fcber die 19 im Land Brandenburg vorkommenden Arten gegeben.<\/p>\n<div id=\"attachment_6212\" style=\"width: 310px\" class=\"wp-caption aligncenter\"><a href=\"https:\/\/www.naturparkmagazin.de\/stechlin\/wp-content\/uploads\/sites\/38\/Fledermaus_2_15.jpg\"><img aria-describedby=\"caption-attachment-6212\" decoding=\"async\" loading=\"lazy\" class=\"size-thumbnail wp-image-6212\" src=\"https:\/\/www.naturparkmagazin.de\/stechlin\/wp-content\/uploads\/sites\/38\/Fledermaus_2_15-300x180.jpg\" alt=\"Robert Franck untersucht, welche Art im Netz gefangen wurde\" width=\"300\" height=\"180\" srcset=\"https:\/\/www.naturparkmagazin.de\/stechlin\/wp-content\/uploads\/sites\/38\/Fledermaus_2_15-300x180.jpg 300w, https:\/\/www.naturparkmagazin.de\/stechlin\/wp-content\/uploads\/sites\/38\/Fledermaus_2_15.jpg 500w, https:\/\/www.naturparkmagazin.de\/stechlin\/wp-content\/uploads\/sites\/38\/Fledermaus_2_15-200x120.jpg 200w\" sizes=\"(max-width: 300px) 100vw, 300px\" \/><\/a><p id=\"caption-attachment-6212\" class=\"wp-caption-text\">Natur- und Landschaftsf\u00fchrer Robert Franck untersucht, welche Art im Netz gefangen wurde<\/p><\/div>\n<p>Im Anschluss wurde mit Hilfe von Fledermausnetzen und Detektoren versucht, den kleinen Flugakrobaten vor Ort auf die Spur zu kommen. Parallel dazu konnte man sich passend zum Thema mit Fledermausmotiven schminken lassen und bei Fledermausr\u00e4tseln sein Wissen unter Beweis stellen oder verschiedene Bastelangebote rund um die Fledermaus nutzen.<\/p>\n<div id=\"attachment_6213\" style=\"width: 310px\" class=\"wp-caption aligncenter\"><a href=\"https:\/\/www.naturparkmagazin.de\/stechlin\/wp-content\/uploads\/sites\/38\/Fledermaus_3_23.jpg\"><img aria-describedby=\"caption-attachment-6213\" decoding=\"async\" loading=\"lazy\" class=\"size-thumbnail wp-image-6213\" src=\"https:\/\/www.naturparkmagazin.de\/stechlin\/wp-content\/uploads\/sites\/38\/Fledermaus_3_23-300x180.jpg\" alt=\"Dicht umlagert war der Stand von Jana Teubner, die alle 23 gefangenen Flederm\u00e4use beringte.\" width=\"300\" height=\"180\" srcset=\"https:\/\/www.naturparkmagazin.de\/stechlin\/wp-content\/uploads\/sites\/38\/Fledermaus_3_23-300x180.jpg 300w, https:\/\/www.naturparkmagazin.de\/stechlin\/wp-content\/uploads\/sites\/38\/Fledermaus_3_23.jpg 500w, https:\/\/www.naturparkmagazin.de\/stechlin\/wp-content\/uploads\/sites\/38\/Fledermaus_3_23-200x120.jpg 200w\" sizes=\"(max-width: 300px) 100vw, 300px\" \/><\/a><p id=\"caption-attachment-6213\" class=\"wp-caption-text\">Dicht umlagert war der Stand von Jana Teubner, die alle 23 gefangenen Flederm\u00e4use beringte.<\/p><\/div>\n<p>EUROBATS, das Abkommen zur Erhaltung der europ\u00e4ischen Fledermauspopulationen, wurde unter dem Dach der Bonner Konvention zur Erhaltung der wandernden wildlebenden Tierarten entwickelt und\u00a0ist 1994 in Kraft getreten. Ziele des Abkommens sind der Schutz der Arten, ihrer Quartiere und wichtiger Nahrungsgebiete sowie die F\u00f6rderung von \u00d6ffentlichkeitsarbeit und Forschung f\u00fcr den Fledermausschutz. Dazu z\u00e4hlt auch die Entwicklung eines Fledermausmonitorings als wichtige Voraussetzung f\u00fcr Naturschutzplanungen und wirksame Schutzma\u00dfnahmen.<\/p>\n<p>Weitere Informationen vermittelt die Brosch\u00fcre &#8222;Nachtschw\u00e4rmer-Fledermausschutz in Brandenburg&#8220; \u00a0(<a href=\"http:\/\/www.mlul.de\/n\/nachtschwaermer.pdf\">www.mlul.de\/n\/nachtschwaermer.pdf<\/a>).<\/p>\n","protected":false},"excerpt":{"rendered":"<p>Allj\u00e4hrlich zum Sommerausklang wird seit 1997 am letzten August-Wochenende zur Europ\u00e4ischen Fledermausnacht eingeladen. <\/p>\n","protected":false},"author":39,"featured_media":6210,"comment_status":"open","ping_status":"open","sticky":false,"template":"","format":"standard","meta":[],"categories":[7],"tags":[],"yoast_head":"<!-- This site is optimized with the Yoast SEO plugin v19.10 - https:\/\/yoast.com\/wordpress\/plugins\/seo\/ -->\n<title>&quot;Bat-Night&quot; in Altfriesack - Naturpark Stechlin-Ruppiner Land<\/title>\n<meta name=\"robots\" content=\"index, follow, max-snippet:-1, max-image-preview:large, max-video-preview:-1\" \/>\n<link rel=\"canonical\" href=\"https:\/\/www.naturparkmagazin.de\/stechlin\/bratnigt-in-altfriesack\/\" \/>\n<meta property=\"og:locale\" content=\"de_DE\" \/>\n<meta property=\"og:type\" content=\"article\" \/>\n<meta property=\"og:title\" content=\"&quot;Bat-Night&quot; in Altfriesack - Naturpark Stechlin-Ruppiner Land\" \/>\n<meta property=\"og:description\" content=\"Allj\u00e4hrlich zum Sommerausklang wird seit 1997 am letzten August-Wochenende zur Europ\u00e4ischen Fledermausnacht eingeladen.\" \/>\n<meta property=\"og:url\" content=\"https:\/\/www.naturparkmagazin.de\/stechlin\/bratnigt-in-altfriesack\/\" \/>\n<meta property=\"og:site_name\" content=\"Naturpark Stechlin-Ruppiner Land\" \/>\n<meta property=\"article:published_time\" content=\"2017-09-18T08:40:05+00:00\" \/>\n<meta property=\"article:modified_time\" content=\"2017-10-20T08:16:14+00:00\" \/>\n<meta property=\"og:image\" content=\"https:\/\/www.naturparkmagazin.de\/stechlin\/wp-content\/uploads\/sites\/38\/Fledermaus_47.jpg\" \/>\n\t<meta property=\"og:image:width\" content=\"200\" \/>\n\t<meta property=\"og:image:height\" content=\"200\" \/>\n\t<meta property=\"og:image:type\" content=\"image\/jpeg\" \/>\n<meta name=\"author\" content=\"marioschrumpf\" \/>\n<meta name=\"twitter:label1\" content=\"Verfasst von\" \/>\n\t<meta name=\"twitter:data1\" content=\"marioschrumpf\" \/>\n\t<meta name=\"twitter:label2\" content=\"Gesch\u00e4tzte Lesezeit\" \/>\n\t<meta name=\"twitter:data2\" content=\"1\u00a0Minute\" \/>\n<script type=\"application\/ld+json\" class=\"yoast-schema-graph\">{\"@context\":\"https:\/\/schema.org\",\"@graph\":[{\"@type\":\"WebPage\",\"@id\":\"https:\/\/www.naturparkmagazin.de\/stechlin\/bratnigt-in-altfriesack\/\",\"url\":\"https:\/\/www.naturparkmagazin.de\/stechlin\/bratnigt-in-altfriesack\/\",\"name\":\"\\\"Bat-Night\\\" in Altfriesack - Naturpark Stechlin-Ruppiner Land\",\"isPartOf\":{\"@id\":\"https:\/\/www.naturparkmagazin.de\/stechlin\/#website\"},\"datePublished\":\"2017-09-18T08:40:05+00:00\",\"dateModified\":\"2017-10-20T08:16:14+00:00\",\"author\":{\"@id\":\"https:\/\/www.naturparkmagazin.de\/stechlin\/#\/schema\/person\/3f0d93203df21c806dd63c76d9bb28bc\"},\"breadcrumb\":{\"@id\":\"https:\/\/www.naturparkmagazin.de\/stechlin\/bratnigt-in-altfriesack\/#breadcrumb\"},\"inLanguage\":\"de\",\"potentialAction\":[{\"@type\":\"ReadAction\",\"target\":[\"https:\/\/www.naturparkmagazin.de\/stechlin\/bratnigt-in-altfriesack\/\"]}]},{\"@type\":\"BreadcrumbList\",\"@id\":\"https:\/\/www.naturparkmagazin.de\/stechlin\/bratnigt-in-altfriesack\/#breadcrumb\",\"itemListElement\":[{\"@type\":\"ListItem\",\"position\":1,\"name\":\"Home\",\"item\":\"https:\/\/www.naturparkmagazin.de\/stechlin\/\"},{\"@type\":\"ListItem\",\"position\":2,\"name\":\"&#8222;Bat-Night&#8220; in Altfriesack\"}]},{\"@type\":\"WebSite\",\"@id\":\"https:\/\/www.naturparkmagazin.de\/stechlin\/#website\",\"url\":\"https:\/\/www.naturparkmagazin.de\/stechlin\/\",\"name\":\"Naturpark Stechlin-Ruppiner Land\",\"description\":\"\",\"potentialAction\":[{\"@type\":\"SearchAction\",\"target\":{\"@type\":\"EntryPoint\",\"urlTemplate\":\"https:\/\/www.naturparkmagazin.de\/stechlin\/?s={search_term_string}\"},\"query-input\":\"required name=search_term_string\"}],\"inLanguage\":\"de\"},{\"@type\":\"Person\",\"@id\":\"https:\/\/www.naturparkmagazin.de\/stechlin\/#\/schema\/person\/3f0d93203df21c806dd63c76d9bb28bc\",\"name\":\"marioschrumpf\",\"url\":\"https:\/\/www.naturparkmagazin.de\/stechlin\/author\/marioschrumpf\/\"}]}<\/script>\n<!-- \/ Yoast SEO plugin. -->","yoast_head_json":{"title":"\"Bat-Night\" in Altfriesack - Naturpark Stechlin-Ruppiner Land","robots":{"index":"index","follow":"follow","max-snippet":"max-snippet:-1","max-image-preview":"max-image-preview:large","max-video-preview":"max-video-preview:-1"},"canonical":"https:\/\/www.naturparkmagazin.de\/stechlin\/bratnigt-in-altfriesack\/","og_locale":"de_DE","og_type":"article","og_title":"\"Bat-Night\" in Altfriesack - Naturpark Stechlin-Ruppiner Land","og_description":"Allj\u00e4hrlich zum Sommerausklang wird seit 1997 am letzten August-Wochenende zur Europ\u00e4ischen Fledermausnacht eingeladen.","og_url":"https:\/\/www.naturparkmagazin.de\/stechlin\/bratnigt-in-altfriesack\/","og_site_name":"Naturpark Stechlin-Ruppiner Land","article_published_time":"2017-09-18T08:40:05+00:00","article_modified_time":"2017-10-20T08:16:14+00:00","og_image":[{"width":200,"height":200,"url":"https:\/\/www.naturparkmagazin.de\/stechlin\/wp-content\/uploads\/sites\/38\/Fledermaus_47.jpg","type":"image\/jpeg"}],"author":"marioschrumpf","twitter_misc":{"Verfasst von":"marioschrumpf","Gesch\u00e4tzte Lesezeit":"1\u00a0Minute"},"schema":{"@context":"https:\/\/schema.org","@graph":[{"@type":"WebPage","@id":"https:\/\/www.naturparkmagazin.de\/stechlin\/bratnigt-in-altfriesack\/","url":"https:\/\/www.naturparkmagazin.de\/stechlin\/bratnigt-in-altfriesack\/","name":"\"Bat-Night\" in Altfriesack - Naturpark Stechlin-Ruppiner Land","isPartOf":{"@id":"https:\/\/www.naturparkmagazin.de\/stechlin\/#website"},"datePublished":"2017-09-18T08:40:05+00:00","dateModified":"2017-10-20T08:16:14+00:00","author":{"@id":"https:\/\/www.naturparkmagazin.de\/stechlin\/#\/schema\/person\/3f0d93203df21c806dd63c76d9bb28bc"},"breadcrumb":{"@id":"https:\/\/www.naturparkmagazin.de\/stechlin\/bratnigt-in-altfriesack\/#breadcrumb"},"inLanguage":"de","potentialAction":[{"@type":"ReadAction","target":["https:\/\/www.naturparkmagazin.de\/stechlin\/bratnigt-in-altfriesack\/"]}]},{"@type":"BreadcrumbList","@id":"https:\/\/www.naturparkmagazin.de\/stechlin\/bratnigt-in-altfriesack\/#breadcrumb","itemListElement":[{"@type":"ListItem","position":1,"name":"Home","item":"https:\/\/www.naturparkmagazin.de\/stechlin\/"},{"@type":"ListItem","position":2,"name":"&#8222;Bat-Night&#8220; in Altfriesack"}]},{"@type":"WebSite","@id":"https:\/\/www.naturparkmagazin.de\/stechlin\/#website","url":"https:\/\/www.naturparkmagazin.de\/stechlin\/","name":"Naturpark Stechlin-Ruppiner Land","description":"","potentialAction":[{"@type":"SearchAction","target":{"@type":"EntryPoint","urlTemplate":"https:\/\/www.naturparkmagazin.de\/stechlin\/?s={search_term_string}"},"query-input":"required name=search_term_string"}],"inLanguage":"de"},{"@type":"Person","@id":"https:\/\/www.naturparkmagazin.de\/stechlin\/#\/schema\/person\/3f0d93203df21c806dd63c76d9bb28bc","name":"marioschrumpf","url":"https:\/\/www.naturparkmagazin.de\/stechlin\/author\/marioschrumpf\/"}]}},"_links":{"self":[{"href":"https:\/\/www.naturparkmagazin.de\/stechlin\/wp-json\/wp\/v2\/posts\/6209"}],"collection":[{"href":"https:\/\/www.naturparkmagazin.de\/stechlin\/wp-json\/wp\/v2\/posts"}],"about":[{"href":"https:\/\/www.naturparkmagazin.de\/stechlin\/wp-json\/wp\/v2\/types\/post"}],"author":[{"embeddable":true,"href":"https:\/\/www.naturparkmagazin.de\/stechlin\/wp-json\/wp\/v2\/users\/39"}],"replies":[{"embeddable":true,"href":"https:\/\/www.naturparkmagazin.de\/stechlin\/wp-json\/wp\/v2\/comments?post=6209"}],"version-history":[{"count":5,"href":"https:\/\/www.naturparkmagazin.de\/stechlin\/wp-json\/wp\/v2\/posts\/6209\/revisions"}],"predecessor-version":[{"id":6355,"href":"https:\/\/www.naturparkmagazin.de\/stechlin\/wp-json\/wp\/v2\/posts\/6209\/revisions\/6355"}],"wp:featuredmedia":[{"embeddable":true,"href":"https:\/\/www.naturparkmagazin.de\/stechlin\/wp-json\/wp\/v2\/media\/6210"}],"wp:attachment":[{"href":"https:\/\/www.naturparkmagazin.de\/stechlin\/wp-json\/wp\/v2\/media?parent=6209"}],"wp:term":[{"taxonomy":"category","embeddable":true,"href":"https:\/\/www.naturparkmagazin.de\/stechlin\/wp-json\/wp\/v2\/categories?post=6209"},{"taxonomy":"post_tag","embeddable":true,"href":"https:\/\/www.naturparkmagazin.de\/stechlin\/wp-json\/wp\/v2\/tags?post=6209"}],"curies":[{"name":"wp","href":"https:\/\/api.w.org\/{rel}","templated":true}]}}