{"id":6225,"date":"2017-09-18T09:29:40","date_gmt":"2017-09-18T07:29:40","guid":{"rendered":"http:\/\/www.naturparkmagazin.de\/stechlin\/?p=6225"},"modified":"2017-09-15T15:11:40","modified_gmt":"2017-09-15T13:11:40","slug":"fahrt-ins-naturparkhaus-stechlin-nach-menz","status":"publish","type":"post","link":"https:\/\/www.naturparkmagazin.de\/stechlin\/fahrt-ins-naturparkhaus-stechlin-nach-menz\/","title":{"rendered":"Wir fahren ins NaturParkHaus nach Menz!"},"content":{"rendered":"<p><span style=\"color: #000000;font-family: Calibri\">Wir waren schon ganz aufgeregt, da Gabi, unsere Kinderg\u00e4rtnerin, uns nicht verraten wollte, wo es heute hin geht. Um 9 Uhr kamen dann Frau Steinberg und Frau M\u00f6hl von der Naturwacht und ab ging die Reise. Die letzte Unternehmung bevor wir in die Schule kommen. <\/span><\/p>\n<p><span style=\"color: #000000;font-family: Calibri\"><a href=\"https:\/\/www.naturparkmagazin.de\/stechlin\/wp-content\/uploads\/sites\/38\/Kita_Lindow_1.jpg\"><img decoding=\"async\" loading=\"lazy\" class=\" size-thumbnail wp-image-6229 aligncenter\" src=\"https:\/\/www.naturparkmagazin.de\/stechlin\/wp-content\/uploads\/sites\/38\/Kita_Lindow_1-300x180.jpg\" alt=\"NP SRL\/Karen Steinberg\" width=\"300\" height=\"180\" srcset=\"https:\/\/www.naturparkmagazin.de\/stechlin\/wp-content\/uploads\/sites\/38\/Kita_Lindow_1-300x180.jpg 300w, https:\/\/www.naturparkmagazin.de\/stechlin\/wp-content\/uploads\/sites\/38\/Kita_Lindow_1.jpg 500w, https:\/\/www.naturparkmagazin.de\/stechlin\/wp-content\/uploads\/sites\/38\/Kita_Lindow_1-200x120.jpg 200w\" sizes=\"(max-width: 300px) 100vw, 300px\" \/><\/a>Wir sind ganz sch\u00f6n lange gefahren, bis wir endlich da waren. Als wir ausgestiegen sind, sagte Gabi, dass wir in Menz sind und uns das NaturParkHaus ansehen wollen. Wir waren zuerst alle im Ameisenhaufen, wo alle Holzkugeln in die L\u00f6cher warfen, so lange bis sie unten wieder raus kamen, das war vielleicht ein Gewimmel.<\/span><\/p>\n<p><span style=\"color: #000000;font-family: Calibri\">Dann kam Frau Bartel und erkl\u00e4rte uns welche Holzarten, bei uns im Wald wachsen und was es hier noch alles zu entdecken gibt. Wir waren im Moor, mit dem Fahrstuhl unter Wasser, haben die Fr\u00f6sche belauscht und im Kino die Tiere des Naturparks bewundert. Wir haben auch ausprobiert, solange die Luft anzuhalten, wie die Tiere, wenn sie nach Nahrung tauchen. Ella konnte die Luft solange anhalten, wie der Haubentaucher. <\/span><\/p>\n<p><span style=\"color: #000000;font-family: Calibri\">Danach ging es raus in den Kr\u00e4utergarten, wo viele D\u00fcfte auf uns warteten. Wir durften sogar die blauen Weintrauben kosten, lecker!!!!. Frau Bartel zeigte uns auch eine Kompostkiste mit einer Glasscheibe, wo wir die Regenw\u00fcrmer sehen konnten. Den Barfu\u00dfpfad haben wir nat\u00fcrlich auch ausprobiert, die Kien\u00e4pfel haben ganz sch\u00f6n an unseren F\u00fc\u00dfen gepiekt.<\/span><\/p>\n<div id=\"attachment_6295\" style=\"width: 310px\" class=\"wp-caption aligncenter\"><a href=\"https:\/\/www.naturparkmagazin.de\/stechlin\/wp-content\/uploads\/sites\/38\/Kita-Lindow505.jpg\"><img aria-describedby=\"caption-attachment-6295\" decoding=\"async\" loading=\"lazy\" class=\"size-thumbnail wp-image-6295\" src=\"https:\/\/www.naturparkmagazin.de\/stechlin\/wp-content\/uploads\/sites\/38\/Kita-Lindow505-300x180.jpg\" alt=\"Blick in die Regenwurm-WG\" width=\"300\" height=\"180\" srcset=\"https:\/\/www.naturparkmagazin.de\/stechlin\/wp-content\/uploads\/sites\/38\/Kita-Lindow505-300x180.jpg 300w, https:\/\/www.naturparkmagazin.de\/stechlin\/wp-content\/uploads\/sites\/38\/Kita-Lindow505.jpg 500w, https:\/\/www.naturparkmagazin.de\/stechlin\/wp-content\/uploads\/sites\/38\/Kita-Lindow505-200x120.jpg 200w\" sizes=\"(max-width: 300px) 100vw, 300px\" \/><\/a><p id=\"caption-attachment-6295\" class=\"wp-caption-text\">Blick in die Regenwurm-WG<\/p><\/div>\n<p><span style=\"color: #000000;font-family: Calibri\">Nach so viel Anstrengung duften wir auf den tollen Spielplatz gehen, wo wir ganz oft mit der Seilbahn gefahren sind.<\/span><\/p>\n<p><span style=\"color: #000000;font-family: Calibri\">Nach so viel Abenteuern hatten wir ganz sch\u00f6n gro\u00dfen Hunger, den wir bei einem Picknick am Roofensee bek\u00e4mpften.<\/span><\/p>\n<p><span style=\"color: #000000;font-family: Calibri\">Als wir alle satt waren, sprangen wir in die Fluten des Roofensees. <\/span><\/p>\n<p><span style=\"color: #000000;font-family: Calibri\">Das war ein toller Tag, sc<\/span><span style=\"color: #000000;font-family: Calibri\">hade, dass er so schnell vorbei war!<\/span><\/p>\n<p>&nbsp;<\/p>\n<p><span style=\"color: #000000;font-family: Calibri\">Die Einsch\u00fcler der Kita Lindow<\/span><\/p>\n<p>&nbsp;<\/p>\n","protected":false},"excerpt":{"rendered":"<p>Wir waren schon ganz aufgeregt, da Gabi, unsere Kinderg\u00e4rtnerin, uns nicht verraten wollte, wo es heute hin geht.<\/p>\n","protected":false},"author":39,"featured_media":6294,"comment_status":"open","ping_status":"open","sticky":false,"template":"","format":"standard","meta":[],"categories":[7],"tags":[],"yoast_head":"<!-- This site is optimized with the Yoast SEO plugin v19.10 - https:\/\/yoast.com\/wordpress\/plugins\/seo\/ -->\n<title>Wir fahren ins NaturParkHaus nach Menz! - Naturpark Stechlin-Ruppiner Land<\/title>\n<meta name=\"robots\" content=\"index, follow, max-snippet:-1, max-image-preview:large, max-video-preview:-1\" \/>\n<link rel=\"canonical\" href=\"https:\/\/www.naturparkmagazin.de\/stechlin\/fahrt-ins-naturparkhaus-stechlin-nach-menz\/\" \/>\n<meta property=\"og:locale\" content=\"de_DE\" \/>\n<meta property=\"og:type\" content=\"article\" \/>\n<meta property=\"og:title\" content=\"Wir fahren ins NaturParkHaus nach Menz! - Naturpark Stechlin-Ruppiner Land\" \/>\n<meta property=\"og:description\" content=\"Wir waren schon ganz aufgeregt, da Gabi, unsere Kinderg\u00e4rtnerin, uns nicht verraten wollte, wo es heute hin geht.\" \/>\n<meta property=\"og:url\" content=\"https:\/\/www.naturparkmagazin.de\/stechlin\/fahrt-ins-naturparkhaus-stechlin-nach-menz\/\" \/>\n<meta property=\"og:site_name\" content=\"Naturpark Stechlin-Ruppiner Land\" \/>\n<meta property=\"article:published_time\" content=\"2017-09-18T07:29:40+00:00\" \/>\n<meta property=\"article:modified_time\" content=\"2017-09-15T13:11:40+00:00\" \/>\n<meta property=\"og:image\" content=\"https:\/\/www.naturparkmagazin.de\/stechlin\/wp-content\/uploads\/sites\/38\/Kita-Lindow_2693.jpg\" \/>\n\t<meta property=\"og:image:width\" content=\"200\" \/>\n\t<meta property=\"og:image:height\" content=\"200\" \/>\n\t<meta property=\"og:image:type\" content=\"image\/jpeg\" \/>\n<meta name=\"author\" content=\"marioschrumpf\" \/>\n<meta name=\"twitter:label1\" content=\"Verfasst von\" \/>\n\t<meta name=\"twitter:data1\" content=\"marioschrumpf\" \/>\n\t<meta name=\"twitter:label2\" content=\"Gesch\u00e4tzte Lesezeit\" \/>\n\t<meta name=\"twitter:data2\" content=\"2\u00a0Minuten\" \/>\n<script type=\"application\/ld+json\" class=\"yoast-schema-graph\">{\"@context\":\"https:\/\/schema.org\",\"@graph\":[{\"@type\":\"WebPage\",\"@id\":\"https:\/\/www.naturparkmagazin.de\/stechlin\/fahrt-ins-naturparkhaus-stechlin-nach-menz\/\",\"url\":\"https:\/\/www.naturparkmagazin.de\/stechlin\/fahrt-ins-naturparkhaus-stechlin-nach-menz\/\",\"name\":\"Wir fahren ins NaturParkHaus nach Menz! - Naturpark Stechlin-Ruppiner Land\",\"isPartOf\":{\"@id\":\"https:\/\/www.naturparkmagazin.de\/stechlin\/#website\"},\"datePublished\":\"2017-09-18T07:29:40+00:00\",\"dateModified\":\"2017-09-15T13:11:40+00:00\",\"author\":{\"@id\":\"https:\/\/www.naturparkmagazin.de\/stechlin\/#\/schema\/person\/3f0d93203df21c806dd63c76d9bb28bc\"},\"breadcrumb\":{\"@id\":\"https:\/\/www.naturparkmagazin.de\/stechlin\/fahrt-ins-naturparkhaus-stechlin-nach-menz\/#breadcrumb\"},\"inLanguage\":\"de\",\"potentialAction\":[{\"@type\":\"ReadAction\",\"target\":[\"https:\/\/www.naturparkmagazin.de\/stechlin\/fahrt-ins-naturparkhaus-stechlin-nach-menz\/\"]}]},{\"@type\":\"BreadcrumbList\",\"@id\":\"https:\/\/www.naturparkmagazin.de\/stechlin\/fahrt-ins-naturparkhaus-stechlin-nach-menz\/#breadcrumb\",\"itemListElement\":[{\"@type\":\"ListItem\",\"position\":1,\"name\":\"Home\",\"item\":\"https:\/\/www.naturparkmagazin.de\/stechlin\/\"},{\"@type\":\"ListItem\",\"position\":2,\"name\":\"Wir fahren ins NaturParkHaus nach Menz!\"}]},{\"@type\":\"WebSite\",\"@id\":\"https:\/\/www.naturparkmagazin.de\/stechlin\/#website\",\"url\":\"https:\/\/www.naturparkmagazin.de\/stechlin\/\",\"name\":\"Naturpark Stechlin-Ruppiner Land\",\"description\":\"\",\"potentialAction\":[{\"@type\":\"SearchAction\",\"target\":{\"@type\":\"EntryPoint\",\"urlTemplate\":\"https:\/\/www.naturparkmagazin.de\/stechlin\/?s={search_term_string}\"},\"query-input\":\"required name=search_term_string\"}],\"inLanguage\":\"de\"},{\"@type\":\"Person\",\"@id\":\"https:\/\/www.naturparkmagazin.de\/stechlin\/#\/schema\/person\/3f0d93203df21c806dd63c76d9bb28bc\",\"name\":\"marioschrumpf\",\"url\":\"https:\/\/www.naturparkmagazin.de\/stechlin\/author\/marioschrumpf\/\"}]}<\/script>\n<!-- \/ Yoast SEO plugin. -->","yoast_head_json":{"title":"Wir fahren ins NaturParkHaus nach Menz! - Naturpark Stechlin-Ruppiner Land","robots":{"index":"index","follow":"follow","max-snippet":"max-snippet:-1","max-image-preview":"max-image-preview:large","max-video-preview":"max-video-preview:-1"},"canonical":"https:\/\/www.naturparkmagazin.de\/stechlin\/fahrt-ins-naturparkhaus-stechlin-nach-menz\/","og_locale":"de_DE","og_type":"article","og_title":"Wir fahren ins NaturParkHaus nach Menz! - Naturpark Stechlin-Ruppiner Land","og_description":"Wir waren schon ganz aufgeregt, da Gabi, unsere Kinderg\u00e4rtnerin, uns nicht verraten wollte, wo es heute hin geht.","og_url":"https:\/\/www.naturparkmagazin.de\/stechlin\/fahrt-ins-naturparkhaus-stechlin-nach-menz\/","og_site_name":"Naturpark Stechlin-Ruppiner Land","article_published_time":"2017-09-18T07:29:40+00:00","article_modified_time":"2017-09-15T13:11:40+00:00","og_image":[{"width":200,"height":200,"url":"https:\/\/www.naturparkmagazin.de\/stechlin\/wp-content\/uploads\/sites\/38\/Kita-Lindow_2693.jpg","type":"image\/jpeg"}],"author":"marioschrumpf","twitter_misc":{"Verfasst von":"marioschrumpf","Gesch\u00e4tzte Lesezeit":"2\u00a0Minuten"},"schema":{"@context":"https:\/\/schema.org","@graph":[{"@type":"WebPage","@id":"https:\/\/www.naturparkmagazin.de\/stechlin\/fahrt-ins-naturparkhaus-stechlin-nach-menz\/","url":"https:\/\/www.naturparkmagazin.de\/stechlin\/fahrt-ins-naturparkhaus-stechlin-nach-menz\/","name":"Wir fahren ins NaturParkHaus nach Menz! - Naturpark Stechlin-Ruppiner Land","isPartOf":{"@id":"https:\/\/www.naturparkmagazin.de\/stechlin\/#website"},"datePublished":"2017-09-18T07:29:40+00:00","dateModified":"2017-09-15T13:11:40+00:00","author":{"@id":"https:\/\/www.naturparkmagazin.de\/stechlin\/#\/schema\/person\/3f0d93203df21c806dd63c76d9bb28bc"},"breadcrumb":{"@id":"https:\/\/www.naturparkmagazin.de\/stechlin\/fahrt-ins-naturparkhaus-stechlin-nach-menz\/#breadcrumb"},"inLanguage":"de","potentialAction":[{"@type":"ReadAction","target":["https:\/\/www.naturparkmagazin.de\/stechlin\/fahrt-ins-naturparkhaus-stechlin-nach-menz\/"]}]},{"@type":"BreadcrumbList","@id":"https:\/\/www.naturparkmagazin.de\/stechlin\/fahrt-ins-naturparkhaus-stechlin-nach-menz\/#breadcrumb","itemListElement":[{"@type":"ListItem","position":1,"name":"Home","item":"https:\/\/www.naturparkmagazin.de\/stechlin\/"},{"@type":"ListItem","position":2,"name":"Wir fahren ins NaturParkHaus nach Menz!"}]},{"@type":"WebSite","@id":"https:\/\/www.naturparkmagazin.de\/stechlin\/#website","url":"https:\/\/www.naturparkmagazin.de\/stechlin\/","name":"Naturpark Stechlin-Ruppiner Land","description":"","potentialAction":[{"@type":"SearchAction","target":{"@type":"EntryPoint","urlTemplate":"https:\/\/www.naturparkmagazin.de\/stechlin\/?s={search_term_string}"},"query-input":"required name=search_term_string"}],"inLanguage":"de"},{"@type":"Person","@id":"https:\/\/www.naturparkmagazin.de\/stechlin\/#\/schema\/person\/3f0d93203df21c806dd63c76d9bb28bc","name":"marioschrumpf","url":"https:\/\/www.naturparkmagazin.de\/stechlin\/author\/marioschrumpf\/"}]}},"_links":{"self":[{"href":"https:\/\/www.naturparkmagazin.de\/stechlin\/wp-json\/wp\/v2\/posts\/6225"}],"collection":[{"href":"https:\/\/www.naturparkmagazin.de\/stechlin\/wp-json\/wp\/v2\/posts"}],"about":[{"href":"https:\/\/www.naturparkmagazin.de\/stechlin\/wp-json\/wp\/v2\/types\/post"}],"author":[{"embeddable":true,"href":"https:\/\/www.naturparkmagazin.de\/stechlin\/wp-json\/wp\/v2\/users\/39"}],"replies":[{"embeddable":true,"href":"https:\/\/www.naturparkmagazin.de\/stechlin\/wp-json\/wp\/v2\/comments?post=6225"}],"version-history":[{"count":5,"href":"https:\/\/www.naturparkmagazin.de\/stechlin\/wp-json\/wp\/v2\/posts\/6225\/revisions"}],"predecessor-version":[{"id":6296,"href":"https:\/\/www.naturparkmagazin.de\/stechlin\/wp-json\/wp\/v2\/posts\/6225\/revisions\/6296"}],"wp:featuredmedia":[{"embeddable":true,"href":"https:\/\/www.naturparkmagazin.de\/stechlin\/wp-json\/wp\/v2\/media\/6294"}],"wp:attachment":[{"href":"https:\/\/www.naturparkmagazin.de\/stechlin\/wp-json\/wp\/v2\/media?parent=6225"}],"wp:term":[{"taxonomy":"category","embeddable":true,"href":"https:\/\/www.naturparkmagazin.de\/stechlin\/wp-json\/wp\/v2\/categories?post=6225"},{"taxonomy":"post_tag","embeddable":true,"href":"https:\/\/www.naturparkmagazin.de\/stechlin\/wp-json\/wp\/v2\/tags?post=6225"}],"curies":[{"name":"wp","href":"https:\/\/api.w.org\/{rel}","templated":true}]}}