{"id":6234,"date":"2017-09-18T09:40:51","date_gmt":"2017-09-18T07:40:51","guid":{"rendered":"http:\/\/www.naturparkmagazin.de\/stechlin\/?p=6234"},"modified":"2017-09-20T17:44:00","modified_gmt":"2017-09-20T15:44:00","slug":"revierfoerster-joerg-sproessig-in-ruhestand-verabschiedet","status":"publish","type":"post","link":"https:\/\/www.naturparkmagazin.de\/stechlin\/revierfoerster-joerg-sproessig-in-ruhestand-verabschiedet\/","title":{"rendered":"Menzer Revierf\u00f6rster J\u00f6rg Spr\u00f6\u00dfig in Ruhestand verabschiedet"},"content":{"rendered":"<p>Der Leiter der Oberf\u00f6rsterei Steinf\u00f6rde, Sven Oldorff brachte es auf den Punkt. J\u00f6rg Spr\u00f6\u00dfig ist nicht nur im Landesforstbetrieb, sondern auch im Naturpark &#8222;<em>eine ganz gro\u00dfe Nummer<\/em>&#8222;. Der langj\u00e4hrige Leiter des Revieres Menz wurde Anfang September in den wohlverdienten Ruhestand verabschiedet.<\/p>\n<div id=\"attachment_6232\" style=\"width: 310px\" class=\"wp-caption aligncenter\"><a href=\"https:\/\/www.naturparkmagazin.de\/stechlin\/wp-content\/uploads\/sites\/38\/Spr\u00f6\u00dfig_1_05.jpg\"><img aria-describedby=\"caption-attachment-6232\" decoding=\"async\" loading=\"lazy\" class=\"size-thumbnail wp-image-6232\" src=\"https:\/\/www.naturparkmagazin.de\/stechlin\/wp-content\/uploads\/sites\/38\/Spr\u00f6\u00dfig_1_05-300x180.jpg\" alt=\"Anl\u00e4sslich seiner Verabschiedung hat J\u00f6rg Spr\u00f6\u00dfig dieses Schild zur\u00fcckgegeben.  \" width=\"300\" height=\"180\" srcset=\"https:\/\/www.naturparkmagazin.de\/stechlin\/wp-content\/uploads\/sites\/38\/Spr\u00f6\u00dfig_1_05-300x180.jpg 300w, https:\/\/www.naturparkmagazin.de\/stechlin\/wp-content\/uploads\/sites\/38\/Spr\u00f6\u00dfig_1_05.jpg 500w, https:\/\/www.naturparkmagazin.de\/stechlin\/wp-content\/uploads\/sites\/38\/Spr\u00f6\u00dfig_1_05-200x120.jpg 200w\" sizes=\"(max-width: 300px) 100vw, 300px\" \/><\/a><p id=\"caption-attachment-6232\" class=\"wp-caption-text\">Anl\u00e4sslich seiner Verabschiedung hat J\u00f6rg Spr\u00f6\u00dfig dieses Schild zur\u00fcckgegeben.<\/p><\/div>\n<p>Spr\u00f6\u00dfig lernte das Forsthandwerk von der Pieke auf. Der Ausbildung zum Forstfacharbeiter in der Waldarbeitsschule Kunsterspring folgte nach einigen Jahren der &#8222;<em>Bew\u00e4hrung in der Produktion<\/em>&#8220; als Leiter einer Jugendbrigade, das forstwirtschaftliche Studium in Raben-Steinfeld. Nach erfolgreichem Abschluss kehrte er in den Staatlichen Forstwirtschaftsbetrieb F\u00fcrstenberg\/Havel zur\u00fcck und \u00fcbernahm nach kurzer Zeit das Revier Roofen, sp\u00e4ter in Revier Menz umbenannt. Ihm war verg\u00f6nnt, bis zur Pensionierung 25 Jahre in diesem Revier zu arbeiten.<\/p>\n<div id=\"attachment_6231\" style=\"width: 310px\" class=\"wp-caption aligncenter\"><a href=\"https:\/\/www.naturparkmagazin.de\/stechlin\/wp-content\/uploads\/sites\/38\/Spr\u00f6\u00dfig-2_12.jpg\"><img aria-describedby=\"caption-attachment-6231\" decoding=\"async\" loading=\"lazy\" class=\"size-thumbnail wp-image-6231\" src=\"https:\/\/www.naturparkmagazin.de\/stechlin\/wp-content\/uploads\/sites\/38\/Spr\u00f6\u00dfig-2_12-300x180.jpg\" alt=\"Stolz pr\u00e4sentierte J\u00f6rg Spr\u00f6\u00dfig am Rande einer Kutschfahrt durch sein ehemaliges Revier wichtige waldbauliche Ma\u00dfnahmen, wie diese Eichenverj\u00fcngung unter Kiefer.\" width=\"300\" height=\"180\" srcset=\"https:\/\/www.naturparkmagazin.de\/stechlin\/wp-content\/uploads\/sites\/38\/Spr\u00f6\u00dfig-2_12-300x180.jpg 300w, https:\/\/www.naturparkmagazin.de\/stechlin\/wp-content\/uploads\/sites\/38\/Spr\u00f6\u00dfig-2_12.jpg 500w, https:\/\/www.naturparkmagazin.de\/stechlin\/wp-content\/uploads\/sites\/38\/Spr\u00f6\u00dfig-2_12-200x120.jpg 200w\" sizes=\"(max-width: 300px) 100vw, 300px\" \/><\/a><p id=\"caption-attachment-6231\" class=\"wp-caption-text\">Stolz pr\u00e4sentierte J\u00f6rg Spr\u00f6\u00dfig am Rande einer Kutschfahrt durch sein ehemaliges Revier wichtige waldbauliche Ma\u00dfnahmen, wie diese Eichenverj\u00fcngung unter Kiefer.<\/p><\/div>\n<p>J\u00f6rg Spr\u00f6\u00dfig engagierte sich nach der Wende aktiv f\u00fcr den Waldmoorschutz. Noch heute berichtet er gern vom Zusammentreffen mit Leberecht Jeschke, dem Mitbegr\u00fcnder des Nationalparkprogramms der DDR, in der Wendezeit, der sein Interesse f\u00fcr die Waldmoore, deren Schutz und Wiedervern\u00e4ssung weckte. Wo immer m\u00f6glich sorgte er\u00a0in seinem Revier f\u00fcr den R\u00fcckhalt von Wasser in der Landschaft. Die Moore am Polzowkanal oder am Teufelssee sind noch heute beliebte Exkursionsziele.<\/p>\n<p>Neben den praktischen Naturschutzma\u00dfnahmen ist ihm die Sensibilisierung von G\u00e4sten und Einwohnern f\u00fcr die Sch\u00f6nheiten der Moore, aber auch ihre Empfindlichkeit gegen\u00fcber negativen Ver\u00e4nderungen im Wasserhaushalt ein wichtiges Anliegen. So liegen seine Ideen, dem in Kooperation mit der Hochschule f\u00fcr nachhaltige Entwicklung Eberswalde (HNE) geschaffenen Naturerlebnispfad &#8222;<em>Von Moor zu Moor<\/em>&#8220; zugrunde.<\/p>\n<div id=\"attachment_6230\" style=\"width: 310px\" class=\"wp-caption aligncenter\"><a href=\"https:\/\/www.naturparkmagazin.de\/stechlin\/wp-content\/uploads\/sites\/38\/Spr\u00f6\u00dfig-3_18.jpg\"><img aria-describedby=\"caption-attachment-6230\" decoding=\"async\" loading=\"lazy\" class=\"size-thumbnail wp-image-6230\" src=\"https:\/\/www.naturparkmagazin.de\/stechlin\/wp-content\/uploads\/sites\/38\/Spr\u00f6\u00dfig-3_18-300x180.jpg\" alt=\"Naturparkleiter Mario Schrumpf bedankte sich im Namen aller Mitarbeiter f\u00fcr die gute Zusammenarbeit\" width=\"300\" height=\"180\" srcset=\"https:\/\/www.naturparkmagazin.de\/stechlin\/wp-content\/uploads\/sites\/38\/Spr\u00f6\u00dfig-3_18-300x180.jpg 300w, https:\/\/www.naturparkmagazin.de\/stechlin\/wp-content\/uploads\/sites\/38\/Spr\u00f6\u00dfig-3_18.jpg 500w, https:\/\/www.naturparkmagazin.de\/stechlin\/wp-content\/uploads\/sites\/38\/Spr\u00f6\u00dfig-3_18-200x120.jpg 200w\" sizes=\"(max-width: 300px) 100vw, 300px\" \/><\/a><p id=\"caption-attachment-6230\" class=\"wp-caption-text\">Naturparkleiter Mario Schrumpf bedankte sich im Namen aller Mitarbeiter f\u00fcr die gute Zusammenarbeit<\/p><\/div>\n<p>Im Vorstand des F\u00f6rdervereins &#8222;Naturlandschaft Stechlin und Menzer Heide&#8220; e. V. engagiert sich J\u00f6rg Spr\u00f6\u00dfig f\u00fcr das NaturParkHaus Stechlin in Menz.<\/p>\n<p>Wir hoffen, dass er auch\u00a0als Rentner\u00a0dem Naturpark verbunden bleibt und sich als Freiwilliger der Naturwacht\u00a0sowie im Vorstand des F\u00f6rdervereins weiter engagiert.<\/p>\n<p>Wir w\u00fcnschen Ihm f\u00fcr den neuen Lebensabschnitt alles Gute!<\/p>\n<p>Dr. Mario Schrumpf<\/p>\n","protected":false},"excerpt":{"rendered":"<p>Der Leiter der Oberf\u00f6rsterei Steinf\u00f6rde, Sven Oldorff brachte es auf den Punkt. J\u00f6rg Spr\u00f6\u00dfig ist nicht nur im Landesforstbetrieb, sondern auch im Naturpark &#8222;eine ganz gro\u00dfe Nummer&#8220;. <\/p>\n","protected":false},"author":39,"featured_media":6227,"comment_status":"open","ping_status":"open","sticky":false,"template":"","format":"standard","meta":[],"categories":[8],"tags":[],"yoast_head":"<!-- This site is optimized with the Yoast SEO plugin v19.10 - https:\/\/yoast.com\/wordpress\/plugins\/seo\/ -->\n<title>Menzer Revierf\u00f6rster J\u00f6rg Spr\u00f6\u00dfig in Ruhestand verabschiedet - Naturpark Stechlin-Ruppiner Land<\/title>\n<meta name=\"robots\" content=\"index, follow, max-snippet:-1, max-image-preview:large, max-video-preview:-1\" \/>\n<link rel=\"canonical\" href=\"https:\/\/www.naturparkmagazin.de\/stechlin\/revierfoerster-joerg-sproessig-in-ruhestand-verabschiedet\/\" \/>\n<meta property=\"og:locale\" content=\"de_DE\" \/>\n<meta property=\"og:type\" content=\"article\" \/>\n<meta property=\"og:title\" content=\"Menzer Revierf\u00f6rster J\u00f6rg Spr\u00f6\u00dfig in Ruhestand verabschiedet - Naturpark Stechlin-Ruppiner Land\" \/>\n<meta property=\"og:description\" content=\"Der Leiter der Oberf\u00f6rsterei Steinf\u00f6rde, Sven Oldorff brachte es auf den Punkt. J\u00f6rg Spr\u00f6\u00dfig ist nicht nur im Landesforstbetrieb, sondern auch im Naturpark &quot;eine ganz gro\u00dfe Nummer&quot;.\" \/>\n<meta property=\"og:url\" content=\"https:\/\/www.naturparkmagazin.de\/stechlin\/revierfoerster-joerg-sproessig-in-ruhestand-verabschiedet\/\" \/>\n<meta property=\"og:site_name\" content=\"Naturpark Stechlin-Ruppiner Land\" \/>\n<meta property=\"article:published_time\" content=\"2017-09-18T07:40:51+00:00\" \/>\n<meta property=\"article:modified_time\" content=\"2017-09-20T15:44:00+00:00\" \/>\n<meta property=\"og:image\" content=\"https:\/\/www.naturparkmagazin.de\/stechlin\/wp-content\/uploads\/sites\/38\/Spr\u00f6\u00dfig_11.jpg\" \/>\n\t<meta property=\"og:image:width\" content=\"200\" \/>\n\t<meta property=\"og:image:height\" content=\"200\" \/>\n\t<meta property=\"og:image:type\" content=\"image\/jpeg\" \/>\n<meta name=\"author\" content=\"marioschrumpf\" \/>\n<meta name=\"twitter:label1\" content=\"Verfasst von\" \/>\n\t<meta name=\"twitter:data1\" content=\"marioschrumpf\" \/>\n\t<meta name=\"twitter:label2\" content=\"Gesch\u00e4tzte Lesezeit\" \/>\n\t<meta name=\"twitter:data2\" content=\"2\u00a0Minuten\" \/>\n<script type=\"application\/ld+json\" class=\"yoast-schema-graph\">{\"@context\":\"https:\/\/schema.org\",\"@graph\":[{\"@type\":\"WebPage\",\"@id\":\"https:\/\/www.naturparkmagazin.de\/stechlin\/revierfoerster-joerg-sproessig-in-ruhestand-verabschiedet\/\",\"url\":\"https:\/\/www.naturparkmagazin.de\/stechlin\/revierfoerster-joerg-sproessig-in-ruhestand-verabschiedet\/\",\"name\":\"Menzer Revierf\u00f6rster J\u00f6rg Spr\u00f6\u00dfig in Ruhestand verabschiedet - Naturpark Stechlin-Ruppiner Land\",\"isPartOf\":{\"@id\":\"https:\/\/www.naturparkmagazin.de\/stechlin\/#website\"},\"datePublished\":\"2017-09-18T07:40:51+00:00\",\"dateModified\":\"2017-09-20T15:44:00+00:00\",\"author\":{\"@id\":\"https:\/\/www.naturparkmagazin.de\/stechlin\/#\/schema\/person\/3f0d93203df21c806dd63c76d9bb28bc\"},\"breadcrumb\":{\"@id\":\"https:\/\/www.naturparkmagazin.de\/stechlin\/revierfoerster-joerg-sproessig-in-ruhestand-verabschiedet\/#breadcrumb\"},\"inLanguage\":\"de\",\"potentialAction\":[{\"@type\":\"ReadAction\",\"target\":[\"https:\/\/www.naturparkmagazin.de\/stechlin\/revierfoerster-joerg-sproessig-in-ruhestand-verabschiedet\/\"]}]},{\"@type\":\"BreadcrumbList\",\"@id\":\"https:\/\/www.naturparkmagazin.de\/stechlin\/revierfoerster-joerg-sproessig-in-ruhestand-verabschiedet\/#breadcrumb\",\"itemListElement\":[{\"@type\":\"ListItem\",\"position\":1,\"name\":\"Home\",\"item\":\"https:\/\/www.naturparkmagazin.de\/stechlin\/\"},{\"@type\":\"ListItem\",\"position\":2,\"name\":\"Menzer Revierf\u00f6rster J\u00f6rg Spr\u00f6\u00dfig in Ruhestand verabschiedet\"}]},{\"@type\":\"WebSite\",\"@id\":\"https:\/\/www.naturparkmagazin.de\/stechlin\/#website\",\"url\":\"https:\/\/www.naturparkmagazin.de\/stechlin\/\",\"name\":\"Naturpark Stechlin-Ruppiner Land\",\"description\":\"\",\"potentialAction\":[{\"@type\":\"SearchAction\",\"target\":{\"@type\":\"EntryPoint\",\"urlTemplate\":\"https:\/\/www.naturparkmagazin.de\/stechlin\/?s={search_term_string}\"},\"query-input\":\"required name=search_term_string\"}],\"inLanguage\":\"de\"},{\"@type\":\"Person\",\"@id\":\"https:\/\/www.naturparkmagazin.de\/stechlin\/#\/schema\/person\/3f0d93203df21c806dd63c76d9bb28bc\",\"name\":\"marioschrumpf\",\"url\":\"https:\/\/www.naturparkmagazin.de\/stechlin\/author\/marioschrumpf\/\"}]}<\/script>\n<!-- \/ Yoast SEO plugin. -->","yoast_head_json":{"title":"Menzer Revierf\u00f6rster J\u00f6rg Spr\u00f6\u00dfig in Ruhestand verabschiedet - Naturpark Stechlin-Ruppiner Land","robots":{"index":"index","follow":"follow","max-snippet":"max-snippet:-1","max-image-preview":"max-image-preview:large","max-video-preview":"max-video-preview:-1"},"canonical":"https:\/\/www.naturparkmagazin.de\/stechlin\/revierfoerster-joerg-sproessig-in-ruhestand-verabschiedet\/","og_locale":"de_DE","og_type":"article","og_title":"Menzer Revierf\u00f6rster J\u00f6rg Spr\u00f6\u00dfig in Ruhestand verabschiedet - Naturpark Stechlin-Ruppiner Land","og_description":"Der Leiter der Oberf\u00f6rsterei Steinf\u00f6rde, Sven Oldorff brachte es auf den Punkt. J\u00f6rg Spr\u00f6\u00dfig ist nicht nur im Landesforstbetrieb, sondern auch im Naturpark \"eine ganz gro\u00dfe Nummer\".","og_url":"https:\/\/www.naturparkmagazin.de\/stechlin\/revierfoerster-joerg-sproessig-in-ruhestand-verabschiedet\/","og_site_name":"Naturpark Stechlin-Ruppiner Land","article_published_time":"2017-09-18T07:40:51+00:00","article_modified_time":"2017-09-20T15:44:00+00:00","og_image":[{"width":200,"height":200,"url":"https:\/\/www.naturparkmagazin.de\/stechlin\/wp-content\/uploads\/sites\/38\/Spr\u00f6\u00dfig_11.jpg","type":"image\/jpeg"}],"author":"marioschrumpf","twitter_misc":{"Verfasst von":"marioschrumpf","Gesch\u00e4tzte Lesezeit":"2\u00a0Minuten"},"schema":{"@context":"https:\/\/schema.org","@graph":[{"@type":"WebPage","@id":"https:\/\/www.naturparkmagazin.de\/stechlin\/revierfoerster-joerg-sproessig-in-ruhestand-verabschiedet\/","url":"https:\/\/www.naturparkmagazin.de\/stechlin\/revierfoerster-joerg-sproessig-in-ruhestand-verabschiedet\/","name":"Menzer Revierf\u00f6rster J\u00f6rg Spr\u00f6\u00dfig in Ruhestand verabschiedet - Naturpark Stechlin-Ruppiner Land","isPartOf":{"@id":"https:\/\/www.naturparkmagazin.de\/stechlin\/#website"},"datePublished":"2017-09-18T07:40:51+00:00","dateModified":"2017-09-20T15:44:00+00:00","author":{"@id":"https:\/\/www.naturparkmagazin.de\/stechlin\/#\/schema\/person\/3f0d93203df21c806dd63c76d9bb28bc"},"breadcrumb":{"@id":"https:\/\/www.naturparkmagazin.de\/stechlin\/revierfoerster-joerg-sproessig-in-ruhestand-verabschiedet\/#breadcrumb"},"inLanguage":"de","potentialAction":[{"@type":"ReadAction","target":["https:\/\/www.naturparkmagazin.de\/stechlin\/revierfoerster-joerg-sproessig-in-ruhestand-verabschiedet\/"]}]},{"@type":"BreadcrumbList","@id":"https:\/\/www.naturparkmagazin.de\/stechlin\/revierfoerster-joerg-sproessig-in-ruhestand-verabschiedet\/#breadcrumb","itemListElement":[{"@type":"ListItem","position":1,"name":"Home","item":"https:\/\/www.naturparkmagazin.de\/stechlin\/"},{"@type":"ListItem","position":2,"name":"Menzer Revierf\u00f6rster J\u00f6rg Spr\u00f6\u00dfig in Ruhestand verabschiedet"}]},{"@type":"WebSite","@id":"https:\/\/www.naturparkmagazin.de\/stechlin\/#website","url":"https:\/\/www.naturparkmagazin.de\/stechlin\/","name":"Naturpark Stechlin-Ruppiner Land","description":"","potentialAction":[{"@type":"SearchAction","target":{"@type":"EntryPoint","urlTemplate":"https:\/\/www.naturparkmagazin.de\/stechlin\/?s={search_term_string}"},"query-input":"required name=search_term_string"}],"inLanguage":"de"},{"@type":"Person","@id":"https:\/\/www.naturparkmagazin.de\/stechlin\/#\/schema\/person\/3f0d93203df21c806dd63c76d9bb28bc","name":"marioschrumpf","url":"https:\/\/www.naturparkmagazin.de\/stechlin\/author\/marioschrumpf\/"}]}},"_links":{"self":[{"href":"https:\/\/www.naturparkmagazin.de\/stechlin\/wp-json\/wp\/v2\/posts\/6234"}],"collection":[{"href":"https:\/\/www.naturparkmagazin.de\/stechlin\/wp-json\/wp\/v2\/posts"}],"about":[{"href":"https:\/\/www.naturparkmagazin.de\/stechlin\/wp-json\/wp\/v2\/types\/post"}],"author":[{"embeddable":true,"href":"https:\/\/www.naturparkmagazin.de\/stechlin\/wp-json\/wp\/v2\/users\/39"}],"replies":[{"embeddable":true,"href":"https:\/\/www.naturparkmagazin.de\/stechlin\/wp-json\/wp\/v2\/comments?post=6234"}],"version-history":[{"count":7,"href":"https:\/\/www.naturparkmagazin.de\/stechlin\/wp-json\/wp\/v2\/posts\/6234\/revisions"}],"predecessor-version":[{"id":6300,"href":"https:\/\/www.naturparkmagazin.de\/stechlin\/wp-json\/wp\/v2\/posts\/6234\/revisions\/6300"}],"wp:featuredmedia":[{"embeddable":true,"href":"https:\/\/www.naturparkmagazin.de\/stechlin\/wp-json\/wp\/v2\/media\/6227"}],"wp:attachment":[{"href":"https:\/\/www.naturparkmagazin.de\/stechlin\/wp-json\/wp\/v2\/media?parent=6234"}],"wp:term":[{"taxonomy":"category","embeddable":true,"href":"https:\/\/www.naturparkmagazin.de\/stechlin\/wp-json\/wp\/v2\/categories?post=6234"},{"taxonomy":"post_tag","embeddable":true,"href":"https:\/\/www.naturparkmagazin.de\/stechlin\/wp-json\/wp\/v2\/tags?post=6234"}],"curies":[{"name":"wp","href":"https:\/\/api.w.org\/{rel}","templated":true}]}}