{"id":6246,"date":"2017-09-18T09:30:05","date_gmt":"2017-09-18T07:30:05","guid":{"rendered":"http:\/\/www.naturparkmagazin.de\/stechlin\/?p=6246"},"modified":"2017-09-15T14:48:52","modified_gmt":"2017-09-15T12:48:52","slug":"gemeinsam-fuer-den-umweltschutz","status":"publish","type":"post","link":"https:\/\/www.naturparkmagazin.de\/stechlin\/gemeinsam-fuer-den-umweltschutz\/","title":{"rendered":"Gemeinsam f\u00fcr den Umweltschutz"},"content":{"rendered":"<div id=\"attachment_6250\" style=\"width: 310px\" class=\"wp-caption aligncenter\"><a href=\"https:\/\/www.naturparkmagazin.de\/stechlin\/wp-content\/uploads\/sites\/38\/Azubi-2017_47.jpg\"><img aria-describedby=\"caption-attachment-6250\" decoding=\"async\" loading=\"lazy\" class=\"size-thumbnail wp-image-6250\" src=\"https:\/\/www.naturparkmagazin.de\/stechlin\/wp-content\/uploads\/sites\/38\/Azubi-2017_47-300x180.jpg\" alt=\"Gruppenfoto vor Infotafel\" width=\"300\" height=\"180\" srcset=\"https:\/\/www.naturparkmagazin.de\/stechlin\/wp-content\/uploads\/sites\/38\/Azubi-2017_47-300x180.jpg 300w, https:\/\/www.naturparkmagazin.de\/stechlin\/wp-content\/uploads\/sites\/38\/Azubi-2017_47.jpg 500w, https:\/\/www.naturparkmagazin.de\/stechlin\/wp-content\/uploads\/sites\/38\/Azubi-2017_47-200x120.jpg 200w\" sizes=\"(max-width: 300px) 100vw, 300px\" \/><\/a><p id=\"caption-attachment-6250\" class=\"wp-caption-text\">Gruppenfoto vor Infotafel<\/p><\/div>\n<p>Vom 4.\u00a0&#8211; 6. September fanden im Naturpark Stechlin-Ruppiner Land die Azubi-Projekttage der Piepenbrock Unternehmensgruppe statt. Bei der sechsten Auflage der Veranstaltung im unternehmenseigenen Forst Rheinshagen standen erneut Nachhaltigkeit und Umweltschutz im Fokus. Sieben Auszubildende aus den Fachgebieten Geb\u00e4udereinigung und Sicherheit informierten sich \u00fcber die dahingehenden Aktivit\u00e4ten ihres Ausbildungsunternehmens und leisteten auch selbst ihren Beitrag im Naturschutzgebiet Rheinsberger Rhin und Hellberge.<\/p>\n<div id=\"attachment_6249\" style=\"width: 310px\" class=\"wp-caption aligncenter\"><a href=\"https:\/\/www.naturparkmagazin.de\/stechlin\/wp-content\/uploads\/sites\/38\/Azubi-2017_18.jpg\"><img aria-describedby=\"caption-attachment-6249\" decoding=\"async\" loading=\"lazy\" class=\"size-thumbnail wp-image-6249\" src=\"https:\/\/www.naturparkmagazin.de\/stechlin\/wp-content\/uploads\/sites\/38\/Azubi-2017_18-300x180.jpg\" alt=\"Die Sandheide erstreckt sich \u00fcber 9 Hektar.\" width=\"300\" height=\"180\" srcset=\"https:\/\/www.naturparkmagazin.de\/stechlin\/wp-content\/uploads\/sites\/38\/Azubi-2017_18-300x180.jpg 300w, https:\/\/www.naturparkmagazin.de\/stechlin\/wp-content\/uploads\/sites\/38\/Azubi-2017_18.jpg 500w, https:\/\/www.naturparkmagazin.de\/stechlin\/wp-content\/uploads\/sites\/38\/Azubi-2017_18-200x120.jpg 200w\" sizes=\"(max-width: 300px) 100vw, 300px\" \/><\/a><p id=\"caption-attachment-6249\" class=\"wp-caption-text\">Die europaweit entsprechend FFH-Richtlinie gesch\u00fctzte Sandheide erstreckt sich \u00fcber 9 Hektar.<\/p><\/div>\n<p>Bereits seit einigen Jahren laden Piepenbrock und der Naturpark Auszubildende in den Unternehmensforst ein, um die nachhaltigen Aktivit\u00e4ten des Geb\u00e4udedienstleisters kennenzulernen. Daf\u00fcr wurde Piepenbrock und der Naturpark bereits zweimal als \u201e<em>Projekt der UN-Dekade Biologische Vielfalt<\/em>\u201c ausgezeichnet.<\/p>\n<div id=\"attachment_6248\" style=\"width: 310px\" class=\"wp-caption alignleft\"><a href=\"https:\/\/www.naturparkmagazin.de\/stechlin\/wp-content\/uploads\/sites\/38\/Azubi-2017_06.jpg\"><img aria-describedby=\"caption-attachment-6248\" decoding=\"async\" loading=\"lazy\" class=\"size-thumbnail wp-image-6248\" src=\"https:\/\/www.naturparkmagazin.de\/stechlin\/wp-content\/uploads\/sites\/38\/Azubi-2017_06-300x180.jpg\" alt=\"Die angesamten Kiefern wurden herausgezogen.\" width=\"300\" height=\"180\" srcset=\"https:\/\/www.naturparkmagazin.de\/stechlin\/wp-content\/uploads\/sites\/38\/Azubi-2017_06-300x180.jpg 300w, https:\/\/www.naturparkmagazin.de\/stechlin\/wp-content\/uploads\/sites\/38\/Azubi-2017_06.jpg 500w, https:\/\/www.naturparkmagazin.de\/stechlin\/wp-content\/uploads\/sites\/38\/Azubi-2017_06-200x120.jpg 200w\" sizes=\"(max-width: 300px) 100vw, 300px\" \/><\/a><p id=\"caption-attachment-6248\" class=\"wp-caption-text\">Die angesamten Kiefern wurden herausgezogen.<\/p><\/div>\n<p>&nbsp;<\/p>\n","protected":false},"excerpt":{"rendered":"<p>Vom 4. &#8211; 6. September fanden im Naturpark Stechlin-Ruppiner Land die Azubi-Projekttage der Piepenbrock Unternehmensgruppe statt. <\/p>\n","protected":false},"author":39,"featured_media":6247,"comment_status":"open","ping_status":"open","sticky":false,"template":"","format":"standard","meta":[],"categories":[7],"tags":[],"yoast_head":"<!-- This site is optimized with the Yoast SEO plugin v19.10 - https:\/\/yoast.com\/wordpress\/plugins\/seo\/ -->\n<title>Gemeinsam f\u00fcr den Umweltschutz - Naturpark Stechlin-Ruppiner Land<\/title>\n<meta name=\"robots\" content=\"index, follow, max-snippet:-1, max-image-preview:large, max-video-preview:-1\" \/>\n<link rel=\"canonical\" href=\"https:\/\/www.naturparkmagazin.de\/stechlin\/gemeinsam-fuer-den-umweltschutz\/\" \/>\n<meta property=\"og:locale\" content=\"de_DE\" \/>\n<meta property=\"og:type\" content=\"article\" \/>\n<meta property=\"og:title\" content=\"Gemeinsam f\u00fcr den Umweltschutz - Naturpark Stechlin-Ruppiner Land\" \/>\n<meta property=\"og:description\" content=\"Vom 4. - 6. September fanden im Naturpark Stechlin-Ruppiner Land die Azubi-Projekttage der Piepenbrock Unternehmensgruppe statt.\" \/>\n<meta property=\"og:url\" content=\"https:\/\/www.naturparkmagazin.de\/stechlin\/gemeinsam-fuer-den-umweltschutz\/\" \/>\n<meta property=\"og:site_name\" content=\"Naturpark Stechlin-Ruppiner Land\" \/>\n<meta property=\"article:published_time\" content=\"2017-09-18T07:30:05+00:00\" \/>\n<meta property=\"article:modified_time\" content=\"2017-09-15T12:48:52+00:00\" \/>\n<meta property=\"og:image\" content=\"https:\/\/www.naturparkmagazin.de\/stechlin\/wp-content\/uploads\/sites\/38\/Azubi-2017_13.jpg\" \/>\n\t<meta property=\"og:image:width\" content=\"200\" \/>\n\t<meta property=\"og:image:height\" content=\"200\" \/>\n\t<meta property=\"og:image:type\" content=\"image\/jpeg\" \/>\n<meta name=\"author\" content=\"marioschrumpf\" \/>\n<meta name=\"twitter:label1\" content=\"Verfasst von\" \/>\n\t<meta name=\"twitter:data1\" content=\"marioschrumpf\" \/>\n\t<meta name=\"twitter:label2\" content=\"Gesch\u00e4tzte Lesezeit\" \/>\n\t<meta name=\"twitter:data2\" content=\"1\u00a0Minute\" \/>\n<script type=\"application\/ld+json\" class=\"yoast-schema-graph\">{\"@context\":\"https:\/\/schema.org\",\"@graph\":[{\"@type\":\"WebPage\",\"@id\":\"https:\/\/www.naturparkmagazin.de\/stechlin\/gemeinsam-fuer-den-umweltschutz\/\",\"url\":\"https:\/\/www.naturparkmagazin.de\/stechlin\/gemeinsam-fuer-den-umweltschutz\/\",\"name\":\"Gemeinsam f\u00fcr den Umweltschutz - Naturpark Stechlin-Ruppiner Land\",\"isPartOf\":{\"@id\":\"https:\/\/www.naturparkmagazin.de\/stechlin\/#website\"},\"datePublished\":\"2017-09-18T07:30:05+00:00\",\"dateModified\":\"2017-09-15T12:48:52+00:00\",\"author\":{\"@id\":\"https:\/\/www.naturparkmagazin.de\/stechlin\/#\/schema\/person\/3f0d93203df21c806dd63c76d9bb28bc\"},\"breadcrumb\":{\"@id\":\"https:\/\/www.naturparkmagazin.de\/stechlin\/gemeinsam-fuer-den-umweltschutz\/#breadcrumb\"},\"inLanguage\":\"de\",\"potentialAction\":[{\"@type\":\"ReadAction\",\"target\":[\"https:\/\/www.naturparkmagazin.de\/stechlin\/gemeinsam-fuer-den-umweltschutz\/\"]}]},{\"@type\":\"BreadcrumbList\",\"@id\":\"https:\/\/www.naturparkmagazin.de\/stechlin\/gemeinsam-fuer-den-umweltschutz\/#breadcrumb\",\"itemListElement\":[{\"@type\":\"ListItem\",\"position\":1,\"name\":\"Home\",\"item\":\"https:\/\/www.naturparkmagazin.de\/stechlin\/\"},{\"@type\":\"ListItem\",\"position\":2,\"name\":\"Gemeinsam f\u00fcr den Umweltschutz\"}]},{\"@type\":\"WebSite\",\"@id\":\"https:\/\/www.naturparkmagazin.de\/stechlin\/#website\",\"url\":\"https:\/\/www.naturparkmagazin.de\/stechlin\/\",\"name\":\"Naturpark Stechlin-Ruppiner Land\",\"description\":\"\",\"potentialAction\":[{\"@type\":\"SearchAction\",\"target\":{\"@type\":\"EntryPoint\",\"urlTemplate\":\"https:\/\/www.naturparkmagazin.de\/stechlin\/?s={search_term_string}\"},\"query-input\":\"required name=search_term_string\"}],\"inLanguage\":\"de\"},{\"@type\":\"Person\",\"@id\":\"https:\/\/www.naturparkmagazin.de\/stechlin\/#\/schema\/person\/3f0d93203df21c806dd63c76d9bb28bc\",\"name\":\"marioschrumpf\",\"url\":\"https:\/\/www.naturparkmagazin.de\/stechlin\/author\/marioschrumpf\/\"}]}<\/script>\n<!-- \/ Yoast SEO plugin. -->","yoast_head_json":{"title":"Gemeinsam f\u00fcr den Umweltschutz - Naturpark Stechlin-Ruppiner Land","robots":{"index":"index","follow":"follow","max-snippet":"max-snippet:-1","max-image-preview":"max-image-preview:large","max-video-preview":"max-video-preview:-1"},"canonical":"https:\/\/www.naturparkmagazin.de\/stechlin\/gemeinsam-fuer-den-umweltschutz\/","og_locale":"de_DE","og_type":"article","og_title":"Gemeinsam f\u00fcr den Umweltschutz - Naturpark Stechlin-Ruppiner Land","og_description":"Vom 4. - 6. September fanden im Naturpark Stechlin-Ruppiner Land die Azubi-Projekttage der Piepenbrock Unternehmensgruppe statt.","og_url":"https:\/\/www.naturparkmagazin.de\/stechlin\/gemeinsam-fuer-den-umweltschutz\/","og_site_name":"Naturpark Stechlin-Ruppiner Land","article_published_time":"2017-09-18T07:30:05+00:00","article_modified_time":"2017-09-15T12:48:52+00:00","og_image":[{"width":200,"height":200,"url":"https:\/\/www.naturparkmagazin.de\/stechlin\/wp-content\/uploads\/sites\/38\/Azubi-2017_13.jpg","type":"image\/jpeg"}],"author":"marioschrumpf","twitter_misc":{"Verfasst von":"marioschrumpf","Gesch\u00e4tzte Lesezeit":"1\u00a0Minute"},"schema":{"@context":"https:\/\/schema.org","@graph":[{"@type":"WebPage","@id":"https:\/\/www.naturparkmagazin.de\/stechlin\/gemeinsam-fuer-den-umweltschutz\/","url":"https:\/\/www.naturparkmagazin.de\/stechlin\/gemeinsam-fuer-den-umweltschutz\/","name":"Gemeinsam f\u00fcr den Umweltschutz - Naturpark Stechlin-Ruppiner Land","isPartOf":{"@id":"https:\/\/www.naturparkmagazin.de\/stechlin\/#website"},"datePublished":"2017-09-18T07:30:05+00:00","dateModified":"2017-09-15T12:48:52+00:00","author":{"@id":"https:\/\/www.naturparkmagazin.de\/stechlin\/#\/schema\/person\/3f0d93203df21c806dd63c76d9bb28bc"},"breadcrumb":{"@id":"https:\/\/www.naturparkmagazin.de\/stechlin\/gemeinsam-fuer-den-umweltschutz\/#breadcrumb"},"inLanguage":"de","potentialAction":[{"@type":"ReadAction","target":["https:\/\/www.naturparkmagazin.de\/stechlin\/gemeinsam-fuer-den-umweltschutz\/"]}]},{"@type":"BreadcrumbList","@id":"https:\/\/www.naturparkmagazin.de\/stechlin\/gemeinsam-fuer-den-umweltschutz\/#breadcrumb","itemListElement":[{"@type":"ListItem","position":1,"name":"Home","item":"https:\/\/www.naturparkmagazin.de\/stechlin\/"},{"@type":"ListItem","position":2,"name":"Gemeinsam f\u00fcr den Umweltschutz"}]},{"@type":"WebSite","@id":"https:\/\/www.naturparkmagazin.de\/stechlin\/#website","url":"https:\/\/www.naturparkmagazin.de\/stechlin\/","name":"Naturpark Stechlin-Ruppiner Land","description":"","potentialAction":[{"@type":"SearchAction","target":{"@type":"EntryPoint","urlTemplate":"https:\/\/www.naturparkmagazin.de\/stechlin\/?s={search_term_string}"},"query-input":"required name=search_term_string"}],"inLanguage":"de"},{"@type":"Person","@id":"https:\/\/www.naturparkmagazin.de\/stechlin\/#\/schema\/person\/3f0d93203df21c806dd63c76d9bb28bc","name":"marioschrumpf","url":"https:\/\/www.naturparkmagazin.de\/stechlin\/author\/marioschrumpf\/"}]}},"_links":{"self":[{"href":"https:\/\/www.naturparkmagazin.de\/stechlin\/wp-json\/wp\/v2\/posts\/6246"}],"collection":[{"href":"https:\/\/www.naturparkmagazin.de\/stechlin\/wp-json\/wp\/v2\/posts"}],"about":[{"href":"https:\/\/www.naturparkmagazin.de\/stechlin\/wp-json\/wp\/v2\/types\/post"}],"author":[{"embeddable":true,"href":"https:\/\/www.naturparkmagazin.de\/stechlin\/wp-json\/wp\/v2\/users\/39"}],"replies":[{"embeddable":true,"href":"https:\/\/www.naturparkmagazin.de\/stechlin\/wp-json\/wp\/v2\/comments?post=6246"}],"version-history":[{"count":3,"href":"https:\/\/www.naturparkmagazin.de\/stechlin\/wp-json\/wp\/v2\/posts\/6246\/revisions"}],"predecessor-version":[{"id":6285,"href":"https:\/\/www.naturparkmagazin.de\/stechlin\/wp-json\/wp\/v2\/posts\/6246\/revisions\/6285"}],"wp:featuredmedia":[{"embeddable":true,"href":"https:\/\/www.naturparkmagazin.de\/stechlin\/wp-json\/wp\/v2\/media\/6247"}],"wp:attachment":[{"href":"https:\/\/www.naturparkmagazin.de\/stechlin\/wp-json\/wp\/v2\/media?parent=6246"}],"wp:term":[{"taxonomy":"category","embeddable":true,"href":"https:\/\/www.naturparkmagazin.de\/stechlin\/wp-json\/wp\/v2\/categories?post=6246"},{"taxonomy":"post_tag","embeddable":true,"href":"https:\/\/www.naturparkmagazin.de\/stechlin\/wp-json\/wp\/v2\/tags?post=6246"}],"curies":[{"name":"wp","href":"https:\/\/api.w.org\/{rel}","templated":true}]}}