{"id":6252,"date":"2017-09-18T10:16:12","date_gmt":"2017-09-18T08:16:12","guid":{"rendered":"http:\/\/www.naturparkmagazin.de\/stechlin\/?p=6252"},"modified":"2017-09-20T17:45:59","modified_gmt":"2017-09-20T15:45:59","slug":"dialog-am-stechlinsee","status":"publish","type":"post","link":"https:\/\/www.naturparkmagazin.de\/stechlin\/dialog-am-stechlinsee\/","title":{"rendered":"Dialog am Stechlinsee"},"content":{"rendered":"<div id=\"attachment_6253\" style=\"width: 310px\" class=\"wp-caption aligncenter\"><a href=\"https:\/\/www.naturparkmagazin.de\/stechlin\/wp-content\/uploads\/sites\/38\/Milchstrasse-ueber-Stechlinsee.jpg\"><img aria-describedby=\"caption-attachment-6253\" decoding=\"async\" loading=\"lazy\" class=\"size-thumbnail wp-image-6253\" src=\"https:\/\/www.naturparkmagazin.de\/stechlin\/wp-content\/uploads\/sites\/38\/Milchstrasse-ueber-Stechlinsee-300x180.jpg\" alt=\"Weil es am Stechlinsee so dunkel ist wie vor Einf\u00fchrung der Gl\u00fchbirne, kann die Milchstra\u00dfe dort noch in ihrer vollen Pracht bewundert werden. (Andreas Jechow, IGB\/GFZ)\" width=\"300\" height=\"180\" srcset=\"https:\/\/www.naturparkmagazin.de\/stechlin\/wp-content\/uploads\/sites\/38\/Milchstrasse-ueber-Stechlinsee-300x180.jpg 300w, https:\/\/www.naturparkmagazin.de\/stechlin\/wp-content\/uploads\/sites\/38\/Milchstrasse-ueber-Stechlinsee.jpg 500w, https:\/\/www.naturparkmagazin.de\/stechlin\/wp-content\/uploads\/sites\/38\/Milchstrasse-ueber-Stechlinsee-200x120.jpg 200w\" sizes=\"(max-width: 300px) 100vw, 300px\" \/><\/a><p id=\"caption-attachment-6253\" class=\"wp-caption-text\">Weil es am Stechlinsee so dunkel ist, wie vor Einf\u00fchrung der Gl\u00fchbirne, kann die Milchstra\u00dfe dort noch in ihrer vollen Pracht bewundert werden. (Andreas Jechow, IGB\/GFZ)<\/p><\/div>\n<p><strong>Schatten des k\u00fcnstlichen Nachtlichts<\/strong><\/p>\n<p>Alle zwei Jahre veranstaltet das Leibniz-Institut f\u00fcr Gew\u00e4sser\u00f6kologie und Binnenfischerei (IGB) den \u00abDialog am Stechlinsee\u00bb. Zentrales Anliegen der Dialoge ist es, aktuelle Themen aus Wissenschaft und Praxis aufzugreifen, um sie mit Akteuren aus Beh\u00f6rden, Verb\u00e4nden und Vereinen, Politikerinnen und Politikern sowie interessierten B\u00fcrgerinnen und B\u00fcrgern aus unterschiedlichen Blickwinkeln zu diskutieren. Der diesj\u00e4hrige Dialog \u00abSchatten des k\u00fcnstlichen Nachtlichts\u00bb befasst sich mit dem Thema Lichtverschmutzung.<\/p>\n<p><strong>PROGRAMM:<\/strong><\/p>\n<p><strong>Freitag, 13.10.2017<\/strong><\/p>\n<p>20:30 Uhr Blendfrei durch die Milchstra\u00dfe \u2013 Sternenf\u00fchrung und Vortrag\nAndreas H\u00e4nel, Osnabr\u00fccker Planetarium und Fachgruppe \u00abDark Sky\u00bb der Vereinigung der Sternenfreunde e.V.<\/p>\n<p><strong>Samstag, 14.10.2017<\/strong><\/p>\n<p>10:00 Uhr Begr\u00fc\u00dfung\nMark Gessner, IGB<\/p>\n<p>10:15\u201310:45 Uhr Verlust der Nacht \u2013 ein Problem f\u00fcr Natur und Mensch?\nFranz H\u00f6lker, IGB<\/p>\n<p>10:45\u201311:15 Uhr Ein schwarzer Fleck auf der Karte: der Stechlin\nAndreas Jechow, IGB<\/p>\n<p>11:15\u201311:45 Uhr Kaffeepause<\/p>\n<p>11:45-12:15 Uhr Lichtsmog vermeiden an Stra\u00dfen und in St\u00e4dten\nMarita B\u00f6ttcher, Bundesamt f\u00fcr Naturschutz<\/p>\n<p>12:15-12:45 Uhr Stars4all \u2013 Wissenstransfer und Bewusstseinsbildung\nSibylle Schroer, IGB<\/p>\n<p>12:45-13:45 Uhr Mittagspause<\/p>\n<p>13:45-14:15 Uhr See\u00f6kosysteme erleuchten: Versuch zum Himmelsleuchten im Seelabor\nMark Gessner, IGB<\/p>\n<p>14:15- 14:45 Uhr Der erste zertifizierte Sternenpark Deutschlands\nIlona Langgemach, Landesamt f\u00fcr Umwelt, Naturpark Westhavelland<\/p>\n<p>14:45-15:15 Uhr Kaffeepause<\/p>\n<p>15:15-15:45 Uhr Dunkelheit bewahren in Stechlin\nDiethelm Ronneberger, Gemeindevertretung Stechlin<\/p>\n<p>15:45-16:00 Uhr Den Sternenhimmel sch\u00fctzen\nAndreas H\u00e4nel Osnabr\u00fccker Planetarium und Fachgruppe \u00abDark Sky\u00bb der Vereinigung der Sternenfreunde e.V.<\/p>\n<p>16:00-16:15 Uhr Zusammenfassende Diskussionsrunde<\/p>\n<p><strong>HINTERGRUND:<\/strong><\/p>\n<p>Unsere innere Uhr und die vieler anderer Lebewesen ist auf den st\u00e4ndigen Wechsel von Tag und Nacht ausgerichtet. So war es mehr als zwei Milliarden Jahre lang auf der Erde. Doch seit der Erfindung der Gl\u00fchbirne vor fast 200 Jahren hat sich die Situation grundlegend ver\u00e4ndert. Zunehmend macht der Mensch die Nacht zum Tag. Denn Licht verspricht Sicherheit, Wohlstand und Modernit\u00e4t. Was aber auf der einen Seite unsch\u00e4tzbare Vorteile bringt, hat auch Schattenseiten: Lichtverschmutzung ist heute ein wichtiger Aspekt des globalen Umweltwandels. Die Tendenz ist steigend, nicht zuletzt wegen der vielen LED-Lampen. Dabei sind die Einfl\u00fcsse des k\u00fcnstlichen Lichts auf Mensch und Natur bisher weitgehend unbekannt.<\/p>\n<p>Erfahren Sie beim Dialog am Stechlinsee mehr \u00fcber die Auswirkungen der Lichtverschmutzung, gesetzliche Regulierungsm\u00f6glichkeiten, die Situation am Stechlinsee, den letztj\u00e4hrigen Versuch am IGB-Seelabor zum Himmelsleuchten und die Initiative der Sternenparks.<\/p>\n<p>Wir freuen uns auf inspirierende Vortr\u00e4ge, spannende Debatten und eine rege Teilnahme.<\/p>\n<p><strong>ANMELDUNG:<\/strong><\/p>\n<p>Die Teilnahme ist kostenlos. F\u00fcr Pausenverpflegung ist gesorgt.<\/p>\n<p>Verbindliche <strong>Anmeldung bis zum 6. Oktober 2017<\/strong> per Email stechlin@igb-berlin.de oder Telefon 033082 6990.<\/p>\n<p>Weitere Infos <a href=\"http:\/\/www.igb-berlin.de\/veranstaltung\/dialog-am-stechlinsee-2017-schatten-des-kuenstlichen-nachtlichts\">hier<\/a>:<\/p>\n","protected":false},"excerpt":{"rendered":"<p>Am 13.\/14. Oktober l\u00e4dt das Leibniz-Institut f\u00fcr Gew\u00e4sser\u00f6kologie und Binnenfischerei (IGB) zum n\u00e4chsten Dialog am Stechlin ein. Der diesj\u00e4hrige Dialog \u00abSchatten des k\u00fcnstlichen Nachtlichts\u00bb befasst sich mit dem Thema Lichtverschmutzung.<\/p>\n","protected":false},"author":39,"featured_media":6254,"comment_status":"open","ping_status":"open","sticky":false,"template":"","format":"standard","meta":[],"categories":[11],"tags":[],"yoast_head":"<!-- This site is optimized with the Yoast SEO plugin v19.10 - https:\/\/yoast.com\/wordpress\/plugins\/seo\/ -->\n<title>Dialog am Stechlinsee - Naturpark Stechlin-Ruppiner Land<\/title>\n<meta name=\"robots\" content=\"index, follow, max-snippet:-1, max-image-preview:large, max-video-preview:-1\" \/>\n<link rel=\"canonical\" href=\"https:\/\/www.naturparkmagazin.de\/stechlin\/dialog-am-stechlinsee\/\" \/>\n<meta property=\"og:locale\" content=\"de_DE\" \/>\n<meta property=\"og:type\" content=\"article\" \/>\n<meta property=\"og:title\" content=\"Dialog am Stechlinsee - Naturpark Stechlin-Ruppiner Land\" \/>\n<meta property=\"og:description\" content=\"Am 13.\/14. Oktober l\u00e4dt das Leibniz-Institut f\u00fcr Gew\u00e4sser\u00f6kologie und Binnenfischerei (IGB) zum n\u00e4chsten Dialog am Stechlin ein. Der diesj\u00e4hrige Dialog \u00abSchatten des k\u00fcnstlichen Nachtlichts\u00bb befasst sich mit dem Thema Lichtverschmutzung.\" \/>\n<meta property=\"og:url\" content=\"https:\/\/www.naturparkmagazin.de\/stechlin\/dialog-am-stechlinsee\/\" \/>\n<meta property=\"og:site_name\" content=\"Naturpark Stechlin-Ruppiner Land\" \/>\n<meta property=\"article:published_time\" content=\"2017-09-18T08:16:12+00:00\" \/>\n<meta property=\"article:modified_time\" content=\"2017-09-20T15:45:59+00:00\" \/>\n<meta property=\"og:image\" content=\"https:\/\/www.naturparkmagazin.de\/stechlin\/wp-content\/uploads\/sites\/38\/Milchstrasse-ueber-Stechlinsee1.jpg\" \/>\n\t<meta property=\"og:image:width\" content=\"200\" \/>\n\t<meta property=\"og:image:height\" content=\"200\" \/>\n\t<meta property=\"og:image:type\" content=\"image\/jpeg\" \/>\n<meta name=\"author\" content=\"marioschrumpf\" \/>\n<meta name=\"twitter:label1\" content=\"Verfasst von\" \/>\n\t<meta name=\"twitter:data1\" content=\"marioschrumpf\" \/>\n\t<meta name=\"twitter:label2\" content=\"Gesch\u00e4tzte Lesezeit\" \/>\n\t<meta name=\"twitter:data2\" content=\"2\u00a0Minuten\" \/>\n<script type=\"application\/ld+json\" class=\"yoast-schema-graph\">{\"@context\":\"https:\/\/schema.org\",\"@graph\":[{\"@type\":\"WebPage\",\"@id\":\"https:\/\/www.naturparkmagazin.de\/stechlin\/dialog-am-stechlinsee\/\",\"url\":\"https:\/\/www.naturparkmagazin.de\/stechlin\/dialog-am-stechlinsee\/\",\"name\":\"Dialog am Stechlinsee - Naturpark Stechlin-Ruppiner Land\",\"isPartOf\":{\"@id\":\"https:\/\/www.naturparkmagazin.de\/stechlin\/#website\"},\"datePublished\":\"2017-09-18T08:16:12+00:00\",\"dateModified\":\"2017-09-20T15:45:59+00:00\",\"author\":{\"@id\":\"https:\/\/www.naturparkmagazin.de\/stechlin\/#\/schema\/person\/3f0d93203df21c806dd63c76d9bb28bc\"},\"breadcrumb\":{\"@id\":\"https:\/\/www.naturparkmagazin.de\/stechlin\/dialog-am-stechlinsee\/#breadcrumb\"},\"inLanguage\":\"de\",\"potentialAction\":[{\"@type\":\"ReadAction\",\"target\":[\"https:\/\/www.naturparkmagazin.de\/stechlin\/dialog-am-stechlinsee\/\"]}]},{\"@type\":\"BreadcrumbList\",\"@id\":\"https:\/\/www.naturparkmagazin.de\/stechlin\/dialog-am-stechlinsee\/#breadcrumb\",\"itemListElement\":[{\"@type\":\"ListItem\",\"position\":1,\"name\":\"Home\",\"item\":\"https:\/\/www.naturparkmagazin.de\/stechlin\/\"},{\"@type\":\"ListItem\",\"position\":2,\"name\":\"Dialog am Stechlinsee\"}]},{\"@type\":\"WebSite\",\"@id\":\"https:\/\/www.naturparkmagazin.de\/stechlin\/#website\",\"url\":\"https:\/\/www.naturparkmagazin.de\/stechlin\/\",\"name\":\"Naturpark Stechlin-Ruppiner Land\",\"description\":\"\",\"potentialAction\":[{\"@type\":\"SearchAction\",\"target\":{\"@type\":\"EntryPoint\",\"urlTemplate\":\"https:\/\/www.naturparkmagazin.de\/stechlin\/?s={search_term_string}\"},\"query-input\":\"required name=search_term_string\"}],\"inLanguage\":\"de\"},{\"@type\":\"Person\",\"@id\":\"https:\/\/www.naturparkmagazin.de\/stechlin\/#\/schema\/person\/3f0d93203df21c806dd63c76d9bb28bc\",\"name\":\"marioschrumpf\",\"url\":\"https:\/\/www.naturparkmagazin.de\/stechlin\/author\/marioschrumpf\/\"}]}<\/script>\n<!-- \/ Yoast SEO plugin. -->","yoast_head_json":{"title":"Dialog am Stechlinsee - Naturpark Stechlin-Ruppiner Land","robots":{"index":"index","follow":"follow","max-snippet":"max-snippet:-1","max-image-preview":"max-image-preview:large","max-video-preview":"max-video-preview:-1"},"canonical":"https:\/\/www.naturparkmagazin.de\/stechlin\/dialog-am-stechlinsee\/","og_locale":"de_DE","og_type":"article","og_title":"Dialog am Stechlinsee - Naturpark Stechlin-Ruppiner Land","og_description":"Am 13.\/14. Oktober l\u00e4dt das Leibniz-Institut f\u00fcr Gew\u00e4sser\u00f6kologie und Binnenfischerei (IGB) zum n\u00e4chsten Dialog am Stechlin ein. Der diesj\u00e4hrige Dialog \u00abSchatten des k\u00fcnstlichen Nachtlichts\u00bb befasst sich mit dem Thema Lichtverschmutzung.","og_url":"https:\/\/www.naturparkmagazin.de\/stechlin\/dialog-am-stechlinsee\/","og_site_name":"Naturpark Stechlin-Ruppiner Land","article_published_time":"2017-09-18T08:16:12+00:00","article_modified_time":"2017-09-20T15:45:59+00:00","og_image":[{"width":200,"height":200,"url":"https:\/\/www.naturparkmagazin.de\/stechlin\/wp-content\/uploads\/sites\/38\/Milchstrasse-ueber-Stechlinsee1.jpg","type":"image\/jpeg"}],"author":"marioschrumpf","twitter_misc":{"Verfasst von":"marioschrumpf","Gesch\u00e4tzte Lesezeit":"2\u00a0Minuten"},"schema":{"@context":"https:\/\/schema.org","@graph":[{"@type":"WebPage","@id":"https:\/\/www.naturparkmagazin.de\/stechlin\/dialog-am-stechlinsee\/","url":"https:\/\/www.naturparkmagazin.de\/stechlin\/dialog-am-stechlinsee\/","name":"Dialog am Stechlinsee - Naturpark Stechlin-Ruppiner Land","isPartOf":{"@id":"https:\/\/www.naturparkmagazin.de\/stechlin\/#website"},"datePublished":"2017-09-18T08:16:12+00:00","dateModified":"2017-09-20T15:45:59+00:00","author":{"@id":"https:\/\/www.naturparkmagazin.de\/stechlin\/#\/schema\/person\/3f0d93203df21c806dd63c76d9bb28bc"},"breadcrumb":{"@id":"https:\/\/www.naturparkmagazin.de\/stechlin\/dialog-am-stechlinsee\/#breadcrumb"},"inLanguage":"de","potentialAction":[{"@type":"ReadAction","target":["https:\/\/www.naturparkmagazin.de\/stechlin\/dialog-am-stechlinsee\/"]}]},{"@type":"BreadcrumbList","@id":"https:\/\/www.naturparkmagazin.de\/stechlin\/dialog-am-stechlinsee\/#breadcrumb","itemListElement":[{"@type":"ListItem","position":1,"name":"Home","item":"https:\/\/www.naturparkmagazin.de\/stechlin\/"},{"@type":"ListItem","position":2,"name":"Dialog am Stechlinsee"}]},{"@type":"WebSite","@id":"https:\/\/www.naturparkmagazin.de\/stechlin\/#website","url":"https:\/\/www.naturparkmagazin.de\/stechlin\/","name":"Naturpark Stechlin-Ruppiner Land","description":"","potentialAction":[{"@type":"SearchAction","target":{"@type":"EntryPoint","urlTemplate":"https:\/\/www.naturparkmagazin.de\/stechlin\/?s={search_term_string}"},"query-input":"required name=search_term_string"}],"inLanguage":"de"},{"@type":"Person","@id":"https:\/\/www.naturparkmagazin.de\/stechlin\/#\/schema\/person\/3f0d93203df21c806dd63c76d9bb28bc","name":"marioschrumpf","url":"https:\/\/www.naturparkmagazin.de\/stechlin\/author\/marioschrumpf\/"}]}},"_links":{"self":[{"href":"https:\/\/www.naturparkmagazin.de\/stechlin\/wp-json\/wp\/v2\/posts\/6252"}],"collection":[{"href":"https:\/\/www.naturparkmagazin.de\/stechlin\/wp-json\/wp\/v2\/posts"}],"about":[{"href":"https:\/\/www.naturparkmagazin.de\/stechlin\/wp-json\/wp\/v2\/types\/post"}],"author":[{"embeddable":true,"href":"https:\/\/www.naturparkmagazin.de\/stechlin\/wp-json\/wp\/v2\/users\/39"}],"replies":[{"embeddable":true,"href":"https:\/\/www.naturparkmagazin.de\/stechlin\/wp-json\/wp\/v2\/comments?post=6252"}],"version-history":[{"count":5,"href":"https:\/\/www.naturparkmagazin.de\/stechlin\/wp-json\/wp\/v2\/posts\/6252\/revisions"}],"predecessor-version":[{"id":6302,"href":"https:\/\/www.naturparkmagazin.de\/stechlin\/wp-json\/wp\/v2\/posts\/6252\/revisions\/6302"}],"wp:featuredmedia":[{"embeddable":true,"href":"https:\/\/www.naturparkmagazin.de\/stechlin\/wp-json\/wp\/v2\/media\/6254"}],"wp:attachment":[{"href":"https:\/\/www.naturparkmagazin.de\/stechlin\/wp-json\/wp\/v2\/media?parent=6252"}],"wp:term":[{"taxonomy":"category","embeddable":true,"href":"https:\/\/www.naturparkmagazin.de\/stechlin\/wp-json\/wp\/v2\/categories?post=6252"},{"taxonomy":"post_tag","embeddable":true,"href":"https:\/\/www.naturparkmagazin.de\/stechlin\/wp-json\/wp\/v2\/tags?post=6252"}],"curies":[{"name":"wp","href":"https:\/\/api.w.org\/{rel}","templated":true}]}}