{"id":6260,"date":"2017-09-18T16:13:15","date_gmt":"2017-09-18T14:13:15","guid":{"rendered":"http:\/\/www.naturparkmagazin.de\/stechlin\/?p=6260"},"modified":"2017-09-22T15:41:54","modified_gmt":"2017-09-22T13:41:54","slug":"auszeichnung-naturpark-kita","status":"publish","type":"post","link":"https:\/\/www.naturparkmagazin.de\/stechlin\/auszeichnung-naturpark-kita\/","title":{"rendered":"Lindower Kinderland wird als Naturpark-Kita ausgezeichnet"},"content":{"rendered":"<p style=\"text-align: left\"><a href=\"https:\/\/www.naturparkmagazin.de\/stechlin\/wp-content\/uploads\/sites\/38\/np-kita1.jpg\"><img decoding=\"async\" loading=\"lazy\" class=\" size-thumbnail wp-image-6311 aligncenter\" src=\"https:\/\/www.naturparkmagazin.de\/stechlin\/wp-content\/uploads\/sites\/38\/np-kita1-300x180.jpg\" alt=\"np kita1\" width=\"300\" height=\"180\" srcset=\"https:\/\/www.naturparkmagazin.de\/stechlin\/wp-content\/uploads\/sites\/38\/np-kita1-300x180.jpg 300w, https:\/\/www.naturparkmagazin.de\/stechlin\/wp-content\/uploads\/sites\/38\/np-kita1.jpg 500w, https:\/\/www.naturparkmagazin.de\/stechlin\/wp-content\/uploads\/sites\/38\/np-kita1-200x120.jpg 200w\" sizes=\"(max-width: 300px) 100vw, 300px\" \/><\/a> <a href=\"https:\/\/www.naturparkmagazin.de\/stechlin\/wp-content\/uploads\/sites\/38\/np-kita3.jpg\"><img decoding=\"async\" loading=\"lazy\" class=\" size-thumbnail wp-image-6309 aligncenter\" src=\"https:\/\/www.naturparkmagazin.de\/stechlin\/wp-content\/uploads\/sites\/38\/np-kita3-300x180.jpg\" alt=\"np kita3\" width=\"300\" height=\"180\" srcset=\"https:\/\/www.naturparkmagazin.de\/stechlin\/wp-content\/uploads\/sites\/38\/np-kita3-300x180.jpg 300w, https:\/\/www.naturparkmagazin.de\/stechlin\/wp-content\/uploads\/sites\/38\/np-kita3.jpg 500w, https:\/\/www.naturparkmagazin.de\/stechlin\/wp-content\/uploads\/sites\/38\/np-kita3-200x120.jpg 200w\" sizes=\"(max-width: 300px) 100vw, 300px\" \/><\/a>Als erste Kita Brandenburgs wurde das Lindower Kinderland im Naturpark Stechlin-Ruppiner Land als \u201eNaturpark-Kita\u201c ausgezeichnet.<\/p>\n<p>Die Auszeichnung des \u201eNetzwerks Naturpark-Kita\u201c wurde am 15. September 2017 durch den Leiter der Naturwacht Brandenburg, Manfred L\u00fctkepohl, den Vizelandrat Ostprignitz-Ruppin, Werner N\u00fcsse\u00a0und Naturparkleiter, Dr. Mario Schrumpf \u00fcbergeben.<\/p>\n<p>Das \u201eNetzwerk Naturpark-Kita\u201c des Verbandes Deutscher Naturparke (VDN) zielt darauf, Kindern \u201e<em>ihren<\/em>\u201c Naturpark als au\u00dfergew\u00f6hnlichen Lern- und Erfahrungsort nahezubringen und sie f\u00fcr die Besonderheiten ihrer Heimat zu sensibilisieren. Durch naturr\u00e4umliche Vielfalt, ihr breites Aufgabenspektrum und ihr Partner-Netzwerk bieten die Naturparke hervorragende M\u00f6glichkeiten, die Kita-Bildungspl\u00e4ne mit regionalem Bezug umzusetzen und Kindern Zusammenh\u00e4nge, z.B. Kreisl\u00e4ufe in der Natur, zu vermitteln.<\/p>\n<p>In der bundesweiten Pilotphase nehmen aus Brandenburg der Naturpark Dahme-Heideseen und der Naturpark Stechlin-Ruppiner Land teil.<\/p>\n<p>In der Lindower Kita Kinderland gestalten Ranger der Naturwacht Brandenburg im zweiw\u00f6chigen Rhythmus je einen Vormittag zu natur- und umweltrelevanten Themen. Naturpark-Themen werden damit Teil des Kita-Alltags. So entdecken die Lindower Kinder ihre Heimat und bauen eine nat\u00fcrliche Verbundenheit zur eigenen Umgebung auf\u00a0 &#8211; ein wichtiger Beitrag zur Bildung f\u00fcr nachhaltige Entwicklung (BNE). Grundlage ist eine im Fr\u00fchjahr zwischen der Kita, dem Kitatr\u00e4ger Amt Lindow\/Mark und\u00a0dem Naturpark geschlossene Kooperationsvereinbarung.<\/p>\n<p>Die Auszeichnung \u201eNaturpark-Kita\u201c wird f\u00fcr einen Zeitraum von f\u00fcnf Jahren verliehen. Alle f\u00fcnf Jahre \u00fcberpr\u00fcft der Naturpark, ob die vom VDN in Zusammenarbeit mit Naturparks und Kitas aufgestellten Kriterien f\u00fcr die Auszeichnung als \u201eNaturpark-Kita\u201c, die im Rahmen des durch die Deutsche Bundesstiftung Umwelt (DBU) gef\u00f6rderten Projekts entwickelt wurden, f\u00fcr weitere f\u00fcnf Jahre erf\u00fcllt sind.<\/p>\n","protected":false},"excerpt":{"rendered":"<p>Als erste Kita Brandenburgs wurde das Lindower Kinderland im Naturpark Stechlin-Ruppiner Land am 15. September als \u201eNaturpark-Kita\u201c ausgezeichnet.<\/p>\n","protected":false},"author":39,"featured_media":6306,"comment_status":"open","ping_status":"open","sticky":false,"template":"","format":"standard","meta":[],"categories":[7],"tags":[],"yoast_head":"<!-- This site is optimized with the Yoast SEO plugin v19.10 - https:\/\/yoast.com\/wordpress\/plugins\/seo\/ -->\n<title>Lindower Kinderland wird als Naturpark-Kita ausgezeichnet - Naturpark Stechlin-Ruppiner Land<\/title>\n<meta name=\"robots\" content=\"index, follow, max-snippet:-1, max-image-preview:large, max-video-preview:-1\" \/>\n<link rel=\"canonical\" href=\"https:\/\/www.naturparkmagazin.de\/stechlin\/auszeichnung-naturpark-kita\/\" \/>\n<meta property=\"og:locale\" content=\"de_DE\" \/>\n<meta property=\"og:type\" content=\"article\" \/>\n<meta property=\"og:title\" content=\"Lindower Kinderland wird als Naturpark-Kita ausgezeichnet - Naturpark Stechlin-Ruppiner Land\" \/>\n<meta property=\"og:description\" content=\"Als erste Kita Brandenburgs wurde das Lindower Kinderland im Naturpark Stechlin-Ruppiner Land am 15. September als \u201eNaturpark-Kita\u201c ausgezeichnet.\" \/>\n<meta property=\"og:url\" content=\"https:\/\/www.naturparkmagazin.de\/stechlin\/auszeichnung-naturpark-kita\/\" \/>\n<meta property=\"og:site_name\" content=\"Naturpark Stechlin-Ruppiner Land\" \/>\n<meta property=\"article:published_time\" content=\"2017-09-18T14:13:15+00:00\" \/>\n<meta property=\"article:modified_time\" content=\"2017-09-22T13:41:54+00:00\" \/>\n<meta property=\"og:image\" content=\"https:\/\/www.naturparkmagazin.de\/stechlin\/wp-content\/uploads\/sites\/38\/naturpark-kita.jpg\" \/>\n\t<meta property=\"og:image:width\" content=\"200\" \/>\n\t<meta property=\"og:image:height\" content=\"200\" \/>\n\t<meta property=\"og:image:type\" content=\"image\/jpeg\" \/>\n<meta name=\"author\" content=\"marioschrumpf\" \/>\n<meta name=\"twitter:label1\" content=\"Verfasst von\" \/>\n\t<meta name=\"twitter:data1\" content=\"marioschrumpf\" \/>\n\t<meta name=\"twitter:label2\" content=\"Gesch\u00e4tzte Lesezeit\" \/>\n\t<meta name=\"twitter:data2\" content=\"1\u00a0Minute\" \/>\n<script type=\"application\/ld+json\" class=\"yoast-schema-graph\">{\"@context\":\"https:\/\/schema.org\",\"@graph\":[{\"@type\":\"WebPage\",\"@id\":\"https:\/\/www.naturparkmagazin.de\/stechlin\/auszeichnung-naturpark-kita\/\",\"url\":\"https:\/\/www.naturparkmagazin.de\/stechlin\/auszeichnung-naturpark-kita\/\",\"name\":\"Lindower Kinderland wird als Naturpark-Kita ausgezeichnet - Naturpark Stechlin-Ruppiner Land\",\"isPartOf\":{\"@id\":\"https:\/\/www.naturparkmagazin.de\/stechlin\/#website\"},\"datePublished\":\"2017-09-18T14:13:15+00:00\",\"dateModified\":\"2017-09-22T13:41:54+00:00\",\"author\":{\"@id\":\"https:\/\/www.naturparkmagazin.de\/stechlin\/#\/schema\/person\/3f0d93203df21c806dd63c76d9bb28bc\"},\"breadcrumb\":{\"@id\":\"https:\/\/www.naturparkmagazin.de\/stechlin\/auszeichnung-naturpark-kita\/#breadcrumb\"},\"inLanguage\":\"de\",\"potentialAction\":[{\"@type\":\"ReadAction\",\"target\":[\"https:\/\/www.naturparkmagazin.de\/stechlin\/auszeichnung-naturpark-kita\/\"]}]},{\"@type\":\"BreadcrumbList\",\"@id\":\"https:\/\/www.naturparkmagazin.de\/stechlin\/auszeichnung-naturpark-kita\/#breadcrumb\",\"itemListElement\":[{\"@type\":\"ListItem\",\"position\":1,\"name\":\"Home\",\"item\":\"https:\/\/www.naturparkmagazin.de\/stechlin\/\"},{\"@type\":\"ListItem\",\"position\":2,\"name\":\"Lindower Kinderland wird als Naturpark-Kita ausgezeichnet\"}]},{\"@type\":\"WebSite\",\"@id\":\"https:\/\/www.naturparkmagazin.de\/stechlin\/#website\",\"url\":\"https:\/\/www.naturparkmagazin.de\/stechlin\/\",\"name\":\"Naturpark Stechlin-Ruppiner Land\",\"description\":\"\",\"potentialAction\":[{\"@type\":\"SearchAction\",\"target\":{\"@type\":\"EntryPoint\",\"urlTemplate\":\"https:\/\/www.naturparkmagazin.de\/stechlin\/?s={search_term_string}\"},\"query-input\":\"required name=search_term_string\"}],\"inLanguage\":\"de\"},{\"@type\":\"Person\",\"@id\":\"https:\/\/www.naturparkmagazin.de\/stechlin\/#\/schema\/person\/3f0d93203df21c806dd63c76d9bb28bc\",\"name\":\"marioschrumpf\",\"url\":\"https:\/\/www.naturparkmagazin.de\/stechlin\/author\/marioschrumpf\/\"}]}<\/script>\n<!-- \/ Yoast SEO plugin. -->","yoast_head_json":{"title":"Lindower Kinderland wird als Naturpark-Kita ausgezeichnet - Naturpark Stechlin-Ruppiner Land","robots":{"index":"index","follow":"follow","max-snippet":"max-snippet:-1","max-image-preview":"max-image-preview:large","max-video-preview":"max-video-preview:-1"},"canonical":"https:\/\/www.naturparkmagazin.de\/stechlin\/auszeichnung-naturpark-kita\/","og_locale":"de_DE","og_type":"article","og_title":"Lindower Kinderland wird als Naturpark-Kita ausgezeichnet - Naturpark Stechlin-Ruppiner Land","og_description":"Als erste Kita Brandenburgs wurde das Lindower Kinderland im Naturpark Stechlin-Ruppiner Land am 15. September als \u201eNaturpark-Kita\u201c ausgezeichnet.","og_url":"https:\/\/www.naturparkmagazin.de\/stechlin\/auszeichnung-naturpark-kita\/","og_site_name":"Naturpark Stechlin-Ruppiner Land","article_published_time":"2017-09-18T14:13:15+00:00","article_modified_time":"2017-09-22T13:41:54+00:00","og_image":[{"width":200,"height":200,"url":"https:\/\/www.naturparkmagazin.de\/stechlin\/wp-content\/uploads\/sites\/38\/naturpark-kita.jpg","type":"image\/jpeg"}],"author":"marioschrumpf","twitter_misc":{"Verfasst von":"marioschrumpf","Gesch\u00e4tzte Lesezeit":"1\u00a0Minute"},"schema":{"@context":"https:\/\/schema.org","@graph":[{"@type":"WebPage","@id":"https:\/\/www.naturparkmagazin.de\/stechlin\/auszeichnung-naturpark-kita\/","url":"https:\/\/www.naturparkmagazin.de\/stechlin\/auszeichnung-naturpark-kita\/","name":"Lindower Kinderland wird als Naturpark-Kita ausgezeichnet - Naturpark Stechlin-Ruppiner Land","isPartOf":{"@id":"https:\/\/www.naturparkmagazin.de\/stechlin\/#website"},"datePublished":"2017-09-18T14:13:15+00:00","dateModified":"2017-09-22T13:41:54+00:00","author":{"@id":"https:\/\/www.naturparkmagazin.de\/stechlin\/#\/schema\/person\/3f0d93203df21c806dd63c76d9bb28bc"},"breadcrumb":{"@id":"https:\/\/www.naturparkmagazin.de\/stechlin\/auszeichnung-naturpark-kita\/#breadcrumb"},"inLanguage":"de","potentialAction":[{"@type":"ReadAction","target":["https:\/\/www.naturparkmagazin.de\/stechlin\/auszeichnung-naturpark-kita\/"]}]},{"@type":"BreadcrumbList","@id":"https:\/\/www.naturparkmagazin.de\/stechlin\/auszeichnung-naturpark-kita\/#breadcrumb","itemListElement":[{"@type":"ListItem","position":1,"name":"Home","item":"https:\/\/www.naturparkmagazin.de\/stechlin\/"},{"@type":"ListItem","position":2,"name":"Lindower Kinderland wird als Naturpark-Kita ausgezeichnet"}]},{"@type":"WebSite","@id":"https:\/\/www.naturparkmagazin.de\/stechlin\/#website","url":"https:\/\/www.naturparkmagazin.de\/stechlin\/","name":"Naturpark Stechlin-Ruppiner Land","description":"","potentialAction":[{"@type":"SearchAction","target":{"@type":"EntryPoint","urlTemplate":"https:\/\/www.naturparkmagazin.de\/stechlin\/?s={search_term_string}"},"query-input":"required name=search_term_string"}],"inLanguage":"de"},{"@type":"Person","@id":"https:\/\/www.naturparkmagazin.de\/stechlin\/#\/schema\/person\/3f0d93203df21c806dd63c76d9bb28bc","name":"marioschrumpf","url":"https:\/\/www.naturparkmagazin.de\/stechlin\/author\/marioschrumpf\/"}]}},"_links":{"self":[{"href":"https:\/\/www.naturparkmagazin.de\/stechlin\/wp-json\/wp\/v2\/posts\/6260"}],"collection":[{"href":"https:\/\/www.naturparkmagazin.de\/stechlin\/wp-json\/wp\/v2\/posts"}],"about":[{"href":"https:\/\/www.naturparkmagazin.de\/stechlin\/wp-json\/wp\/v2\/types\/post"}],"author":[{"embeddable":true,"href":"https:\/\/www.naturparkmagazin.de\/stechlin\/wp-json\/wp\/v2\/users\/39"}],"replies":[{"embeddable":true,"href":"https:\/\/www.naturparkmagazin.de\/stechlin\/wp-json\/wp\/v2\/comments?post=6260"}],"version-history":[{"count":9,"href":"https:\/\/www.naturparkmagazin.de\/stechlin\/wp-json\/wp\/v2\/posts\/6260\/revisions"}],"predecessor-version":[{"id":6307,"href":"https:\/\/www.naturparkmagazin.de\/stechlin\/wp-json\/wp\/v2\/posts\/6260\/revisions\/6307"}],"wp:featuredmedia":[{"embeddable":true,"href":"https:\/\/www.naturparkmagazin.de\/stechlin\/wp-json\/wp\/v2\/media\/6306"}],"wp:attachment":[{"href":"https:\/\/www.naturparkmagazin.de\/stechlin\/wp-json\/wp\/v2\/media?parent=6260"}],"wp:term":[{"taxonomy":"category","embeddable":true,"href":"https:\/\/www.naturparkmagazin.de\/stechlin\/wp-json\/wp\/v2\/categories?post=6260"},{"taxonomy":"post_tag","embeddable":true,"href":"https:\/\/www.naturparkmagazin.de\/stechlin\/wp-json\/wp\/v2\/tags?post=6260"}],"curies":[{"name":"wp","href":"https:\/\/api.w.org\/{rel}","templated":true}]}}