{"id":627,"date":"2014-01-21T14:48:41","date_gmt":"2014-01-21T12:48:41","guid":{"rendered":"http:\/\/www.naturparkmagazin.de\/stechlin\/?p=627"},"modified":"2014-01-27T15:15:11","modified_gmt":"2014-01-27T13:15:11","slug":"627","status":"publish","type":"post","link":"https:\/\/www.naturparkmagazin.de\/stechlin\/627\/","title":{"rendered":"Liebe Leserinnen und Leser!"},"content":{"rendered":"<p>Es ist schon zu einer\u00a0guten Tradition geworden, dass unsere Naturparkverwaltung im Februar zum Kleinen Naturschutztag nach Menz einl\u00e4dt. Das vielf\u00e4ltige Programm unserer Jahrestagung ist eine Leistungsschau der Initiativen und Projekte sowie wissenschaftlichen Untersuchungen, die die Naturparkverwaltung und ihre Partner im zur\u00fcckliegenden Jahr auf den Weg gebracht haben.<\/p>\n<p>Allen Partnern daf\u00fcr ein gro\u00dfes Dankesch\u00f6n! Nur gemeinsam sind wir erfolgreich!<\/p>\n<p>Ich m\u00f6chte Sie herzlich einladen,unsere Jahrestagung am 20.Februar zu besuchen.<\/p>\n<p>\u00a0Viel Spa\u00df beim lesen!<\/p>\n<p>\u00a0Dr. Mario Schrumpf<\/p>\n<p>Teamleiter<\/p>\n","protected":false},"excerpt":{"rendered":"<p>Es ist schon zu einer\u00a0guten Tradition geworden, dass unsere Naturparkverwaltung im Februar zum Kleinen Naturschutztag nach Menz einl\u00e4dt. Das vielf\u00e4ltige Programm unserer Jahrestagung ist eine Leistungsschau der Initiativen und Projekte sowie wissenschaftlichen Untersuchungen, die die Naturparkverwaltung und ihre Partner im zur\u00fcckliegenden Jahr auf den Weg gebracht haben. Allen Partnern daf\u00fcr ein gro\u00dfes Dankesch\u00f6n! Nur gemeinsam<\/p>\n","protected":false},"author":39,"featured_media":0,"comment_status":"open","ping_status":"open","sticky":false,"template":"","format":"standard","meta":[],"categories":[52],"tags":[],"yoast_head":"<!-- This site is optimized with the Yoast SEO plugin v19.10 - https:\/\/yoast.com\/wordpress\/plugins\/seo\/ -->\n<title>Liebe Leserinnen und Leser! - Naturpark Stechlin-Ruppiner Land<\/title>\n<meta name=\"robots\" content=\"index, follow, max-snippet:-1, max-image-preview:large, max-video-preview:-1\" \/>\n<link rel=\"canonical\" href=\"https:\/\/www.naturparkmagazin.de\/stechlin\/627\/\" \/>\n<meta property=\"og:locale\" content=\"de_DE\" \/>\n<meta property=\"og:type\" content=\"article\" \/>\n<meta property=\"og:title\" content=\"Liebe Leserinnen und Leser! - Naturpark Stechlin-Ruppiner Land\" \/>\n<meta property=\"og:description\" content=\"Es ist schon zu einer\u00a0guten Tradition geworden, dass unsere Naturparkverwaltung im Februar zum Kleinen Naturschutztag nach Menz einl\u00e4dt. Das vielf\u00e4ltige Programm unserer Jahrestagung ist eine Leistungsschau der Initiativen und Projekte sowie wissenschaftlichen Untersuchungen, die die Naturparkverwaltung und ihre Partner im zur\u00fcckliegenden Jahr auf den Weg gebracht haben. Allen Partnern daf\u00fcr ein gro\u00dfes Dankesch\u00f6n! Nur gemeinsam\" \/>\n<meta property=\"og:url\" content=\"https:\/\/www.naturparkmagazin.de\/stechlin\/627\/\" \/>\n<meta property=\"og:site_name\" content=\"Naturpark Stechlin-Ruppiner Land\" \/>\n<meta property=\"article:published_time\" content=\"2014-01-21T12:48:41+00:00\" \/>\n<meta property=\"article:modified_time\" content=\"2014-01-27T13:15:11+00:00\" \/>\n<meta name=\"author\" content=\"marioschrumpf\" \/>\n<meta name=\"twitter:label1\" content=\"Verfasst von\" \/>\n\t<meta name=\"twitter:data1\" content=\"marioschrumpf\" \/>\n<script type=\"application\/ld+json\" class=\"yoast-schema-graph\">{\"@context\":\"https:\/\/schema.org\",\"@graph\":[{\"@type\":\"WebPage\",\"@id\":\"https:\/\/www.naturparkmagazin.de\/stechlin\/627\/\",\"url\":\"https:\/\/www.naturparkmagazin.de\/stechlin\/627\/\",\"name\":\"Liebe Leserinnen und Leser! - Naturpark Stechlin-Ruppiner Land\",\"isPartOf\":{\"@id\":\"https:\/\/www.naturparkmagazin.de\/stechlin\/#website\"},\"datePublished\":\"2014-01-21T12:48:41+00:00\",\"dateModified\":\"2014-01-27T13:15:11+00:00\",\"author\":{\"@id\":\"https:\/\/www.naturparkmagazin.de\/stechlin\/#\/schema\/person\/3f0d93203df21c806dd63c76d9bb28bc\"},\"breadcrumb\":{\"@id\":\"https:\/\/www.naturparkmagazin.de\/stechlin\/627\/#breadcrumb\"},\"inLanguage\":\"de\",\"potentialAction\":[{\"@type\":\"ReadAction\",\"target\":[\"https:\/\/www.naturparkmagazin.de\/stechlin\/627\/\"]}]},{\"@type\":\"BreadcrumbList\",\"@id\":\"https:\/\/www.naturparkmagazin.de\/stechlin\/627\/#breadcrumb\",\"itemListElement\":[{\"@type\":\"ListItem\",\"position\":1,\"name\":\"Home\",\"item\":\"https:\/\/www.naturparkmagazin.de\/stechlin\/\"},{\"@type\":\"ListItem\",\"position\":2,\"name\":\"Liebe Leserinnen und Leser!\"}]},{\"@type\":\"WebSite\",\"@id\":\"https:\/\/www.naturparkmagazin.de\/stechlin\/#website\",\"url\":\"https:\/\/www.naturparkmagazin.de\/stechlin\/\",\"name\":\"Naturpark Stechlin-Ruppiner Land\",\"description\":\"\",\"potentialAction\":[{\"@type\":\"SearchAction\",\"target\":{\"@type\":\"EntryPoint\",\"urlTemplate\":\"https:\/\/www.naturparkmagazin.de\/stechlin\/?s={search_term_string}\"},\"query-input\":\"required name=search_term_string\"}],\"inLanguage\":\"de\"},{\"@type\":\"Person\",\"@id\":\"https:\/\/www.naturparkmagazin.de\/stechlin\/#\/schema\/person\/3f0d93203df21c806dd63c76d9bb28bc\",\"name\":\"marioschrumpf\",\"url\":\"https:\/\/www.naturparkmagazin.de\/stechlin\/author\/marioschrumpf\/\"}]}<\/script>\n<!-- \/ Yoast SEO plugin. -->","yoast_head_json":{"title":"Liebe Leserinnen und Leser! - Naturpark Stechlin-Ruppiner Land","robots":{"index":"index","follow":"follow","max-snippet":"max-snippet:-1","max-image-preview":"max-image-preview:large","max-video-preview":"max-video-preview:-1"},"canonical":"https:\/\/www.naturparkmagazin.de\/stechlin\/627\/","og_locale":"de_DE","og_type":"article","og_title":"Liebe Leserinnen und Leser! - Naturpark Stechlin-Ruppiner Land","og_description":"Es ist schon zu einer\u00a0guten Tradition geworden, dass unsere Naturparkverwaltung im Februar zum Kleinen Naturschutztag nach Menz einl\u00e4dt. Das vielf\u00e4ltige Programm unserer Jahrestagung ist eine Leistungsschau der Initiativen und Projekte sowie wissenschaftlichen Untersuchungen, die die Naturparkverwaltung und ihre Partner im zur\u00fcckliegenden Jahr auf den Weg gebracht haben. Allen Partnern daf\u00fcr ein gro\u00dfes Dankesch\u00f6n! Nur gemeinsam","og_url":"https:\/\/www.naturparkmagazin.de\/stechlin\/627\/","og_site_name":"Naturpark Stechlin-Ruppiner Land","article_published_time":"2014-01-21T12:48:41+00:00","article_modified_time":"2014-01-27T13:15:11+00:00","author":"marioschrumpf","twitter_misc":{"Verfasst von":"marioschrumpf"},"schema":{"@context":"https:\/\/schema.org","@graph":[{"@type":"WebPage","@id":"https:\/\/www.naturparkmagazin.de\/stechlin\/627\/","url":"https:\/\/www.naturparkmagazin.de\/stechlin\/627\/","name":"Liebe Leserinnen und Leser! - Naturpark Stechlin-Ruppiner Land","isPartOf":{"@id":"https:\/\/www.naturparkmagazin.de\/stechlin\/#website"},"datePublished":"2014-01-21T12:48:41+00:00","dateModified":"2014-01-27T13:15:11+00:00","author":{"@id":"https:\/\/www.naturparkmagazin.de\/stechlin\/#\/schema\/person\/3f0d93203df21c806dd63c76d9bb28bc"},"breadcrumb":{"@id":"https:\/\/www.naturparkmagazin.de\/stechlin\/627\/#breadcrumb"},"inLanguage":"de","potentialAction":[{"@type":"ReadAction","target":["https:\/\/www.naturparkmagazin.de\/stechlin\/627\/"]}]},{"@type":"BreadcrumbList","@id":"https:\/\/www.naturparkmagazin.de\/stechlin\/627\/#breadcrumb","itemListElement":[{"@type":"ListItem","position":1,"name":"Home","item":"https:\/\/www.naturparkmagazin.de\/stechlin\/"},{"@type":"ListItem","position":2,"name":"Liebe Leserinnen und Leser!"}]},{"@type":"WebSite","@id":"https:\/\/www.naturparkmagazin.de\/stechlin\/#website","url":"https:\/\/www.naturparkmagazin.de\/stechlin\/","name":"Naturpark Stechlin-Ruppiner Land","description":"","potentialAction":[{"@type":"SearchAction","target":{"@type":"EntryPoint","urlTemplate":"https:\/\/www.naturparkmagazin.de\/stechlin\/?s={search_term_string}"},"query-input":"required name=search_term_string"}],"inLanguage":"de"},{"@type":"Person","@id":"https:\/\/www.naturparkmagazin.de\/stechlin\/#\/schema\/person\/3f0d93203df21c806dd63c76d9bb28bc","name":"marioschrumpf","url":"https:\/\/www.naturparkmagazin.de\/stechlin\/author\/marioschrumpf\/"}]}},"_links":{"self":[{"href":"https:\/\/www.naturparkmagazin.de\/stechlin\/wp-json\/wp\/v2\/posts\/627"}],"collection":[{"href":"https:\/\/www.naturparkmagazin.de\/stechlin\/wp-json\/wp\/v2\/posts"}],"about":[{"href":"https:\/\/www.naturparkmagazin.de\/stechlin\/wp-json\/wp\/v2\/types\/post"}],"author":[{"embeddable":true,"href":"https:\/\/www.naturparkmagazin.de\/stechlin\/wp-json\/wp\/v2\/users\/39"}],"replies":[{"embeddable":true,"href":"https:\/\/www.naturparkmagazin.de\/stechlin\/wp-json\/wp\/v2\/comments?post=627"}],"version-history":[{"count":4,"href":"https:\/\/www.naturparkmagazin.de\/stechlin\/wp-json\/wp\/v2\/posts\/627\/revisions"}],"predecessor-version":[{"id":663,"href":"https:\/\/www.naturparkmagazin.de\/stechlin\/wp-json\/wp\/v2\/posts\/627\/revisions\/663"}],"wp:attachment":[{"href":"https:\/\/www.naturparkmagazin.de\/stechlin\/wp-json\/wp\/v2\/media?parent=627"}],"wp:term":[{"taxonomy":"category","embeddable":true,"href":"https:\/\/www.naturparkmagazin.de\/stechlin\/wp-json\/wp\/v2\/categories?post=627"},{"taxonomy":"post_tag","embeddable":true,"href":"https:\/\/www.naturparkmagazin.de\/stechlin\/wp-json\/wp\/v2\/tags?post=627"}],"curies":[{"name":"wp","href":"https:\/\/api.w.org\/{rel}","templated":true}]}}