{"id":629,"date":"2014-01-21T14:59:43","date_gmt":"2014-01-21T12:59:43","guid":{"rendered":"http:\/\/www.naturparkmagazin.de\/stechlin\/?p=629"},"modified":"2014-02-10T13:19:14","modified_gmt":"2014-02-10T11:19:14","slug":"obstbaumschnittkurs-jungbaeume","status":"publish","type":"post","link":"https:\/\/www.naturparkmagazin.de\/stechlin\/obstbaumschnittkurs-jungbaeume\/","title":{"rendered":"Obstbaumschnittkurs Jungb\u00e4ume"},"content":{"rendered":"<p>Reiner Merker l\u00e4dt am 8. M\u00e4rz um 10:00 Uhr zu einem Obstbaumschnittkurs mit dem Schwerpunkt Erziehung von Jungb\u00e4umen nach F\u00fcrstenberg\/Havel ein.<\/p>\n<div id=\"attachment_222\" style=\"width: 630px\" class=\"wp-caption alignnone\"><a href=\"https:\/\/www.naturparkmagazin.de\/stechlin\/wp-content\/uploads\/sites\/38\/k-Schmetterling.jpg\"><img aria-describedby=\"caption-attachment-222\" decoding=\"async\" loading=\"lazy\" class=\"size-large wp-image-222\" alt=\"Der Admiral labt sich an der \u00fcberreifen Birne auf einer Streuobstwiese.\" src=\"https:\/\/www.naturparkmagazin.de\/stechlin\/wp-content\/uploads\/sites\/38\/k-Schmetterling-940x705.jpg\" width=\"620\" height=\"464\" srcset=\"https:\/\/www.naturparkmagazin.de\/stechlin\/wp-content\/uploads\/sites\/38\/k-Schmetterling-940x705.jpg 940w, https:\/\/www.naturparkmagazin.de\/stechlin\/wp-content\/uploads\/sites\/38\/k-Schmetterling-300x225.jpg 300w, https:\/\/www.naturparkmagazin.de\/stechlin\/wp-content\/uploads\/sites\/38\/k-Schmetterling-620x465.jpg 620w, https:\/\/www.naturparkmagazin.de\/stechlin\/wp-content\/uploads\/sites\/38\/k-Schmetterling-580x435.jpg 580w, https:\/\/www.naturparkmagazin.de\/stechlin\/wp-content\/uploads\/sites\/38\/k-Schmetterling-420x315.jpg 420w, https:\/\/www.naturparkmagazin.de\/stechlin\/wp-content\/uploads\/sites\/38\/k-Schmetterling-180x135.jpg 180w, https:\/\/www.naturparkmagazin.de\/stechlin\/wp-content\/uploads\/sites\/38\/k-Schmetterling-95x71.jpg 95w, https:\/\/www.naturparkmagazin.de\/stechlin\/wp-content\/uploads\/sites\/38\/k-Schmetterling-670x503.jpg 670w, https:\/\/www.naturparkmagazin.de\/stechlin\/wp-content\/uploads\/sites\/38\/k-Schmetterling-200x150.jpg 200w, https:\/\/www.naturparkmagazin.de\/stechlin\/wp-content\/uploads\/sites\/38\/k-Schmetterling.jpg 1824w\" sizes=\"(max-width: 620px) 100vw, 620px\" \/><\/a><p id=\"caption-attachment-222\" class=\"wp-caption-text\">Der Admiral labt sich an der \u00fcberreifen Birne auf einer Streuobstwiese.<\/p><\/div>\n<p>Im Kurs werden die Grundlagen des Obstbaumschnittes mit dem Schwerpunkt der Erziehung von Jungb\u00e4umen vermittelt. Der theoritische Teil des Schnittkurses umfasst die grundlegenden Wuchsgesetze sowie Schnitttechniken und -ziele im naturgem\u00e4\u00dfen Obstbaumschnitt. Der Praxisteil f\u00fchrt von der Baumsprache und Bodenpflege zum Schnitt unterschiedlich entwickelter Jungb\u00e4ume im \u00d6schbergschnitt.<\/p>\n<p>Bitte wetterfeste Kleidung, eventuell Schnittwerkzeug und ein kleines Brett mitbringen!<\/p>\n<p><strong>Zeit:<\/strong> 8. M\u00e4rz 2014, 10:00 bis 16.00 Uhr<\/p>\n<p><strong>Ort:<\/strong> F\u00fcrstenberg, OT Neubau, Buchenweg 1<\/p>\n<p><strong>Kosten:<\/strong> 25\u20ac, inkl. Mittagsimbi\u00df<\/p>\n<p><strong>Anmeldungen unter:<\/strong> Tel. 0175 9655845 oder <a href=\"mailto:kontakt@werkraum-obst.de\">kontakt@werkraum-obst.de<\/a>, max. 12 Teilnehmer<\/p>\n<p><strong>Weitere Informationen:<\/strong> <a href=\"http:\/\/www.werkraum-obst.de\">www.werkraum-obst.de<\/a><\/p>\n","protected":false},"excerpt":{"rendered":"<p>Reiner Merker l\u00e4dt am 8. M\u00e4rz um 10:00 Uhr zu einem Obstbaumschnittkurs mit dem Schwerpunkt Erziehung von Jungb\u00e4umen nach F\u00fcrstenberg\/Havel ein.<\/p>\n","protected":false},"author":39,"featured_media":222,"comment_status":"open","ping_status":"open","sticky":false,"template":"","format":"standard","meta":[],"categories":[11],"tags":[],"yoast_head":"<!-- This site is optimized with the Yoast SEO plugin v19.10 - https:\/\/yoast.com\/wordpress\/plugins\/seo\/ -->\n<title>Obstbaumschnittkurs Jungb\u00e4ume - Naturpark Stechlin-Ruppiner Land<\/title>\n<meta name=\"robots\" content=\"index, follow, max-snippet:-1, max-image-preview:large, max-video-preview:-1\" \/>\n<link rel=\"canonical\" href=\"https:\/\/www.naturparkmagazin.de\/stechlin\/obstbaumschnittkurs-jungbaeume\/\" \/>\n<meta property=\"og:locale\" content=\"de_DE\" \/>\n<meta property=\"og:type\" content=\"article\" \/>\n<meta property=\"og:title\" content=\"Obstbaumschnittkurs Jungb\u00e4ume - Naturpark Stechlin-Ruppiner Land\" \/>\n<meta property=\"og:description\" content=\"Reiner Merker l\u00e4dt am 8. M\u00e4rz um 10:00 Uhr zu einem Obstbaumschnittkurs mit dem Schwerpunkt Erziehung von Jungb\u00e4umen nach F\u00fcrstenberg\/Havel ein.\" \/>\n<meta property=\"og:url\" content=\"https:\/\/www.naturparkmagazin.de\/stechlin\/obstbaumschnittkurs-jungbaeume\/\" \/>\n<meta property=\"og:site_name\" content=\"Naturpark Stechlin-Ruppiner Land\" \/>\n<meta property=\"article:published_time\" content=\"2014-01-21T12:59:43+00:00\" \/>\n<meta property=\"article:modified_time\" content=\"2014-02-10T11:19:14+00:00\" \/>\n<meta property=\"og:image\" content=\"https:\/\/www.naturparkmagazin.de\/stechlin\/wp-content\/uploads\/sites\/38\/k-Schmetterling.jpg\" \/>\n\t<meta property=\"og:image:width\" content=\"1824\" \/>\n\t<meta property=\"og:image:height\" content=\"1368\" \/>\n\t<meta property=\"og:image:type\" content=\"image\/jpeg\" \/>\n<meta name=\"author\" content=\"marioschrumpf\" \/>\n<meta name=\"twitter:label1\" content=\"Verfasst von\" \/>\n\t<meta name=\"twitter:data1\" content=\"marioschrumpf\" \/>\n\t<meta name=\"twitter:label2\" content=\"Gesch\u00e4tzte Lesezeit\" \/>\n\t<meta name=\"twitter:data2\" content=\"1\u00a0Minute\" \/>\n<script type=\"application\/ld+json\" class=\"yoast-schema-graph\">{\"@context\":\"https:\/\/schema.org\",\"@graph\":[{\"@type\":\"WebPage\",\"@id\":\"https:\/\/www.naturparkmagazin.de\/stechlin\/obstbaumschnittkurs-jungbaeume\/\",\"url\":\"https:\/\/www.naturparkmagazin.de\/stechlin\/obstbaumschnittkurs-jungbaeume\/\",\"name\":\"Obstbaumschnittkurs Jungb\u00e4ume - Naturpark Stechlin-Ruppiner Land\",\"isPartOf\":{\"@id\":\"https:\/\/www.naturparkmagazin.de\/stechlin\/#website\"},\"datePublished\":\"2014-01-21T12:59:43+00:00\",\"dateModified\":\"2014-02-10T11:19:14+00:00\",\"author\":{\"@id\":\"https:\/\/www.naturparkmagazin.de\/stechlin\/#\/schema\/person\/3f0d93203df21c806dd63c76d9bb28bc\"},\"breadcrumb\":{\"@id\":\"https:\/\/www.naturparkmagazin.de\/stechlin\/obstbaumschnittkurs-jungbaeume\/#breadcrumb\"},\"inLanguage\":\"de\",\"potentialAction\":[{\"@type\":\"ReadAction\",\"target\":[\"https:\/\/www.naturparkmagazin.de\/stechlin\/obstbaumschnittkurs-jungbaeume\/\"]}]},{\"@type\":\"BreadcrumbList\",\"@id\":\"https:\/\/www.naturparkmagazin.de\/stechlin\/obstbaumschnittkurs-jungbaeume\/#breadcrumb\",\"itemListElement\":[{\"@type\":\"ListItem\",\"position\":1,\"name\":\"Home\",\"item\":\"https:\/\/www.naturparkmagazin.de\/stechlin\/\"},{\"@type\":\"ListItem\",\"position\":2,\"name\":\"Obstbaumschnittkurs Jungb\u00e4ume\"}]},{\"@type\":\"WebSite\",\"@id\":\"https:\/\/www.naturparkmagazin.de\/stechlin\/#website\",\"url\":\"https:\/\/www.naturparkmagazin.de\/stechlin\/\",\"name\":\"Naturpark Stechlin-Ruppiner Land\",\"description\":\"\",\"potentialAction\":[{\"@type\":\"SearchAction\",\"target\":{\"@type\":\"EntryPoint\",\"urlTemplate\":\"https:\/\/www.naturparkmagazin.de\/stechlin\/?s={search_term_string}\"},\"query-input\":\"required name=search_term_string\"}],\"inLanguage\":\"de\"},{\"@type\":\"Person\",\"@id\":\"https:\/\/www.naturparkmagazin.de\/stechlin\/#\/schema\/person\/3f0d93203df21c806dd63c76d9bb28bc\",\"name\":\"marioschrumpf\",\"url\":\"https:\/\/www.naturparkmagazin.de\/stechlin\/author\/marioschrumpf\/\"}]}<\/script>\n<!-- \/ Yoast SEO plugin. -->","yoast_head_json":{"title":"Obstbaumschnittkurs Jungb\u00e4ume - Naturpark Stechlin-Ruppiner Land","robots":{"index":"index","follow":"follow","max-snippet":"max-snippet:-1","max-image-preview":"max-image-preview:large","max-video-preview":"max-video-preview:-1"},"canonical":"https:\/\/www.naturparkmagazin.de\/stechlin\/obstbaumschnittkurs-jungbaeume\/","og_locale":"de_DE","og_type":"article","og_title":"Obstbaumschnittkurs Jungb\u00e4ume - Naturpark Stechlin-Ruppiner Land","og_description":"Reiner Merker l\u00e4dt am 8. M\u00e4rz um 10:00 Uhr zu einem Obstbaumschnittkurs mit dem Schwerpunkt Erziehung von Jungb\u00e4umen nach F\u00fcrstenberg\/Havel ein.","og_url":"https:\/\/www.naturparkmagazin.de\/stechlin\/obstbaumschnittkurs-jungbaeume\/","og_site_name":"Naturpark Stechlin-Ruppiner Land","article_published_time":"2014-01-21T12:59:43+00:00","article_modified_time":"2014-02-10T11:19:14+00:00","og_image":[{"width":1824,"height":1368,"url":"https:\/\/www.naturparkmagazin.de\/stechlin\/wp-content\/uploads\/sites\/38\/k-Schmetterling.jpg","type":"image\/jpeg"}],"author":"marioschrumpf","twitter_misc":{"Verfasst von":"marioschrumpf","Gesch\u00e4tzte Lesezeit":"1\u00a0Minute"},"schema":{"@context":"https:\/\/schema.org","@graph":[{"@type":"WebPage","@id":"https:\/\/www.naturparkmagazin.de\/stechlin\/obstbaumschnittkurs-jungbaeume\/","url":"https:\/\/www.naturparkmagazin.de\/stechlin\/obstbaumschnittkurs-jungbaeume\/","name":"Obstbaumschnittkurs Jungb\u00e4ume - Naturpark Stechlin-Ruppiner Land","isPartOf":{"@id":"https:\/\/www.naturparkmagazin.de\/stechlin\/#website"},"datePublished":"2014-01-21T12:59:43+00:00","dateModified":"2014-02-10T11:19:14+00:00","author":{"@id":"https:\/\/www.naturparkmagazin.de\/stechlin\/#\/schema\/person\/3f0d93203df21c806dd63c76d9bb28bc"},"breadcrumb":{"@id":"https:\/\/www.naturparkmagazin.de\/stechlin\/obstbaumschnittkurs-jungbaeume\/#breadcrumb"},"inLanguage":"de","potentialAction":[{"@type":"ReadAction","target":["https:\/\/www.naturparkmagazin.de\/stechlin\/obstbaumschnittkurs-jungbaeume\/"]}]},{"@type":"BreadcrumbList","@id":"https:\/\/www.naturparkmagazin.de\/stechlin\/obstbaumschnittkurs-jungbaeume\/#breadcrumb","itemListElement":[{"@type":"ListItem","position":1,"name":"Home","item":"https:\/\/www.naturparkmagazin.de\/stechlin\/"},{"@type":"ListItem","position":2,"name":"Obstbaumschnittkurs Jungb\u00e4ume"}]},{"@type":"WebSite","@id":"https:\/\/www.naturparkmagazin.de\/stechlin\/#website","url":"https:\/\/www.naturparkmagazin.de\/stechlin\/","name":"Naturpark Stechlin-Ruppiner Land","description":"","potentialAction":[{"@type":"SearchAction","target":{"@type":"EntryPoint","urlTemplate":"https:\/\/www.naturparkmagazin.de\/stechlin\/?s={search_term_string}"},"query-input":"required name=search_term_string"}],"inLanguage":"de"},{"@type":"Person","@id":"https:\/\/www.naturparkmagazin.de\/stechlin\/#\/schema\/person\/3f0d93203df21c806dd63c76d9bb28bc","name":"marioschrumpf","url":"https:\/\/www.naturparkmagazin.de\/stechlin\/author\/marioschrumpf\/"}]}},"_links":{"self":[{"href":"https:\/\/www.naturparkmagazin.de\/stechlin\/wp-json\/wp\/v2\/posts\/629"}],"collection":[{"href":"https:\/\/www.naturparkmagazin.de\/stechlin\/wp-json\/wp\/v2\/posts"}],"about":[{"href":"https:\/\/www.naturparkmagazin.de\/stechlin\/wp-json\/wp\/v2\/types\/post"}],"author":[{"embeddable":true,"href":"https:\/\/www.naturparkmagazin.de\/stechlin\/wp-json\/wp\/v2\/users\/39"}],"replies":[{"embeddable":true,"href":"https:\/\/www.naturparkmagazin.de\/stechlin\/wp-json\/wp\/v2\/comments?post=629"}],"version-history":[{"count":4,"href":"https:\/\/www.naturparkmagazin.de\/stechlin\/wp-json\/wp\/v2\/posts\/629\/revisions"}],"predecessor-version":[{"id":677,"href":"https:\/\/www.naturparkmagazin.de\/stechlin\/wp-json\/wp\/v2\/posts\/629\/revisions\/677"}],"wp:featuredmedia":[{"embeddable":true,"href":"https:\/\/www.naturparkmagazin.de\/stechlin\/wp-json\/wp\/v2\/media\/222"}],"wp:attachment":[{"href":"https:\/\/www.naturparkmagazin.de\/stechlin\/wp-json\/wp\/v2\/media?parent=629"}],"wp:term":[{"taxonomy":"category","embeddable":true,"href":"https:\/\/www.naturparkmagazin.de\/stechlin\/wp-json\/wp\/v2\/categories?post=629"},{"taxonomy":"post_tag","embeddable":true,"href":"https:\/\/www.naturparkmagazin.de\/stechlin\/wp-json\/wp\/v2\/tags?post=629"}],"curies":[{"name":"wp","href":"https:\/\/api.w.org\/{rel}","templated":true}]}}