{"id":6332,"date":"2017-10-16T14:53:05","date_gmt":"2017-10-16T12:53:05","guid":{"rendered":"http:\/\/www.naturparkmagazin.de\/stechlin\/?p=6332"},"modified":"2017-10-25T11:44:35","modified_gmt":"2017-10-25T09:44:35","slug":"herbstarbeitstreffen-des-tourismusverbandes-prignitz","status":"publish","type":"post","link":"https:\/\/www.naturparkmagazin.de\/stechlin\/herbstarbeitstreffen-des-tourismusverbandes-prignitz\/","title":{"rendered":"Herbstarbeitstreffen des Tourismusverbandes Prignitz"},"content":{"rendered":"<p>Zum Herbstarbeitstreffen des Tourismusverbandes haben sich am 27. September 2017 die MitarbeiterInnen der Touristinformationen der gesamten Prignitz in der Kyritz-Ruppiner Heide getroffen. Ziel war es, die Angebote des Natur- und Gesundheitstourismus kennen zu lernen und diese in der Heide zu erleben.<\/p>\n<div id=\"attachment_6334\" style=\"width: 310px\" class=\"wp-caption aligncenter\"><a href=\"https:\/\/www.naturparkmagazin.de\/stechlin\/wp-content\/uploads\/sites\/38\/November_Fr\u00fchst\u00fccksimbiss-auf-dem-Sielmannh\u00fcgel-am-27.09.2017.jpg\"><img aria-describedby=\"caption-attachment-6334\" decoding=\"async\" loading=\"lazy\" class=\"size-thumbnail wp-image-6334\" src=\"https:\/\/www.naturparkmagazin.de\/stechlin\/wp-content\/uploads\/sites\/38\/November_Fr\u00fchst\u00fccksimbiss-auf-dem-Sielmannh\u00fcgel-am-27.09.2017-300x180.jpg\" alt=\"Fr\u00fchst\u00fccksimbiss auf dem Sielmannh\u00fcgel\" width=\"300\" height=\"180\" srcset=\"https:\/\/www.naturparkmagazin.de\/stechlin\/wp-content\/uploads\/sites\/38\/November_Fr\u00fchst\u00fccksimbiss-auf-dem-Sielmannh\u00fcgel-am-27.09.2017-300x180.jpg 300w, https:\/\/www.naturparkmagazin.de\/stechlin\/wp-content\/uploads\/sites\/38\/November_Fr\u00fchst\u00fccksimbiss-auf-dem-Sielmannh\u00fcgel-am-27.09.2017.jpg 500w, https:\/\/www.naturparkmagazin.de\/stechlin\/wp-content\/uploads\/sites\/38\/November_Fr\u00fchst\u00fccksimbiss-auf-dem-Sielmannh\u00fcgel-am-27.09.2017-200x120.jpg 200w\" sizes=\"(max-width: 300px) 100vw, 300px\" \/><\/a><p id=\"caption-attachment-6334\" class=\"wp-caption-text\">Fr\u00fchst\u00fccksimbiss auf dem Sielmannh\u00fcgel<\/p><\/div>\n<p>Vier Natur- und Landschaftsf\u00fchrer des Naturparkes Stechlin Ruppiner Land (J\u00fcrgen Strache, Olaf Wolff, Andree Kienast und J\u00fcrgen Paul) haben den Tag f\u00fcr die 21 Teilnehmer inhaltlich vorbereitet. Zum Empfang wurde auf dem Sielmannh\u00fcgel bei Pfalzheim ein rustikales, regionales Fr\u00fchst\u00fcck angeboten. Anschlie\u00dfend machten sich zwei Wandergruppen und eine Nordic Walking Gruppe auf den Weg in Richtung Neu Glienicke. Am Heideeingang stiegen die Teilnehmer um auf den Kremser von J\u00fcrgen Strache, der die Gruppe zum Mittagessen in das Kleine Waldhaus brachte. Zur St\u00e4rkung nach dem anstrengenden Vormittag gab es z\u00fcnftig Kesselgulasch.<\/p>\n<p>Die Arbeitsberatung der Touristinformationen fand diesmal w\u00e4hrend der R\u00fcckfahrt auf dem Kremser statt. Diese besondere Organisationsform wurde von allen anschlie\u00dfend sehr gelobt. Auf dem Sielmannh\u00fcgel wurde zum Abschluss noch Kuchen serviert und jeder Teilnehmer bekam ein kleines Probiergl\u00e4schen Heidehonig mit auf den Heimweg. Das Fazit der Teilnehmer: \u201eDas war wirklich ein erkenntnis-reicher Tag und ein Erlebnis der besonderen Art. Wer die touristischen Angebote der Kyritz-Ruppiner Heide vermitteln will, muss diese unbedingt selbst erlebt haben.\u201c<\/p>\n<div id=\"attachment_6335\" style=\"width: 310px\" class=\"wp-caption aligncenter\"><a href=\"https:\/\/www.naturparkmagazin.de\/stechlin\/wp-content\/uploads\/sites\/38\/November_Gruppenfoto-zum-Abschluss-des-Tages-auf-dem-Sielmannh\u00fcgel-27.09.2017.jpg\"><img aria-describedby=\"caption-attachment-6335\" decoding=\"async\" loading=\"lazy\" class=\"size-thumbnail wp-image-6335\" src=\"https:\/\/www.naturparkmagazin.de\/stechlin\/wp-content\/uploads\/sites\/38\/November_Gruppenfoto-zum-Abschluss-des-Tages-auf-dem-Sielmannh\u00fcgel-27.09.2017-300x180.jpg\" alt=\"Gruppenfoto zum Abschluss des Tages auf dem Sielmann-H\u00fcgel\" width=\"300\" height=\"180\" srcset=\"https:\/\/www.naturparkmagazin.de\/stechlin\/wp-content\/uploads\/sites\/38\/November_Gruppenfoto-zum-Abschluss-des-Tages-auf-dem-Sielmannh\u00fcgel-27.09.2017-300x180.jpg 300w, https:\/\/www.naturparkmagazin.de\/stechlin\/wp-content\/uploads\/sites\/38\/November_Gruppenfoto-zum-Abschluss-des-Tages-auf-dem-Sielmannh\u00fcgel-27.09.2017.jpg 500w, https:\/\/www.naturparkmagazin.de\/stechlin\/wp-content\/uploads\/sites\/38\/November_Gruppenfoto-zum-Abschluss-des-Tages-auf-dem-Sielmannh\u00fcgel-27.09.2017-200x120.jpg 200w\" sizes=\"(max-width: 300px) 100vw, 300px\" \/><\/a><p id=\"caption-attachment-6335\" class=\"wp-caption-text\">Gruppenfoto zum Abschluss des Tages auf dem Sielmann-H\u00fcgel<\/p><\/div>\n<p>Weitere Informationen unter<\/p>\n<p><a href=\"http:\/\/www.kyritz-ruppiner-heide.de\/kyritz-ruppiner-heide.html\">http:\/\/www.kyritz-ruppiner-heide.de\/kyritz-ruppiner-heide.html<\/a><\/p>\n<p><a href=\"http:\/\/www.sielmann-stiftung.de\/natur-erleben-schuetzen\/kyritz-ruppiner-heide\">http:\/\/www.sielmann-stiftung.de\/natur-erleben-schuetzen\/kyritz-ruppiner-heide<\/a><\/p>\n<p><a href=\"http:\/\/www.fitness-studio-natur.de\">http:\/\/www.fitness-studio-natur.de<\/a><\/p>\n<p>&nbsp;<\/p>\n","protected":false},"excerpt":{"rendered":"<p>Die MitarbeiterInnen der Touristinformationen der gesamten Prignitz in der Kyritz-Ruppiner Heide trafen sich um die Angebote des Natur- und Gesundheitstourismus kennen zu lernen und diese in der Heide zu erleben.<\/p>\n","protected":false},"author":39,"featured_media":6333,"comment_status":"open","ping_status":"open","sticky":false,"template":"","format":"standard","meta":[],"categories":[7],"tags":[],"yoast_head":"<!-- This site is optimized with the Yoast SEO plugin v19.10 - https:\/\/yoast.com\/wordpress\/plugins\/seo\/ -->\n<title>Herbstarbeitstreffen des Tourismusverbandes Prignitz - Naturpark Stechlin-Ruppiner Land<\/title>\n<meta name=\"robots\" content=\"index, follow, max-snippet:-1, max-image-preview:large, max-video-preview:-1\" \/>\n<link rel=\"canonical\" href=\"https:\/\/www.naturparkmagazin.de\/stechlin\/herbstarbeitstreffen-des-tourismusverbandes-prignitz\/\" \/>\n<meta property=\"og:locale\" content=\"de_DE\" \/>\n<meta property=\"og:type\" content=\"article\" \/>\n<meta property=\"og:title\" content=\"Herbstarbeitstreffen des Tourismusverbandes Prignitz - Naturpark Stechlin-Ruppiner Land\" \/>\n<meta property=\"og:description\" content=\"Die MitarbeiterInnen der Touristinformationen der gesamten Prignitz in der Kyritz-Ruppiner Heide trafen sich um die Angebote des Natur- und Gesundheitstourismus kennen zu lernen und diese in der Heide zu erleben.\" \/>\n<meta property=\"og:url\" content=\"https:\/\/www.naturparkmagazin.de\/stechlin\/herbstarbeitstreffen-des-tourismusverbandes-prignitz\/\" \/>\n<meta property=\"og:site_name\" content=\"Naturpark Stechlin-Ruppiner Land\" \/>\n<meta property=\"article:published_time\" content=\"2017-10-16T12:53:05+00:00\" \/>\n<meta property=\"article:modified_time\" content=\"2017-10-25T09:44:35+00:00\" \/>\n<meta property=\"og:image\" content=\"https:\/\/www.naturparkmagazin.de\/stechlin\/wp-content\/uploads\/sites\/38\/November_Nordic-Walking-Team-am-27.09.2017-Sielmannh\u00fcgel.jpg\" \/>\n\t<meta property=\"og:image:width\" content=\"200\" \/>\n\t<meta property=\"og:image:height\" content=\"200\" \/>\n\t<meta property=\"og:image:type\" content=\"image\/jpeg\" \/>\n<meta name=\"author\" content=\"marioschrumpf\" \/>\n<meta name=\"twitter:label1\" content=\"Verfasst von\" \/>\n\t<meta name=\"twitter:data1\" content=\"marioschrumpf\" \/>\n\t<meta name=\"twitter:label2\" content=\"Gesch\u00e4tzte Lesezeit\" \/>\n\t<meta name=\"twitter:data2\" content=\"1\u00a0Minute\" \/>\n<script type=\"application\/ld+json\" class=\"yoast-schema-graph\">{\"@context\":\"https:\/\/schema.org\",\"@graph\":[{\"@type\":\"WebPage\",\"@id\":\"https:\/\/www.naturparkmagazin.de\/stechlin\/herbstarbeitstreffen-des-tourismusverbandes-prignitz\/\",\"url\":\"https:\/\/www.naturparkmagazin.de\/stechlin\/herbstarbeitstreffen-des-tourismusverbandes-prignitz\/\",\"name\":\"Herbstarbeitstreffen des Tourismusverbandes Prignitz - Naturpark Stechlin-Ruppiner Land\",\"isPartOf\":{\"@id\":\"https:\/\/www.naturparkmagazin.de\/stechlin\/#website\"},\"datePublished\":\"2017-10-16T12:53:05+00:00\",\"dateModified\":\"2017-10-25T09:44:35+00:00\",\"author\":{\"@id\":\"https:\/\/www.naturparkmagazin.de\/stechlin\/#\/schema\/person\/3f0d93203df21c806dd63c76d9bb28bc\"},\"breadcrumb\":{\"@id\":\"https:\/\/www.naturparkmagazin.de\/stechlin\/herbstarbeitstreffen-des-tourismusverbandes-prignitz\/#breadcrumb\"},\"inLanguage\":\"de\",\"potentialAction\":[{\"@type\":\"ReadAction\",\"target\":[\"https:\/\/www.naturparkmagazin.de\/stechlin\/herbstarbeitstreffen-des-tourismusverbandes-prignitz\/\"]}]},{\"@type\":\"BreadcrumbList\",\"@id\":\"https:\/\/www.naturparkmagazin.de\/stechlin\/herbstarbeitstreffen-des-tourismusverbandes-prignitz\/#breadcrumb\",\"itemListElement\":[{\"@type\":\"ListItem\",\"position\":1,\"name\":\"Home\",\"item\":\"https:\/\/www.naturparkmagazin.de\/stechlin\/\"},{\"@type\":\"ListItem\",\"position\":2,\"name\":\"Herbstarbeitstreffen des Tourismusverbandes Prignitz\"}]},{\"@type\":\"WebSite\",\"@id\":\"https:\/\/www.naturparkmagazin.de\/stechlin\/#website\",\"url\":\"https:\/\/www.naturparkmagazin.de\/stechlin\/\",\"name\":\"Naturpark Stechlin-Ruppiner Land\",\"description\":\"\",\"potentialAction\":[{\"@type\":\"SearchAction\",\"target\":{\"@type\":\"EntryPoint\",\"urlTemplate\":\"https:\/\/www.naturparkmagazin.de\/stechlin\/?s={search_term_string}\"},\"query-input\":\"required name=search_term_string\"}],\"inLanguage\":\"de\"},{\"@type\":\"Person\",\"@id\":\"https:\/\/www.naturparkmagazin.de\/stechlin\/#\/schema\/person\/3f0d93203df21c806dd63c76d9bb28bc\",\"name\":\"marioschrumpf\",\"url\":\"https:\/\/www.naturparkmagazin.de\/stechlin\/author\/marioschrumpf\/\"}]}<\/script>\n<!-- \/ Yoast SEO plugin. -->","yoast_head_json":{"title":"Herbstarbeitstreffen des Tourismusverbandes Prignitz - Naturpark Stechlin-Ruppiner Land","robots":{"index":"index","follow":"follow","max-snippet":"max-snippet:-1","max-image-preview":"max-image-preview:large","max-video-preview":"max-video-preview:-1"},"canonical":"https:\/\/www.naturparkmagazin.de\/stechlin\/herbstarbeitstreffen-des-tourismusverbandes-prignitz\/","og_locale":"de_DE","og_type":"article","og_title":"Herbstarbeitstreffen des Tourismusverbandes Prignitz - Naturpark Stechlin-Ruppiner Land","og_description":"Die MitarbeiterInnen der Touristinformationen der gesamten Prignitz in der Kyritz-Ruppiner Heide trafen sich um die Angebote des Natur- und Gesundheitstourismus kennen zu lernen und diese in der Heide zu erleben.","og_url":"https:\/\/www.naturparkmagazin.de\/stechlin\/herbstarbeitstreffen-des-tourismusverbandes-prignitz\/","og_site_name":"Naturpark Stechlin-Ruppiner Land","article_published_time":"2017-10-16T12:53:05+00:00","article_modified_time":"2017-10-25T09:44:35+00:00","og_image":[{"width":200,"height":200,"url":"https:\/\/www.naturparkmagazin.de\/stechlin\/wp-content\/uploads\/sites\/38\/November_Nordic-Walking-Team-am-27.09.2017-Sielmannh\u00fcgel.jpg","type":"image\/jpeg"}],"author":"marioschrumpf","twitter_misc":{"Verfasst von":"marioschrumpf","Gesch\u00e4tzte Lesezeit":"1\u00a0Minute"},"schema":{"@context":"https:\/\/schema.org","@graph":[{"@type":"WebPage","@id":"https:\/\/www.naturparkmagazin.de\/stechlin\/herbstarbeitstreffen-des-tourismusverbandes-prignitz\/","url":"https:\/\/www.naturparkmagazin.de\/stechlin\/herbstarbeitstreffen-des-tourismusverbandes-prignitz\/","name":"Herbstarbeitstreffen des Tourismusverbandes Prignitz - Naturpark Stechlin-Ruppiner Land","isPartOf":{"@id":"https:\/\/www.naturparkmagazin.de\/stechlin\/#website"},"datePublished":"2017-10-16T12:53:05+00:00","dateModified":"2017-10-25T09:44:35+00:00","author":{"@id":"https:\/\/www.naturparkmagazin.de\/stechlin\/#\/schema\/person\/3f0d93203df21c806dd63c76d9bb28bc"},"breadcrumb":{"@id":"https:\/\/www.naturparkmagazin.de\/stechlin\/herbstarbeitstreffen-des-tourismusverbandes-prignitz\/#breadcrumb"},"inLanguage":"de","potentialAction":[{"@type":"ReadAction","target":["https:\/\/www.naturparkmagazin.de\/stechlin\/herbstarbeitstreffen-des-tourismusverbandes-prignitz\/"]}]},{"@type":"BreadcrumbList","@id":"https:\/\/www.naturparkmagazin.de\/stechlin\/herbstarbeitstreffen-des-tourismusverbandes-prignitz\/#breadcrumb","itemListElement":[{"@type":"ListItem","position":1,"name":"Home","item":"https:\/\/www.naturparkmagazin.de\/stechlin\/"},{"@type":"ListItem","position":2,"name":"Herbstarbeitstreffen des Tourismusverbandes Prignitz"}]},{"@type":"WebSite","@id":"https:\/\/www.naturparkmagazin.de\/stechlin\/#website","url":"https:\/\/www.naturparkmagazin.de\/stechlin\/","name":"Naturpark Stechlin-Ruppiner Land","description":"","potentialAction":[{"@type":"SearchAction","target":{"@type":"EntryPoint","urlTemplate":"https:\/\/www.naturparkmagazin.de\/stechlin\/?s={search_term_string}"},"query-input":"required name=search_term_string"}],"inLanguage":"de"},{"@type":"Person","@id":"https:\/\/www.naturparkmagazin.de\/stechlin\/#\/schema\/person\/3f0d93203df21c806dd63c76d9bb28bc","name":"marioschrumpf","url":"https:\/\/www.naturparkmagazin.de\/stechlin\/author\/marioschrumpf\/"}]}},"_links":{"self":[{"href":"https:\/\/www.naturparkmagazin.de\/stechlin\/wp-json\/wp\/v2\/posts\/6332"}],"collection":[{"href":"https:\/\/www.naturparkmagazin.de\/stechlin\/wp-json\/wp\/v2\/posts"}],"about":[{"href":"https:\/\/www.naturparkmagazin.de\/stechlin\/wp-json\/wp\/v2\/types\/post"}],"author":[{"embeddable":true,"href":"https:\/\/www.naturparkmagazin.de\/stechlin\/wp-json\/wp\/v2\/users\/39"}],"replies":[{"embeddable":true,"href":"https:\/\/www.naturparkmagazin.de\/stechlin\/wp-json\/wp\/v2\/comments?post=6332"}],"version-history":[{"count":4,"href":"https:\/\/www.naturparkmagazin.de\/stechlin\/wp-json\/wp\/v2\/posts\/6332\/revisions"}],"predecessor-version":[{"id":6387,"href":"https:\/\/www.naturparkmagazin.de\/stechlin\/wp-json\/wp\/v2\/posts\/6332\/revisions\/6387"}],"wp:featuredmedia":[{"embeddable":true,"href":"https:\/\/www.naturparkmagazin.de\/stechlin\/wp-json\/wp\/v2\/media\/6333"}],"wp:attachment":[{"href":"https:\/\/www.naturparkmagazin.de\/stechlin\/wp-json\/wp\/v2\/media?parent=6332"}],"wp:term":[{"taxonomy":"category","embeddable":true,"href":"https:\/\/www.naturparkmagazin.de\/stechlin\/wp-json\/wp\/v2\/categories?post=6332"},{"taxonomy":"post_tag","embeddable":true,"href":"https:\/\/www.naturparkmagazin.de\/stechlin\/wp-json\/wp\/v2\/tags?post=6332"}],"curies":[{"name":"wp","href":"https:\/\/api.w.org\/{rel}","templated":true}]}}