{"id":6356,"date":"2017-10-16T10:38:58","date_gmt":"2017-10-16T08:38:58","guid":{"rendered":"http:\/\/www.naturparkmagazin.de\/stechlin\/?p=6356"},"modified":"2017-10-24T13:04:57","modified_gmt":"2017-10-24T11:04:57","slug":"nordic-walker-in-der-heide","status":"publish","type":"post","link":"https:\/\/www.naturparkmagazin.de\/stechlin\/nordic-walker-in-der-heide\/","title":{"rendered":"Unterwegs im Fitness-Studio Natur"},"content":{"rendered":"<p><span style=\"font-family: 'Calibri','sans-serif';\"><span style=\"color: #000000;\"><a href=\"https:\/\/www.naturparkmagazin.de\/stechlin\/wp-content\/uploads\/sites\/38\/Unbenannt2.png\"><img decoding=\"async\" loading=\"lazy\" class=\" size-full wp-image-6357 aligncenter\" src=\"https:\/\/www.naturparkmagazin.de\/stechlin\/wp-content\/uploads\/sites\/38\/Unbenannt2.png\" alt=\"NP SRL\/Mario Schrumpf\" width=\"178\" height=\"178\" srcset=\"https:\/\/www.naturparkmagazin.de\/stechlin\/wp-content\/uploads\/sites\/38\/Unbenannt2.png 178w, https:\/\/www.naturparkmagazin.de\/stechlin\/wp-content\/uploads\/sites\/38\/Unbenannt2-30x30.png 30w\" sizes=\"(max-width: 178px) 100vw, 178px\" \/><\/a>24 Nordic WalkerInnen und 1 Wanderer stellten am 15.10.2017 ihre Fitness\u00a0in der Kyritz-Ruppiner\u00a0Heide unter Beweis. Dazu absolvierten sie einen Lauf von \u00fcber 2 Stunden f\u00fcr den Nordic Walking Ausweis mit Abzeichen der Stufe 3, und hatten dar\u00fcber hinaus fantastische Momente, Spass und Begegnungen in der Natur mit Gleichgesinnten. Anschlie\u00dfend gab es eine leckere St\u00e4rkung und jede Menge neue Verabredungen und Termine.<\/span><\/span><\/p>\n<p><a href=\"https:\/\/www.naturparkmagazin.de\/stechlin\/wp-content\/uploads\/sites\/38\/Unbenannt4.png\"><img decoding=\"async\" loading=\"lazy\" class=\" size-full wp-image-6359 aligncenter\" src=\"https:\/\/www.naturparkmagazin.de\/stechlin\/wp-content\/uploads\/sites\/38\/Unbenannt4.png\" alt=\"NP SRL\/Olaff Wolff\" width=\"178\" height=\"178\" srcset=\"https:\/\/www.naturparkmagazin.de\/stechlin\/wp-content\/uploads\/sites\/38\/Unbenannt4.png 178w, https:\/\/www.naturparkmagazin.de\/stechlin\/wp-content\/uploads\/sites\/38\/Unbenannt4-30x30.png 30w\" sizes=\"(max-width: 178px) 100vw, 178px\" \/><\/a><\/p>\n<p>Weitere Infos <a href=\"http:\/\/www.amt-temnitz.de\/inhalte\/amt_temnitz\/_inhalt\/aktuelles\/nachrichten\/laufabzeichen-heide-2\">hier<\/a>!<\/p>\n<p>&nbsp;<\/p>\n","protected":false},"excerpt":{"rendered":"<p>24 Nordic WalkerInnen und 1 Wanderer stellten am 15.10.2017 ihre Fitness in der Kyritz-Ruppiner Heide unter Beweis.<\/p>\n","protected":false},"author":39,"featured_media":6385,"comment_status":"open","ping_status":"open","sticky":false,"template":"","format":"standard","meta":[],"categories":[7],"tags":[],"yoast_head":"<!-- This site is optimized with the Yoast SEO plugin v19.10 - https:\/\/yoast.com\/wordpress\/plugins\/seo\/ -->\n<title>Unterwegs im Fitness-Studio Natur - Naturpark Stechlin-Ruppiner Land<\/title>\n<meta name=\"robots\" content=\"index, follow, max-snippet:-1, max-image-preview:large, max-video-preview:-1\" \/>\n<link rel=\"canonical\" href=\"https:\/\/www.naturparkmagazin.de\/stechlin\/nordic-walker-in-der-heide\/\" \/>\n<meta property=\"og:locale\" content=\"de_DE\" \/>\n<meta property=\"og:type\" content=\"article\" \/>\n<meta property=\"og:title\" content=\"Unterwegs im Fitness-Studio Natur - Naturpark Stechlin-Ruppiner Land\" \/>\n<meta property=\"og:description\" content=\"24 Nordic WalkerInnen und 1 Wanderer stellten am 15.10.2017 ihre Fitness in der Kyritz-Ruppiner Heide unter Beweis.\" \/>\n<meta property=\"og:url\" content=\"https:\/\/www.naturparkmagazin.de\/stechlin\/nordic-walker-in-der-heide\/\" \/>\n<meta property=\"og:site_name\" content=\"Naturpark Stechlin-Ruppiner Land\" \/>\n<meta property=\"article:published_time\" content=\"2017-10-16T08:38:58+00:00\" \/>\n<meta property=\"article:modified_time\" content=\"2017-10-24T11:04:57+00:00\" \/>\n<meta property=\"og:image\" content=\"https:\/\/www.naturparkmagazin.de\/stechlin\/wp-content\/uploads\/sites\/38\/Stchlinr.jpg\" \/>\n\t<meta property=\"og:image:width\" content=\"200\" \/>\n\t<meta property=\"og:image:height\" content=\"200\" \/>\n\t<meta property=\"og:image:type\" content=\"image\/jpeg\" \/>\n<meta name=\"author\" content=\"marioschrumpf\" \/>\n<meta name=\"twitter:label1\" content=\"Verfasst von\" \/>\n\t<meta name=\"twitter:data1\" content=\"marioschrumpf\" \/>\n<script type=\"application\/ld+json\" class=\"yoast-schema-graph\">{\"@context\":\"https:\/\/schema.org\",\"@graph\":[{\"@type\":\"WebPage\",\"@id\":\"https:\/\/www.naturparkmagazin.de\/stechlin\/nordic-walker-in-der-heide\/\",\"url\":\"https:\/\/www.naturparkmagazin.de\/stechlin\/nordic-walker-in-der-heide\/\",\"name\":\"Unterwegs im Fitness-Studio Natur - Naturpark Stechlin-Ruppiner Land\",\"isPartOf\":{\"@id\":\"https:\/\/www.naturparkmagazin.de\/stechlin\/#website\"},\"datePublished\":\"2017-10-16T08:38:58+00:00\",\"dateModified\":\"2017-10-24T11:04:57+00:00\",\"author\":{\"@id\":\"https:\/\/www.naturparkmagazin.de\/stechlin\/#\/schema\/person\/3f0d93203df21c806dd63c76d9bb28bc\"},\"breadcrumb\":{\"@id\":\"https:\/\/www.naturparkmagazin.de\/stechlin\/nordic-walker-in-der-heide\/#breadcrumb\"},\"inLanguage\":\"de\",\"potentialAction\":[{\"@type\":\"ReadAction\",\"target\":[\"https:\/\/www.naturparkmagazin.de\/stechlin\/nordic-walker-in-der-heide\/\"]}]},{\"@type\":\"BreadcrumbList\",\"@id\":\"https:\/\/www.naturparkmagazin.de\/stechlin\/nordic-walker-in-der-heide\/#breadcrumb\",\"itemListElement\":[{\"@type\":\"ListItem\",\"position\":1,\"name\":\"Home\",\"item\":\"https:\/\/www.naturparkmagazin.de\/stechlin\/\"},{\"@type\":\"ListItem\",\"position\":2,\"name\":\"Unterwegs im Fitness-Studio Natur\"}]},{\"@type\":\"WebSite\",\"@id\":\"https:\/\/www.naturparkmagazin.de\/stechlin\/#website\",\"url\":\"https:\/\/www.naturparkmagazin.de\/stechlin\/\",\"name\":\"Naturpark Stechlin-Ruppiner Land\",\"description\":\"\",\"potentialAction\":[{\"@type\":\"SearchAction\",\"target\":{\"@type\":\"EntryPoint\",\"urlTemplate\":\"https:\/\/www.naturparkmagazin.de\/stechlin\/?s={search_term_string}\"},\"query-input\":\"required name=search_term_string\"}],\"inLanguage\":\"de\"},{\"@type\":\"Person\",\"@id\":\"https:\/\/www.naturparkmagazin.de\/stechlin\/#\/schema\/person\/3f0d93203df21c806dd63c76d9bb28bc\",\"name\":\"marioschrumpf\",\"url\":\"https:\/\/www.naturparkmagazin.de\/stechlin\/author\/marioschrumpf\/\"}]}<\/script>\n<!-- \/ Yoast SEO plugin. -->","yoast_head_json":{"title":"Unterwegs im Fitness-Studio Natur - Naturpark Stechlin-Ruppiner Land","robots":{"index":"index","follow":"follow","max-snippet":"max-snippet:-1","max-image-preview":"max-image-preview:large","max-video-preview":"max-video-preview:-1"},"canonical":"https:\/\/www.naturparkmagazin.de\/stechlin\/nordic-walker-in-der-heide\/","og_locale":"de_DE","og_type":"article","og_title":"Unterwegs im Fitness-Studio Natur - Naturpark Stechlin-Ruppiner Land","og_description":"24 Nordic WalkerInnen und 1 Wanderer stellten am 15.10.2017 ihre Fitness in der Kyritz-Ruppiner Heide unter Beweis.","og_url":"https:\/\/www.naturparkmagazin.de\/stechlin\/nordic-walker-in-der-heide\/","og_site_name":"Naturpark Stechlin-Ruppiner Land","article_published_time":"2017-10-16T08:38:58+00:00","article_modified_time":"2017-10-24T11:04:57+00:00","og_image":[{"width":200,"height":200,"url":"https:\/\/www.naturparkmagazin.de\/stechlin\/wp-content\/uploads\/sites\/38\/Stchlinr.jpg","type":"image\/jpeg"}],"author":"marioschrumpf","twitter_misc":{"Verfasst von":"marioschrumpf"},"schema":{"@context":"https:\/\/schema.org","@graph":[{"@type":"WebPage","@id":"https:\/\/www.naturparkmagazin.de\/stechlin\/nordic-walker-in-der-heide\/","url":"https:\/\/www.naturparkmagazin.de\/stechlin\/nordic-walker-in-der-heide\/","name":"Unterwegs im Fitness-Studio Natur - Naturpark Stechlin-Ruppiner Land","isPartOf":{"@id":"https:\/\/www.naturparkmagazin.de\/stechlin\/#website"},"datePublished":"2017-10-16T08:38:58+00:00","dateModified":"2017-10-24T11:04:57+00:00","author":{"@id":"https:\/\/www.naturparkmagazin.de\/stechlin\/#\/schema\/person\/3f0d93203df21c806dd63c76d9bb28bc"},"breadcrumb":{"@id":"https:\/\/www.naturparkmagazin.de\/stechlin\/nordic-walker-in-der-heide\/#breadcrumb"},"inLanguage":"de","potentialAction":[{"@type":"ReadAction","target":["https:\/\/www.naturparkmagazin.de\/stechlin\/nordic-walker-in-der-heide\/"]}]},{"@type":"BreadcrumbList","@id":"https:\/\/www.naturparkmagazin.de\/stechlin\/nordic-walker-in-der-heide\/#breadcrumb","itemListElement":[{"@type":"ListItem","position":1,"name":"Home","item":"https:\/\/www.naturparkmagazin.de\/stechlin\/"},{"@type":"ListItem","position":2,"name":"Unterwegs im Fitness-Studio Natur"}]},{"@type":"WebSite","@id":"https:\/\/www.naturparkmagazin.de\/stechlin\/#website","url":"https:\/\/www.naturparkmagazin.de\/stechlin\/","name":"Naturpark Stechlin-Ruppiner Land","description":"","potentialAction":[{"@type":"SearchAction","target":{"@type":"EntryPoint","urlTemplate":"https:\/\/www.naturparkmagazin.de\/stechlin\/?s={search_term_string}"},"query-input":"required name=search_term_string"}],"inLanguage":"de"},{"@type":"Person","@id":"https:\/\/www.naturparkmagazin.de\/stechlin\/#\/schema\/person\/3f0d93203df21c806dd63c76d9bb28bc","name":"marioschrumpf","url":"https:\/\/www.naturparkmagazin.de\/stechlin\/author\/marioschrumpf\/"}]}},"_links":{"self":[{"href":"https:\/\/www.naturparkmagazin.de\/stechlin\/wp-json\/wp\/v2\/posts\/6356"}],"collection":[{"href":"https:\/\/www.naturparkmagazin.de\/stechlin\/wp-json\/wp\/v2\/posts"}],"about":[{"href":"https:\/\/www.naturparkmagazin.de\/stechlin\/wp-json\/wp\/v2\/types\/post"}],"author":[{"embeddable":true,"href":"https:\/\/www.naturparkmagazin.de\/stechlin\/wp-json\/wp\/v2\/users\/39"}],"replies":[{"embeddable":true,"href":"https:\/\/www.naturparkmagazin.de\/stechlin\/wp-json\/wp\/v2\/comments?post=6356"}],"version-history":[{"count":3,"href":"https:\/\/www.naturparkmagazin.de\/stechlin\/wp-json\/wp\/v2\/posts\/6356\/revisions"}],"predecessor-version":[{"id":6386,"href":"https:\/\/www.naturparkmagazin.de\/stechlin\/wp-json\/wp\/v2\/posts\/6356\/revisions\/6386"}],"wp:featuredmedia":[{"embeddable":true,"href":"https:\/\/www.naturparkmagazin.de\/stechlin\/wp-json\/wp\/v2\/media\/6385"}],"wp:attachment":[{"href":"https:\/\/www.naturparkmagazin.de\/stechlin\/wp-json\/wp\/v2\/media?parent=6356"}],"wp:term":[{"taxonomy":"category","embeddable":true,"href":"https:\/\/www.naturparkmagazin.de\/stechlin\/wp-json\/wp\/v2\/categories?post=6356"},{"taxonomy":"post_tag","embeddable":true,"href":"https:\/\/www.naturparkmagazin.de\/stechlin\/wp-json\/wp\/v2\/tags?post=6356"}],"curies":[{"name":"wp","href":"https:\/\/api.w.org\/{rel}","templated":true}]}}