{"id":6376,"date":"2017-10-16T08:33:35","date_gmt":"2017-10-16T06:33:35","guid":{"rendered":"http:\/\/www.naturparkmagazin.de\/stechlin\/?p=6376"},"modified":"2017-10-23T08:34:39","modified_gmt":"2017-10-23T06:34:39","slug":"ausstellungseroeffnung-rund-um-den-geronsee","status":"publish","type":"post","link":"https:\/\/www.naturparkmagazin.de\/stechlin\/ausstellungseroeffnung-rund-um-den-geronsee\/","title":{"rendered":"Ausstellungser\u00f6ffnung &#8222;Rund um den Geronsee"},"content":{"rendered":"<p><span style=\"color: black;font-family: 'Arial','sans-serif';font-size: 10pt\"><a href=\"https:\/\/www.naturparkmagazin.de\/stechlin\/wp-content\/uploads\/sites\/38\/ausstellung-geronsee-60x80-1.jpg\"><img decoding=\"async\" loading=\"lazy\" class=\" size-full wp-image-6378 aligncenter\" src=\"https:\/\/www.naturparkmagazin.de\/stechlin\/wp-content\/uploads\/sites\/38\/ausstellung-geronsee-60x80-1.jpg\" alt=\"NP SRL\/Witzlau Siemens Schule Gransee\" width=\"200\" height=\"250\" \/><\/a><\/span><\/p>\n<p>In der Ausstellung werden die Vergangenheit und Gegenwart des Geronsees gezeigt. Bis 1949 war dieser See, der vor den Toren der Stadt Gransee liegt, noch ein Badesee. Es gab mehrere Versuche, die zunehmende Verlandung des Sees zu stoppen. Leider ohne Erfolg. Heute befindet sich der Geronsee in einem m\u00e4\u00dfigen \u00f6kologischen Zustand und ist Teil des Naturschutzgebietes &#8222;Gehron-See&#8220;. Gibt es M\u00f6glichkeiten diesen See nicht nur als Fischereigew\u00e4sser zu nutzen? Die ausgestellten Kalenderbl\u00e4tter sollen zum Nach- und Mitdenken und zum Handeln anregen.<\/p>\n<p>Termin: 10.11.2017, 18 Uhr<\/p>\n<p>Ort: Regionalwerkstatt Stechlin in Menz<\/p>\n<p>&nbsp;<\/p>\n","protected":false},"excerpt":{"rendered":"<p>In der Ausstellung werden die Vergangenheit und Gegenwart des Geronsees gezeigt. Bis 1949 war dieser See, der vor den Toren der Stadt Gransee liegt, noch ein Badesee. Es gab mehrere Versuche, die zunehmende Verlandung des Sees zu stoppen. Leider ohne Erfolg. Heute befindet sich der Geronsee in einem m\u00e4\u00dfigen \u00f6kologischen Zustand und ist Teil des<\/p>\n","protected":false},"author":39,"featured_media":6377,"comment_status":"open","ping_status":"open","sticky":false,"template":"","format":"standard","meta":[],"categories":[11],"tags":[],"yoast_head":"<!-- This site is optimized with the Yoast SEO plugin v19.10 - https:\/\/yoast.com\/wordpress\/plugins\/seo\/ -->\n<title>Ausstellungser\u00f6ffnung &quot;Rund um den Geronsee - Naturpark Stechlin-Ruppiner Land<\/title>\n<meta name=\"robots\" content=\"index, follow, max-snippet:-1, max-image-preview:large, max-video-preview:-1\" \/>\n<link rel=\"canonical\" href=\"https:\/\/www.naturparkmagazin.de\/stechlin\/ausstellungseroeffnung-rund-um-den-geronsee\/\" \/>\n<meta property=\"og:locale\" content=\"de_DE\" \/>\n<meta property=\"og:type\" content=\"article\" \/>\n<meta property=\"og:title\" content=\"Ausstellungser\u00f6ffnung &quot;Rund um den Geronsee - Naturpark Stechlin-Ruppiner Land\" \/>\n<meta property=\"og:description\" content=\"In der Ausstellung werden die Vergangenheit und Gegenwart des Geronsees gezeigt. Bis 1949 war dieser See, der vor den Toren der Stadt Gransee liegt, noch ein Badesee. Es gab mehrere Versuche, die zunehmende Verlandung des Sees zu stoppen. Leider ohne Erfolg. Heute befindet sich der Geronsee in einem m\u00e4\u00dfigen \u00f6kologischen Zustand und ist Teil des\" \/>\n<meta property=\"og:url\" content=\"https:\/\/www.naturparkmagazin.de\/stechlin\/ausstellungseroeffnung-rund-um-den-geronsee\/\" \/>\n<meta property=\"og:site_name\" content=\"Naturpark Stechlin-Ruppiner Land\" \/>\n<meta property=\"article:published_time\" content=\"2017-10-16T06:33:35+00:00\" \/>\n<meta property=\"article:modified_time\" content=\"2017-10-23T06:34:39+00:00\" \/>\n<meta property=\"og:image\" content=\"https:\/\/www.naturparkmagazin.de\/stechlin\/wp-content\/uploads\/sites\/38\/ausstellung-geronsee-200-200-1.jpg\" \/>\n\t<meta property=\"og:image:width\" content=\"200\" \/>\n\t<meta property=\"og:image:height\" content=\"200\" \/>\n\t<meta property=\"og:image:type\" content=\"image\/jpeg\" \/>\n<meta name=\"author\" content=\"marioschrumpf\" \/>\n<meta name=\"twitter:label1\" content=\"Verfasst von\" \/>\n\t<meta name=\"twitter:data1\" content=\"marioschrumpf\" \/>\n<script type=\"application\/ld+json\" class=\"yoast-schema-graph\">{\"@context\":\"https:\/\/schema.org\",\"@graph\":[{\"@type\":\"WebPage\",\"@id\":\"https:\/\/www.naturparkmagazin.de\/stechlin\/ausstellungseroeffnung-rund-um-den-geronsee\/\",\"url\":\"https:\/\/www.naturparkmagazin.de\/stechlin\/ausstellungseroeffnung-rund-um-den-geronsee\/\",\"name\":\"Ausstellungser\u00f6ffnung \\\"Rund um den Geronsee - Naturpark Stechlin-Ruppiner Land\",\"isPartOf\":{\"@id\":\"https:\/\/www.naturparkmagazin.de\/stechlin\/#website\"},\"datePublished\":\"2017-10-16T06:33:35+00:00\",\"dateModified\":\"2017-10-23T06:34:39+00:00\",\"author\":{\"@id\":\"https:\/\/www.naturparkmagazin.de\/stechlin\/#\/schema\/person\/3f0d93203df21c806dd63c76d9bb28bc\"},\"breadcrumb\":{\"@id\":\"https:\/\/www.naturparkmagazin.de\/stechlin\/ausstellungseroeffnung-rund-um-den-geronsee\/#breadcrumb\"},\"inLanguage\":\"de\",\"potentialAction\":[{\"@type\":\"ReadAction\",\"target\":[\"https:\/\/www.naturparkmagazin.de\/stechlin\/ausstellungseroeffnung-rund-um-den-geronsee\/\"]}]},{\"@type\":\"BreadcrumbList\",\"@id\":\"https:\/\/www.naturparkmagazin.de\/stechlin\/ausstellungseroeffnung-rund-um-den-geronsee\/#breadcrumb\",\"itemListElement\":[{\"@type\":\"ListItem\",\"position\":1,\"name\":\"Home\",\"item\":\"https:\/\/www.naturparkmagazin.de\/stechlin\/\"},{\"@type\":\"ListItem\",\"position\":2,\"name\":\"Ausstellungser\u00f6ffnung &#8222;Rund um den Geronsee\"}]},{\"@type\":\"WebSite\",\"@id\":\"https:\/\/www.naturparkmagazin.de\/stechlin\/#website\",\"url\":\"https:\/\/www.naturparkmagazin.de\/stechlin\/\",\"name\":\"Naturpark Stechlin-Ruppiner Land\",\"description\":\"\",\"potentialAction\":[{\"@type\":\"SearchAction\",\"target\":{\"@type\":\"EntryPoint\",\"urlTemplate\":\"https:\/\/www.naturparkmagazin.de\/stechlin\/?s={search_term_string}\"},\"query-input\":\"required name=search_term_string\"}],\"inLanguage\":\"de\"},{\"@type\":\"Person\",\"@id\":\"https:\/\/www.naturparkmagazin.de\/stechlin\/#\/schema\/person\/3f0d93203df21c806dd63c76d9bb28bc\",\"name\":\"marioschrumpf\",\"url\":\"https:\/\/www.naturparkmagazin.de\/stechlin\/author\/marioschrumpf\/\"}]}<\/script>\n<!-- \/ Yoast SEO plugin. -->","yoast_head_json":{"title":"Ausstellungser\u00f6ffnung \"Rund um den Geronsee - Naturpark Stechlin-Ruppiner Land","robots":{"index":"index","follow":"follow","max-snippet":"max-snippet:-1","max-image-preview":"max-image-preview:large","max-video-preview":"max-video-preview:-1"},"canonical":"https:\/\/www.naturparkmagazin.de\/stechlin\/ausstellungseroeffnung-rund-um-den-geronsee\/","og_locale":"de_DE","og_type":"article","og_title":"Ausstellungser\u00f6ffnung \"Rund um den Geronsee - Naturpark Stechlin-Ruppiner Land","og_description":"In der Ausstellung werden die Vergangenheit und Gegenwart des Geronsees gezeigt. Bis 1949 war dieser See, der vor den Toren der Stadt Gransee liegt, noch ein Badesee. Es gab mehrere Versuche, die zunehmende Verlandung des Sees zu stoppen. Leider ohne Erfolg. Heute befindet sich der Geronsee in einem m\u00e4\u00dfigen \u00f6kologischen Zustand und ist Teil des","og_url":"https:\/\/www.naturparkmagazin.de\/stechlin\/ausstellungseroeffnung-rund-um-den-geronsee\/","og_site_name":"Naturpark Stechlin-Ruppiner Land","article_published_time":"2017-10-16T06:33:35+00:00","article_modified_time":"2017-10-23T06:34:39+00:00","og_image":[{"width":200,"height":200,"url":"https:\/\/www.naturparkmagazin.de\/stechlin\/wp-content\/uploads\/sites\/38\/ausstellung-geronsee-200-200-1.jpg","type":"image\/jpeg"}],"author":"marioschrumpf","twitter_misc":{"Verfasst von":"marioschrumpf"},"schema":{"@context":"https:\/\/schema.org","@graph":[{"@type":"WebPage","@id":"https:\/\/www.naturparkmagazin.de\/stechlin\/ausstellungseroeffnung-rund-um-den-geronsee\/","url":"https:\/\/www.naturparkmagazin.de\/stechlin\/ausstellungseroeffnung-rund-um-den-geronsee\/","name":"Ausstellungser\u00f6ffnung \"Rund um den Geronsee - Naturpark Stechlin-Ruppiner Land","isPartOf":{"@id":"https:\/\/www.naturparkmagazin.de\/stechlin\/#website"},"datePublished":"2017-10-16T06:33:35+00:00","dateModified":"2017-10-23T06:34:39+00:00","author":{"@id":"https:\/\/www.naturparkmagazin.de\/stechlin\/#\/schema\/person\/3f0d93203df21c806dd63c76d9bb28bc"},"breadcrumb":{"@id":"https:\/\/www.naturparkmagazin.de\/stechlin\/ausstellungseroeffnung-rund-um-den-geronsee\/#breadcrumb"},"inLanguage":"de","potentialAction":[{"@type":"ReadAction","target":["https:\/\/www.naturparkmagazin.de\/stechlin\/ausstellungseroeffnung-rund-um-den-geronsee\/"]}]},{"@type":"BreadcrumbList","@id":"https:\/\/www.naturparkmagazin.de\/stechlin\/ausstellungseroeffnung-rund-um-den-geronsee\/#breadcrumb","itemListElement":[{"@type":"ListItem","position":1,"name":"Home","item":"https:\/\/www.naturparkmagazin.de\/stechlin\/"},{"@type":"ListItem","position":2,"name":"Ausstellungser\u00f6ffnung &#8222;Rund um den Geronsee"}]},{"@type":"WebSite","@id":"https:\/\/www.naturparkmagazin.de\/stechlin\/#website","url":"https:\/\/www.naturparkmagazin.de\/stechlin\/","name":"Naturpark Stechlin-Ruppiner Land","description":"","potentialAction":[{"@type":"SearchAction","target":{"@type":"EntryPoint","urlTemplate":"https:\/\/www.naturparkmagazin.de\/stechlin\/?s={search_term_string}"},"query-input":"required name=search_term_string"}],"inLanguage":"de"},{"@type":"Person","@id":"https:\/\/www.naturparkmagazin.de\/stechlin\/#\/schema\/person\/3f0d93203df21c806dd63c76d9bb28bc","name":"marioschrumpf","url":"https:\/\/www.naturparkmagazin.de\/stechlin\/author\/marioschrumpf\/"}]}},"_links":{"self":[{"href":"https:\/\/www.naturparkmagazin.de\/stechlin\/wp-json\/wp\/v2\/posts\/6376"}],"collection":[{"href":"https:\/\/www.naturparkmagazin.de\/stechlin\/wp-json\/wp\/v2\/posts"}],"about":[{"href":"https:\/\/www.naturparkmagazin.de\/stechlin\/wp-json\/wp\/v2\/types\/post"}],"author":[{"embeddable":true,"href":"https:\/\/www.naturparkmagazin.de\/stechlin\/wp-json\/wp\/v2\/users\/39"}],"replies":[{"embeddable":true,"href":"https:\/\/www.naturparkmagazin.de\/stechlin\/wp-json\/wp\/v2\/comments?post=6376"}],"version-history":[{"count":2,"href":"https:\/\/www.naturparkmagazin.de\/stechlin\/wp-json\/wp\/v2\/posts\/6376\/revisions"}],"predecessor-version":[{"id":6380,"href":"https:\/\/www.naturparkmagazin.de\/stechlin\/wp-json\/wp\/v2\/posts\/6376\/revisions\/6380"}],"wp:featuredmedia":[{"embeddable":true,"href":"https:\/\/www.naturparkmagazin.de\/stechlin\/wp-json\/wp\/v2\/media\/6377"}],"wp:attachment":[{"href":"https:\/\/www.naturparkmagazin.de\/stechlin\/wp-json\/wp\/v2\/media?parent=6376"}],"wp:term":[{"taxonomy":"category","embeddable":true,"href":"https:\/\/www.naturparkmagazin.de\/stechlin\/wp-json\/wp\/v2\/categories?post=6376"},{"taxonomy":"post_tag","embeddable":true,"href":"https:\/\/www.naturparkmagazin.de\/stechlin\/wp-json\/wp\/v2\/tags?post=6376"}],"curies":[{"name":"wp","href":"https:\/\/api.w.org\/{rel}","templated":true}]}}