{"id":6398,"date":"2017-11-15T08:33:41","date_gmt":"2017-11-15T07:33:41","guid":{"rendered":"http:\/\/www.naturparkmagazin.de\/stechlin\/?p=6398"},"modified":"2017-11-13T09:08:05","modified_gmt":"2017-11-13T08:08:05","slug":"naturschutzfonds-brandenburg-zu-gast","status":"publish","type":"post","link":"https:\/\/www.naturparkmagazin.de\/stechlin\/naturschutzfonds-brandenburg-zu-gast\/","title":{"rendered":"NaturSchutzFonds Brandenburg zu Gast"},"content":{"rendered":"<div id=\"attachment_6402\" style=\"width: 310px\" class=\"wp-caption aligncenter\"><a href=\"https:\/\/www.naturparkmagazin.de\/stechlin\/wp-content\/uploads\/sites\/38\/Interessanter-Blick_0019.jpg\"><img aria-describedby=\"caption-attachment-6402\" decoding=\"async\" loading=\"lazy\" class=\"size-thumbnail wp-image-6402\" src=\"https:\/\/www.naturparkmagazin.de\/stechlin\/wp-content\/uploads\/sites\/38\/Interessanter-Blick_0019-300x180.jpg\" alt=\"Interessanter Blick ins Mikroskop\" width=\"300\" height=\"180\" srcset=\"https:\/\/www.naturparkmagazin.de\/stechlin\/wp-content\/uploads\/sites\/38\/Interessanter-Blick_0019-300x180.jpg 300w, https:\/\/www.naturparkmagazin.de\/stechlin\/wp-content\/uploads\/sites\/38\/Interessanter-Blick_0019.jpg 500w, https:\/\/www.naturparkmagazin.de\/stechlin\/wp-content\/uploads\/sites\/38\/Interessanter-Blick_0019-200x120.jpg 200w\" sizes=\"(max-width: 300px) 100vw, 300px\" \/><\/a><p id=\"caption-attachment-6402\" class=\"wp-caption-text\">Interessanter Blick ins Mikroskop<\/p><\/div>\n<p>Die Mitarbeiterinnen der Brandenburgischen Umweltstiftung kamen Anfang November zu ihrer Personalversammlung in unseren Naturpark.<\/p>\n<div id=\"attachment_6401\" style=\"width: 310px\" class=\"wp-caption aligncenter\"><a href=\"https:\/\/www.naturparkmagazin.de\/stechlin\/wp-content\/uploads\/sites\/38\/Peter-Casper_0004.jpg\"><img aria-describedby=\"caption-attachment-6401\" decoding=\"async\" loading=\"lazy\" class=\"size-thumbnail wp-image-6401\" src=\"https:\/\/www.naturparkmagazin.de\/stechlin\/wp-content\/uploads\/sites\/38\/Peter-Casper_0004-300x180.jpg\" alt=\"Dr. Peter Casper referiert \u00fcber die Aufgaben des IGB.\" width=\"300\" height=\"180\" srcset=\"https:\/\/www.naturparkmagazin.de\/stechlin\/wp-content\/uploads\/sites\/38\/Peter-Casper_0004-300x180.jpg 300w, https:\/\/www.naturparkmagazin.de\/stechlin\/wp-content\/uploads\/sites\/38\/Peter-Casper_0004.jpg 500w, https:\/\/www.naturparkmagazin.de\/stechlin\/wp-content\/uploads\/sites\/38\/Peter-Casper_0004-200x120.jpg 200w\" sizes=\"(max-width: 300px) 100vw, 300px\" \/><\/a><p id=\"caption-attachment-6401\" class=\"wp-caption-text\">Dr. Peter Casper referiert \u00fcber die Aufgaben des IGB.<\/p><\/div>\n<p>Nach Personalversammlung und Weiterbildung am ersten Tag in der Sportschule Lindow ging es am zweiten Tag auf Exkursion. Ziele waren u.a. das Seelabor des Institutes f\u00fcr Gew\u00e4sser\u00f6kologie und Binnenfischerei am Stechlin im Neuglobsow, der Schlosspark Rheinsberg, das NSG Wumm- und Twernsee und das NSG Rheinsberger Rhin. In Zippelsf\u00f6rde stellte der Gesch\u00e4ftsf\u00fchrer des EU-Life-Projektes Stechlin, Michael Zauft, die vom Naturpark initiierte Beweidung eines Feuchtgebietes mit Wasserb\u00fcffeln vor. Gef\u00f6rdert mit Projektmitteln wurde die Erstpflege der z.T. verbuschten Fl\u00e4che mittels Moorraupe initiiert und der Weidenzaun gebaut.<\/p>\n<div id=\"attachment_6403\" style=\"width: 310px\" class=\"wp-caption aligncenter\"><a href=\"https:\/\/www.naturparkmagazin.de\/stechlin\/wp-content\/uploads\/sites\/38\/Seelabor_0031.jpg\"><img aria-describedby=\"caption-attachment-6403\" decoding=\"async\" loading=\"lazy\" class=\"size-thumbnail wp-image-6403\" src=\"https:\/\/www.naturparkmagazin.de\/stechlin\/wp-content\/uploads\/sites\/38\/Seelabor_0031-300x180.jpg\" alt=\"Das Seelabor auf dem Stechlinsee.\" width=\"300\" height=\"180\" srcset=\"https:\/\/www.naturparkmagazin.de\/stechlin\/wp-content\/uploads\/sites\/38\/Seelabor_0031-300x180.jpg 300w, https:\/\/www.naturparkmagazin.de\/stechlin\/wp-content\/uploads\/sites\/38\/Seelabor_0031.jpg 500w, https:\/\/www.naturparkmagazin.de\/stechlin\/wp-content\/uploads\/sites\/38\/Seelabor_0031-200x120.jpg 200w\" sizes=\"(max-width: 300px) 100vw, 300px\" \/><\/a><p id=\"caption-attachment-6403\" class=\"wp-caption-text\">Das Seelabor auf dem Stechlinsee.<\/p><\/div>\n<div id=\"attachment_6404\" style=\"width: 310px\" class=\"wp-caption aligncenter\"><a href=\"https:\/\/www.naturparkmagazin.de\/stechlin\/wp-content\/uploads\/sites\/38\/Zauft-Exkursion_PB089071.jpg\"><img aria-describedby=\"caption-attachment-6404\" decoding=\"async\" loading=\"lazy\" class=\"size-thumbnail wp-image-6404\" src=\"https:\/\/www.naturparkmagazin.de\/stechlin\/wp-content\/uploads\/sites\/38\/Zauft-Exkursion_PB089071-300x180.jpg\" alt=\"Projektleiter Michael Zauft informierte \u00fcber die Fichtenentnahme in der Flie\u00dfgew\u00e4sseraue des Rheinsberger Rhins\" width=\"300\" height=\"180\" srcset=\"https:\/\/www.naturparkmagazin.de\/stechlin\/wp-content\/uploads\/sites\/38\/Zauft-Exkursion_PB089071-300x180.jpg 300w, https:\/\/www.naturparkmagazin.de\/stechlin\/wp-content\/uploads\/sites\/38\/Zauft-Exkursion_PB089071.jpg 500w, https:\/\/www.naturparkmagazin.de\/stechlin\/wp-content\/uploads\/sites\/38\/Zauft-Exkursion_PB089071-200x120.jpg 200w\" sizes=\"(max-width: 300px) 100vw, 300px\" \/><\/a><p id=\"caption-attachment-6404\" class=\"wp-caption-text\">Projektleiter Michael Zauft informierte \u00fcber die Fichtenentnahme in der Flie\u00dfgew\u00e4sseraue des Rheinsberger Rhins<\/p><\/div>\n<p>&nbsp;<\/p>\n","protected":false},"excerpt":{"rendered":"<p>Die Mitarbeiterinnen der Brandenburgischen Umweltstiftung kamen Anfang November zu ihrer Personalversammlung in unseren Naturpark.<\/p>\n","protected":false},"author":39,"featured_media":6399,"comment_status":"open","ping_status":"open","sticky":false,"template":"","format":"standard","meta":[],"categories":[7],"tags":[],"yoast_head":"<!-- This site is optimized with the Yoast SEO plugin v19.10 - https:\/\/yoast.com\/wordpress\/plugins\/seo\/ -->\n<title>NaturSchutzFonds Brandenburg zu Gast - Naturpark Stechlin-Ruppiner Land<\/title>\n<meta name=\"robots\" content=\"index, follow, max-snippet:-1, max-image-preview:large, max-video-preview:-1\" \/>\n<link rel=\"canonical\" href=\"https:\/\/www.naturparkmagazin.de\/stechlin\/naturschutzfonds-brandenburg-zu-gast\/\" \/>\n<meta property=\"og:locale\" content=\"de_DE\" \/>\n<meta property=\"og:type\" content=\"article\" \/>\n<meta property=\"og:title\" content=\"NaturSchutzFonds Brandenburg zu Gast - Naturpark Stechlin-Ruppiner Land\" \/>\n<meta property=\"og:description\" content=\"Die Mitarbeiterinnen der Brandenburgischen Umweltstiftung kamen Anfang November zu ihrer Personalversammlung in unseren Naturpark.\" \/>\n<meta property=\"og:url\" content=\"https:\/\/www.naturparkmagazin.de\/stechlin\/naturschutzfonds-brandenburg-zu-gast\/\" \/>\n<meta property=\"og:site_name\" content=\"Naturpark Stechlin-Ruppiner Land\" \/>\n<meta property=\"article:published_time\" content=\"2017-11-15T07:33:41+00:00\" \/>\n<meta property=\"article:modified_time\" content=\"2017-11-13T08:08:05+00:00\" \/>\n<meta property=\"og:image\" content=\"https:\/\/www.naturparkmagazin.de\/stechlin\/wp-content\/uploads\/sites\/38\/IGB_0016.jpg\" \/>\n\t<meta property=\"og:image:width\" content=\"200\" \/>\n\t<meta property=\"og:image:height\" content=\"200\" \/>\n\t<meta property=\"og:image:type\" content=\"image\/jpeg\" \/>\n<meta name=\"author\" content=\"marioschrumpf\" \/>\n<meta name=\"twitter:label1\" content=\"Verfasst von\" \/>\n\t<meta name=\"twitter:data1\" content=\"marioschrumpf\" \/>\n\t<meta name=\"twitter:label2\" content=\"Gesch\u00e4tzte Lesezeit\" \/>\n\t<meta name=\"twitter:data2\" content=\"1\u00a0Minute\" \/>\n<script type=\"application\/ld+json\" class=\"yoast-schema-graph\">{\"@context\":\"https:\/\/schema.org\",\"@graph\":[{\"@type\":\"WebPage\",\"@id\":\"https:\/\/www.naturparkmagazin.de\/stechlin\/naturschutzfonds-brandenburg-zu-gast\/\",\"url\":\"https:\/\/www.naturparkmagazin.de\/stechlin\/naturschutzfonds-brandenburg-zu-gast\/\",\"name\":\"NaturSchutzFonds Brandenburg zu Gast - Naturpark Stechlin-Ruppiner Land\",\"isPartOf\":{\"@id\":\"https:\/\/www.naturparkmagazin.de\/stechlin\/#website\"},\"datePublished\":\"2017-11-15T07:33:41+00:00\",\"dateModified\":\"2017-11-13T08:08:05+00:00\",\"author\":{\"@id\":\"https:\/\/www.naturparkmagazin.de\/stechlin\/#\/schema\/person\/3f0d93203df21c806dd63c76d9bb28bc\"},\"breadcrumb\":{\"@id\":\"https:\/\/www.naturparkmagazin.de\/stechlin\/naturschutzfonds-brandenburg-zu-gast\/#breadcrumb\"},\"inLanguage\":\"de\",\"potentialAction\":[{\"@type\":\"ReadAction\",\"target\":[\"https:\/\/www.naturparkmagazin.de\/stechlin\/naturschutzfonds-brandenburg-zu-gast\/\"]}]},{\"@type\":\"BreadcrumbList\",\"@id\":\"https:\/\/www.naturparkmagazin.de\/stechlin\/naturschutzfonds-brandenburg-zu-gast\/#breadcrumb\",\"itemListElement\":[{\"@type\":\"ListItem\",\"position\":1,\"name\":\"Home\",\"item\":\"https:\/\/www.naturparkmagazin.de\/stechlin\/\"},{\"@type\":\"ListItem\",\"position\":2,\"name\":\"NaturSchutzFonds Brandenburg zu Gast\"}]},{\"@type\":\"WebSite\",\"@id\":\"https:\/\/www.naturparkmagazin.de\/stechlin\/#website\",\"url\":\"https:\/\/www.naturparkmagazin.de\/stechlin\/\",\"name\":\"Naturpark Stechlin-Ruppiner Land\",\"description\":\"\",\"potentialAction\":[{\"@type\":\"SearchAction\",\"target\":{\"@type\":\"EntryPoint\",\"urlTemplate\":\"https:\/\/www.naturparkmagazin.de\/stechlin\/?s={search_term_string}\"},\"query-input\":\"required name=search_term_string\"}],\"inLanguage\":\"de\"},{\"@type\":\"Person\",\"@id\":\"https:\/\/www.naturparkmagazin.de\/stechlin\/#\/schema\/person\/3f0d93203df21c806dd63c76d9bb28bc\",\"name\":\"marioschrumpf\",\"url\":\"https:\/\/www.naturparkmagazin.de\/stechlin\/author\/marioschrumpf\/\"}]}<\/script>\n<!-- \/ Yoast SEO plugin. -->","yoast_head_json":{"title":"NaturSchutzFonds Brandenburg zu Gast - Naturpark Stechlin-Ruppiner Land","robots":{"index":"index","follow":"follow","max-snippet":"max-snippet:-1","max-image-preview":"max-image-preview:large","max-video-preview":"max-video-preview:-1"},"canonical":"https:\/\/www.naturparkmagazin.de\/stechlin\/naturschutzfonds-brandenburg-zu-gast\/","og_locale":"de_DE","og_type":"article","og_title":"NaturSchutzFonds Brandenburg zu Gast - Naturpark Stechlin-Ruppiner Land","og_description":"Die Mitarbeiterinnen der Brandenburgischen Umweltstiftung kamen Anfang November zu ihrer Personalversammlung in unseren Naturpark.","og_url":"https:\/\/www.naturparkmagazin.de\/stechlin\/naturschutzfonds-brandenburg-zu-gast\/","og_site_name":"Naturpark Stechlin-Ruppiner Land","article_published_time":"2017-11-15T07:33:41+00:00","article_modified_time":"2017-11-13T08:08:05+00:00","og_image":[{"width":200,"height":200,"url":"https:\/\/www.naturparkmagazin.de\/stechlin\/wp-content\/uploads\/sites\/38\/IGB_0016.jpg","type":"image\/jpeg"}],"author":"marioschrumpf","twitter_misc":{"Verfasst von":"marioschrumpf","Gesch\u00e4tzte Lesezeit":"1\u00a0Minute"},"schema":{"@context":"https:\/\/schema.org","@graph":[{"@type":"WebPage","@id":"https:\/\/www.naturparkmagazin.de\/stechlin\/naturschutzfonds-brandenburg-zu-gast\/","url":"https:\/\/www.naturparkmagazin.de\/stechlin\/naturschutzfonds-brandenburg-zu-gast\/","name":"NaturSchutzFonds Brandenburg zu Gast - Naturpark Stechlin-Ruppiner Land","isPartOf":{"@id":"https:\/\/www.naturparkmagazin.de\/stechlin\/#website"},"datePublished":"2017-11-15T07:33:41+00:00","dateModified":"2017-11-13T08:08:05+00:00","author":{"@id":"https:\/\/www.naturparkmagazin.de\/stechlin\/#\/schema\/person\/3f0d93203df21c806dd63c76d9bb28bc"},"breadcrumb":{"@id":"https:\/\/www.naturparkmagazin.de\/stechlin\/naturschutzfonds-brandenburg-zu-gast\/#breadcrumb"},"inLanguage":"de","potentialAction":[{"@type":"ReadAction","target":["https:\/\/www.naturparkmagazin.de\/stechlin\/naturschutzfonds-brandenburg-zu-gast\/"]}]},{"@type":"BreadcrumbList","@id":"https:\/\/www.naturparkmagazin.de\/stechlin\/naturschutzfonds-brandenburg-zu-gast\/#breadcrumb","itemListElement":[{"@type":"ListItem","position":1,"name":"Home","item":"https:\/\/www.naturparkmagazin.de\/stechlin\/"},{"@type":"ListItem","position":2,"name":"NaturSchutzFonds Brandenburg zu Gast"}]},{"@type":"WebSite","@id":"https:\/\/www.naturparkmagazin.de\/stechlin\/#website","url":"https:\/\/www.naturparkmagazin.de\/stechlin\/","name":"Naturpark Stechlin-Ruppiner Land","description":"","potentialAction":[{"@type":"SearchAction","target":{"@type":"EntryPoint","urlTemplate":"https:\/\/www.naturparkmagazin.de\/stechlin\/?s={search_term_string}"},"query-input":"required name=search_term_string"}],"inLanguage":"de"},{"@type":"Person","@id":"https:\/\/www.naturparkmagazin.de\/stechlin\/#\/schema\/person\/3f0d93203df21c806dd63c76d9bb28bc","name":"marioschrumpf","url":"https:\/\/www.naturparkmagazin.de\/stechlin\/author\/marioschrumpf\/"}]}},"_links":{"self":[{"href":"https:\/\/www.naturparkmagazin.de\/stechlin\/wp-json\/wp\/v2\/posts\/6398"}],"collection":[{"href":"https:\/\/www.naturparkmagazin.de\/stechlin\/wp-json\/wp\/v2\/posts"}],"about":[{"href":"https:\/\/www.naturparkmagazin.de\/stechlin\/wp-json\/wp\/v2\/types\/post"}],"author":[{"embeddable":true,"href":"https:\/\/www.naturparkmagazin.de\/stechlin\/wp-json\/wp\/v2\/users\/39"}],"replies":[{"embeddable":true,"href":"https:\/\/www.naturparkmagazin.de\/stechlin\/wp-json\/wp\/v2\/comments?post=6398"}],"version-history":[{"count":1,"href":"https:\/\/www.naturparkmagazin.de\/stechlin\/wp-json\/wp\/v2\/posts\/6398\/revisions"}],"predecessor-version":[{"id":6405,"href":"https:\/\/www.naturparkmagazin.de\/stechlin\/wp-json\/wp\/v2\/posts\/6398\/revisions\/6405"}],"wp:featuredmedia":[{"embeddable":true,"href":"https:\/\/www.naturparkmagazin.de\/stechlin\/wp-json\/wp\/v2\/media\/6399"}],"wp:attachment":[{"href":"https:\/\/www.naturparkmagazin.de\/stechlin\/wp-json\/wp\/v2\/media?parent=6398"}],"wp:term":[{"taxonomy":"category","embeddable":true,"href":"https:\/\/www.naturparkmagazin.de\/stechlin\/wp-json\/wp\/v2\/categories?post=6398"},{"taxonomy":"post_tag","embeddable":true,"href":"https:\/\/www.naturparkmagazin.de\/stechlin\/wp-json\/wp\/v2\/tags?post=6398"}],"curies":[{"name":"wp","href":"https:\/\/api.w.org\/{rel}","templated":true}]}}