{"id":640,"date":"2014-01-21T16:15:44","date_gmt":"2014-01-21T14:15:44","guid":{"rendered":"http:\/\/www.naturparkmagazin.de\/stechlin\/?p=640"},"modified":"2014-01-28T11:20:14","modified_gmt":"2014-01-28T09:20:14","slug":"kooperationsvereinbarung-mit-zukuenftigen-naturparkschulen-unterzeichnet","status":"publish","type":"post","link":"https:\/\/www.naturparkmagazin.de\/stechlin\/kooperationsvereinbarung-mit-zukuenftigen-naturparkschulen-unterzeichnet\/","title":{"rendered":"Kooperationsvereinbarung mit zuk\u00fcnftigen Naturparkschulen unterzeichnet"},"content":{"rendered":"<div id=\"attachment_641\" style=\"width: 510px\" class=\"wp-caption aligncenter\"><a href=\"https:\/\/www.naturparkmagazin.de\/stechlin\/wp-content\/uploads\/sites\/38\/k-DSC_0007.jpg\"><img aria-describedby=\"caption-attachment-641\" decoding=\"async\" loading=\"lazy\" class=\"size-full wp-image-641 \" title=\"Schulen und Naturparke bei der Unterzeichnung der Kooperationsvereinbarung - Copyright: Naturpark Stechlin-Ruppiner Land\" alt=\"Schulen und Naturparke bei der Unterzeichnung der Kooperationsvereinbarung - Copyright: Naturpark Stechlin-Ruppiner Land\" src=\"https:\/\/www.naturparkmagazin.de\/stechlin\/wp-content\/uploads\/sites\/38\/k-DSC_0007.jpg\" width=\"500\" height=\"300\" srcset=\"https:\/\/www.naturparkmagazin.de\/stechlin\/wp-content\/uploads\/sites\/38\/k-DSC_0007.jpg 500w, https:\/\/www.naturparkmagazin.de\/stechlin\/wp-content\/uploads\/sites\/38\/k-DSC_0007-300x180.jpg 300w, https:\/\/www.naturparkmagazin.de\/stechlin\/wp-content\/uploads\/sites\/38\/k-DSC_0007-200x120.jpg 200w\" sizes=\"(max-width: 500px) 100vw, 500px\" \/><\/a><p id=\"caption-attachment-641\" class=\"wp-caption-text\">Schulen und Naturparke bei der Unterzeichnung der Kooperationsvereinbarung &#8211; Copyright: Naturpark Stechlin-Ruppiner Land<\/p><\/div>\n<p>Am 16. Januar unterzeichneten im Beisein der Presse die Naturparke Stechlin-Ruppiner Land und Uckerm\u00e4rkische Seen sowie die Aktive Naturschule Templin, die Mildenberger Grundschule &#8222;Am Ziegeleipark&#8220;, die Fontane-Schule Menz und die Gentz-Schule Neuruppin eine Kooperationsvereinbarung in Menz.<\/p>\n<p>Ziel der Kooparation ist es, die Bildung f\u00fcr eine nachhaltige Entwicklung zwischen den Partnerschulen in den Naturparken zu entwickeln und ein Netzwerk entstehen zu lassen. Die Themen Natur, Umwelt und die damit verbundenen regionalen Schwerpunkte sollen im Unterricht der Partnerschulen verankert werden. Die Sch\u00fclerinnen und Sch\u00fcler sollen durch origin\u00e4re Naturerfahrungen f\u00fcr die Einzigartigkeit der Region begeistert werden. Durch wiederkehrende Erfahrungen sowohl innerhalb als auch au\u00dferhalb der Schule soll ein langfristiger Einfluss auf die Umwelteinstellung und das Handeln der Sch\u00fclerinnen und Sch\u00fcler erreicht werden. Durch Inhalte und Strukturen soll eine systematische und erfolgreiche Kooperation zwischen den Schulen und den Naturparken entwickelt werden. Konkrete Inhalte der Zusammenarbeit zu Fortbildungen und zur Umsetzung der Ziele im Rahmen der naturwissenschaftlichen Bildung werden in den Zusammenk\u00fcnften (Mind. 2x\/Jahr) festgelegt.<\/p>\n<p>Die Schulen f\u00fchren regelm\u00e4\u00dfig Exkursionen in den Naturparken durch und treten dazu in den Erfahrungsaustausch.<\/p>\n<p>Alle vier Schulen nehmen an der Pilotphase des Projektes Naturpark-Schulen beim Verband Deutscher Naturparke teil und hoffen auf eine entsprechende Zertifizierung.<\/p>\n","protected":false},"excerpt":{"rendered":"<p>Am 16. Januar unterzeichneten die Naturparke Stechlin-Ruppiner Land und Uckerm\u00e4rkische Seen im Rahmen des Projektes &#8222;Netzwerk Naturpark-Schulen&#8220; in Menz eine Kooperationsvereinbarung mit vier Schulen. <\/p>\n","protected":false},"author":39,"featured_media":641,"comment_status":"open","ping_status":"open","sticky":false,"template":"","format":"standard","meta":[],"categories":[7],"tags":[],"yoast_head":"<!-- This site is optimized with the Yoast SEO plugin v19.10 - https:\/\/yoast.com\/wordpress\/plugins\/seo\/ -->\n<title>Kooperationsvereinbarung mit zuk\u00fcnftigen Naturparkschulen unterzeichnet - Naturpark Stechlin-Ruppiner Land<\/title>\n<meta name=\"robots\" content=\"index, follow, max-snippet:-1, max-image-preview:large, max-video-preview:-1\" \/>\n<link rel=\"canonical\" href=\"https:\/\/www.naturparkmagazin.de\/stechlin\/kooperationsvereinbarung-mit-zukuenftigen-naturparkschulen-unterzeichnet\/\" \/>\n<meta property=\"og:locale\" content=\"de_DE\" \/>\n<meta property=\"og:type\" content=\"article\" \/>\n<meta property=\"og:title\" content=\"Kooperationsvereinbarung mit zuk\u00fcnftigen Naturparkschulen unterzeichnet - Naturpark Stechlin-Ruppiner Land\" \/>\n<meta property=\"og:description\" content=\"Am 16. Januar unterzeichneten die Naturparke Stechlin-Ruppiner Land und Uckerm\u00e4rkische Seen im Rahmen des Projektes &quot;Netzwerk Naturpark-Schulen&quot; in Menz eine Kooperationsvereinbarung mit vier Schulen.\" \/>\n<meta property=\"og:url\" content=\"https:\/\/www.naturparkmagazin.de\/stechlin\/kooperationsvereinbarung-mit-zukuenftigen-naturparkschulen-unterzeichnet\/\" \/>\n<meta property=\"og:site_name\" content=\"Naturpark Stechlin-Ruppiner Land\" \/>\n<meta property=\"article:published_time\" content=\"2014-01-21T14:15:44+00:00\" \/>\n<meta property=\"article:modified_time\" content=\"2014-01-28T09:20:14+00:00\" \/>\n<meta property=\"og:image\" content=\"https:\/\/www.naturparkmagazin.de\/stechlin\/wp-content\/uploads\/sites\/38\/k-DSC_0007.jpg\" \/>\n\t<meta property=\"og:image:width\" content=\"500\" \/>\n\t<meta property=\"og:image:height\" content=\"300\" \/>\n\t<meta property=\"og:image:type\" content=\"image\/jpeg\" \/>\n<meta name=\"author\" content=\"marioschrumpf\" \/>\n<meta name=\"twitter:label1\" content=\"Verfasst von\" \/>\n\t<meta name=\"twitter:data1\" content=\"marioschrumpf\" \/>\n\t<meta name=\"twitter:label2\" content=\"Gesch\u00e4tzte Lesezeit\" \/>\n\t<meta name=\"twitter:data2\" content=\"1\u00a0Minute\" \/>\n<script type=\"application\/ld+json\" class=\"yoast-schema-graph\">{\"@context\":\"https:\/\/schema.org\",\"@graph\":[{\"@type\":\"WebPage\",\"@id\":\"https:\/\/www.naturparkmagazin.de\/stechlin\/kooperationsvereinbarung-mit-zukuenftigen-naturparkschulen-unterzeichnet\/\",\"url\":\"https:\/\/www.naturparkmagazin.de\/stechlin\/kooperationsvereinbarung-mit-zukuenftigen-naturparkschulen-unterzeichnet\/\",\"name\":\"Kooperationsvereinbarung mit zuk\u00fcnftigen Naturparkschulen unterzeichnet - Naturpark Stechlin-Ruppiner Land\",\"isPartOf\":{\"@id\":\"https:\/\/www.naturparkmagazin.de\/stechlin\/#website\"},\"datePublished\":\"2014-01-21T14:15:44+00:00\",\"dateModified\":\"2014-01-28T09:20:14+00:00\",\"author\":{\"@id\":\"https:\/\/www.naturparkmagazin.de\/stechlin\/#\/schema\/person\/3f0d93203df21c806dd63c76d9bb28bc\"},\"breadcrumb\":{\"@id\":\"https:\/\/www.naturparkmagazin.de\/stechlin\/kooperationsvereinbarung-mit-zukuenftigen-naturparkschulen-unterzeichnet\/#breadcrumb\"},\"inLanguage\":\"de\",\"potentialAction\":[{\"@type\":\"ReadAction\",\"target\":[\"https:\/\/www.naturparkmagazin.de\/stechlin\/kooperationsvereinbarung-mit-zukuenftigen-naturparkschulen-unterzeichnet\/\"]}]},{\"@type\":\"BreadcrumbList\",\"@id\":\"https:\/\/www.naturparkmagazin.de\/stechlin\/kooperationsvereinbarung-mit-zukuenftigen-naturparkschulen-unterzeichnet\/#breadcrumb\",\"itemListElement\":[{\"@type\":\"ListItem\",\"position\":1,\"name\":\"Home\",\"item\":\"https:\/\/www.naturparkmagazin.de\/stechlin\/\"},{\"@type\":\"ListItem\",\"position\":2,\"name\":\"Kooperationsvereinbarung mit zuk\u00fcnftigen Naturparkschulen unterzeichnet\"}]},{\"@type\":\"WebSite\",\"@id\":\"https:\/\/www.naturparkmagazin.de\/stechlin\/#website\",\"url\":\"https:\/\/www.naturparkmagazin.de\/stechlin\/\",\"name\":\"Naturpark Stechlin-Ruppiner Land\",\"description\":\"\",\"potentialAction\":[{\"@type\":\"SearchAction\",\"target\":{\"@type\":\"EntryPoint\",\"urlTemplate\":\"https:\/\/www.naturparkmagazin.de\/stechlin\/?s={search_term_string}\"},\"query-input\":\"required name=search_term_string\"}],\"inLanguage\":\"de\"},{\"@type\":\"Person\",\"@id\":\"https:\/\/www.naturparkmagazin.de\/stechlin\/#\/schema\/person\/3f0d93203df21c806dd63c76d9bb28bc\",\"name\":\"marioschrumpf\",\"url\":\"https:\/\/www.naturparkmagazin.de\/stechlin\/author\/marioschrumpf\/\"}]}<\/script>\n<!-- \/ Yoast SEO plugin. -->","yoast_head_json":{"title":"Kooperationsvereinbarung mit zuk\u00fcnftigen Naturparkschulen unterzeichnet - Naturpark Stechlin-Ruppiner Land","robots":{"index":"index","follow":"follow","max-snippet":"max-snippet:-1","max-image-preview":"max-image-preview:large","max-video-preview":"max-video-preview:-1"},"canonical":"https:\/\/www.naturparkmagazin.de\/stechlin\/kooperationsvereinbarung-mit-zukuenftigen-naturparkschulen-unterzeichnet\/","og_locale":"de_DE","og_type":"article","og_title":"Kooperationsvereinbarung mit zuk\u00fcnftigen Naturparkschulen unterzeichnet - Naturpark Stechlin-Ruppiner Land","og_description":"Am 16. Januar unterzeichneten die Naturparke Stechlin-Ruppiner Land und Uckerm\u00e4rkische Seen im Rahmen des Projektes \"Netzwerk Naturpark-Schulen\" in Menz eine Kooperationsvereinbarung mit vier Schulen.","og_url":"https:\/\/www.naturparkmagazin.de\/stechlin\/kooperationsvereinbarung-mit-zukuenftigen-naturparkschulen-unterzeichnet\/","og_site_name":"Naturpark Stechlin-Ruppiner Land","article_published_time":"2014-01-21T14:15:44+00:00","article_modified_time":"2014-01-28T09:20:14+00:00","og_image":[{"width":500,"height":300,"url":"https:\/\/www.naturparkmagazin.de\/stechlin\/wp-content\/uploads\/sites\/38\/k-DSC_0007.jpg","type":"image\/jpeg"}],"author":"marioschrumpf","twitter_misc":{"Verfasst von":"marioschrumpf","Gesch\u00e4tzte Lesezeit":"1\u00a0Minute"},"schema":{"@context":"https:\/\/schema.org","@graph":[{"@type":"WebPage","@id":"https:\/\/www.naturparkmagazin.de\/stechlin\/kooperationsvereinbarung-mit-zukuenftigen-naturparkschulen-unterzeichnet\/","url":"https:\/\/www.naturparkmagazin.de\/stechlin\/kooperationsvereinbarung-mit-zukuenftigen-naturparkschulen-unterzeichnet\/","name":"Kooperationsvereinbarung mit zuk\u00fcnftigen Naturparkschulen unterzeichnet - Naturpark Stechlin-Ruppiner Land","isPartOf":{"@id":"https:\/\/www.naturparkmagazin.de\/stechlin\/#website"},"datePublished":"2014-01-21T14:15:44+00:00","dateModified":"2014-01-28T09:20:14+00:00","author":{"@id":"https:\/\/www.naturparkmagazin.de\/stechlin\/#\/schema\/person\/3f0d93203df21c806dd63c76d9bb28bc"},"breadcrumb":{"@id":"https:\/\/www.naturparkmagazin.de\/stechlin\/kooperationsvereinbarung-mit-zukuenftigen-naturparkschulen-unterzeichnet\/#breadcrumb"},"inLanguage":"de","potentialAction":[{"@type":"ReadAction","target":["https:\/\/www.naturparkmagazin.de\/stechlin\/kooperationsvereinbarung-mit-zukuenftigen-naturparkschulen-unterzeichnet\/"]}]},{"@type":"BreadcrumbList","@id":"https:\/\/www.naturparkmagazin.de\/stechlin\/kooperationsvereinbarung-mit-zukuenftigen-naturparkschulen-unterzeichnet\/#breadcrumb","itemListElement":[{"@type":"ListItem","position":1,"name":"Home","item":"https:\/\/www.naturparkmagazin.de\/stechlin\/"},{"@type":"ListItem","position":2,"name":"Kooperationsvereinbarung mit zuk\u00fcnftigen Naturparkschulen unterzeichnet"}]},{"@type":"WebSite","@id":"https:\/\/www.naturparkmagazin.de\/stechlin\/#website","url":"https:\/\/www.naturparkmagazin.de\/stechlin\/","name":"Naturpark Stechlin-Ruppiner Land","description":"","potentialAction":[{"@type":"SearchAction","target":{"@type":"EntryPoint","urlTemplate":"https:\/\/www.naturparkmagazin.de\/stechlin\/?s={search_term_string}"},"query-input":"required name=search_term_string"}],"inLanguage":"de"},{"@type":"Person","@id":"https:\/\/www.naturparkmagazin.de\/stechlin\/#\/schema\/person\/3f0d93203df21c806dd63c76d9bb28bc","name":"marioschrumpf","url":"https:\/\/www.naturparkmagazin.de\/stechlin\/author\/marioschrumpf\/"}]}},"_links":{"self":[{"href":"https:\/\/www.naturparkmagazin.de\/stechlin\/wp-json\/wp\/v2\/posts\/640"}],"collection":[{"href":"https:\/\/www.naturparkmagazin.de\/stechlin\/wp-json\/wp\/v2\/posts"}],"about":[{"href":"https:\/\/www.naturparkmagazin.de\/stechlin\/wp-json\/wp\/v2\/types\/post"}],"author":[{"embeddable":true,"href":"https:\/\/www.naturparkmagazin.de\/stechlin\/wp-json\/wp\/v2\/users\/39"}],"replies":[{"embeddable":true,"href":"https:\/\/www.naturparkmagazin.de\/stechlin\/wp-json\/wp\/v2\/comments?post=640"}],"version-history":[{"count":4,"href":"https:\/\/www.naturparkmagazin.de\/stechlin\/wp-json\/wp\/v2\/posts\/640\/revisions"}],"predecessor-version":[{"id":669,"href":"https:\/\/www.naturparkmagazin.de\/stechlin\/wp-json\/wp\/v2\/posts\/640\/revisions\/669"}],"wp:featuredmedia":[{"embeddable":true,"href":"https:\/\/www.naturparkmagazin.de\/stechlin\/wp-json\/wp\/v2\/media\/641"}],"wp:attachment":[{"href":"https:\/\/www.naturparkmagazin.de\/stechlin\/wp-json\/wp\/v2\/media?parent=640"}],"wp:term":[{"taxonomy":"category","embeddable":true,"href":"https:\/\/www.naturparkmagazin.de\/stechlin\/wp-json\/wp\/v2\/categories?post=640"},{"taxonomy":"post_tag","embeddable":true,"href":"https:\/\/www.naturparkmagazin.de\/stechlin\/wp-json\/wp\/v2\/tags?post=640"}],"curies":[{"name":"wp","href":"https:\/\/api.w.org\/{rel}","templated":true}]}}