{"id":6406,"date":"2017-11-15T09:09:10","date_gmt":"2017-11-15T08:09:10","guid":{"rendered":"http:\/\/www.naturparkmagazin.de\/stechlin\/?p=6406"},"modified":"2017-11-13T09:54:56","modified_gmt":"2017-11-13T08:54:56","slug":"heckenpflanzung-in-fuerstenberghavel","status":"publish","type":"post","link":"https:\/\/www.naturparkmagazin.de\/stechlin\/heckenpflanzung-in-fuerstenberghavel\/","title":{"rendered":"Heckenpflanzung in F\u00fcrstenberg\/Havel"},"content":{"rendered":"<div id=\"attachment_6407\" style=\"width: 310px\" class=\"wp-caption aligncenter\"><a href=\"https:\/\/www.naturparkmagazin.de\/stechlin\/wp-content\/uploads\/sites\/38\/Heckenpfl.-Fbg._0041.jpg\"><img aria-describedby=\"caption-attachment-6407\" decoding=\"async\" loading=\"lazy\" class=\"size-thumbnail wp-image-6407\" src=\"https:\/\/www.naturparkmagazin.de\/stechlin\/wp-content\/uploads\/sites\/38\/Heckenpfl.-Fbg._0041-300x180.jpg\" alt=\"F\u00fcr 4 Geh\u00f6lz-Reihen wurden die Pflanzl\u00f6cher vorbereitet.\" width=\"300\" height=\"180\" srcset=\"https:\/\/www.naturparkmagazin.de\/stechlin\/wp-content\/uploads\/sites\/38\/Heckenpfl.-Fbg._0041-300x180.jpg 300w, https:\/\/www.naturparkmagazin.de\/stechlin\/wp-content\/uploads\/sites\/38\/Heckenpfl.-Fbg._0041.jpg 500w, https:\/\/www.naturparkmagazin.de\/stechlin\/wp-content\/uploads\/sites\/38\/Heckenpfl.-Fbg._0041-200x120.jpg 200w\" sizes=\"(max-width: 300px) 100vw, 300px\" \/><\/a><p id=\"caption-attachment-6407\" class=\"wp-caption-text\">F\u00fcr 4 Geh\u00f6lz-Reihen wurden die Pflanzl\u00f6cher vorbereitet.<\/p><\/div>\n<p>Auf der Ackerfl\u00e4che an der Alten Kirschallee am Stadtrand der Wasserstadt wurde im November eine 650 m lange und 5 m breite Hecke gepflanzt.<\/p>\n<p>Das vom NaturSchutzFonds Brandenburg gef\u00f6rderte Projekt wird vom Landschaftspflegeverein Norduckerm\u00e4rkische Seenlandschaft e.V. im Auftrag des Wasser- und Bodenverbandes Uckermark-Havel umgesetzt.<\/p>\n<div id=\"attachment_6408\" style=\"width: 310px\" class=\"wp-caption aligncenter\"><a href=\"https:\/\/www.naturparkmagazin.de\/stechlin\/wp-content\/uploads\/sites\/38\/Heckenpfl2-Fgb__0043.jpg\"><img aria-describedby=\"caption-attachment-6408\" decoding=\"async\" loading=\"lazy\" class=\"size-thumbnail wp-image-6408\" src=\"https:\/\/www.naturparkmagazin.de\/stechlin\/wp-content\/uploads\/sites\/38\/Heckenpfl2-Fgb__0043-300x180.jpg\" alt=\"Die Miniraupe leistet beim Zaunbau gute Dienste.\" width=\"300\" height=\"180\" srcset=\"https:\/\/www.naturparkmagazin.de\/stechlin\/wp-content\/uploads\/sites\/38\/Heckenpfl2-Fgb__0043-300x180.jpg 300w, https:\/\/www.naturparkmagazin.de\/stechlin\/wp-content\/uploads\/sites\/38\/Heckenpfl2-Fgb__0043.jpg 500w, https:\/\/www.naturparkmagazin.de\/stechlin\/wp-content\/uploads\/sites\/38\/Heckenpfl2-Fgb__0043-200x120.jpg 200w\" sizes=\"(max-width: 300px) 100vw, 300px\" \/><\/a><p id=\"caption-attachment-6408\" class=\"wp-caption-text\">Die Miniraupe leistet beim Zaunbau gute Dienste.<\/p><\/div>\n<p>Ein herzliches Dankesch\u00f6n an Frank Rumpe vom KEPOS-Hof Altglobsow! der Bio-Betrieb hat f\u00fcr die Umsetzung des Projektes seine Fl\u00e4chen zur Verf\u00fcgung gestellt. Bereits im letzten Jahr wurde das angrenzende Kleingew\u00e4sser mit Haushaltsmitteln der Naturparkverwaltung revitalisiert. Die Pflege und Betreuung des gesamten Projektes liegt in den H\u00e4nden von Hermann Wiesing von der Fa. Agrar- und Umweltplanung Radewege.<\/p>\n<div id=\"attachment_6409\" style=\"width: 310px\" class=\"wp-caption aligncenter\"><a href=\"https:\/\/www.naturparkmagazin.de\/stechlin\/wp-content\/uploads\/sites\/38\/Heckenpfl-3-Fbg_0046.jpg\"><img aria-describedby=\"caption-attachment-6409\" decoding=\"async\" loading=\"lazy\" class=\"size-thumbnail wp-image-6409\" src=\"https:\/\/www.naturparkmagazin.de\/stechlin\/wp-content\/uploads\/sites\/38\/Heckenpfl-3-Fbg_0046-300x180.jpg\" alt=\"Die Hecke wird die gro\u00dfe Offenfl\u00e4che strukturieren.\" width=\"300\" height=\"180\" srcset=\"https:\/\/www.naturparkmagazin.de\/stechlin\/wp-content\/uploads\/sites\/38\/Heckenpfl-3-Fbg_0046-300x180.jpg 300w, https:\/\/www.naturparkmagazin.de\/stechlin\/wp-content\/uploads\/sites\/38\/Heckenpfl-3-Fbg_0046.jpg 500w, https:\/\/www.naturparkmagazin.de\/stechlin\/wp-content\/uploads\/sites\/38\/Heckenpfl-3-Fbg_0046-200x120.jpg 200w\" sizes=\"(max-width: 300px) 100vw, 300px\" \/><\/a><p id=\"caption-attachment-6409\" class=\"wp-caption-text\">Die Hecke wird die gro\u00dfe Offenfl\u00e4che strukturieren.<\/p><\/div>\n","protected":false},"excerpt":{"rendered":"<p>Auf der Ackerfl\u00e4che an der Alten Kirschallee am Stadtrand der Wasserstadt wurde im November eine 650 m lange und 5 m breite Hecke gepflanzt.<\/p>\n","protected":false},"author":39,"featured_media":6410,"comment_status":"open","ping_status":"open","sticky":false,"template":"","format":"standard","meta":[],"categories":[7],"tags":[],"yoast_head":"<!-- This site is optimized with the Yoast SEO plugin v19.10 - https:\/\/yoast.com\/wordpress\/plugins\/seo\/ -->\n<title>Heckenpflanzung in F\u00fcrstenberg\/Havel - Naturpark Stechlin-Ruppiner Land<\/title>\n<meta name=\"robots\" content=\"index, follow, max-snippet:-1, max-image-preview:large, max-video-preview:-1\" \/>\n<link rel=\"canonical\" href=\"https:\/\/www.naturparkmagazin.de\/stechlin\/heckenpflanzung-in-fuerstenberghavel\/\" \/>\n<meta property=\"og:locale\" content=\"de_DE\" \/>\n<meta property=\"og:type\" content=\"article\" \/>\n<meta property=\"og:title\" content=\"Heckenpflanzung in F\u00fcrstenberg\/Havel - Naturpark Stechlin-Ruppiner Land\" \/>\n<meta property=\"og:description\" content=\"Auf der Ackerfl\u00e4che an der Alten Kirschallee am Stadtrand der Wasserstadt wurde im November eine 650 m lange und 5 m breite Hecke gepflanzt.\" \/>\n<meta property=\"og:url\" content=\"https:\/\/www.naturparkmagazin.de\/stechlin\/heckenpflanzung-in-fuerstenberghavel\/\" \/>\n<meta property=\"og:site_name\" content=\"Naturpark Stechlin-Ruppiner Land\" \/>\n<meta property=\"article:published_time\" content=\"2017-11-15T08:09:10+00:00\" \/>\n<meta property=\"article:modified_time\" content=\"2017-11-13T08:54:56+00:00\" \/>\n<meta property=\"og:image\" content=\"https:\/\/www.naturparkmagazin.de\/stechlin\/wp-content\/uploads\/sites\/38\/Pflanzung-Fbg._0045.jpg\" \/>\n\t<meta property=\"og:image:width\" content=\"200\" \/>\n\t<meta property=\"og:image:height\" content=\"200\" \/>\n\t<meta property=\"og:image:type\" content=\"image\/jpeg\" \/>\n<meta name=\"author\" content=\"marioschrumpf\" \/>\n<meta name=\"twitter:label1\" content=\"Verfasst von\" \/>\n\t<meta name=\"twitter:data1\" content=\"marioschrumpf\" \/>\n\t<meta name=\"twitter:label2\" content=\"Gesch\u00e4tzte Lesezeit\" \/>\n\t<meta name=\"twitter:data2\" content=\"1\u00a0Minute\" \/>\n<script type=\"application\/ld+json\" class=\"yoast-schema-graph\">{\"@context\":\"https:\/\/schema.org\",\"@graph\":[{\"@type\":\"WebPage\",\"@id\":\"https:\/\/www.naturparkmagazin.de\/stechlin\/heckenpflanzung-in-fuerstenberghavel\/\",\"url\":\"https:\/\/www.naturparkmagazin.de\/stechlin\/heckenpflanzung-in-fuerstenberghavel\/\",\"name\":\"Heckenpflanzung in F\u00fcrstenberg\/Havel - Naturpark Stechlin-Ruppiner Land\",\"isPartOf\":{\"@id\":\"https:\/\/www.naturparkmagazin.de\/stechlin\/#website\"},\"datePublished\":\"2017-11-15T08:09:10+00:00\",\"dateModified\":\"2017-11-13T08:54:56+00:00\",\"author\":{\"@id\":\"https:\/\/www.naturparkmagazin.de\/stechlin\/#\/schema\/person\/3f0d93203df21c806dd63c76d9bb28bc\"},\"breadcrumb\":{\"@id\":\"https:\/\/www.naturparkmagazin.de\/stechlin\/heckenpflanzung-in-fuerstenberghavel\/#breadcrumb\"},\"inLanguage\":\"de\",\"potentialAction\":[{\"@type\":\"ReadAction\",\"target\":[\"https:\/\/www.naturparkmagazin.de\/stechlin\/heckenpflanzung-in-fuerstenberghavel\/\"]}]},{\"@type\":\"BreadcrumbList\",\"@id\":\"https:\/\/www.naturparkmagazin.de\/stechlin\/heckenpflanzung-in-fuerstenberghavel\/#breadcrumb\",\"itemListElement\":[{\"@type\":\"ListItem\",\"position\":1,\"name\":\"Home\",\"item\":\"https:\/\/www.naturparkmagazin.de\/stechlin\/\"},{\"@type\":\"ListItem\",\"position\":2,\"name\":\"Heckenpflanzung in F\u00fcrstenberg\/Havel\"}]},{\"@type\":\"WebSite\",\"@id\":\"https:\/\/www.naturparkmagazin.de\/stechlin\/#website\",\"url\":\"https:\/\/www.naturparkmagazin.de\/stechlin\/\",\"name\":\"Naturpark Stechlin-Ruppiner Land\",\"description\":\"\",\"potentialAction\":[{\"@type\":\"SearchAction\",\"target\":{\"@type\":\"EntryPoint\",\"urlTemplate\":\"https:\/\/www.naturparkmagazin.de\/stechlin\/?s={search_term_string}\"},\"query-input\":\"required name=search_term_string\"}],\"inLanguage\":\"de\"},{\"@type\":\"Person\",\"@id\":\"https:\/\/www.naturparkmagazin.de\/stechlin\/#\/schema\/person\/3f0d93203df21c806dd63c76d9bb28bc\",\"name\":\"marioschrumpf\",\"url\":\"https:\/\/www.naturparkmagazin.de\/stechlin\/author\/marioschrumpf\/\"}]}<\/script>\n<!-- \/ Yoast SEO plugin. -->","yoast_head_json":{"title":"Heckenpflanzung in F\u00fcrstenberg\/Havel - Naturpark Stechlin-Ruppiner Land","robots":{"index":"index","follow":"follow","max-snippet":"max-snippet:-1","max-image-preview":"max-image-preview:large","max-video-preview":"max-video-preview:-1"},"canonical":"https:\/\/www.naturparkmagazin.de\/stechlin\/heckenpflanzung-in-fuerstenberghavel\/","og_locale":"de_DE","og_type":"article","og_title":"Heckenpflanzung in F\u00fcrstenberg\/Havel - Naturpark Stechlin-Ruppiner Land","og_description":"Auf der Ackerfl\u00e4che an der Alten Kirschallee am Stadtrand der Wasserstadt wurde im November eine 650 m lange und 5 m breite Hecke gepflanzt.","og_url":"https:\/\/www.naturparkmagazin.de\/stechlin\/heckenpflanzung-in-fuerstenberghavel\/","og_site_name":"Naturpark Stechlin-Ruppiner Land","article_published_time":"2017-11-15T08:09:10+00:00","article_modified_time":"2017-11-13T08:54:56+00:00","og_image":[{"width":200,"height":200,"url":"https:\/\/www.naturparkmagazin.de\/stechlin\/wp-content\/uploads\/sites\/38\/Pflanzung-Fbg._0045.jpg","type":"image\/jpeg"}],"author":"marioschrumpf","twitter_misc":{"Verfasst von":"marioschrumpf","Gesch\u00e4tzte Lesezeit":"1\u00a0Minute"},"schema":{"@context":"https:\/\/schema.org","@graph":[{"@type":"WebPage","@id":"https:\/\/www.naturparkmagazin.de\/stechlin\/heckenpflanzung-in-fuerstenberghavel\/","url":"https:\/\/www.naturparkmagazin.de\/stechlin\/heckenpflanzung-in-fuerstenberghavel\/","name":"Heckenpflanzung in F\u00fcrstenberg\/Havel - Naturpark Stechlin-Ruppiner Land","isPartOf":{"@id":"https:\/\/www.naturparkmagazin.de\/stechlin\/#website"},"datePublished":"2017-11-15T08:09:10+00:00","dateModified":"2017-11-13T08:54:56+00:00","author":{"@id":"https:\/\/www.naturparkmagazin.de\/stechlin\/#\/schema\/person\/3f0d93203df21c806dd63c76d9bb28bc"},"breadcrumb":{"@id":"https:\/\/www.naturparkmagazin.de\/stechlin\/heckenpflanzung-in-fuerstenberghavel\/#breadcrumb"},"inLanguage":"de","potentialAction":[{"@type":"ReadAction","target":["https:\/\/www.naturparkmagazin.de\/stechlin\/heckenpflanzung-in-fuerstenberghavel\/"]}]},{"@type":"BreadcrumbList","@id":"https:\/\/www.naturparkmagazin.de\/stechlin\/heckenpflanzung-in-fuerstenberghavel\/#breadcrumb","itemListElement":[{"@type":"ListItem","position":1,"name":"Home","item":"https:\/\/www.naturparkmagazin.de\/stechlin\/"},{"@type":"ListItem","position":2,"name":"Heckenpflanzung in F\u00fcrstenberg\/Havel"}]},{"@type":"WebSite","@id":"https:\/\/www.naturparkmagazin.de\/stechlin\/#website","url":"https:\/\/www.naturparkmagazin.de\/stechlin\/","name":"Naturpark Stechlin-Ruppiner Land","description":"","potentialAction":[{"@type":"SearchAction","target":{"@type":"EntryPoint","urlTemplate":"https:\/\/www.naturparkmagazin.de\/stechlin\/?s={search_term_string}"},"query-input":"required name=search_term_string"}],"inLanguage":"de"},{"@type":"Person","@id":"https:\/\/www.naturparkmagazin.de\/stechlin\/#\/schema\/person\/3f0d93203df21c806dd63c76d9bb28bc","name":"marioschrumpf","url":"https:\/\/www.naturparkmagazin.de\/stechlin\/author\/marioschrumpf\/"}]}},"_links":{"self":[{"href":"https:\/\/www.naturparkmagazin.de\/stechlin\/wp-json\/wp\/v2\/posts\/6406"}],"collection":[{"href":"https:\/\/www.naturparkmagazin.de\/stechlin\/wp-json\/wp\/v2\/posts"}],"about":[{"href":"https:\/\/www.naturparkmagazin.de\/stechlin\/wp-json\/wp\/v2\/types\/post"}],"author":[{"embeddable":true,"href":"https:\/\/www.naturparkmagazin.de\/stechlin\/wp-json\/wp\/v2\/users\/39"}],"replies":[{"embeddable":true,"href":"https:\/\/www.naturparkmagazin.de\/stechlin\/wp-json\/wp\/v2\/comments?post=6406"}],"version-history":[{"count":1,"href":"https:\/\/www.naturparkmagazin.de\/stechlin\/wp-json\/wp\/v2\/posts\/6406\/revisions"}],"predecessor-version":[{"id":6411,"href":"https:\/\/www.naturparkmagazin.de\/stechlin\/wp-json\/wp\/v2\/posts\/6406\/revisions\/6411"}],"wp:featuredmedia":[{"embeddable":true,"href":"https:\/\/www.naturparkmagazin.de\/stechlin\/wp-json\/wp\/v2\/media\/6410"}],"wp:attachment":[{"href":"https:\/\/www.naturparkmagazin.de\/stechlin\/wp-json\/wp\/v2\/media?parent=6406"}],"wp:term":[{"taxonomy":"category","embeddable":true,"href":"https:\/\/www.naturparkmagazin.de\/stechlin\/wp-json\/wp\/v2\/categories?post=6406"},{"taxonomy":"post_tag","embeddable":true,"href":"https:\/\/www.naturparkmagazin.de\/stechlin\/wp-json\/wp\/v2\/tags?post=6406"}],"curies":[{"name":"wp","href":"https:\/\/api.w.org\/{rel}","templated":true}]}}